{"id":14085,"date":"2009-03-14T12:26:01","date_gmt":"2009-03-14T11:26:01","guid":{"rendered":"http:\/\/www.visit-ulcinj.com\/blog\/?p=14085"},"modified":"2009-03-14T12:26:01","modified_gmt":"2009-03-14T11:26:01","slug":"aida-troka-te-shoh-e-te-dua-ne-finale","status":"publish","type":"post","link":"https:\/\/www.visit-ulcinj.com\/blog\/2009\/03\/14\/aida-troka-te-shoh-e-te-dua-ne-finale\/","title":{"rendered":"Aida Troka : T\u00eb shoh e t\u00eb dua n\u00eb finale"},"content":{"rendered":"<p><em><span class=\"newsdate\"><a href=\"http:\/\/www.visit-ulcinj.com\/blog\/wp-content\/uploads\/2009\/03\/aidatani.jpg\"><img loading=\"lazy\" class=\"alignleft size-full wp-image-14086\" title=\"aida-tani-big-brother-albania-2\" src=\"http:\/\/www.visit-ulcinj.com\/blog\/wp-content\/uploads\/2009\/03\/aidatani.jpg\" alt=\"aida-tani-big-brother-albania-2\" width=\"300\" height=\"205\" \/><\/a>12\/03\/09 10:55<\/span><\/em><\/p>\n<p>Aida i thot\u00eb Dritanit se \u00ebsht\u00eb shum\u00eb kurioze q\u00eb t\u00eb njoh\u00eb Ev\u00ebn, t\u00eb fejuar\u00ebn e tij, dhe ai e ngacmon duke i th\u00ebn\u00eb se do ta njoh\u00eb kur t\u00eb dal\u00eb. Kjo i jep spunto nj\u00eb bisede lidhur me daljen nga sht\u00ebpia dhe se si do t\u2019i shihnin pjes\u00ebn tjet\u00ebr t\u00eb banor\u00ebve nga jasht\u00eb, n\u00ebse do t\u00eb dilnin. Ai shton me shaka se edhe mund t\u00eb dal\u00eb para saj dhe l\u00ebviz nga vendi si p\u00ebr ta hequr k\u00ebt\u00eb fat t\u00eb keq. Dritani i tregon Aid\u00ebs se si i sheh banor\u00ebt e tjer\u00eb me syrin nga jasht\u00eb. Ai e fillon me t\u00eb dhe i shpreh mendimin dhe d\u00ebshir\u00ebn se ajo do t\u00eb q\u00ebndroj\u00eb gjat\u00eb n\u00eb sht\u00ebpi dhe ndoshta do t\u00eb jet\u00eb edhe n\u00eb finale. P\u00ebr Adelajd\u00ebn mendon se nga jasht\u00eb do t\u2019i dukej nj\u00eb tip shum\u00eb acarues, megjith\u00ebse brenda nuk i duket ashtu. Sori i duket nj\u00eb personazh shum\u00eb i p\u00ebrgatitur por, q\u00eb ndonj\u00ebher\u00eb b\u00ebn budallall\u00ebqe. Adi \u00ebsht\u00eb nj\u00eb tip q\u00eb e b\u00ebn shum\u00eb kurioz dhe tregon shum\u00eb pak p\u00ebr veten. Ai nuk e di se si do t\u2019i dukej nga jasht\u00eb dhe ndoshta mund t\u00eb njihet m\u00eb mir\u00eb kur t\u00eb jet\u00eb n\u00eb nominim. Aida e p\u00ebrcakton Adin si tip rehati. Edhe Aida d\u00ebshiron q\u00eb Dritani t\u00eb jet\u00eb n\u00eb finale dhe shton se do donte t\u00eb ishin edhe ata njer\u00ebz t\u00eb cil\u00ebt ajo i ka vler\u00ebsuar. Dritani mendon se p\u00ebr n\u00eb finale ka shum\u00eb pengesa, \u00ebsht\u00eb fati, loja apo edhe p\u00eblqimi i njer\u00ebzve jasht\u00eb. Aida i thot\u00eb se deri tani, ai nuk \u00ebsht\u00eb ngacmuar me asnj\u00eb dhe sipas asaj q\u00eb ka v\u00ebn\u00eb re m\u00eb par\u00eb, ata q\u00eb nuk ngacmohen mund t\u00eb shkojn\u00eb deri n\u00eb finale. Dritani i tregon se ka patur ngacmime vetem me Arjonin, si ai edhe Adi, kjo n\u00eb fillim t\u00eb q\u00ebndrimit t\u00eb tyre n\u00eb sht\u00ebpi. Ai thot\u00eb se Arjonit ia ktheu q\u00eb n\u00eb fillim dhe tani nuk kan\u00eb m\u00eb probleme t\u00eb tilla, kurse Adi nuk ia ka kthyer dhe Arjoni ka arritur deri aty sa e ka ofenduar. Dritani thot\u00eb se nuk do ia lejonte kurr\u00eb Arjonit t\u00eb arrinte deri n\u00eb at\u00eb pik\u00eb me t\u00eb. Ai shton se k\u00ebto dit\u00eb, Arjoni i duket mir\u00eb dhe se ndoshta e ka trembur nominimi. Aida i thot\u00eb se ai nuk ka folur, se n\u00ebse flet del me mendime kund\u00ebr personave q\u00eb rri, t\u00eb cil\u00ebt jan\u00eb Zhuljeta dhe Sori. Dritani mendon se kjo nuk \u00ebsht\u00eb arsye me vend, pasi si ai edhe Aida, nuk kan\u00eb lidhje as me Zhuljet\u00ebn e as me Sorin por, nd\u00ebrkoh\u00eb Arjoni vazhdon t\u00eb ket\u00eb nj\u00eb q\u00ebndrim neutral dhe shum\u00eb pasiv. Aida thot\u00eb se edhe pse p\u00ebr Dritanin ka konsiderat\u00eb dhe i p\u00eblqen, kur kan\u00eb mendime t\u00eb kund\u00ebrta e thot\u00eb dhe kjo nuk tregon se po i vihet kund\u00ebr, kurse Arjoni k\u00ebt\u00eb gj\u00eb nuk po e b\u00ebn.<\/p>\n","protected":false},"excerpt":{"rendered":"<p>12\/03\/09 10:55 Aida i thot\u00eb Dritanit se \u00ebsht\u00eb shum\u00eb kurioze q\u00eb t\u00eb njoh\u00eb Ev\u00ebn, t\u00eb fejuar\u00ebn e tij, dhe ai e ngacmon duke i th\u00ebn\u00eb se do ta njoh\u00eb kur t\u00eb dal\u00eb. Kjo i jep spunto nj\u00eb bisede lidhur me daljen nga sht\u00ebpia dhe se si do t\u2019i shihnin pjes\u00ebn tjet\u00ebr t\u00eb banor\u00ebve nga jasht\u00eb, [&hellip;]<\/p>\n","protected":false},"author":1,"featured_media":0,"comment_status":"open","ping_status":"closed","sticky":false,"template":"","format":"standard","meta":{"spay_email":"","jetpack_publicize_message":"","jetpack_is_tweetstorm":false,"jetpack_publicize_feature_enabled":true},"categories":[6502],"tags":[6566,6537,6883,6516,6712,7271,7305,6521,7907,6891],"jetpack_publicize_connections":[],"yoast_head":"<!-- This site is optimized with the Yoast SEO plugin v19.1 - https:\/\/yoast.com\/wordpress\/plugins\/seo\/ -->\n<title>Aida Troka : T\u00c3\u00ab shoh e t\u00c3\u00ab dua n\u00c3\u00ab finale | Big Brother Albania 2<\/title>\n<meta name=\"description\" content=\"Big Brother Albania 2 - Aida i thot\u00c3\u00ab Dritanit se \u00c3\u00absht\u00c3\u00ab shum\u00c3\u00ab kurioze q\u00c3\u00ab t\u00c3\u00ab njoh\u00c3\u00ab Ev\u00c3\u00abn, t\u00c3\u00ab fejuar\u00c3\u00abn e tij, dhe ai e ngacmon duke i th\u00c3\u00abn\u00c3\u00ab se do ta njoh\u00c3\u00ab kur t\u00c3\u00ab dal\u00c3\u00ab\" \/>\n<meta name=\"robots\" content=\"index, follow, max-snippet:-1, max-image-preview:large, max-video-preview:-1\" \/>\n<link rel=\"canonical\" href=\"https:\/\/www.visit-ulcinj.com\/blog\/2009\/03\/14\/aida-troka-te-shoh-e-te-dua-ne-finale\/\" \/>\n<meta property=\"og:locale\" content=\"en_US\" \/>\n<meta property=\"og:type\" content=\"article\" \/>\n<meta property=\"og:title\" content=\"Aida Troka : T\u00c3\u00ab shoh e t\u00c3\u00ab dua n\u00c3\u00ab finale | Big Brother Albania 2\" \/>\n<meta property=\"og:description\" content=\"Big Brother Albania 2 - Aida i thot\u00c3\u00ab Dritanit se \u00c3\u00absht\u00c3\u00ab shum\u00c3\u00ab kurioze q\u00c3\u00ab t\u00c3\u00ab njoh\u00c3\u00ab Ev\u00c3\u00abn, t\u00c3\u00ab fejuar\u00c3\u00abn e tij, dhe ai e ngacmon duke i th\u00c3\u00abn\u00c3\u00ab se do ta njoh\u00c3\u00ab kur t\u00c3\u00ab dal\u00c3\u00ab\" \/>\n<meta property=\"og:url\" content=\"https:\/\/www.visit-ulcinj.com\/blog\/2009\/03\/14\/aida-troka-te-shoh-e-te-dua-ne-finale\/\" \/>\n<meta property=\"og:site_name\" content=\"Lajme nga Ulqini\" \/>\n<meta property=\"article:published_time\" content=\"2009-03-14T11:26:01+00:00\" \/>\n<meta property=\"og:image\" content=\"http:\/\/www.visit-ulcinj.com\/blog\/wp-content\/uploads\/2009\/03\/aidatani.jpg\" \/>\n<meta name=\"twitter:label1\" content=\"Written by\" \/>\n\t<meta name=\"twitter:data1\" content=\"ulqini\" \/>\n\t<meta name=\"twitter:label2\" content=\"Est. reading time\" \/>\n\t<meta name=\"twitter:data2\" content=\"3 minutes\" \/>\n<script type=\"application\/ld+json\" class=\"yoast-schema-graph\">{\"@context\":\"https:\/\/schema.org\",\"@graph\":[{\"@type\":\"WebSite\",\"@id\":\"https:\/\/www.visit-ulcinj.com\/blog\/#website\",\"url\":\"https:\/\/www.visit-ulcinj.com\/blog\/\",\"name\":\"Lajme nga Ulqini\",\"description\":\"Lajme,Vijesti,Ulqini,Ulqin,Crna Gora,Mali i Zi\",\"potentialAction\":[{\"@type\":\"SearchAction\",\"target\":{\"@type\":\"EntryPoint\",\"urlTemplate\":\"https:\/\/www.visit-ulcinj.com\/blog\/?s={search_term_string}\"},\"query-input\":\"required name=search_term_string\"}],\"inLanguage\":\"en-US\"},{\"@type\":\"ImageObject\",\"inLanguage\":\"en-US\",\"@id\":\"https:\/\/www.visit-ulcinj.com\/blog\/2009\/03\/14\/aida-troka-te-shoh-e-te-dua-ne-finale\/#primaryimage\",\"url\":\"http:\/\/www.visit-ulcinj.com\/blog\/wp-content\/uploads\/2009\/03\/aidatani.jpg\",\"contentUrl\":\"http:\/\/www.visit-ulcinj.com\/blog\/wp-content\/uploads\/2009\/03\/aidatani.jpg\"},{\"@type\":\"WebPage\",\"@id\":\"https:\/\/www.visit-ulcinj.com\/blog\/2009\/03\/14\/aida-troka-te-shoh-e-te-dua-ne-finale\/#webpage\",\"url\":\"https:\/\/www.visit-ulcinj.com\/blog\/2009\/03\/14\/aida-troka-te-shoh-e-te-dua-ne-finale\/\",\"name\":\"Aida Troka : T\u00c3\u00ab shoh e t\u00c3\u00ab dua n\u00c3\u00ab finale | Big Brother Albania 2\",\"isPartOf\":{\"@id\":\"https:\/\/www.visit-ulcinj.com\/blog\/#website\"},\"primaryImageOfPage\":{\"@id\":\"https:\/\/www.visit-ulcinj.com\/blog\/2009\/03\/14\/aida-troka-te-shoh-e-te-dua-ne-finale\/#primaryimage\"},\"datePublished\":\"2009-03-14T11:26:01+00:00\",\"dateModified\":\"2009-03-14T11:26:01+00:00\",\"author\":{\"@id\":\"https:\/\/www.visit-ulcinj.com\/blog\/#\/schema\/person\/dcab619c614d3038751c63bc2aadc06d\"},\"description\":\"Big Brother Albania 2 - Aida i thot\u00c3\u00ab Dritanit se \u00c3\u00absht\u00c3\u00ab shum\u00c3\u00ab kurioze q\u00c3\u00ab t\u00c3\u00ab njoh\u00c3\u00ab Ev\u00c3\u00abn, t\u00c3\u00ab fejuar\u00c3\u00abn e tij, dhe ai e ngacmon duke i th\u00c3\u00abn\u00c3\u00ab se do ta njoh\u00c3\u00ab kur t\u00c3\u00ab dal\u00c3\u00ab\",\"breadcrumb\":{\"@id\":\"https:\/\/www.visit-ulcinj.com\/blog\/2009\/03\/14\/aida-troka-te-shoh-e-te-dua-ne-finale\/#breadcrumb\"},\"inLanguage\":\"en-US\",\"potentialAction\":[{\"@type\":\"ReadAction\",\"target\":[\"https:\/\/www.visit-ulcinj.com\/blog\/2009\/03\/14\/aida-troka-te-shoh-e-te-dua-ne-finale\/\"]}]},{\"@type\":\"BreadcrumbList\",\"@id\":\"https:\/\/www.visit-ulcinj.com\/blog\/2009\/03\/14\/aida-troka-te-shoh-e-te-dua-ne-finale\/#breadcrumb\",\"itemListElement\":[{\"@type\":\"ListItem\",\"position\":1,\"name\":\"Aida Troka : T\u00eb shoh e t\u00eb dua n\u00eb finale\"}]},{\"@type\":\"Person\",\"@id\":\"https:\/\/www.visit-ulcinj.com\/blog\/#\/schema\/person\/dcab619c614d3038751c63bc2aadc06d\",\"name\":\"ulqini\",\"sameAs\":[\"http:\/\/www.visit-ulcinj.com\"],\"url\":\"https:\/\/www.visit-ulcinj.com\/blog\/author\/admin\/\"}]}<\/script>\n<!-- \/ Yoast SEO plugin. -->","yoast_head_json":{"title":"Aida Troka : T\u00c3\u00ab shoh e t\u00c3\u00ab dua n\u00c3\u00ab finale | Big Brother Albania 2","description":"Big Brother Albania 2 - Aida i thot\u00c3\u00ab Dritanit se \u00c3\u00absht\u00c3\u00ab shum\u00c3\u00ab kurioze q\u00c3\u00ab t\u00c3\u00ab njoh\u00c3\u00ab Ev\u00c3\u00abn, t\u00c3\u00ab fejuar\u00c3\u00abn e tij, dhe ai e ngacmon duke i th\u00c3\u00abn\u00c3\u00ab se do ta njoh\u00c3\u00ab kur t\u00c3\u00ab dal\u00c3\u00ab","robots":{"index":"index","follow":"follow","max-snippet":"max-snippet:-1","max-image-preview":"max-image-preview:large","max-video-preview":"max-video-preview:-1"},"canonical":"https:\/\/www.visit-ulcinj.com\/blog\/2009\/03\/14\/aida-troka-te-shoh-e-te-dua-ne-finale\/","og_locale":"en_US","og_type":"article","og_title":"Aida Troka : T\u00c3\u00ab shoh e t\u00c3\u00ab dua n\u00c3\u00ab finale | Big Brother Albania 2","og_description":"Big Brother Albania 2 - Aida i thot\u00c3\u00ab Dritanit se \u00c3\u00absht\u00c3\u00ab shum\u00c3\u00ab kurioze q\u00c3\u00ab t\u00c3\u00ab njoh\u00c3\u00ab Ev\u00c3\u00abn, t\u00c3\u00ab fejuar\u00c3\u00abn e tij, dhe ai e ngacmon duke i th\u00c3\u00abn\u00c3\u00ab se do ta njoh\u00c3\u00ab kur t\u00c3\u00ab dal\u00c3\u00ab","og_url":"https:\/\/www.visit-ulcinj.com\/blog\/2009\/03\/14\/aida-troka-te-shoh-e-te-dua-ne-finale\/","og_site_name":"Lajme nga Ulqini","article_published_time":"2009-03-14T11:26:01+00:00","og_image":[{"url":"http:\/\/www.visit-ulcinj.com\/blog\/wp-content\/uploads\/2009\/03\/aidatani.jpg"}],"twitter_misc":{"Written by":"ulqini","Est. reading time":"3 minutes"},"schema":{"@context":"https:\/\/schema.org","@graph":[{"@type":"WebSite","@id":"https:\/\/www.visit-ulcinj.com\/blog\/#website","url":"https:\/\/www.visit-ulcinj.com\/blog\/","name":"Lajme nga Ulqini","description":"Lajme,Vijesti,Ulqini,Ulqin,Crna Gora,Mali i Zi","potentialAction":[{"@type":"SearchAction","target":{"@type":"EntryPoint","urlTemplate":"https:\/\/www.visit-ulcinj.com\/blog\/?s={search_term_string}"},"query-input":"required name=search_term_string"}],"inLanguage":"en-US"},{"@type":"ImageObject","inLanguage":"en-US","@id":"https:\/\/www.visit-ulcinj.com\/blog\/2009\/03\/14\/aida-troka-te-shoh-e-te-dua-ne-finale\/#primaryimage","url":"http:\/\/www.visit-ulcinj.com\/blog\/wp-content\/uploads\/2009\/03\/aidatani.jpg","contentUrl":"http:\/\/www.visit-ulcinj.com\/blog\/wp-content\/uploads\/2009\/03\/aidatani.jpg"},{"@type":"WebPage","@id":"https:\/\/www.visit-ulcinj.com\/blog\/2009\/03\/14\/aida-troka-te-shoh-e-te-dua-ne-finale\/#webpage","url":"https:\/\/www.visit-ulcinj.com\/blog\/2009\/03\/14\/aida-troka-te-shoh-e-te-dua-ne-finale\/","name":"Aida Troka : T\u00c3\u00ab shoh e t\u00c3\u00ab dua n\u00c3\u00ab finale | Big Brother Albania 2","isPartOf":{"@id":"https:\/\/www.visit-ulcinj.com\/blog\/#website"},"primaryImageOfPage":{"@id":"https:\/\/www.visit-ulcinj.com\/blog\/2009\/03\/14\/aida-troka-te-shoh-e-te-dua-ne-finale\/#primaryimage"},"datePublished":"2009-03-14T11:26:01+00:00","dateModified":"2009-03-14T11:26:01+00:00","author":{"@id":"https:\/\/www.visit-ulcinj.com\/blog\/#\/schema\/person\/dcab619c614d3038751c63bc2aadc06d"},"description":"Big Brother Albania 2 - Aida i thot\u00c3\u00ab Dritanit se \u00c3\u00absht\u00c3\u00ab shum\u00c3\u00ab kurioze q\u00c3\u00ab t\u00c3\u00ab njoh\u00c3\u00ab Ev\u00c3\u00abn, t\u00c3\u00ab fejuar\u00c3\u00abn e tij, dhe ai e ngacmon duke i th\u00c3\u00abn\u00c3\u00ab se do ta njoh\u00c3\u00ab kur t\u00c3\u00ab dal\u00c3\u00ab","breadcrumb":{"@id":"https:\/\/www.visit-ulcinj.com\/blog\/2009\/03\/14\/aida-troka-te-shoh-e-te-dua-ne-finale\/#breadcrumb"},"inLanguage":"en-US","potentialAction":[{"@type":"ReadAction","target":["https:\/\/www.visit-ulcinj.com\/blog\/2009\/03\/14\/aida-troka-te-shoh-e-te-dua-ne-finale\/"]}]},{"@type":"BreadcrumbList","@id":"https:\/\/www.visit-ulcinj.com\/blog\/2009\/03\/14\/aida-troka-te-shoh-e-te-dua-ne-finale\/#breadcrumb","itemListElement":[{"@type":"ListItem","position":1,"name":"Aida Troka : T\u00eb shoh e t\u00eb dua n\u00eb finale"}]},{"@type":"Person","@id":"https:\/\/www.visit-ulcinj.com\/blog\/#\/schema\/person\/dcab619c614d3038751c63bc2aadc06d","name":"ulqini","sameAs":["http:\/\/www.visit-ulcinj.com"],"url":"https:\/\/www.visit-ulcinj.com\/blog\/author\/admin\/"}]}},"jetpack_featured_media_url":"","jetpack_sharing_enabled":true,"jetpack_shortlink":"https:\/\/wp.me\/pe6lTn-3Fb","_links":{"self":[{"href":"https:\/\/www.visit-ulcinj.com\/blog\/wp-json\/wp\/v2\/posts\/14085"}],"collection":[{"href":"https:\/\/www.visit-ulcinj.com\/blog\/wp-json\/wp\/v2\/posts"}],"about":[{"href":"https:\/\/www.visit-ulcinj.com\/blog\/wp-json\/wp\/v2\/types\/post"}],"author":[{"embeddable":true,"href":"https:\/\/www.visit-ulcinj.com\/blog\/wp-json\/wp\/v2\/users\/1"}],"replies":[{"embeddable":true,"href":"https:\/\/www.visit-ulcinj.com\/blog\/wp-json\/wp\/v2\/comments?post=14085"}],"version-history":[{"count":0,"href":"https:\/\/www.visit-ulcinj.com\/blog\/wp-json\/wp\/v2\/posts\/14085\/revisions"}],"wp:attachment":[{"href":"https:\/\/www.visit-ulcinj.com\/blog\/wp-json\/wp\/v2\/media?parent=14085"}],"wp:term":[{"taxonomy":"category","embeddable":true,"href":"https:\/\/www.visit-ulcinj.com\/blog\/wp-json\/wp\/v2\/categories?post=14085"},{"taxonomy":"post_tag","embeddable":true,"href":"https:\/\/www.visit-ulcinj.com\/blog\/wp-json\/wp\/v2\/tags?post=14085"}],"curies":[{"name":"wp","href":"https:\/\/api.w.org\/{rel}","templated":true}]}}