{"id":14092,"date":"2009-03-14T12:33:52","date_gmt":"2009-03-14T11:33:52","guid":{"rendered":"http:\/\/www.visit-ulcinj.com\/blog\/?p=14092"},"modified":"2009-03-14T12:33:52","modified_gmt":"2009-03-14T11:33:52","slug":"arjoni-lirita-me-duket-antipatike","status":"publish","type":"post","link":"https:\/\/www.visit-ulcinj.com\/blog\/2009\/03\/14\/arjoni-lirita-me-duket-antipatike\/","title":{"rendered":"Arjoni: Lirita m\u00eb duket antipatike"},"content":{"rendered":"<p><em><span class=\"newsdate\"><a href=\"http:\/\/www.visit-ulcinj.com\/blog\/wp-content\/uploads\/2009\/03\/arjoni-me-zhuljeten-per-lir.jpg\"><img loading=\"lazy\" class=\"alignleft size-full wp-image-14093\" title=\"arjoni-me-zhuljeten-per-lir-big-brother-albania-2\" src=\"http:\/\/www.visit-ulcinj.com\/blog\/wp-content\/uploads\/2009\/03\/arjoni-me-zhuljeten-per-lir.jpg\" alt=\"arjoni-me-zhuljeten-per-lir-big-brother-albania-2\" width=\"300\" height=\"205\" \/><\/a>12\/03\/09 12:04<\/span><\/em><\/p>\n<p>Arjoni pi me Zhuljet\u00ebn kafen e m\u00ebngjesit, vec banor\u00ebve t\u00eb tjer\u00eb q\u00eb jan\u00eb n\u00eb kop\u00ebsht. Ai i thot\u00eb Zhuljet\u00ebs se ka krijuar antipati p\u00ebr Lirit\u00ebn q\u00eb mbr\u00ebm\u00eb, pasi pat\u00ebn nj\u00eb debat t\u00eb shkurt\u00ebr. Arjoni i thot\u00eb se i ra nj\u00eb si hije e zez\u00eb mbi Lirit\u00ebn tani. Zhuljeta mendon se Lirita e ka marr\u00eb shum\u00eb personale faktin e t\u00eb q\u00ebnit n\u00eb nominim dhe me zor i flet. Edhe Arjoni e pohon k\u00ebt\u00eb gj\u00eb. Ajo thot\u00eb se t\u00eb dyja jan\u00eb n\u00eb nominim por, Lirita po mban nj\u00eb distanc\u00eb kundrejt saj dhe Zhuljeta thot\u00eb se me k\u00ebt\u00eb sjellje, s\u2019ka pse t\u00eb shkoj\u00eb e ta marr\u00eb n\u00eb krah. Ajo shton se n\u00eb k\u00ebt\u00eb situat\u00eb do jen\u00eb t\u00eb gjith\u00eb her\u00ebt a von\u00eb, por nuk duhet t\u00eb prishin marr\u00ebdh\u00ebniet mes tyre dhe duhet t\u00eb jen\u00eb po ata tipa q\u00eb jan\u00eb, deri n\u00eb fund.<\/p>\n","protected":false},"excerpt":{"rendered":"<p>12\/03\/09 12:04 Arjoni pi me Zhuljet\u00ebn kafen e m\u00ebngjesit, vec banor\u00ebve t\u00eb tjer\u00eb q\u00eb jan\u00eb n\u00eb kop\u00ebsht. Ai i thot\u00eb Zhuljet\u00ebs se ka krijuar antipati p\u00ebr Lirit\u00ebn q\u00eb mbr\u00ebm\u00eb, pasi pat\u00ebn nj\u00eb debat t\u00eb shkurt\u00ebr. Arjoni i thot\u00eb se i ra nj\u00eb si hije e zez\u00eb mbi Lirit\u00ebn tani. Zhuljeta mendon se Lirita e ka [&hellip;]<\/p>\n","protected":false},"author":1,"featured_media":0,"comment_status":"open","ping_status":"closed","sticky":false,"template":"","format":"standard","meta":{"spay_email":"","jetpack_publicize_message":"","jetpack_is_tweetstorm":false,"jetpack_publicize_feature_enabled":true},"categories":[6502],"tags":[6525,6883,6516,6712,6542,7909,6891,7908],"jetpack_publicize_connections":[],"yoast_head":"<!-- This site is optimized with the Yoast SEO plugin v19.1 - https:\/\/yoast.com\/wordpress\/plugins\/seo\/ -->\n<title>Arjoni: Lirita m\u00c3\u00ab duket antipatike | Big Brother Albania 2<\/title>\n<meta name=\"description\" content=\"Big Brother Albania 2 - Arjoni pi me Zhuljet\u00c3\u00abn kafen e m\u00c3\u00abngjesit, vec banor\u00c3\u00abve t\u00c3\u00ab tjer\u00c3\u00ab q\u00c3\u00ab jan\u00c3\u00ab n\u00c3\u00ab kop\u00c3\u00absht. Ai i thot\u00c3\u00ab Zhuljet\u00c3\u00abs se ka krijuar antipati p\u00c3\u00abr Lirit\u00c3\u00abn q\u00c3\u00ab mbr\u00c3\u00abm\u00c3\u00ab, pasi pat\u00c3\u00abn nj\u00c3\u00ab debat t\u00c3\u00ab shkurt\u00c3\u00abr.\" \/>\n<meta name=\"robots\" content=\"index, follow, max-snippet:-1, max-image-preview:large, max-video-preview:-1\" \/>\n<link rel=\"canonical\" href=\"https:\/\/www.visit-ulcinj.com\/blog\/2009\/03\/14\/arjoni-lirita-me-duket-antipatike\/\" \/>\n<meta property=\"og:locale\" content=\"en_US\" \/>\n<meta property=\"og:type\" content=\"article\" \/>\n<meta property=\"og:title\" content=\"Arjoni: Lirita m\u00c3\u00ab duket antipatike | Big Brother Albania 2\" \/>\n<meta property=\"og:description\" content=\"Big Brother Albania 2 - Arjoni pi me Zhuljet\u00c3\u00abn kafen e m\u00c3\u00abngjesit, vec banor\u00c3\u00abve t\u00c3\u00ab tjer\u00c3\u00ab q\u00c3\u00ab jan\u00c3\u00ab n\u00c3\u00ab kop\u00c3\u00absht. Ai i thot\u00c3\u00ab Zhuljet\u00c3\u00abs se ka krijuar antipati p\u00c3\u00abr Lirit\u00c3\u00abn q\u00c3\u00ab mbr\u00c3\u00abm\u00c3\u00ab, pasi pat\u00c3\u00abn nj\u00c3\u00ab debat t\u00c3\u00ab shkurt\u00c3\u00abr.\" \/>\n<meta property=\"og:url\" content=\"https:\/\/www.visit-ulcinj.com\/blog\/2009\/03\/14\/arjoni-lirita-me-duket-antipatike\/\" \/>\n<meta property=\"og:site_name\" content=\"Lajme nga Ulqini\" \/>\n<meta property=\"article:published_time\" content=\"2009-03-14T11:33:52+00:00\" \/>\n<meta property=\"og:image\" content=\"http:\/\/www.visit-ulcinj.com\/blog\/wp-content\/uploads\/2009\/03\/arjoni-me-zhuljeten-per-lir.jpg\" \/>\n<meta name=\"twitter:label1\" content=\"Written by\" \/>\n\t<meta name=\"twitter:data1\" content=\"ulqini\" \/>\n\t<meta name=\"twitter:label2\" content=\"Est. reading time\" \/>\n\t<meta name=\"twitter:data2\" content=\"1 minute\" \/>\n<script type=\"application\/ld+json\" class=\"yoast-schema-graph\">{\"@context\":\"https:\/\/schema.org\",\"@graph\":[{\"@type\":\"WebSite\",\"@id\":\"https:\/\/www.visit-ulcinj.com\/blog\/#website\",\"url\":\"https:\/\/www.visit-ulcinj.com\/blog\/\",\"name\":\"Lajme nga Ulqini\",\"description\":\"Lajme,Vijesti,Ulqini,Ulqin,Crna Gora,Mali i Zi\",\"potentialAction\":[{\"@type\":\"SearchAction\",\"target\":{\"@type\":\"EntryPoint\",\"urlTemplate\":\"https:\/\/www.visit-ulcinj.com\/blog\/?s={search_term_string}\"},\"query-input\":\"required name=search_term_string\"}],\"inLanguage\":\"en-US\"},{\"@type\":\"ImageObject\",\"inLanguage\":\"en-US\",\"@id\":\"https:\/\/www.visit-ulcinj.com\/blog\/2009\/03\/14\/arjoni-lirita-me-duket-antipatike\/#primaryimage\",\"url\":\"http:\/\/www.visit-ulcinj.com\/blog\/wp-content\/uploads\/2009\/03\/arjoni-me-zhuljeten-per-lir.jpg\",\"contentUrl\":\"http:\/\/www.visit-ulcinj.com\/blog\/wp-content\/uploads\/2009\/03\/arjoni-me-zhuljeten-per-lir.jpg\"},{\"@type\":\"WebPage\",\"@id\":\"https:\/\/www.visit-ulcinj.com\/blog\/2009\/03\/14\/arjoni-lirita-me-duket-antipatike\/#webpage\",\"url\":\"https:\/\/www.visit-ulcinj.com\/blog\/2009\/03\/14\/arjoni-lirita-me-duket-antipatike\/\",\"name\":\"Arjoni: Lirita m\u00c3\u00ab duket antipatike | Big Brother Albania 2\",\"isPartOf\":{\"@id\":\"https:\/\/www.visit-ulcinj.com\/blog\/#website\"},\"primaryImageOfPage\":{\"@id\":\"https:\/\/www.visit-ulcinj.com\/blog\/2009\/03\/14\/arjoni-lirita-me-duket-antipatike\/#primaryimage\"},\"datePublished\":\"2009-03-14T11:33:52+00:00\",\"dateModified\":\"2009-03-14T11:33:52+00:00\",\"author\":{\"@id\":\"https:\/\/www.visit-ulcinj.com\/blog\/#\/schema\/person\/dcab619c614d3038751c63bc2aadc06d\"},\"description\":\"Big Brother Albania 2 - Arjoni pi me Zhuljet\u00c3\u00abn kafen e m\u00c3\u00abngjesit, vec banor\u00c3\u00abve t\u00c3\u00ab tjer\u00c3\u00ab q\u00c3\u00ab jan\u00c3\u00ab n\u00c3\u00ab kop\u00c3\u00absht. Ai i thot\u00c3\u00ab Zhuljet\u00c3\u00abs se ka krijuar antipati p\u00c3\u00abr Lirit\u00c3\u00abn q\u00c3\u00ab mbr\u00c3\u00abm\u00c3\u00ab, pasi pat\u00c3\u00abn nj\u00c3\u00ab debat t\u00c3\u00ab shkurt\u00c3\u00abr.\",\"breadcrumb\":{\"@id\":\"https:\/\/www.visit-ulcinj.com\/blog\/2009\/03\/14\/arjoni-lirita-me-duket-antipatike\/#breadcrumb\"},\"inLanguage\":\"en-US\",\"potentialAction\":[{\"@type\":\"ReadAction\",\"target\":[\"https:\/\/www.visit-ulcinj.com\/blog\/2009\/03\/14\/arjoni-lirita-me-duket-antipatike\/\"]}]},{\"@type\":\"BreadcrumbList\",\"@id\":\"https:\/\/www.visit-ulcinj.com\/blog\/2009\/03\/14\/arjoni-lirita-me-duket-antipatike\/#breadcrumb\",\"itemListElement\":[{\"@type\":\"ListItem\",\"position\":1,\"name\":\"Arjoni: Lirita m\u00eb duket antipatike\"}]},{\"@type\":\"Person\",\"@id\":\"https:\/\/www.visit-ulcinj.com\/blog\/#\/schema\/person\/dcab619c614d3038751c63bc2aadc06d\",\"name\":\"ulqini\",\"sameAs\":[\"http:\/\/www.visit-ulcinj.com\"],\"url\":\"https:\/\/www.visit-ulcinj.com\/blog\/author\/admin\/\"}]}<\/script>\n<!-- \/ Yoast SEO plugin. -->","yoast_head_json":{"title":"Arjoni: Lirita m\u00c3\u00ab duket antipatike | Big Brother Albania 2","description":"Big Brother Albania 2 - Arjoni pi me Zhuljet\u00c3\u00abn kafen e m\u00c3\u00abngjesit, vec banor\u00c3\u00abve t\u00c3\u00ab tjer\u00c3\u00ab q\u00c3\u00ab jan\u00c3\u00ab n\u00c3\u00ab kop\u00c3\u00absht. Ai i thot\u00c3\u00ab Zhuljet\u00c3\u00abs se ka krijuar antipati p\u00c3\u00abr Lirit\u00c3\u00abn q\u00c3\u00ab mbr\u00c3\u00abm\u00c3\u00ab, pasi pat\u00c3\u00abn nj\u00c3\u00ab debat t\u00c3\u00ab shkurt\u00c3\u00abr.","robots":{"index":"index","follow":"follow","max-snippet":"max-snippet:-1","max-image-preview":"max-image-preview:large","max-video-preview":"max-video-preview:-1"},"canonical":"https:\/\/www.visit-ulcinj.com\/blog\/2009\/03\/14\/arjoni-lirita-me-duket-antipatike\/","og_locale":"en_US","og_type":"article","og_title":"Arjoni: Lirita m\u00c3\u00ab duket antipatike | Big Brother Albania 2","og_description":"Big Brother Albania 2 - Arjoni pi me Zhuljet\u00c3\u00abn kafen e m\u00c3\u00abngjesit, vec banor\u00c3\u00abve t\u00c3\u00ab tjer\u00c3\u00ab q\u00c3\u00ab jan\u00c3\u00ab n\u00c3\u00ab kop\u00c3\u00absht. Ai i thot\u00c3\u00ab Zhuljet\u00c3\u00abs se ka krijuar antipati p\u00c3\u00abr Lirit\u00c3\u00abn q\u00c3\u00ab mbr\u00c3\u00abm\u00c3\u00ab, pasi pat\u00c3\u00abn nj\u00c3\u00ab debat t\u00c3\u00ab shkurt\u00c3\u00abr.","og_url":"https:\/\/www.visit-ulcinj.com\/blog\/2009\/03\/14\/arjoni-lirita-me-duket-antipatike\/","og_site_name":"Lajme nga Ulqini","article_published_time":"2009-03-14T11:33:52+00:00","og_image":[{"url":"http:\/\/www.visit-ulcinj.com\/blog\/wp-content\/uploads\/2009\/03\/arjoni-me-zhuljeten-per-lir.jpg"}],"twitter_misc":{"Written by":"ulqini","Est. reading time":"1 minute"},"schema":{"@context":"https:\/\/schema.org","@graph":[{"@type":"WebSite","@id":"https:\/\/www.visit-ulcinj.com\/blog\/#website","url":"https:\/\/www.visit-ulcinj.com\/blog\/","name":"Lajme nga Ulqini","description":"Lajme,Vijesti,Ulqini,Ulqin,Crna Gora,Mali i Zi","potentialAction":[{"@type":"SearchAction","target":{"@type":"EntryPoint","urlTemplate":"https:\/\/www.visit-ulcinj.com\/blog\/?s={search_term_string}"},"query-input":"required name=search_term_string"}],"inLanguage":"en-US"},{"@type":"ImageObject","inLanguage":"en-US","@id":"https:\/\/www.visit-ulcinj.com\/blog\/2009\/03\/14\/arjoni-lirita-me-duket-antipatike\/#primaryimage","url":"http:\/\/www.visit-ulcinj.com\/blog\/wp-content\/uploads\/2009\/03\/arjoni-me-zhuljeten-per-lir.jpg","contentUrl":"http:\/\/www.visit-ulcinj.com\/blog\/wp-content\/uploads\/2009\/03\/arjoni-me-zhuljeten-per-lir.jpg"},{"@type":"WebPage","@id":"https:\/\/www.visit-ulcinj.com\/blog\/2009\/03\/14\/arjoni-lirita-me-duket-antipatike\/#webpage","url":"https:\/\/www.visit-ulcinj.com\/blog\/2009\/03\/14\/arjoni-lirita-me-duket-antipatike\/","name":"Arjoni: Lirita m\u00c3\u00ab duket antipatike | Big Brother Albania 2","isPartOf":{"@id":"https:\/\/www.visit-ulcinj.com\/blog\/#website"},"primaryImageOfPage":{"@id":"https:\/\/www.visit-ulcinj.com\/blog\/2009\/03\/14\/arjoni-lirita-me-duket-antipatike\/#primaryimage"},"datePublished":"2009-03-14T11:33:52+00:00","dateModified":"2009-03-14T11:33:52+00:00","author":{"@id":"https:\/\/www.visit-ulcinj.com\/blog\/#\/schema\/person\/dcab619c614d3038751c63bc2aadc06d"},"description":"Big Brother Albania 2 - Arjoni pi me Zhuljet\u00c3\u00abn kafen e m\u00c3\u00abngjesit, vec banor\u00c3\u00abve t\u00c3\u00ab tjer\u00c3\u00ab q\u00c3\u00ab jan\u00c3\u00ab n\u00c3\u00ab kop\u00c3\u00absht. Ai i thot\u00c3\u00ab Zhuljet\u00c3\u00abs se ka krijuar antipati p\u00c3\u00abr Lirit\u00c3\u00abn q\u00c3\u00ab mbr\u00c3\u00abm\u00c3\u00ab, pasi pat\u00c3\u00abn nj\u00c3\u00ab debat t\u00c3\u00ab shkurt\u00c3\u00abr.","breadcrumb":{"@id":"https:\/\/www.visit-ulcinj.com\/blog\/2009\/03\/14\/arjoni-lirita-me-duket-antipatike\/#breadcrumb"},"inLanguage":"en-US","potentialAction":[{"@type":"ReadAction","target":["https:\/\/www.visit-ulcinj.com\/blog\/2009\/03\/14\/arjoni-lirita-me-duket-antipatike\/"]}]},{"@type":"BreadcrumbList","@id":"https:\/\/www.visit-ulcinj.com\/blog\/2009\/03\/14\/arjoni-lirita-me-duket-antipatike\/#breadcrumb","itemListElement":[{"@type":"ListItem","position":1,"name":"Arjoni: Lirita m\u00eb duket antipatike"}]},{"@type":"Person","@id":"https:\/\/www.visit-ulcinj.com\/blog\/#\/schema\/person\/dcab619c614d3038751c63bc2aadc06d","name":"ulqini","sameAs":["http:\/\/www.visit-ulcinj.com"],"url":"https:\/\/www.visit-ulcinj.com\/blog\/author\/admin\/"}]}},"jetpack_featured_media_url":"","jetpack_sharing_enabled":true,"jetpack_shortlink":"https:\/\/wp.me\/pe6lTn-3Fi","_links":{"self":[{"href":"https:\/\/www.visit-ulcinj.com\/blog\/wp-json\/wp\/v2\/posts\/14092"}],"collection":[{"href":"https:\/\/www.visit-ulcinj.com\/blog\/wp-json\/wp\/v2\/posts"}],"about":[{"href":"https:\/\/www.visit-ulcinj.com\/blog\/wp-json\/wp\/v2\/types\/post"}],"author":[{"embeddable":true,"href":"https:\/\/www.visit-ulcinj.com\/blog\/wp-json\/wp\/v2\/users\/1"}],"replies":[{"embeddable":true,"href":"https:\/\/www.visit-ulcinj.com\/blog\/wp-json\/wp\/v2\/comments?post=14092"}],"version-history":[{"count":0,"href":"https:\/\/www.visit-ulcinj.com\/blog\/wp-json\/wp\/v2\/posts\/14092\/revisions"}],"wp:attachment":[{"href":"https:\/\/www.visit-ulcinj.com\/blog\/wp-json\/wp\/v2\/media?parent=14092"}],"wp:term":[{"taxonomy":"category","embeddable":true,"href":"https:\/\/www.visit-ulcinj.com\/blog\/wp-json\/wp\/v2\/categories?post=14092"},{"taxonomy":"post_tag","embeddable":true,"href":"https:\/\/www.visit-ulcinj.com\/blog\/wp-json\/wp\/v2\/tags?post=14092"}],"curies":[{"name":"wp","href":"https:\/\/api.w.org\/{rel}","templated":true}]}}