{"id":14102,"date":"2009-03-14T12:45:18","date_gmt":"2009-03-14T11:45:18","guid":{"rendered":"http:\/\/www.visit-ulcinj.com\/blog\/?p=14102"},"modified":"2009-03-14T12:45:18","modified_gmt":"2009-03-14T11:45:18","slug":"moza-dhe-bika-jane-tipa-te-veshtire","status":"publish","type":"post","link":"https:\/\/www.visit-ulcinj.com\/blog\/2009\/03\/14\/moza-dhe-bika-jane-tipa-te-veshtire\/","title":{"rendered":"Moza dhe Bika jan\u00eb tipa t\u00eb v\u00ebshtir\u00eb"},"content":{"rendered":"<p><em><span class=\"newsdate\"><a href=\"http:\/\/www.visit-ulcinj.com\/blog\/wp-content\/uploads\/2009\/03\/mesidadritani.jpg\"><img loading=\"lazy\" class=\"alignleft size-full wp-image-14103\" title=\"mesidadritani-big-brother-albania-2\" src=\"http:\/\/www.visit-ulcinj.com\/blog\/wp-content\/uploads\/2009\/03\/mesidadritani.jpg\" alt=\"mesidadritani-big-brother-albania-2\" width=\"300\" height=\"205\" \/><\/a>12\/03\/09 14:10<\/span><\/em><\/p>\n<div>Mesida dhe Dritani, pasi kan\u00eb mbaruar pun\u00ebt e sht\u00ebpis\u00eb, q\u00ebndrojn\u00eb t\u00eb shtrir\u00eb n\u00eb sallon e bisedojn\u00eb me njeri-tjetrin. Mesida thot\u00eb se Mimoz\u00ebn nuk ka arritur ende ta njoh\u00eb sepse nuk flet shum\u00eb, rri urt\u00eb dhe ndoshta mund t\u00eb jet\u00eb tipi m\u00eb i v\u00ebshtir\u00eb p\u00ebr t\u2019u njohur. Dritani i thot\u00eb se Moza \u00ebsht\u00eb n\u00eb bot\u00ebn e saj. Mesida thot\u00eb edhe p\u00ebr Bik\u00ebn q\u00eb e ka t\u00eb v\u00ebshtir\u00eb ta kuptoj\u00eb si tip, kurse t\u00eb tjer\u00ebt jan\u00eb m\u00eb t\u00eb hapur, flasin dhe tregojn\u00eb n\u00eb disa momente p\u00ebr veten. Dritani mendon se ndonj\u00eb edhe mund t\u00eb g\u00ebnjej\u00eb por sipas Mesid\u00ebs jo gjithmon\u00eb mund t\u00eb g\u00ebnjesh, se n\u00eb ndonj\u00eb moment edhe do harrosh.<\/div>\n","protected":false},"excerpt":{"rendered":"<p>12\/03\/09 14:10 Mesida dhe Dritani, pasi kan\u00eb mbaruar pun\u00ebt e sht\u00ebpis\u00eb, q\u00ebndrojn\u00eb t\u00eb shtrir\u00eb n\u00eb sallon e bisedojn\u00eb me njeri-tjetrin. Mesida thot\u00eb se Mimoz\u00ebn nuk ka arritur ende ta njoh\u00eb sepse nuk flet shum\u00eb, rri urt\u00eb dhe ndoshta mund t\u00eb jet\u00eb tipi m\u00eb i v\u00ebshtir\u00eb p\u00ebr t\u2019u njohur. Dritani i thot\u00eb se Moza \u00ebsht\u00eb n\u00eb [&hellip;]<\/p>\n","protected":false},"author":1,"featured_media":0,"comment_status":"open","ping_status":"closed","sticky":false,"template":"","format":"standard","meta":{"spay_email":"","jetpack_publicize_message":"","jetpack_is_tweetstorm":false,"jetpack_publicize_feature_enabled":true},"categories":[6502],"tags":[6883,6516,6712,6521,7364,6544,7911,262,6891],"jetpack_publicize_connections":[],"yoast_head":"<!-- This site is optimized with the Yoast SEO plugin v19.1 - https:\/\/yoast.com\/wordpress\/plugins\/seo\/ -->\n<title>Moza dhe Bika jan\u00c3\u00ab tipa t\u00c3\u00ab v\u00c3\u00abshtir\u00c3\u00ab | Big Brother Albania 2<\/title>\n<meta name=\"description\" content=\"Big Brother Albania 2 - Mesida dhe Dritani, pasi kan\u00c3\u00ab mbaruar pun\u00c3\u00abt e sht\u00c3\u00abpis\u00c3\u00ab, q\u00c3\u00abndrojn\u00c3\u00ab t\u00c3\u00ab shtrir\u00c3\u00ab n\u00c3\u00ab sallon e bisedojn\u00c3\u00ab me njeri-tjetrin.\" \/>\n<meta name=\"robots\" content=\"index, follow, max-snippet:-1, max-image-preview:large, max-video-preview:-1\" \/>\n<link rel=\"canonical\" href=\"https:\/\/www.visit-ulcinj.com\/blog\/2009\/03\/14\/moza-dhe-bika-jane-tipa-te-veshtire\/\" \/>\n<meta property=\"og:locale\" content=\"en_US\" \/>\n<meta property=\"og:type\" content=\"article\" \/>\n<meta property=\"og:title\" content=\"Moza dhe Bika jan\u00c3\u00ab tipa t\u00c3\u00ab v\u00c3\u00abshtir\u00c3\u00ab | Big Brother Albania 2\" \/>\n<meta property=\"og:description\" content=\"Big Brother Albania 2 - Mesida dhe Dritani, pasi kan\u00c3\u00ab mbaruar pun\u00c3\u00abt e sht\u00c3\u00abpis\u00c3\u00ab, q\u00c3\u00abndrojn\u00c3\u00ab t\u00c3\u00ab shtrir\u00c3\u00ab n\u00c3\u00ab sallon e bisedojn\u00c3\u00ab me njeri-tjetrin.\" \/>\n<meta property=\"og:url\" content=\"https:\/\/www.visit-ulcinj.com\/blog\/2009\/03\/14\/moza-dhe-bika-jane-tipa-te-veshtire\/\" \/>\n<meta property=\"og:site_name\" content=\"Lajme nga Ulqini\" \/>\n<meta property=\"article:published_time\" content=\"2009-03-14T11:45:18+00:00\" \/>\n<meta property=\"og:image\" content=\"http:\/\/www.visit-ulcinj.com\/blog\/wp-content\/uploads\/2009\/03\/mesidadritani.jpg\" \/>\n<meta name=\"twitter:label1\" content=\"Written by\" \/>\n\t<meta name=\"twitter:data1\" content=\"ulqini\" \/>\n\t<meta name=\"twitter:label2\" content=\"Est. reading time\" \/>\n\t<meta name=\"twitter:data2\" content=\"1 minute\" \/>\n<script type=\"application\/ld+json\" class=\"yoast-schema-graph\">{\"@context\":\"https:\/\/schema.org\",\"@graph\":[{\"@type\":\"WebSite\",\"@id\":\"https:\/\/www.visit-ulcinj.com\/blog\/#website\",\"url\":\"https:\/\/www.visit-ulcinj.com\/blog\/\",\"name\":\"Lajme nga Ulqini\",\"description\":\"Lajme,Vijesti,Ulqini,Ulqin,Crna Gora,Mali i Zi\",\"potentialAction\":[{\"@type\":\"SearchAction\",\"target\":{\"@type\":\"EntryPoint\",\"urlTemplate\":\"https:\/\/www.visit-ulcinj.com\/blog\/?s={search_term_string}\"},\"query-input\":\"required name=search_term_string\"}],\"inLanguage\":\"en-US\"},{\"@type\":\"ImageObject\",\"inLanguage\":\"en-US\",\"@id\":\"https:\/\/www.visit-ulcinj.com\/blog\/2009\/03\/14\/moza-dhe-bika-jane-tipa-te-veshtire\/#primaryimage\",\"url\":\"http:\/\/www.visit-ulcinj.com\/blog\/wp-content\/uploads\/2009\/03\/mesidadritani.jpg\",\"contentUrl\":\"http:\/\/www.visit-ulcinj.com\/blog\/wp-content\/uploads\/2009\/03\/mesidadritani.jpg\"},{\"@type\":\"WebPage\",\"@id\":\"https:\/\/www.visit-ulcinj.com\/blog\/2009\/03\/14\/moza-dhe-bika-jane-tipa-te-veshtire\/#webpage\",\"url\":\"https:\/\/www.visit-ulcinj.com\/blog\/2009\/03\/14\/moza-dhe-bika-jane-tipa-te-veshtire\/\",\"name\":\"Moza dhe Bika jan\u00c3\u00ab tipa t\u00c3\u00ab v\u00c3\u00abshtir\u00c3\u00ab | Big Brother Albania 2\",\"isPartOf\":{\"@id\":\"https:\/\/www.visit-ulcinj.com\/blog\/#website\"},\"primaryImageOfPage\":{\"@id\":\"https:\/\/www.visit-ulcinj.com\/blog\/2009\/03\/14\/moza-dhe-bika-jane-tipa-te-veshtire\/#primaryimage\"},\"datePublished\":\"2009-03-14T11:45:18+00:00\",\"dateModified\":\"2009-03-14T11:45:18+00:00\",\"author\":{\"@id\":\"https:\/\/www.visit-ulcinj.com\/blog\/#\/schema\/person\/dcab619c614d3038751c63bc2aadc06d\"},\"description\":\"Big Brother Albania 2 - Mesida dhe Dritani, pasi kan\u00c3\u00ab mbaruar pun\u00c3\u00abt e sht\u00c3\u00abpis\u00c3\u00ab, q\u00c3\u00abndrojn\u00c3\u00ab t\u00c3\u00ab shtrir\u00c3\u00ab n\u00c3\u00ab sallon e bisedojn\u00c3\u00ab me njeri-tjetrin.\",\"breadcrumb\":{\"@id\":\"https:\/\/www.visit-ulcinj.com\/blog\/2009\/03\/14\/moza-dhe-bika-jane-tipa-te-veshtire\/#breadcrumb\"},\"inLanguage\":\"en-US\",\"potentialAction\":[{\"@type\":\"ReadAction\",\"target\":[\"https:\/\/www.visit-ulcinj.com\/blog\/2009\/03\/14\/moza-dhe-bika-jane-tipa-te-veshtire\/\"]}]},{\"@type\":\"BreadcrumbList\",\"@id\":\"https:\/\/www.visit-ulcinj.com\/blog\/2009\/03\/14\/moza-dhe-bika-jane-tipa-te-veshtire\/#breadcrumb\",\"itemListElement\":[{\"@type\":\"ListItem\",\"position\":1,\"name\":\"Moza dhe Bika jan\u00eb tipa t\u00eb v\u00ebshtir\u00eb\"}]},{\"@type\":\"Person\",\"@id\":\"https:\/\/www.visit-ulcinj.com\/blog\/#\/schema\/person\/dcab619c614d3038751c63bc2aadc06d\",\"name\":\"ulqini\",\"sameAs\":[\"http:\/\/www.visit-ulcinj.com\"],\"url\":\"https:\/\/www.visit-ulcinj.com\/blog\/author\/admin\/\"}]}<\/script>\n<!-- \/ Yoast SEO plugin. -->","yoast_head_json":{"title":"Moza dhe Bika jan\u00c3\u00ab tipa t\u00c3\u00ab v\u00c3\u00abshtir\u00c3\u00ab | Big Brother Albania 2","description":"Big Brother Albania 2 - Mesida dhe Dritani, pasi kan\u00c3\u00ab mbaruar pun\u00c3\u00abt e sht\u00c3\u00abpis\u00c3\u00ab, q\u00c3\u00abndrojn\u00c3\u00ab t\u00c3\u00ab shtrir\u00c3\u00ab n\u00c3\u00ab sallon e bisedojn\u00c3\u00ab me njeri-tjetrin.","robots":{"index":"index","follow":"follow","max-snippet":"max-snippet:-1","max-image-preview":"max-image-preview:large","max-video-preview":"max-video-preview:-1"},"canonical":"https:\/\/www.visit-ulcinj.com\/blog\/2009\/03\/14\/moza-dhe-bika-jane-tipa-te-veshtire\/","og_locale":"en_US","og_type":"article","og_title":"Moza dhe Bika jan\u00c3\u00ab tipa t\u00c3\u00ab v\u00c3\u00abshtir\u00c3\u00ab | Big Brother Albania 2","og_description":"Big Brother Albania 2 - Mesida dhe Dritani, pasi kan\u00c3\u00ab mbaruar pun\u00c3\u00abt e sht\u00c3\u00abpis\u00c3\u00ab, q\u00c3\u00abndrojn\u00c3\u00ab t\u00c3\u00ab shtrir\u00c3\u00ab n\u00c3\u00ab sallon e bisedojn\u00c3\u00ab me njeri-tjetrin.","og_url":"https:\/\/www.visit-ulcinj.com\/blog\/2009\/03\/14\/moza-dhe-bika-jane-tipa-te-veshtire\/","og_site_name":"Lajme nga Ulqini","article_published_time":"2009-03-14T11:45:18+00:00","og_image":[{"url":"http:\/\/www.visit-ulcinj.com\/blog\/wp-content\/uploads\/2009\/03\/mesidadritani.jpg"}],"twitter_misc":{"Written by":"ulqini","Est. reading time":"1 minute"},"schema":{"@context":"https:\/\/schema.org","@graph":[{"@type":"WebSite","@id":"https:\/\/www.visit-ulcinj.com\/blog\/#website","url":"https:\/\/www.visit-ulcinj.com\/blog\/","name":"Lajme nga Ulqini","description":"Lajme,Vijesti,Ulqini,Ulqin,Crna Gora,Mali i Zi","potentialAction":[{"@type":"SearchAction","target":{"@type":"EntryPoint","urlTemplate":"https:\/\/www.visit-ulcinj.com\/blog\/?s={search_term_string}"},"query-input":"required name=search_term_string"}],"inLanguage":"en-US"},{"@type":"ImageObject","inLanguage":"en-US","@id":"https:\/\/www.visit-ulcinj.com\/blog\/2009\/03\/14\/moza-dhe-bika-jane-tipa-te-veshtire\/#primaryimage","url":"http:\/\/www.visit-ulcinj.com\/blog\/wp-content\/uploads\/2009\/03\/mesidadritani.jpg","contentUrl":"http:\/\/www.visit-ulcinj.com\/blog\/wp-content\/uploads\/2009\/03\/mesidadritani.jpg"},{"@type":"WebPage","@id":"https:\/\/www.visit-ulcinj.com\/blog\/2009\/03\/14\/moza-dhe-bika-jane-tipa-te-veshtire\/#webpage","url":"https:\/\/www.visit-ulcinj.com\/blog\/2009\/03\/14\/moza-dhe-bika-jane-tipa-te-veshtire\/","name":"Moza dhe Bika jan\u00c3\u00ab tipa t\u00c3\u00ab v\u00c3\u00abshtir\u00c3\u00ab | Big Brother Albania 2","isPartOf":{"@id":"https:\/\/www.visit-ulcinj.com\/blog\/#website"},"primaryImageOfPage":{"@id":"https:\/\/www.visit-ulcinj.com\/blog\/2009\/03\/14\/moza-dhe-bika-jane-tipa-te-veshtire\/#primaryimage"},"datePublished":"2009-03-14T11:45:18+00:00","dateModified":"2009-03-14T11:45:18+00:00","author":{"@id":"https:\/\/www.visit-ulcinj.com\/blog\/#\/schema\/person\/dcab619c614d3038751c63bc2aadc06d"},"description":"Big Brother Albania 2 - Mesida dhe Dritani, pasi kan\u00c3\u00ab mbaruar pun\u00c3\u00abt e sht\u00c3\u00abpis\u00c3\u00ab, q\u00c3\u00abndrojn\u00c3\u00ab t\u00c3\u00ab shtrir\u00c3\u00ab n\u00c3\u00ab sallon e bisedojn\u00c3\u00ab me njeri-tjetrin.","breadcrumb":{"@id":"https:\/\/www.visit-ulcinj.com\/blog\/2009\/03\/14\/moza-dhe-bika-jane-tipa-te-veshtire\/#breadcrumb"},"inLanguage":"en-US","potentialAction":[{"@type":"ReadAction","target":["https:\/\/www.visit-ulcinj.com\/blog\/2009\/03\/14\/moza-dhe-bika-jane-tipa-te-veshtire\/"]}]},{"@type":"BreadcrumbList","@id":"https:\/\/www.visit-ulcinj.com\/blog\/2009\/03\/14\/moza-dhe-bika-jane-tipa-te-veshtire\/#breadcrumb","itemListElement":[{"@type":"ListItem","position":1,"name":"Moza dhe Bika jan\u00eb tipa t\u00eb v\u00ebshtir\u00eb"}]},{"@type":"Person","@id":"https:\/\/www.visit-ulcinj.com\/blog\/#\/schema\/person\/dcab619c614d3038751c63bc2aadc06d","name":"ulqini","sameAs":["http:\/\/www.visit-ulcinj.com"],"url":"https:\/\/www.visit-ulcinj.com\/blog\/author\/admin\/"}]}},"jetpack_featured_media_url":"","jetpack_sharing_enabled":true,"jetpack_shortlink":"https:\/\/wp.me\/pe6lTn-3Fs","_links":{"self":[{"href":"https:\/\/www.visit-ulcinj.com\/blog\/wp-json\/wp\/v2\/posts\/14102"}],"collection":[{"href":"https:\/\/www.visit-ulcinj.com\/blog\/wp-json\/wp\/v2\/posts"}],"about":[{"href":"https:\/\/www.visit-ulcinj.com\/blog\/wp-json\/wp\/v2\/types\/post"}],"author":[{"embeddable":true,"href":"https:\/\/www.visit-ulcinj.com\/blog\/wp-json\/wp\/v2\/users\/1"}],"replies":[{"embeddable":true,"href":"https:\/\/www.visit-ulcinj.com\/blog\/wp-json\/wp\/v2\/comments?post=14102"}],"version-history":[{"count":0,"href":"https:\/\/www.visit-ulcinj.com\/blog\/wp-json\/wp\/v2\/posts\/14102\/revisions"}],"wp:attachment":[{"href":"https:\/\/www.visit-ulcinj.com\/blog\/wp-json\/wp\/v2\/media?parent=14102"}],"wp:term":[{"taxonomy":"category","embeddable":true,"href":"https:\/\/www.visit-ulcinj.com\/blog\/wp-json\/wp\/v2\/categories?post=14102"},{"taxonomy":"post_tag","embeddable":true,"href":"https:\/\/www.visit-ulcinj.com\/blog\/wp-json\/wp\/v2\/tags?post=14102"}],"curies":[{"name":"wp","href":"https:\/\/api.w.org\/{rel}","templated":true}]}}