{"id":1411,"date":"2008-04-25T11:58:48","date_gmt":"2008-04-25T16:58:48","guid":{"rendered":"http:\/\/www.visit-ulcinj.com\/blog\/?p=1411"},"modified":"2008-04-25T12:11:00","modified_gmt":"2008-04-25T17:11:00","slug":"ulcinj-belediye-baskani-baskan-tureli-ziyaret-etti","status":"publish","type":"post","link":"https:\/\/www.visit-ulcinj.com\/blog\/2008\/04\/25\/ulcinj-belediye-baskani-baskan-tureli-ziyaret-etti\/","title":{"rendered":"ULC?NJ BELED?YE BA?KANI BA?KAN T\u00dcREL&#8217;? Z?YARET ETT?"},"content":{"rendered":"<p><a href=\"http:\/\/www.visit-ulcinj.com\/blog\/wp-content\/uploads\/2008\/04\/ulcinj-belediye-baskani-gzim-hajdinaga.jpg\"><img loading=\"lazy\" class=\"alignleft attachment wp-att-1412\" style=\"float: left;\" src=\"http:\/\/www.visit-ulcinj.com\/blog\/wp-content\/uploads\/2008\/04\/ulcinj-belediye-baskani-gzim-hajdinaga.thumbnail.jpg\" alt=\"Ulcinj Belediye Ba?kan? Gzim Hajdinaga\" width=\"200\" height=\"150\" \/><\/a>Karada?&#8217;?n Ulcinj Belediye Ba?kan? Gzim Hajdinaga, Antalya ziyaretinde iki belediye aras?ndaki k\u00fclt\u00fcrel ili?kilerin geli?tirilmesini istedi.<br \/>\nAntalya B\u00fcy\u00fck?ehir Belediyesi&#8217;nin d\u00fczenledi?i 9. Uluslararas? Antalya \u00c7ocuk Festivali&#8217;ne folklor ekibi ile kat?lan Karada?&#8217;?n Ulcinj Belediye Ba?kan? Gzim Hajdinaga B\u00fcy\u00fck?ehir Belediye Ba?kan? Menderes T\u00fcrel&#8217;i ziyaret etti. Ziyarette, Fenerbah\u00e7e Basketbol Tak?m?&#8217;n?n \u00fcnl\u00fc oyuncusu Mirsad T\u00fcrkcan, B\u00fcy\u00fck?ehir Belediyesi Basketbol Genel Direkt\u00f6r\u00fc Do?an Hakyemez de bulundu.Ulcinj Belediye Ba?kan? Gzim Hajdinaga, Antalya&#8217;da bulunmaktan dolay? mutluluk duyduklar?n? belirterek &#8216;Folklor ekibimiz, belediyenizin d\u00fczenledi?i ?enlikte g\u00f6steri<a href=\"http:\/\/www.visit-ulcinj.com\/blog\/wp-content\/uploads\/2008\/04\/gzim-hajdinaga_antalya.jpg\"><img loading=\"lazy\" class=\"alignright attachment wp-att-1414\" style=\"float: right;\" src=\"http:\/\/www.visit-ulcinj.com\/blog\/wp-content\/uploads\/2008\/04\/gzim-hajdinaga_antalya.thumbnail.jpg\" alt=\"gzim hajdinaga_antalya\" width=\"200\" height=\"140\" \/><\/a> sunacak. Biz de ekibimizi yaln?z b?rakmamak i\u00e7in Antalya&#8217;ya geldik&#8217; dedi. Daha \u00f6nce de Antalya&#8217;ya geldi?ini ve kenti de?i?mi? buldu?unu belirten Gzim Hajdinaga, Ba?kan T\u00fcrel&#8217;in ba?ar?l? hizmetler ger\u00e7ekle?tirdi?ini s\u00f6yledi.<br \/>\nUlcinj&#8217;in k\u00fc\u00e7\u00fck bir turizm ?ehri oldu?unu anlatan Hajdinaga, &#8216;?ehrimiz Osmanl? d\u00f6neminin \u00f6nemli tarihi bir kentidir. \u00d6zellikle yatak kapasitesi bak?m?ndan yaz aylar?nda yo?un turist a??rl?yoruz. T\u00fcrk yat?r?mc?lardan kentimize yat?r?m yapmalar?n? bekliyoruz. K\u00fclt\u00fcr ili?kilerimizin geli?mesini istiyoruz&#8217; diye konu?tu. Hajdinaga, Ba?kan T\u00fcrel&#8217;i Ulcinj&#8217;e davet ederek&#8217; sizi ?ehrimizde a??rlamaktan gurur duyar?z&#8217; dedi.<br \/>\n<a href=\"http:\/\/www.visit-ulcinj.com\/blog\/wp-content\/uploads\/2008\/04\/ulcinj-belediye-baskani-gzim-hajdinaga1.jpg\"><img loading=\"lazy\" class=\"alignleft attachment wp-att-1413\" style=\"float: left;\" src=\"http:\/\/www.visit-ulcinj.com\/blog\/wp-content\/uploads\/2008\/04\/ulcinj-belediye-baskani-gzim-hajdinaga1.thumbnail.jpg\" alt=\"Ulcinj Belediye Ba?kan? Gzim Hajdinaga\" width=\"200\" height=\"151\" \/><\/a> Antalya B\u00fcy\u00fck?ehir Belediye Ba?kan? Menderes T\u00fcrelde Ulcinj Belediye Ba?kan? Gzim Hajdinaga&#8217;n?n ziyaretinden mutluluk duydu?unu belirtti. Ba?kan T\u00fcrel, konuk ba?kana Antalya ve belediye \u00e7al??malar? hakk?nda k?sa bir bilgi verdi. Ba?kan T\u00fcrel, Hajdinaga&#8217;n?n daveti i\u00e7in te?ekk\u00fcr ederek &#8216;Osmanl? medeniyetlerinin tarihi eserlerinin izlerinin oldu?u ?ehrinizi g\u00f6rmek isterim. Vakit bulabildi?im takdirde ?ehrinizi ziyaret edece?im&#8217; ?eklinde konu?tu.<br \/>\nZiyarette Mirsad T\u00fcrkcan ve Do?an Hakyemez&#8217;in de bulunmas?yla basketbol \u00fczerine sohbet edildi. Fenerbah\u00e7eli Basketbolcu Mirsad T\u00fcrkcan, Ulcinj Belediye Ba?kan? Hajdinaga&#8217;n?n da eski basketbolcu oldu?unu s\u00f6yledi. Ziyaretin sonunda Ba?kan T\u00fcrel, konuk ba?kana Antalya tan?t?m seti ve damak tad? turun\u00e7 re\u00e7eli hediye etti. Konuk Ba?kan&#8217;da Ba?kan T\u00fcrel&#8217;e Ulcinj&#8217;i tan?tan hediyeler sundu.<br \/>\n<strong><a href=\"http:\/\/www.turizmhaberleri.com\/HaberAyrinti.asp?ID=9882\" target=\"_blank\">www.turizmhaberleri.com\/<\/a><\/strong><\/p>\n<!-- vimeo error: not a vimeo video -->\n","protected":false},"excerpt":{"rendered":"<p><img loading=\"lazy\" class=\"alignleft attachment wp-att-1412\" style=\"float: left;\" src=\"http:\/\/www.visit-ulcinj.com\/blog\/wp-content\/uploads\/2008\/04\/ulcinj-belediye-baskani-gzim-hajdinaga.thumbnail.jpg\" alt=\"Ulcinj Belediye Ba?kan? Gzim Hajdinaga\" width=\"140\" height=\"140\" \/><\/p>\n","protected":false},"author":1,"featured_media":0,"comment_status":"open","ping_status":"closed","sticky":false,"template":"","format":"standard","meta":{"spay_email":"","jetpack_publicize_message":"","jetpack_is_tweetstorm":false,"jetpack_publicize_feature_enabled":true},"categories":[4,12,15],"tags":[2772,2767,2770,2766,2771,2768],"jetpack_publicize_connections":[],"yoast_head":"<!-- This site is optimized with the Yoast SEO plugin v19.1 - https:\/\/yoast.com\/wordpress\/plugins\/seo\/ -->\n<title>ULC?NJ BELED?YE BA?KANI BA?KAN T\u00dcREL&#039;? Z?YARET ETT? - Lajme nga Ulqini<\/title>\n<meta name=\"robots\" content=\"index, follow, max-snippet:-1, max-image-preview:large, max-video-preview:-1\" \/>\n<link rel=\"canonical\" href=\"https:\/\/www.visit-ulcinj.com\/blog\/2008\/04\/25\/ulcinj-belediye-baskani-baskan-tureli-ziyaret-etti\/\" \/>\n<meta property=\"og:locale\" content=\"en_US\" \/>\n<meta property=\"og:type\" content=\"article\" \/>\n<meta property=\"og:title\" content=\"ULC?NJ BELED?YE BA?KANI BA?KAN T\u00dcREL&#039;? Z?YARET ETT? - Lajme nga Ulqini\" \/>\n<meta property=\"og:url\" content=\"https:\/\/www.visit-ulcinj.com\/blog\/2008\/04\/25\/ulcinj-belediye-baskani-baskan-tureli-ziyaret-etti\/\" \/>\n<meta property=\"og:site_name\" content=\"Lajme nga Ulqini\" \/>\n<meta property=\"article:published_time\" content=\"2008-04-25T16:58:48+00:00\" \/>\n<meta property=\"article:modified_time\" content=\"2008-04-25T17:11:00+00:00\" \/>\n<meta property=\"og:image\" content=\"http:\/\/www.visit-ulcinj.com\/blog\/wp-content\/uploads\/2008\/04\/ulcinj-belediye-baskani-gzim-hajdinaga.thumbnail.jpg\" \/>\n<meta name=\"twitter:label1\" content=\"Written by\" \/>\n\t<meta name=\"twitter:data1\" content=\"ulqini\" \/>\n\t<meta name=\"twitter:label2\" content=\"Est. reading time\" \/>\n\t<meta name=\"twitter:data2\" content=\"2 minutes\" \/>\n<script type=\"application\/ld+json\" class=\"yoast-schema-graph\">{\"@context\":\"https:\/\/schema.org\",\"@graph\":[{\"@type\":\"WebSite\",\"@id\":\"https:\/\/www.visit-ulcinj.com\/blog\/#website\",\"url\":\"https:\/\/www.visit-ulcinj.com\/blog\/\",\"name\":\"Lajme nga Ulqini\",\"description\":\"Lajme,Vijesti,Ulqini,Ulqin,Crna Gora,Mali i Zi\",\"potentialAction\":[{\"@type\":\"SearchAction\",\"target\":{\"@type\":\"EntryPoint\",\"urlTemplate\":\"https:\/\/www.visit-ulcinj.com\/blog\/?s={search_term_string}\"},\"query-input\":\"required name=search_term_string\"}],\"inLanguage\":\"en-US\"},{\"@type\":\"ImageObject\",\"inLanguage\":\"en-US\",\"@id\":\"https:\/\/www.visit-ulcinj.com\/blog\/2008\/04\/25\/ulcinj-belediye-baskani-baskan-tureli-ziyaret-etti\/#primaryimage\",\"url\":\"http:\/\/www.visit-ulcinj.com\/blog\/wp-content\/uploads\/2008\/04\/ulcinj-belediye-baskani-gzim-hajdinaga.thumbnail.jpg\",\"contentUrl\":\"http:\/\/www.visit-ulcinj.com\/blog\/wp-content\/uploads\/2008\/04\/ulcinj-belediye-baskani-gzim-hajdinaga.thumbnail.jpg\"},{\"@type\":\"WebPage\",\"@id\":\"https:\/\/www.visit-ulcinj.com\/blog\/2008\/04\/25\/ulcinj-belediye-baskani-baskan-tureli-ziyaret-etti\/#webpage\",\"url\":\"https:\/\/www.visit-ulcinj.com\/blog\/2008\/04\/25\/ulcinj-belediye-baskani-baskan-tureli-ziyaret-etti\/\",\"name\":\"ULC?NJ BELED?YE BA?KANI BA?KAN T\u00dcREL'? Z?YARET ETT? - Lajme nga Ulqini\",\"isPartOf\":{\"@id\":\"https:\/\/www.visit-ulcinj.com\/blog\/#website\"},\"primaryImageOfPage\":{\"@id\":\"https:\/\/www.visit-ulcinj.com\/blog\/2008\/04\/25\/ulcinj-belediye-baskani-baskan-tureli-ziyaret-etti\/#primaryimage\"},\"datePublished\":\"2008-04-25T16:58:48+00:00\",\"dateModified\":\"2008-04-25T17:11:00+00:00\",\"author\":{\"@id\":\"https:\/\/www.visit-ulcinj.com\/blog\/#\/schema\/person\/dcab619c614d3038751c63bc2aadc06d\"},\"breadcrumb\":{\"@id\":\"https:\/\/www.visit-ulcinj.com\/blog\/2008\/04\/25\/ulcinj-belediye-baskani-baskan-tureli-ziyaret-etti\/#breadcrumb\"},\"inLanguage\":\"en-US\",\"potentialAction\":[{\"@type\":\"ReadAction\",\"target\":[\"https:\/\/www.visit-ulcinj.com\/blog\/2008\/04\/25\/ulcinj-belediye-baskani-baskan-tureli-ziyaret-etti\/\"]}]},{\"@type\":\"BreadcrumbList\",\"@id\":\"https:\/\/www.visit-ulcinj.com\/blog\/2008\/04\/25\/ulcinj-belediye-baskani-baskan-tureli-ziyaret-etti\/#breadcrumb\",\"itemListElement\":[{\"@type\":\"ListItem\",\"position\":1,\"name\":\"ULC?NJ BELED?YE BA?KANI BA?KAN T\u00dcREL&#8217;? Z?YARET ETT?\"}]},{\"@type\":\"Person\",\"@id\":\"https:\/\/www.visit-ulcinj.com\/blog\/#\/schema\/person\/dcab619c614d3038751c63bc2aadc06d\",\"name\":\"ulqini\",\"sameAs\":[\"http:\/\/www.visit-ulcinj.com\"],\"url\":\"https:\/\/www.visit-ulcinj.com\/blog\/author\/admin\/\"}]}<\/script>\n<!-- \/ Yoast SEO plugin. -->","yoast_head_json":{"title":"ULC?NJ BELED?YE BA?KANI BA?KAN T\u00dcREL'? Z?YARET ETT? - Lajme nga Ulqini","robots":{"index":"index","follow":"follow","max-snippet":"max-snippet:-1","max-image-preview":"max-image-preview:large","max-video-preview":"max-video-preview:-1"},"canonical":"https:\/\/www.visit-ulcinj.com\/blog\/2008\/04\/25\/ulcinj-belediye-baskani-baskan-tureli-ziyaret-etti\/","og_locale":"en_US","og_type":"article","og_title":"ULC?NJ BELED?YE BA?KANI BA?KAN T\u00dcREL'? Z?YARET ETT? - Lajme nga Ulqini","og_url":"https:\/\/www.visit-ulcinj.com\/blog\/2008\/04\/25\/ulcinj-belediye-baskani-baskan-tureli-ziyaret-etti\/","og_site_name":"Lajme nga Ulqini","article_published_time":"2008-04-25T16:58:48+00:00","article_modified_time":"2008-04-25T17:11:00+00:00","og_image":[{"url":"http:\/\/www.visit-ulcinj.com\/blog\/wp-content\/uploads\/2008\/04\/ulcinj-belediye-baskani-gzim-hajdinaga.thumbnail.jpg"}],"twitter_misc":{"Written by":"ulqini","Est. reading time":"2 minutes"},"schema":{"@context":"https:\/\/schema.org","@graph":[{"@type":"WebSite","@id":"https:\/\/www.visit-ulcinj.com\/blog\/#website","url":"https:\/\/www.visit-ulcinj.com\/blog\/","name":"Lajme nga Ulqini","description":"Lajme,Vijesti,Ulqini,Ulqin,Crna Gora,Mali i Zi","potentialAction":[{"@type":"SearchAction","target":{"@type":"EntryPoint","urlTemplate":"https:\/\/www.visit-ulcinj.com\/blog\/?s={search_term_string}"},"query-input":"required name=search_term_string"}],"inLanguage":"en-US"},{"@type":"ImageObject","inLanguage":"en-US","@id":"https:\/\/www.visit-ulcinj.com\/blog\/2008\/04\/25\/ulcinj-belediye-baskani-baskan-tureli-ziyaret-etti\/#primaryimage","url":"http:\/\/www.visit-ulcinj.com\/blog\/wp-content\/uploads\/2008\/04\/ulcinj-belediye-baskani-gzim-hajdinaga.thumbnail.jpg","contentUrl":"http:\/\/www.visit-ulcinj.com\/blog\/wp-content\/uploads\/2008\/04\/ulcinj-belediye-baskani-gzim-hajdinaga.thumbnail.jpg"},{"@type":"WebPage","@id":"https:\/\/www.visit-ulcinj.com\/blog\/2008\/04\/25\/ulcinj-belediye-baskani-baskan-tureli-ziyaret-etti\/#webpage","url":"https:\/\/www.visit-ulcinj.com\/blog\/2008\/04\/25\/ulcinj-belediye-baskani-baskan-tureli-ziyaret-etti\/","name":"ULC?NJ BELED?YE BA?KANI BA?KAN T\u00dcREL'? Z?YARET ETT? - Lajme nga Ulqini","isPartOf":{"@id":"https:\/\/www.visit-ulcinj.com\/blog\/#website"},"primaryImageOfPage":{"@id":"https:\/\/www.visit-ulcinj.com\/blog\/2008\/04\/25\/ulcinj-belediye-baskani-baskan-tureli-ziyaret-etti\/#primaryimage"},"datePublished":"2008-04-25T16:58:48+00:00","dateModified":"2008-04-25T17:11:00+00:00","author":{"@id":"https:\/\/www.visit-ulcinj.com\/blog\/#\/schema\/person\/dcab619c614d3038751c63bc2aadc06d"},"breadcrumb":{"@id":"https:\/\/www.visit-ulcinj.com\/blog\/2008\/04\/25\/ulcinj-belediye-baskani-baskan-tureli-ziyaret-etti\/#breadcrumb"},"inLanguage":"en-US","potentialAction":[{"@type":"ReadAction","target":["https:\/\/www.visit-ulcinj.com\/blog\/2008\/04\/25\/ulcinj-belediye-baskani-baskan-tureli-ziyaret-etti\/"]}]},{"@type":"BreadcrumbList","@id":"https:\/\/www.visit-ulcinj.com\/blog\/2008\/04\/25\/ulcinj-belediye-baskani-baskan-tureli-ziyaret-etti\/#breadcrumb","itemListElement":[{"@type":"ListItem","position":1,"name":"ULC?NJ BELED?YE BA?KANI BA?KAN T\u00dcREL&#8217;? Z?YARET ETT?"}]},{"@type":"Person","@id":"https:\/\/www.visit-ulcinj.com\/blog\/#\/schema\/person\/dcab619c614d3038751c63bc2aadc06d","name":"ulqini","sameAs":["http:\/\/www.visit-ulcinj.com"],"url":"https:\/\/www.visit-ulcinj.com\/blog\/author\/admin\/"}]}},"jetpack_featured_media_url":"","jetpack_sharing_enabled":true,"jetpack_shortlink":"https:\/\/wp.me\/pe6lTn-mL","_links":{"self":[{"href":"https:\/\/www.visit-ulcinj.com\/blog\/wp-json\/wp\/v2\/posts\/1411"}],"collection":[{"href":"https:\/\/www.visit-ulcinj.com\/blog\/wp-json\/wp\/v2\/posts"}],"about":[{"href":"https:\/\/www.visit-ulcinj.com\/blog\/wp-json\/wp\/v2\/types\/post"}],"author":[{"embeddable":true,"href":"https:\/\/www.visit-ulcinj.com\/blog\/wp-json\/wp\/v2\/users\/1"}],"replies":[{"embeddable":true,"href":"https:\/\/www.visit-ulcinj.com\/blog\/wp-json\/wp\/v2\/comments?post=1411"}],"version-history":[{"count":0,"href":"https:\/\/www.visit-ulcinj.com\/blog\/wp-json\/wp\/v2\/posts\/1411\/revisions"}],"wp:attachment":[{"href":"https:\/\/www.visit-ulcinj.com\/blog\/wp-json\/wp\/v2\/media?parent=1411"}],"wp:term":[{"taxonomy":"category","embeddable":true,"href":"https:\/\/www.visit-ulcinj.com\/blog\/wp-json\/wp\/v2\/categories?post=1411"},{"taxonomy":"post_tag","embeddable":true,"href":"https:\/\/www.visit-ulcinj.com\/blog\/wp-json\/wp\/v2\/tags?post=1411"}],"curies":[{"name":"wp","href":"https:\/\/api.w.org\/{rel}","templated":true}]}}