{"id":14114,"date":"2009-03-14T12:55:59","date_gmt":"2009-03-14T11:55:59","guid":{"rendered":"http:\/\/www.visit-ulcinj.com\/blog\/?p=14114"},"modified":"2009-03-14T12:55:59","modified_gmt":"2009-03-14T11:55:59","slug":"bjordi-po-na-mbarojne-debatet","status":"publish","type":"post","link":"https:\/\/www.visit-ulcinj.com\/blog\/2009\/03\/14\/bjordi-po-na-mbarojne-debatet\/","title":{"rendered":"Bjordi: Po na mbarojn\u00eb debatet!"},"content":{"rendered":"<p><em><span class=\"newsdate\"><a href=\"http:\/\/www.visit-ulcinj.com\/blog\/wp-content\/uploads\/2009\/03\/tema-e-dites.jpg\"><img loading=\"lazy\" class=\"alignleft size-full wp-image-14115\" title=\"tema-e-dites-big-brother-albania-2\" src=\"http:\/\/www.visit-ulcinj.com\/blog\/wp-content\/uploads\/2009\/03\/tema-e-dites.jpg\" alt=\"tema-e-dites-big-brother-albania-2\" width=\"300\" height=\"205\" \/><\/a>12\/03\/09 17:45<\/span><\/em><\/p>\n<p>Banor\u00ebt diskutojn\u00eb p\u00ebr tem\u00ebn e debatit. Tani mendon q\u00eb t\u00eb flasin p\u00ebr burgjet, por Adelajda i thot\u00eb q\u00eb nuk e p\u00eblqen k\u00ebt\u00eb tem\u00eb dhe propozon t\u00eb flasin p\u00ebr mod\u00ebn. Ata hedhin ide p\u00ebr debatin dhe Adi propozon t\u00eb flasin p\u00ebr respektin por s\u00ebrisht kjo tem\u00eb nuk i p\u00eblqen t\u00eb tjer\u00ebve. Bjordi thot\u00eb:-\u201cPo na mbarojn\u00eb debatet!\u201d Adi propozon q\u00eb tema t\u00eb p\u00ebrshtatet me t\u00eb gjith\u00eb banor\u00ebt q\u00eb secili t\u00eb shpreh\u00eb mendimin e tij. Pas shum\u00eb diskutimesh ata vendosin si tem\u00ebn e dit\u00ebs \u201cMasmedia\u201d.<\/p>\n","protected":false},"excerpt":{"rendered":"<p>12\/03\/09 17:45 Banor\u00ebt diskutojn\u00eb p\u00ebr tem\u00ebn e debatit. Tani mendon q\u00eb t\u00eb flasin p\u00ebr burgjet, por Adelajda i thot\u00eb q\u00eb nuk e p\u00eblqen k\u00ebt\u00eb tem\u00eb dhe propozon t\u00eb flasin p\u00ebr mod\u00ebn. Ata hedhin ide p\u00ebr debatin dhe Adi propozon t\u00eb flasin p\u00ebr respektin por s\u00ebrisht kjo tem\u00eb nuk i p\u00eblqen t\u00eb tjer\u00ebve. Bjordi thot\u00eb:-\u201cPo na [&hellip;]<\/p>\n","protected":false},"author":1,"featured_media":0,"comment_status":"open","ping_status":"closed","sticky":false,"template":"","format":"standard","meta":{"spay_email":"","jetpack_publicize_message":"","jetpack_is_tweetstorm":false,"jetpack_publicize_feature_enabled":true},"categories":[6502],"tags":[1414,6883,6516,6712,6522,7917,6891],"jetpack_publicize_connections":[],"yoast_head":"<!-- This site is optimized with the Yoast SEO plugin v19.1 - https:\/\/yoast.com\/wordpress\/plugins\/seo\/ -->\n<title>Bjordi: Po na mbarojn\u00c3\u00ab debatet! | Big Brother Albania 2<\/title>\n<meta name=\"description\" content=\"Big Brother Albania 2 - Banor\u00c3\u00abt diskutojn\u00c3\u00ab p\u00c3\u00abr tem\u00c3\u00abn e debatit. Tani mendon q\u00c3\u00ab t\u00c3\u00ab flasin p\u00c3\u00abr burgjet, por Adelajda i thot\u00c3\u00ab q\u00c3\u00ab nuk e p\u00c3\u00ablqen k\u00c3\u00abt\u00c3\u00ab tem\u00c3\u00ab dhe propozon t\u00c3\u00ab flasin p\u00c3\u00abr mod\u00c3\u00abn.\" \/>\n<meta name=\"robots\" content=\"index, follow, max-snippet:-1, max-image-preview:large, max-video-preview:-1\" \/>\n<link rel=\"canonical\" href=\"https:\/\/www.visit-ulcinj.com\/blog\/2009\/03\/14\/bjordi-po-na-mbarojne-debatet\/\" \/>\n<meta property=\"og:locale\" content=\"en_US\" \/>\n<meta property=\"og:type\" content=\"article\" \/>\n<meta property=\"og:title\" content=\"Bjordi: Po na mbarojn\u00c3\u00ab debatet! | Big Brother Albania 2\" \/>\n<meta property=\"og:description\" content=\"Big Brother Albania 2 - Banor\u00c3\u00abt diskutojn\u00c3\u00ab p\u00c3\u00abr tem\u00c3\u00abn e debatit. Tani mendon q\u00c3\u00ab t\u00c3\u00ab flasin p\u00c3\u00abr burgjet, por Adelajda i thot\u00c3\u00ab q\u00c3\u00ab nuk e p\u00c3\u00ablqen k\u00c3\u00abt\u00c3\u00ab tem\u00c3\u00ab dhe propozon t\u00c3\u00ab flasin p\u00c3\u00abr mod\u00c3\u00abn.\" \/>\n<meta property=\"og:url\" content=\"https:\/\/www.visit-ulcinj.com\/blog\/2009\/03\/14\/bjordi-po-na-mbarojne-debatet\/\" \/>\n<meta property=\"og:site_name\" content=\"Lajme nga Ulqini\" \/>\n<meta property=\"article:published_time\" content=\"2009-03-14T11:55:59+00:00\" \/>\n<meta property=\"og:image\" content=\"http:\/\/www.visit-ulcinj.com\/blog\/wp-content\/uploads\/2009\/03\/tema-e-dites.jpg\" \/>\n<meta name=\"twitter:label1\" content=\"Written by\" \/>\n\t<meta name=\"twitter:data1\" content=\"ulqini\" \/>\n\t<meta name=\"twitter:label2\" content=\"Est. reading time\" \/>\n\t<meta name=\"twitter:data2\" content=\"1 minute\" \/>\n<script type=\"application\/ld+json\" class=\"yoast-schema-graph\">{\"@context\":\"https:\/\/schema.org\",\"@graph\":[{\"@type\":\"WebSite\",\"@id\":\"https:\/\/www.visit-ulcinj.com\/blog\/#website\",\"url\":\"https:\/\/www.visit-ulcinj.com\/blog\/\",\"name\":\"Lajme nga Ulqini\",\"description\":\"Lajme,Vijesti,Ulqini,Ulqin,Crna Gora,Mali i Zi\",\"potentialAction\":[{\"@type\":\"SearchAction\",\"target\":{\"@type\":\"EntryPoint\",\"urlTemplate\":\"https:\/\/www.visit-ulcinj.com\/blog\/?s={search_term_string}\"},\"query-input\":\"required name=search_term_string\"}],\"inLanguage\":\"en-US\"},{\"@type\":\"ImageObject\",\"inLanguage\":\"en-US\",\"@id\":\"https:\/\/www.visit-ulcinj.com\/blog\/2009\/03\/14\/bjordi-po-na-mbarojne-debatet\/#primaryimage\",\"url\":\"http:\/\/www.visit-ulcinj.com\/blog\/wp-content\/uploads\/2009\/03\/tema-e-dites.jpg\",\"contentUrl\":\"http:\/\/www.visit-ulcinj.com\/blog\/wp-content\/uploads\/2009\/03\/tema-e-dites.jpg\"},{\"@type\":\"WebPage\",\"@id\":\"https:\/\/www.visit-ulcinj.com\/blog\/2009\/03\/14\/bjordi-po-na-mbarojne-debatet\/#webpage\",\"url\":\"https:\/\/www.visit-ulcinj.com\/blog\/2009\/03\/14\/bjordi-po-na-mbarojne-debatet\/\",\"name\":\"Bjordi: Po na mbarojn\u00c3\u00ab debatet! | Big Brother Albania 2\",\"isPartOf\":{\"@id\":\"https:\/\/www.visit-ulcinj.com\/blog\/#website\"},\"primaryImageOfPage\":{\"@id\":\"https:\/\/www.visit-ulcinj.com\/blog\/2009\/03\/14\/bjordi-po-na-mbarojne-debatet\/#primaryimage\"},\"datePublished\":\"2009-03-14T11:55:59+00:00\",\"dateModified\":\"2009-03-14T11:55:59+00:00\",\"author\":{\"@id\":\"https:\/\/www.visit-ulcinj.com\/blog\/#\/schema\/person\/dcab619c614d3038751c63bc2aadc06d\"},\"description\":\"Big Brother Albania 2 - Banor\u00c3\u00abt diskutojn\u00c3\u00ab p\u00c3\u00abr tem\u00c3\u00abn e debatit. Tani mendon q\u00c3\u00ab t\u00c3\u00ab flasin p\u00c3\u00abr burgjet, por Adelajda i thot\u00c3\u00ab q\u00c3\u00ab nuk e p\u00c3\u00ablqen k\u00c3\u00abt\u00c3\u00ab tem\u00c3\u00ab dhe propozon t\u00c3\u00ab flasin p\u00c3\u00abr mod\u00c3\u00abn.\",\"breadcrumb\":{\"@id\":\"https:\/\/www.visit-ulcinj.com\/blog\/2009\/03\/14\/bjordi-po-na-mbarojne-debatet\/#breadcrumb\"},\"inLanguage\":\"en-US\",\"potentialAction\":[{\"@type\":\"ReadAction\",\"target\":[\"https:\/\/www.visit-ulcinj.com\/blog\/2009\/03\/14\/bjordi-po-na-mbarojne-debatet\/\"]}]},{\"@type\":\"BreadcrumbList\",\"@id\":\"https:\/\/www.visit-ulcinj.com\/blog\/2009\/03\/14\/bjordi-po-na-mbarojne-debatet\/#breadcrumb\",\"itemListElement\":[{\"@type\":\"ListItem\",\"position\":1,\"name\":\"Bjordi: Po na mbarojn\u00eb debatet!\"}]},{\"@type\":\"Person\",\"@id\":\"https:\/\/www.visit-ulcinj.com\/blog\/#\/schema\/person\/dcab619c614d3038751c63bc2aadc06d\",\"name\":\"ulqini\",\"sameAs\":[\"http:\/\/www.visit-ulcinj.com\"],\"url\":\"https:\/\/www.visit-ulcinj.com\/blog\/author\/admin\/\"}]}<\/script>\n<!-- \/ Yoast SEO plugin. -->","yoast_head_json":{"title":"Bjordi: Po na mbarojn\u00c3\u00ab debatet! | Big Brother Albania 2","description":"Big Brother Albania 2 - Banor\u00c3\u00abt diskutojn\u00c3\u00ab p\u00c3\u00abr tem\u00c3\u00abn e debatit. Tani mendon q\u00c3\u00ab t\u00c3\u00ab flasin p\u00c3\u00abr burgjet, por Adelajda i thot\u00c3\u00ab q\u00c3\u00ab nuk e p\u00c3\u00ablqen k\u00c3\u00abt\u00c3\u00ab tem\u00c3\u00ab dhe propozon t\u00c3\u00ab flasin p\u00c3\u00abr mod\u00c3\u00abn.","robots":{"index":"index","follow":"follow","max-snippet":"max-snippet:-1","max-image-preview":"max-image-preview:large","max-video-preview":"max-video-preview:-1"},"canonical":"https:\/\/www.visit-ulcinj.com\/blog\/2009\/03\/14\/bjordi-po-na-mbarojne-debatet\/","og_locale":"en_US","og_type":"article","og_title":"Bjordi: Po na mbarojn\u00c3\u00ab debatet! | Big Brother Albania 2","og_description":"Big Brother Albania 2 - Banor\u00c3\u00abt diskutojn\u00c3\u00ab p\u00c3\u00abr tem\u00c3\u00abn e debatit. Tani mendon q\u00c3\u00ab t\u00c3\u00ab flasin p\u00c3\u00abr burgjet, por Adelajda i thot\u00c3\u00ab q\u00c3\u00ab nuk e p\u00c3\u00ablqen k\u00c3\u00abt\u00c3\u00ab tem\u00c3\u00ab dhe propozon t\u00c3\u00ab flasin p\u00c3\u00abr mod\u00c3\u00abn.","og_url":"https:\/\/www.visit-ulcinj.com\/blog\/2009\/03\/14\/bjordi-po-na-mbarojne-debatet\/","og_site_name":"Lajme nga Ulqini","article_published_time":"2009-03-14T11:55:59+00:00","og_image":[{"url":"http:\/\/www.visit-ulcinj.com\/blog\/wp-content\/uploads\/2009\/03\/tema-e-dites.jpg"}],"twitter_misc":{"Written by":"ulqini","Est. reading time":"1 minute"},"schema":{"@context":"https:\/\/schema.org","@graph":[{"@type":"WebSite","@id":"https:\/\/www.visit-ulcinj.com\/blog\/#website","url":"https:\/\/www.visit-ulcinj.com\/blog\/","name":"Lajme nga Ulqini","description":"Lajme,Vijesti,Ulqini,Ulqin,Crna Gora,Mali i Zi","potentialAction":[{"@type":"SearchAction","target":{"@type":"EntryPoint","urlTemplate":"https:\/\/www.visit-ulcinj.com\/blog\/?s={search_term_string}"},"query-input":"required name=search_term_string"}],"inLanguage":"en-US"},{"@type":"ImageObject","inLanguage":"en-US","@id":"https:\/\/www.visit-ulcinj.com\/blog\/2009\/03\/14\/bjordi-po-na-mbarojne-debatet\/#primaryimage","url":"http:\/\/www.visit-ulcinj.com\/blog\/wp-content\/uploads\/2009\/03\/tema-e-dites.jpg","contentUrl":"http:\/\/www.visit-ulcinj.com\/blog\/wp-content\/uploads\/2009\/03\/tema-e-dites.jpg"},{"@type":"WebPage","@id":"https:\/\/www.visit-ulcinj.com\/blog\/2009\/03\/14\/bjordi-po-na-mbarojne-debatet\/#webpage","url":"https:\/\/www.visit-ulcinj.com\/blog\/2009\/03\/14\/bjordi-po-na-mbarojne-debatet\/","name":"Bjordi: Po na mbarojn\u00c3\u00ab debatet! | Big Brother Albania 2","isPartOf":{"@id":"https:\/\/www.visit-ulcinj.com\/blog\/#website"},"primaryImageOfPage":{"@id":"https:\/\/www.visit-ulcinj.com\/blog\/2009\/03\/14\/bjordi-po-na-mbarojne-debatet\/#primaryimage"},"datePublished":"2009-03-14T11:55:59+00:00","dateModified":"2009-03-14T11:55:59+00:00","author":{"@id":"https:\/\/www.visit-ulcinj.com\/blog\/#\/schema\/person\/dcab619c614d3038751c63bc2aadc06d"},"description":"Big Brother Albania 2 - Banor\u00c3\u00abt diskutojn\u00c3\u00ab p\u00c3\u00abr tem\u00c3\u00abn e debatit. Tani mendon q\u00c3\u00ab t\u00c3\u00ab flasin p\u00c3\u00abr burgjet, por Adelajda i thot\u00c3\u00ab q\u00c3\u00ab nuk e p\u00c3\u00ablqen k\u00c3\u00abt\u00c3\u00ab tem\u00c3\u00ab dhe propozon t\u00c3\u00ab flasin p\u00c3\u00abr mod\u00c3\u00abn.","breadcrumb":{"@id":"https:\/\/www.visit-ulcinj.com\/blog\/2009\/03\/14\/bjordi-po-na-mbarojne-debatet\/#breadcrumb"},"inLanguage":"en-US","potentialAction":[{"@type":"ReadAction","target":["https:\/\/www.visit-ulcinj.com\/blog\/2009\/03\/14\/bjordi-po-na-mbarojne-debatet\/"]}]},{"@type":"BreadcrumbList","@id":"https:\/\/www.visit-ulcinj.com\/blog\/2009\/03\/14\/bjordi-po-na-mbarojne-debatet\/#breadcrumb","itemListElement":[{"@type":"ListItem","position":1,"name":"Bjordi: Po na mbarojn\u00eb debatet!"}]},{"@type":"Person","@id":"https:\/\/www.visit-ulcinj.com\/blog\/#\/schema\/person\/dcab619c614d3038751c63bc2aadc06d","name":"ulqini","sameAs":["http:\/\/www.visit-ulcinj.com"],"url":"https:\/\/www.visit-ulcinj.com\/blog\/author\/admin\/"}]}},"jetpack_featured_media_url":"","jetpack_sharing_enabled":true,"jetpack_shortlink":"https:\/\/wp.me\/pe6lTn-3FE","_links":{"self":[{"href":"https:\/\/www.visit-ulcinj.com\/blog\/wp-json\/wp\/v2\/posts\/14114"}],"collection":[{"href":"https:\/\/www.visit-ulcinj.com\/blog\/wp-json\/wp\/v2\/posts"}],"about":[{"href":"https:\/\/www.visit-ulcinj.com\/blog\/wp-json\/wp\/v2\/types\/post"}],"author":[{"embeddable":true,"href":"https:\/\/www.visit-ulcinj.com\/blog\/wp-json\/wp\/v2\/users\/1"}],"replies":[{"embeddable":true,"href":"https:\/\/www.visit-ulcinj.com\/blog\/wp-json\/wp\/v2\/comments?post=14114"}],"version-history":[{"count":0,"href":"https:\/\/www.visit-ulcinj.com\/blog\/wp-json\/wp\/v2\/posts\/14114\/revisions"}],"wp:attachment":[{"href":"https:\/\/www.visit-ulcinj.com\/blog\/wp-json\/wp\/v2\/media?parent=14114"}],"wp:term":[{"taxonomy":"category","embeddable":true,"href":"https:\/\/www.visit-ulcinj.com\/blog\/wp-json\/wp\/v2\/categories?post=14114"},{"taxonomy":"post_tag","embeddable":true,"href":"https:\/\/www.visit-ulcinj.com\/blog\/wp-json\/wp\/v2\/tags?post=14114"}],"curies":[{"name":"wp","href":"https:\/\/api.w.org\/{rel}","templated":true}]}}