{"id":14117,"date":"2009-03-14T12:58:17","date_gmt":"2009-03-14T11:58:17","guid":{"rendered":"http:\/\/www.visit-ulcinj.com\/blog\/?p=14117"},"modified":"2009-03-14T12:58:17","modified_gmt":"2009-03-14T11:58:17","slug":"zhuljeta-arjon-je-shume-i-mire","status":"publish","type":"post","link":"https:\/\/www.visit-ulcinj.com\/blog\/2009\/03\/14\/zhuljeta-arjon-je-shume-i-mire\/","title":{"rendered":"Zhuljeta: Arjon, je shum\u00eb i mir\u00eb"},"content":{"rendered":"<p><em><span class=\"newsdate\"><a href=\"http:\/\/www.visit-ulcinj.com\/blog\/wp-content\/uploads\/2009\/03\/arjoni-dhe-zhuljeta.jpg\"><img loading=\"lazy\" class=\"alignleft size-full wp-image-14118\" title=\"arjoni-dhe-zhuljeta-big-brother-albania-2\" src=\"http:\/\/www.visit-ulcinj.com\/blog\/wp-content\/uploads\/2009\/03\/arjoni-dhe-zhuljeta.jpg\" alt=\"arjoni-dhe-zhuljeta-big-brother-albania-2\" width=\"300\" height=\"205\" \/><\/a>12\/03\/09 18:37<\/span><\/em><\/p>\n<p>Zhuljet\u00ebs i dh\u00ebmb k\u00ebmba dhe Arjoni kujdeset p\u00ebr t\u00eb, duke i b\u00ebr\u00eb masazh. Ajo i thot\u00eb q\u00eb po t\u00eb ishte ai n\u00eb vendin e saj, ajo do p\u00ebrkujdesej m\u00eb shum\u00eb se ai duke i p\u00ebrmendur faktin q\u00eb ajo e v\u00eb n\u00eb gjum\u00eb Arjonin. Sipas tij ajo duhet t`a tregoj\u00eb p\u00ebrkujdesjen kur ai t\u00eb ket\u00eb nevoj\u00eb, dhe jo kur t\u00eb doj\u00eb ajo. Ajo i thot\u00eb q\u00eb po p\u00ebrjeton shum\u00eb gj\u00ebra p\u00ebr her\u00eb t\u00eb par\u00eb n\u00eb Big Brother. Pasi Arjoni mbaron me fashimin e k\u00ebmb\u00ebs ajo i k\u00ebrkon t`i l\u00ebr\u00eb nj\u00eb dedikim tek fasho dhe i thot\u00eb:-\u201cJe shum\u00eb i mir\u00eb!\u201d<\/p>\n","protected":false},"excerpt":{"rendered":"<p>12\/03\/09 18:37 Zhuljet\u00ebs i dh\u00ebmb k\u00ebmba dhe Arjoni kujdeset p\u00ebr t\u00eb, duke i b\u00ebr\u00eb masazh. Ajo i thot\u00eb q\u00eb po t\u00eb ishte ai n\u00eb vendin e saj, ajo do p\u00ebrkujdesej m\u00eb shum\u00eb se ai duke i p\u00ebrmendur faktin q\u00eb ajo e v\u00eb n\u00eb gjum\u00eb Arjonin. Sipas tij ajo duhet t`a tregoj\u00eb p\u00ebrkujdesjen kur ai t\u00eb [&hellip;]<\/p>\n","protected":false},"author":1,"featured_media":0,"comment_status":"open","ping_status":"closed","sticky":false,"template":"","format":"standard","meta":{"spay_email":"","jetpack_publicize_message":"","jetpack_is_tweetstorm":false,"jetpack_publicize_feature_enabled":true},"categories":[6502],"tags":[6525,6883,6516,6712,7919,6891,6536,7918],"jetpack_publicize_connections":[],"yoast_head":"<!-- This site is optimized with the Yoast SEO plugin v19.1 - https:\/\/yoast.com\/wordpress\/plugins\/seo\/ -->\n<title>Zhuljeta: Arjon, je shum\u00c3\u00ab i mir\u00c3\u00ab! | Big Brother Albania 2<\/title>\n<meta name=\"description\" content=\"Big Brother Albania 2 - Zhuljet\u00c3\u00abs i dh\u00c3\u00abmb k\u00c3\u00abmba dhe Arjoni kujdeset p\u00c3\u00abr t\u00c3\u00ab, duke i b\u00c3\u00abr\u00c3\u00ab masazh.\" \/>\n<meta name=\"robots\" content=\"index, follow, max-snippet:-1, max-image-preview:large, max-video-preview:-1\" \/>\n<link rel=\"canonical\" href=\"https:\/\/www.visit-ulcinj.com\/blog\/2009\/03\/14\/zhuljeta-arjon-je-shume-i-mire\/\" \/>\n<meta property=\"og:locale\" content=\"en_US\" \/>\n<meta property=\"og:type\" content=\"article\" \/>\n<meta property=\"og:title\" content=\"Zhuljeta: Arjon, je shum\u00c3\u00ab i mir\u00c3\u00ab! | Big Brother Albania 2\" \/>\n<meta property=\"og:description\" content=\"Big Brother Albania 2 - Zhuljet\u00c3\u00abs i dh\u00c3\u00abmb k\u00c3\u00abmba dhe Arjoni kujdeset p\u00c3\u00abr t\u00c3\u00ab, duke i b\u00c3\u00abr\u00c3\u00ab masazh.\" \/>\n<meta property=\"og:url\" content=\"https:\/\/www.visit-ulcinj.com\/blog\/2009\/03\/14\/zhuljeta-arjon-je-shume-i-mire\/\" \/>\n<meta property=\"og:site_name\" content=\"Lajme nga Ulqini\" \/>\n<meta property=\"article:published_time\" content=\"2009-03-14T11:58:17+00:00\" \/>\n<meta property=\"og:image\" content=\"http:\/\/www.visit-ulcinj.com\/blog\/wp-content\/uploads\/2009\/03\/arjoni-dhe-zhuljeta.jpg\" \/>\n<meta name=\"twitter:label1\" content=\"Written by\" \/>\n\t<meta name=\"twitter:data1\" content=\"ulqini\" \/>\n\t<meta name=\"twitter:label2\" content=\"Est. reading time\" \/>\n\t<meta name=\"twitter:data2\" content=\"1 minute\" \/>\n<script type=\"application\/ld+json\" class=\"yoast-schema-graph\">{\"@context\":\"https:\/\/schema.org\",\"@graph\":[{\"@type\":\"WebSite\",\"@id\":\"https:\/\/www.visit-ulcinj.com\/blog\/#website\",\"url\":\"https:\/\/www.visit-ulcinj.com\/blog\/\",\"name\":\"Lajme nga Ulqini\",\"description\":\"Lajme,Vijesti,Ulqini,Ulqin,Crna Gora,Mali i Zi\",\"potentialAction\":[{\"@type\":\"SearchAction\",\"target\":{\"@type\":\"EntryPoint\",\"urlTemplate\":\"https:\/\/www.visit-ulcinj.com\/blog\/?s={search_term_string}\"},\"query-input\":\"required name=search_term_string\"}],\"inLanguage\":\"en-US\"},{\"@type\":\"ImageObject\",\"inLanguage\":\"en-US\",\"@id\":\"https:\/\/www.visit-ulcinj.com\/blog\/2009\/03\/14\/zhuljeta-arjon-je-shume-i-mire\/#primaryimage\",\"url\":\"http:\/\/www.visit-ulcinj.com\/blog\/wp-content\/uploads\/2009\/03\/arjoni-dhe-zhuljeta.jpg\",\"contentUrl\":\"http:\/\/www.visit-ulcinj.com\/blog\/wp-content\/uploads\/2009\/03\/arjoni-dhe-zhuljeta.jpg\"},{\"@type\":\"WebPage\",\"@id\":\"https:\/\/www.visit-ulcinj.com\/blog\/2009\/03\/14\/zhuljeta-arjon-je-shume-i-mire\/#webpage\",\"url\":\"https:\/\/www.visit-ulcinj.com\/blog\/2009\/03\/14\/zhuljeta-arjon-je-shume-i-mire\/\",\"name\":\"Zhuljeta: Arjon, je shum\u00c3\u00ab i mir\u00c3\u00ab! | Big Brother Albania 2\",\"isPartOf\":{\"@id\":\"https:\/\/www.visit-ulcinj.com\/blog\/#website\"},\"primaryImageOfPage\":{\"@id\":\"https:\/\/www.visit-ulcinj.com\/blog\/2009\/03\/14\/zhuljeta-arjon-je-shume-i-mire\/#primaryimage\"},\"datePublished\":\"2009-03-14T11:58:17+00:00\",\"dateModified\":\"2009-03-14T11:58:17+00:00\",\"author\":{\"@id\":\"https:\/\/www.visit-ulcinj.com\/blog\/#\/schema\/person\/dcab619c614d3038751c63bc2aadc06d\"},\"description\":\"Big Brother Albania 2 - Zhuljet\u00c3\u00abs i dh\u00c3\u00abmb k\u00c3\u00abmba dhe Arjoni kujdeset p\u00c3\u00abr t\u00c3\u00ab, duke i b\u00c3\u00abr\u00c3\u00ab masazh.\",\"breadcrumb\":{\"@id\":\"https:\/\/www.visit-ulcinj.com\/blog\/2009\/03\/14\/zhuljeta-arjon-je-shume-i-mire\/#breadcrumb\"},\"inLanguage\":\"en-US\",\"potentialAction\":[{\"@type\":\"ReadAction\",\"target\":[\"https:\/\/www.visit-ulcinj.com\/blog\/2009\/03\/14\/zhuljeta-arjon-je-shume-i-mire\/\"]}]},{\"@type\":\"BreadcrumbList\",\"@id\":\"https:\/\/www.visit-ulcinj.com\/blog\/2009\/03\/14\/zhuljeta-arjon-je-shume-i-mire\/#breadcrumb\",\"itemListElement\":[{\"@type\":\"ListItem\",\"position\":1,\"name\":\"Zhuljeta: Arjon, je shum\u00eb i mir\u00eb\"}]},{\"@type\":\"Person\",\"@id\":\"https:\/\/www.visit-ulcinj.com\/blog\/#\/schema\/person\/dcab619c614d3038751c63bc2aadc06d\",\"name\":\"ulqini\",\"sameAs\":[\"http:\/\/www.visit-ulcinj.com\"],\"url\":\"https:\/\/www.visit-ulcinj.com\/blog\/author\/admin\/\"}]}<\/script>\n<!-- \/ Yoast SEO plugin. -->","yoast_head_json":{"title":"Zhuljeta: Arjon, je shum\u00c3\u00ab i mir\u00c3\u00ab! | Big Brother Albania 2","description":"Big Brother Albania 2 - Zhuljet\u00c3\u00abs i dh\u00c3\u00abmb k\u00c3\u00abmba dhe Arjoni kujdeset p\u00c3\u00abr t\u00c3\u00ab, duke i b\u00c3\u00abr\u00c3\u00ab masazh.","robots":{"index":"index","follow":"follow","max-snippet":"max-snippet:-1","max-image-preview":"max-image-preview:large","max-video-preview":"max-video-preview:-1"},"canonical":"https:\/\/www.visit-ulcinj.com\/blog\/2009\/03\/14\/zhuljeta-arjon-je-shume-i-mire\/","og_locale":"en_US","og_type":"article","og_title":"Zhuljeta: Arjon, je shum\u00c3\u00ab i mir\u00c3\u00ab! | Big Brother Albania 2","og_description":"Big Brother Albania 2 - Zhuljet\u00c3\u00abs i dh\u00c3\u00abmb k\u00c3\u00abmba dhe Arjoni kujdeset p\u00c3\u00abr t\u00c3\u00ab, duke i b\u00c3\u00abr\u00c3\u00ab masazh.","og_url":"https:\/\/www.visit-ulcinj.com\/blog\/2009\/03\/14\/zhuljeta-arjon-je-shume-i-mire\/","og_site_name":"Lajme nga Ulqini","article_published_time":"2009-03-14T11:58:17+00:00","og_image":[{"url":"http:\/\/www.visit-ulcinj.com\/blog\/wp-content\/uploads\/2009\/03\/arjoni-dhe-zhuljeta.jpg"}],"twitter_misc":{"Written by":"ulqini","Est. reading time":"1 minute"},"schema":{"@context":"https:\/\/schema.org","@graph":[{"@type":"WebSite","@id":"https:\/\/www.visit-ulcinj.com\/blog\/#website","url":"https:\/\/www.visit-ulcinj.com\/blog\/","name":"Lajme nga Ulqini","description":"Lajme,Vijesti,Ulqini,Ulqin,Crna Gora,Mali i Zi","potentialAction":[{"@type":"SearchAction","target":{"@type":"EntryPoint","urlTemplate":"https:\/\/www.visit-ulcinj.com\/blog\/?s={search_term_string}"},"query-input":"required name=search_term_string"}],"inLanguage":"en-US"},{"@type":"ImageObject","inLanguage":"en-US","@id":"https:\/\/www.visit-ulcinj.com\/blog\/2009\/03\/14\/zhuljeta-arjon-je-shume-i-mire\/#primaryimage","url":"http:\/\/www.visit-ulcinj.com\/blog\/wp-content\/uploads\/2009\/03\/arjoni-dhe-zhuljeta.jpg","contentUrl":"http:\/\/www.visit-ulcinj.com\/blog\/wp-content\/uploads\/2009\/03\/arjoni-dhe-zhuljeta.jpg"},{"@type":"WebPage","@id":"https:\/\/www.visit-ulcinj.com\/blog\/2009\/03\/14\/zhuljeta-arjon-je-shume-i-mire\/#webpage","url":"https:\/\/www.visit-ulcinj.com\/blog\/2009\/03\/14\/zhuljeta-arjon-je-shume-i-mire\/","name":"Zhuljeta: Arjon, je shum\u00c3\u00ab i mir\u00c3\u00ab! | Big Brother Albania 2","isPartOf":{"@id":"https:\/\/www.visit-ulcinj.com\/blog\/#website"},"primaryImageOfPage":{"@id":"https:\/\/www.visit-ulcinj.com\/blog\/2009\/03\/14\/zhuljeta-arjon-je-shume-i-mire\/#primaryimage"},"datePublished":"2009-03-14T11:58:17+00:00","dateModified":"2009-03-14T11:58:17+00:00","author":{"@id":"https:\/\/www.visit-ulcinj.com\/blog\/#\/schema\/person\/dcab619c614d3038751c63bc2aadc06d"},"description":"Big Brother Albania 2 - Zhuljet\u00c3\u00abs i dh\u00c3\u00abmb k\u00c3\u00abmba dhe Arjoni kujdeset p\u00c3\u00abr t\u00c3\u00ab, duke i b\u00c3\u00abr\u00c3\u00ab masazh.","breadcrumb":{"@id":"https:\/\/www.visit-ulcinj.com\/blog\/2009\/03\/14\/zhuljeta-arjon-je-shume-i-mire\/#breadcrumb"},"inLanguage":"en-US","potentialAction":[{"@type":"ReadAction","target":["https:\/\/www.visit-ulcinj.com\/blog\/2009\/03\/14\/zhuljeta-arjon-je-shume-i-mire\/"]}]},{"@type":"BreadcrumbList","@id":"https:\/\/www.visit-ulcinj.com\/blog\/2009\/03\/14\/zhuljeta-arjon-je-shume-i-mire\/#breadcrumb","itemListElement":[{"@type":"ListItem","position":1,"name":"Zhuljeta: Arjon, je shum\u00eb i mir\u00eb"}]},{"@type":"Person","@id":"https:\/\/www.visit-ulcinj.com\/blog\/#\/schema\/person\/dcab619c614d3038751c63bc2aadc06d","name":"ulqini","sameAs":["http:\/\/www.visit-ulcinj.com"],"url":"https:\/\/www.visit-ulcinj.com\/blog\/author\/admin\/"}]}},"jetpack_featured_media_url":"","jetpack_sharing_enabled":true,"jetpack_shortlink":"https:\/\/wp.me\/pe6lTn-3FH","_links":{"self":[{"href":"https:\/\/www.visit-ulcinj.com\/blog\/wp-json\/wp\/v2\/posts\/14117"}],"collection":[{"href":"https:\/\/www.visit-ulcinj.com\/blog\/wp-json\/wp\/v2\/posts"}],"about":[{"href":"https:\/\/www.visit-ulcinj.com\/blog\/wp-json\/wp\/v2\/types\/post"}],"author":[{"embeddable":true,"href":"https:\/\/www.visit-ulcinj.com\/blog\/wp-json\/wp\/v2\/users\/1"}],"replies":[{"embeddable":true,"href":"https:\/\/www.visit-ulcinj.com\/blog\/wp-json\/wp\/v2\/comments?post=14117"}],"version-history":[{"count":0,"href":"https:\/\/www.visit-ulcinj.com\/blog\/wp-json\/wp\/v2\/posts\/14117\/revisions"}],"wp:attachment":[{"href":"https:\/\/www.visit-ulcinj.com\/blog\/wp-json\/wp\/v2\/media?parent=14117"}],"wp:term":[{"taxonomy":"category","embeddable":true,"href":"https:\/\/www.visit-ulcinj.com\/blog\/wp-json\/wp\/v2\/categories?post=14117"},{"taxonomy":"post_tag","embeddable":true,"href":"https:\/\/www.visit-ulcinj.com\/blog\/wp-json\/wp\/v2\/tags?post=14117"}],"curies":[{"name":"wp","href":"https:\/\/api.w.org\/{rel}","templated":true}]}}