{"id":14123,"date":"2009-03-14T13:07:21","date_gmt":"2009-03-14T12:07:21","guid":{"rendered":"http:\/\/www.visit-ulcinj.com\/blog\/?p=14123"},"modified":"2009-03-14T13:07:21","modified_gmt":"2009-03-14T12:07:21","slug":"big-brother-albania-2-prova-e-javes-3","status":"publish","type":"post","link":"https:\/\/www.visit-ulcinj.com\/blog\/2009\/03\/14\/big-brother-albania-2-prova-e-javes-3\/","title":{"rendered":"Big Brother Albania 2 &#8211; Prova e jav\u00ebs"},"content":{"rendered":"<p><em><span class=\"newsdate\"><a href=\"http:\/\/www.visit-ulcinj.com\/blog\/wp-content\/uploads\/2009\/03\/prova-e-kepuceve.jpg\"><img loading=\"lazy\" class=\"alignleft size-full wp-image-14125\" title=\"prova-e-kepuceve-big-brother-albania-2\" src=\"http:\/\/www.visit-ulcinj.com\/blog\/wp-content\/uploads\/2009\/03\/prova-e-kepuceve.jpg\" alt=\"prova-e-kepuceve-big-brother-albania-2\" width=\"300\" height=\"205\" \/><\/a>12\/03\/09 20:15<\/span><\/em><\/p>\n<p>Banor\u00ebt n\u00eb sfid\u00ebn e dyt\u00eb t\u00eb prov\u00ebs javore duhet t\u00eb gjejn\u00eb nj\u00eb k\u00ebpuc\u00eb teke. Big Brother ka vendosur n\u00eb oborr nj\u00eb pirg me k\u00ebpuc\u00eb t\u00eb ndryshme. P\u00ebr t`a realizuar k\u00ebt\u00eb prov\u00eb ata kan\u00eb n\u00eb dispozicion 24 min e 30 sek n\u00eb t\u00eb kund\u00ebrt me mos gjetjen e k\u00ebpuc\u00ebs ata duhet t`i lyejn\u00eb me boj\u00eb t\u00eb zez\u00eb t\u00eb gjitha. Pavarsisht impenjimit q\u00eb treguan banor\u00ebt p\u00ebr k\u00ebt\u00eb prov\u00eb ata nuk e gjet\u00ebn k\u00ebpuc\u00ebn.<br \/>\nQetsori ishte personi q\u00eb u p\u00ebrgjigj n\u00eb telefon dhe Big Brother vendosi q\u00eb t`i jap\u00eb nj\u00eb shp\u00ebrblim duke e p\u00ebrjashtuar nga prova e jav\u00ebs. Gjithashtu ai duhet t\u00eb p\u00ebrzgjidhte dhe dy banor\u00eb t\u00eb tjer\u00eb. Qetsori zgjodhi Mesid\u00ebn dhe Arjonin. Banor\u00ebt e tjer\u00eb kryen prov\u00ebn.<\/p>\n","protected":false},"excerpt":{"rendered":"<p>12\/03\/09 20:15 Banor\u00ebt n\u00eb sfid\u00ebn e dyt\u00eb t\u00eb prov\u00ebs javore duhet t\u00eb gjejn\u00eb nj\u00eb k\u00ebpuc\u00eb teke. Big Brother ka vendosur n\u00eb oborr nj\u00eb pirg me k\u00ebpuc\u00eb t\u00eb ndryshme. P\u00ebr t`a realizuar k\u00ebt\u00eb prov\u00eb ata kan\u00eb n\u00eb dispozicion 24 min e 30 sek n\u00eb t\u00eb kund\u00ebrt me mos gjetjen e k\u00ebpuc\u00ebs ata duhet t`i lyejn\u00eb me [&hellip;]<\/p>\n","protected":false},"author":1,"featured_media":0,"comment_status":"open","ping_status":"closed","sticky":false,"template":"","format":"standard","meta":{"spay_email":"","jetpack_publicize_message":"","jetpack_is_tweetstorm":false,"jetpack_publicize_feature_enabled":true},"categories":[6502],"tags":[5057,6506,6516,6712,7129,6662,6891,6693,6887],"jetpack_publicize_connections":[],"yoast_head":"<!-- This site is optimized with the Yoast SEO plugin v19.1 - https:\/\/yoast.com\/wordpress\/plugins\/seo\/ -->\n<title>Big Brother Albania 2 - Prova e jav\u00c3\u00abs<\/title>\n<meta name=\"description\" content=\"Big Brother Albania 2 - Banor\u00c3\u00abt n\u00c3\u00ab sfid\u00c3\u00abn e dyt\u00c3\u00ab t\u00c3\u00ab prov\u00c3\u00abs javore duhet t\u00c3\u00ab gjejn\u00c3\u00ab nj\u00c3\u00ab k\u00c3\u00abpuc\u00c3\u00ab teke. Big Brother ka vendosur n\u00c3\u00ab oborr nj\u00c3\u00ab pirg me k\u00c3\u00abpuc\u00c3\u00ab t\u00c3\u00ab ndryshme\" \/>\n<meta name=\"robots\" content=\"index, follow, max-snippet:-1, max-image-preview:large, max-video-preview:-1\" \/>\n<link rel=\"canonical\" href=\"https:\/\/www.visit-ulcinj.com\/blog\/2009\/03\/14\/big-brother-albania-2-prova-e-javes-3\/\" \/>\n<meta property=\"og:locale\" content=\"en_US\" \/>\n<meta property=\"og:type\" content=\"article\" \/>\n<meta property=\"og:title\" content=\"Big Brother Albania 2 - Prova e jav\u00c3\u00abs\" \/>\n<meta property=\"og:description\" content=\"Big Brother Albania 2 - Banor\u00c3\u00abt n\u00c3\u00ab sfid\u00c3\u00abn e dyt\u00c3\u00ab t\u00c3\u00ab prov\u00c3\u00abs javore duhet t\u00c3\u00ab gjejn\u00c3\u00ab nj\u00c3\u00ab k\u00c3\u00abpuc\u00c3\u00ab teke. Big Brother ka vendosur n\u00c3\u00ab oborr nj\u00c3\u00ab pirg me k\u00c3\u00abpuc\u00c3\u00ab t\u00c3\u00ab ndryshme\" \/>\n<meta property=\"og:url\" content=\"https:\/\/www.visit-ulcinj.com\/blog\/2009\/03\/14\/big-brother-albania-2-prova-e-javes-3\/\" \/>\n<meta property=\"og:site_name\" content=\"Lajme nga Ulqini\" \/>\n<meta property=\"article:published_time\" content=\"2009-03-14T12:07:21+00:00\" \/>\n<meta property=\"og:image\" content=\"http:\/\/www.visit-ulcinj.com\/blog\/wp-content\/uploads\/2009\/03\/prova-e-kepuceve.jpg\" \/>\n<meta name=\"twitter:label1\" content=\"Written by\" \/>\n\t<meta name=\"twitter:data1\" content=\"ulqini\" \/>\n\t<meta name=\"twitter:label2\" content=\"Est. reading time\" \/>\n\t<meta name=\"twitter:data2\" content=\"1 minute\" \/>\n<script type=\"application\/ld+json\" class=\"yoast-schema-graph\">{\"@context\":\"https:\/\/schema.org\",\"@graph\":[{\"@type\":\"WebSite\",\"@id\":\"https:\/\/www.visit-ulcinj.com\/blog\/#website\",\"url\":\"https:\/\/www.visit-ulcinj.com\/blog\/\",\"name\":\"Lajme nga Ulqini\",\"description\":\"Lajme,Vijesti,Ulqini,Ulqin,Crna Gora,Mali i Zi\",\"potentialAction\":[{\"@type\":\"SearchAction\",\"target\":{\"@type\":\"EntryPoint\",\"urlTemplate\":\"https:\/\/www.visit-ulcinj.com\/blog\/?s={search_term_string}\"},\"query-input\":\"required name=search_term_string\"}],\"inLanguage\":\"en-US\"},{\"@type\":\"ImageObject\",\"inLanguage\":\"en-US\",\"@id\":\"https:\/\/www.visit-ulcinj.com\/blog\/2009\/03\/14\/big-brother-albania-2-prova-e-javes-3\/#primaryimage\",\"url\":\"http:\/\/www.visit-ulcinj.com\/blog\/wp-content\/uploads\/2009\/03\/prova-e-kepuceve.jpg\",\"contentUrl\":\"http:\/\/www.visit-ulcinj.com\/blog\/wp-content\/uploads\/2009\/03\/prova-e-kepuceve.jpg\"},{\"@type\":\"WebPage\",\"@id\":\"https:\/\/www.visit-ulcinj.com\/blog\/2009\/03\/14\/big-brother-albania-2-prova-e-javes-3\/#webpage\",\"url\":\"https:\/\/www.visit-ulcinj.com\/blog\/2009\/03\/14\/big-brother-albania-2-prova-e-javes-3\/\",\"name\":\"Big Brother Albania 2 - Prova e jav\u00c3\u00abs\",\"isPartOf\":{\"@id\":\"https:\/\/www.visit-ulcinj.com\/blog\/#website\"},\"primaryImageOfPage\":{\"@id\":\"https:\/\/www.visit-ulcinj.com\/blog\/2009\/03\/14\/big-brother-albania-2-prova-e-javes-3\/#primaryimage\"},\"datePublished\":\"2009-03-14T12:07:21+00:00\",\"dateModified\":\"2009-03-14T12:07:21+00:00\",\"author\":{\"@id\":\"https:\/\/www.visit-ulcinj.com\/blog\/#\/schema\/person\/dcab619c614d3038751c63bc2aadc06d\"},\"description\":\"Big Brother Albania 2 - Banor\u00c3\u00abt n\u00c3\u00ab sfid\u00c3\u00abn e dyt\u00c3\u00ab t\u00c3\u00ab prov\u00c3\u00abs javore duhet t\u00c3\u00ab gjejn\u00c3\u00ab nj\u00c3\u00ab k\u00c3\u00abpuc\u00c3\u00ab teke. Big Brother ka vendosur n\u00c3\u00ab oborr nj\u00c3\u00ab pirg me k\u00c3\u00abpuc\u00c3\u00ab t\u00c3\u00ab ndryshme\",\"breadcrumb\":{\"@id\":\"https:\/\/www.visit-ulcinj.com\/blog\/2009\/03\/14\/big-brother-albania-2-prova-e-javes-3\/#breadcrumb\"},\"inLanguage\":\"en-US\",\"potentialAction\":[{\"@type\":\"ReadAction\",\"target\":[\"https:\/\/www.visit-ulcinj.com\/blog\/2009\/03\/14\/big-brother-albania-2-prova-e-javes-3\/\"]}]},{\"@type\":\"BreadcrumbList\",\"@id\":\"https:\/\/www.visit-ulcinj.com\/blog\/2009\/03\/14\/big-brother-albania-2-prova-e-javes-3\/#breadcrumb\",\"itemListElement\":[{\"@type\":\"ListItem\",\"position\":1,\"name\":\"Big Brother Albania 2 &#8211; Prova e jav\u00ebs\"}]},{\"@type\":\"Person\",\"@id\":\"https:\/\/www.visit-ulcinj.com\/blog\/#\/schema\/person\/dcab619c614d3038751c63bc2aadc06d\",\"name\":\"ulqini\",\"sameAs\":[\"http:\/\/www.visit-ulcinj.com\"],\"url\":\"https:\/\/www.visit-ulcinj.com\/blog\/author\/admin\/\"}]}<\/script>\n<!-- \/ Yoast SEO plugin. -->","yoast_head_json":{"title":"Big Brother Albania 2 - Prova e jav\u00c3\u00abs","description":"Big Brother Albania 2 - Banor\u00c3\u00abt n\u00c3\u00ab sfid\u00c3\u00abn e dyt\u00c3\u00ab t\u00c3\u00ab prov\u00c3\u00abs javore duhet t\u00c3\u00ab gjejn\u00c3\u00ab nj\u00c3\u00ab k\u00c3\u00abpuc\u00c3\u00ab teke. Big Brother ka vendosur n\u00c3\u00ab oborr nj\u00c3\u00ab pirg me k\u00c3\u00abpuc\u00c3\u00ab t\u00c3\u00ab ndryshme","robots":{"index":"index","follow":"follow","max-snippet":"max-snippet:-1","max-image-preview":"max-image-preview:large","max-video-preview":"max-video-preview:-1"},"canonical":"https:\/\/www.visit-ulcinj.com\/blog\/2009\/03\/14\/big-brother-albania-2-prova-e-javes-3\/","og_locale":"en_US","og_type":"article","og_title":"Big Brother Albania 2 - Prova e jav\u00c3\u00abs","og_description":"Big Brother Albania 2 - Banor\u00c3\u00abt n\u00c3\u00ab sfid\u00c3\u00abn e dyt\u00c3\u00ab t\u00c3\u00ab prov\u00c3\u00abs javore duhet t\u00c3\u00ab gjejn\u00c3\u00ab nj\u00c3\u00ab k\u00c3\u00abpuc\u00c3\u00ab teke. Big Brother ka vendosur n\u00c3\u00ab oborr nj\u00c3\u00ab pirg me k\u00c3\u00abpuc\u00c3\u00ab t\u00c3\u00ab ndryshme","og_url":"https:\/\/www.visit-ulcinj.com\/blog\/2009\/03\/14\/big-brother-albania-2-prova-e-javes-3\/","og_site_name":"Lajme nga Ulqini","article_published_time":"2009-03-14T12:07:21+00:00","og_image":[{"url":"http:\/\/www.visit-ulcinj.com\/blog\/wp-content\/uploads\/2009\/03\/prova-e-kepuceve.jpg"}],"twitter_misc":{"Written by":"ulqini","Est. reading time":"1 minute"},"schema":{"@context":"https:\/\/schema.org","@graph":[{"@type":"WebSite","@id":"https:\/\/www.visit-ulcinj.com\/blog\/#website","url":"https:\/\/www.visit-ulcinj.com\/blog\/","name":"Lajme nga Ulqini","description":"Lajme,Vijesti,Ulqini,Ulqin,Crna Gora,Mali i Zi","potentialAction":[{"@type":"SearchAction","target":{"@type":"EntryPoint","urlTemplate":"https:\/\/www.visit-ulcinj.com\/blog\/?s={search_term_string}"},"query-input":"required name=search_term_string"}],"inLanguage":"en-US"},{"@type":"ImageObject","inLanguage":"en-US","@id":"https:\/\/www.visit-ulcinj.com\/blog\/2009\/03\/14\/big-brother-albania-2-prova-e-javes-3\/#primaryimage","url":"http:\/\/www.visit-ulcinj.com\/blog\/wp-content\/uploads\/2009\/03\/prova-e-kepuceve.jpg","contentUrl":"http:\/\/www.visit-ulcinj.com\/blog\/wp-content\/uploads\/2009\/03\/prova-e-kepuceve.jpg"},{"@type":"WebPage","@id":"https:\/\/www.visit-ulcinj.com\/blog\/2009\/03\/14\/big-brother-albania-2-prova-e-javes-3\/#webpage","url":"https:\/\/www.visit-ulcinj.com\/blog\/2009\/03\/14\/big-brother-albania-2-prova-e-javes-3\/","name":"Big Brother Albania 2 - Prova e jav\u00c3\u00abs","isPartOf":{"@id":"https:\/\/www.visit-ulcinj.com\/blog\/#website"},"primaryImageOfPage":{"@id":"https:\/\/www.visit-ulcinj.com\/blog\/2009\/03\/14\/big-brother-albania-2-prova-e-javes-3\/#primaryimage"},"datePublished":"2009-03-14T12:07:21+00:00","dateModified":"2009-03-14T12:07:21+00:00","author":{"@id":"https:\/\/www.visit-ulcinj.com\/blog\/#\/schema\/person\/dcab619c614d3038751c63bc2aadc06d"},"description":"Big Brother Albania 2 - Banor\u00c3\u00abt n\u00c3\u00ab sfid\u00c3\u00abn e dyt\u00c3\u00ab t\u00c3\u00ab prov\u00c3\u00abs javore duhet t\u00c3\u00ab gjejn\u00c3\u00ab nj\u00c3\u00ab k\u00c3\u00abpuc\u00c3\u00ab teke. Big Brother ka vendosur n\u00c3\u00ab oborr nj\u00c3\u00ab pirg me k\u00c3\u00abpuc\u00c3\u00ab t\u00c3\u00ab ndryshme","breadcrumb":{"@id":"https:\/\/www.visit-ulcinj.com\/blog\/2009\/03\/14\/big-brother-albania-2-prova-e-javes-3\/#breadcrumb"},"inLanguage":"en-US","potentialAction":[{"@type":"ReadAction","target":["https:\/\/www.visit-ulcinj.com\/blog\/2009\/03\/14\/big-brother-albania-2-prova-e-javes-3\/"]}]},{"@type":"BreadcrumbList","@id":"https:\/\/www.visit-ulcinj.com\/blog\/2009\/03\/14\/big-brother-albania-2-prova-e-javes-3\/#breadcrumb","itemListElement":[{"@type":"ListItem","position":1,"name":"Big Brother Albania 2 &#8211; Prova e jav\u00ebs"}]},{"@type":"Person","@id":"https:\/\/www.visit-ulcinj.com\/blog\/#\/schema\/person\/dcab619c614d3038751c63bc2aadc06d","name":"ulqini","sameAs":["http:\/\/www.visit-ulcinj.com"],"url":"https:\/\/www.visit-ulcinj.com\/blog\/author\/admin\/"}]}},"jetpack_featured_media_url":"","jetpack_sharing_enabled":true,"jetpack_shortlink":"https:\/\/wp.me\/pe6lTn-3FN","_links":{"self":[{"href":"https:\/\/www.visit-ulcinj.com\/blog\/wp-json\/wp\/v2\/posts\/14123"}],"collection":[{"href":"https:\/\/www.visit-ulcinj.com\/blog\/wp-json\/wp\/v2\/posts"}],"about":[{"href":"https:\/\/www.visit-ulcinj.com\/blog\/wp-json\/wp\/v2\/types\/post"}],"author":[{"embeddable":true,"href":"https:\/\/www.visit-ulcinj.com\/blog\/wp-json\/wp\/v2\/users\/1"}],"replies":[{"embeddable":true,"href":"https:\/\/www.visit-ulcinj.com\/blog\/wp-json\/wp\/v2\/comments?post=14123"}],"version-history":[{"count":0,"href":"https:\/\/www.visit-ulcinj.com\/blog\/wp-json\/wp\/v2\/posts\/14123\/revisions"}],"wp:attachment":[{"href":"https:\/\/www.visit-ulcinj.com\/blog\/wp-json\/wp\/v2\/media?parent=14123"}],"wp:term":[{"taxonomy":"category","embeddable":true,"href":"https:\/\/www.visit-ulcinj.com\/blog\/wp-json\/wp\/v2\/categories?post=14123"},{"taxonomy":"post_tag","embeddable":true,"href":"https:\/\/www.visit-ulcinj.com\/blog\/wp-json\/wp\/v2\/tags?post=14123"}],"curies":[{"name":"wp","href":"https:\/\/api.w.org\/{rel}","templated":true}]}}