{"id":14130,"date":"2009-03-14T13:13:16","date_gmt":"2009-03-14T12:13:16","guid":{"rendered":"http:\/\/www.visit-ulcinj.com\/blog\/?p=14130"},"modified":"2009-03-14T13:13:16","modified_gmt":"2009-03-14T12:13:16","slug":"bjordi-mezini-tek-apo-cift","status":"publish","type":"post","link":"https:\/\/www.visit-ulcinj.com\/blog\/2009\/03\/14\/bjordi-mezini-tek-apo-cift\/","title":{"rendered":"Bjordi Mezini &#8211; Tek apo \u00e7ift"},"content":{"rendered":"<p><em><span class=\"newsdate\"><a href=\"http:\/\/www.visit-ulcinj.com\/blog\/wp-content\/uploads\/2009\/03\/bjordi-me-sy-te-mbyllura-copy.jpg\"><img loading=\"lazy\" class=\"alignleft size-full wp-image-14131\" title=\"bjordi-me-sy-te-mbyllura-big-brother-albania-2\" src=\"http:\/\/www.visit-ulcinj.com\/blog\/wp-content\/uploads\/2009\/03\/bjordi-me-sy-te-mbyllura-copy.jpg\" alt=\"bjordi-me-sy-te-mbyllura-big-brother-albania-2\" width=\"300\" height=\"205\" \/><\/a>13\/03\/09 00:45<\/span><\/em><\/p>\n<p>Bjordi u ka propozuar banor\u00ebve nj\u00eb loj\u00eb t\u00eb re. Ata do t\u00eb luanin si tek loja \u00e7ift apo tek dhe Bjordi do t\u00eb gjente se sa gishta nxirrte secili prej tyre. Kur ai kishte filluar t\u2019i gjente, n\u00eb fillim, banor\u00ebt kan\u00eb qeshur, por m\u00eb pas ata kan\u00eb ngelur t\u00eb habitur, gati-gati t\u00eb shokuar. N\u00eb mes t\u00eb t\u00eb gjitha kombinimeve t\u00eb mundshme, Bjordi dha t\u00eb gjitha her\u00ebt, kombinimin e sakt\u00eb. Ata m\u00eb pas filluan ta ngacmonin e ta pyesnin se kush do ta fitonte Big Brother e t\u00eb insistonin t\u2019u tregonte si e gjente. Bjordi u tha se sekretet e loj\u00ebs nuk tregohen. \u201cNe b\u00ebjm\u00eb t\u00eb gjith\u00eb si shkenc\u00ebtar\u00eb k\u00ebtu, por ky na qenka kozmonaut!\u201d- ka th\u00ebn\u00eb Qetsori. Sipas Bjordit, kjo loj\u00eb do t\u00eb dilte shum\u00eb bukur n\u00ebse do ta luante me Arban\u00ebn, t\u00eb cil\u00ebn nuk e shikonte fare.<\/p>\n","protected":false},"excerpt":{"rendered":"<p>13\/03\/09 00:45 Bjordi u ka propozuar banor\u00ebve nj\u00eb loj\u00eb t\u00eb re. Ata do t\u00eb luanin si tek loja \u00e7ift apo tek dhe Bjordi do t\u00eb gjente se sa gishta nxirrte secili prej tyre. Kur ai kishte filluar t\u2019i gjente, n\u00eb fillim, banor\u00ebt kan\u00eb qeshur, por m\u00eb pas ata kan\u00eb ngelur t\u00eb habitur, gati-gati t\u00eb shokuar. [&hellip;]<\/p>\n","protected":false},"author":1,"featured_media":0,"comment_status":"open","ping_status":"closed","sticky":false,"template":"","format":"standard","meta":{"spay_email":"","jetpack_publicize_message":"","jetpack_is_tweetstorm":false,"jetpack_publicize_feature_enabled":true},"categories":[6502],"tags":[6529,6883,6516,6712,6665,6522,6544,7924,6891],"jetpack_publicize_connections":[],"yoast_head":"<!-- This site is optimized with the Yoast SEO plugin v19.1 - https:\/\/yoast.com\/wordpress\/plugins\/seo\/ -->\n<title>Bjordi Mezini - Tek apo \u00c3\u00a7ift | Big Brother Albania 2<\/title>\n<meta name=\"description\" content=\"Big Brother Albania 2 - Bjordi u ka propozuar banor\u00c3\u00abve nj\u00c3\u00ab loj\u00c3\u00ab t\u00c3\u00ab re. Ata do t\u00c3\u00ab luanin si tek loja \u00c3\u00a7ift apo tek dhe Bjordi do t\u00c3\u00ab gjente se sa gishta nxirrte secili prej tyre.\" \/>\n<meta name=\"robots\" content=\"index, follow, max-snippet:-1, max-image-preview:large, max-video-preview:-1\" \/>\n<link rel=\"canonical\" href=\"https:\/\/www.visit-ulcinj.com\/blog\/2009\/03\/14\/bjordi-mezini-tek-apo-cift\/\" \/>\n<meta property=\"og:locale\" content=\"en_US\" \/>\n<meta property=\"og:type\" content=\"article\" \/>\n<meta property=\"og:title\" content=\"Bjordi Mezini - Tek apo \u00c3\u00a7ift | Big Brother Albania 2\" \/>\n<meta property=\"og:description\" content=\"Big Brother Albania 2 - Bjordi u ka propozuar banor\u00c3\u00abve nj\u00c3\u00ab loj\u00c3\u00ab t\u00c3\u00ab re. Ata do t\u00c3\u00ab luanin si tek loja \u00c3\u00a7ift apo tek dhe Bjordi do t\u00c3\u00ab gjente se sa gishta nxirrte secili prej tyre.\" \/>\n<meta property=\"og:url\" content=\"https:\/\/www.visit-ulcinj.com\/blog\/2009\/03\/14\/bjordi-mezini-tek-apo-cift\/\" \/>\n<meta property=\"og:site_name\" content=\"Lajme nga Ulqini\" \/>\n<meta property=\"article:published_time\" content=\"2009-03-14T12:13:16+00:00\" \/>\n<meta property=\"og:image\" content=\"http:\/\/www.visit-ulcinj.com\/blog\/wp-content\/uploads\/2009\/03\/bjordi-me-sy-te-mbyllura-copy.jpg\" \/>\n<meta name=\"twitter:label1\" content=\"Written by\" \/>\n\t<meta name=\"twitter:data1\" content=\"ulqini\" \/>\n\t<meta name=\"twitter:label2\" content=\"Est. reading time\" \/>\n\t<meta name=\"twitter:data2\" content=\"1 minute\" \/>\n<script type=\"application\/ld+json\" class=\"yoast-schema-graph\">{\"@context\":\"https:\/\/schema.org\",\"@graph\":[{\"@type\":\"WebSite\",\"@id\":\"https:\/\/www.visit-ulcinj.com\/blog\/#website\",\"url\":\"https:\/\/www.visit-ulcinj.com\/blog\/\",\"name\":\"Lajme nga Ulqini\",\"description\":\"Lajme,Vijesti,Ulqini,Ulqin,Crna Gora,Mali i Zi\",\"potentialAction\":[{\"@type\":\"SearchAction\",\"target\":{\"@type\":\"EntryPoint\",\"urlTemplate\":\"https:\/\/www.visit-ulcinj.com\/blog\/?s={search_term_string}\"},\"query-input\":\"required name=search_term_string\"}],\"inLanguage\":\"en-US\"},{\"@type\":\"ImageObject\",\"inLanguage\":\"en-US\",\"@id\":\"https:\/\/www.visit-ulcinj.com\/blog\/2009\/03\/14\/bjordi-mezini-tek-apo-cift\/#primaryimage\",\"url\":\"http:\/\/www.visit-ulcinj.com\/blog\/wp-content\/uploads\/2009\/03\/bjordi-me-sy-te-mbyllura-copy.jpg\",\"contentUrl\":\"http:\/\/www.visit-ulcinj.com\/blog\/wp-content\/uploads\/2009\/03\/bjordi-me-sy-te-mbyllura-copy.jpg\"},{\"@type\":\"WebPage\",\"@id\":\"https:\/\/www.visit-ulcinj.com\/blog\/2009\/03\/14\/bjordi-mezini-tek-apo-cift\/#webpage\",\"url\":\"https:\/\/www.visit-ulcinj.com\/blog\/2009\/03\/14\/bjordi-mezini-tek-apo-cift\/\",\"name\":\"Bjordi Mezini - Tek apo \u00c3\u00a7ift | Big Brother Albania 2\",\"isPartOf\":{\"@id\":\"https:\/\/www.visit-ulcinj.com\/blog\/#website\"},\"primaryImageOfPage\":{\"@id\":\"https:\/\/www.visit-ulcinj.com\/blog\/2009\/03\/14\/bjordi-mezini-tek-apo-cift\/#primaryimage\"},\"datePublished\":\"2009-03-14T12:13:16+00:00\",\"dateModified\":\"2009-03-14T12:13:16+00:00\",\"author\":{\"@id\":\"https:\/\/www.visit-ulcinj.com\/blog\/#\/schema\/person\/dcab619c614d3038751c63bc2aadc06d\"},\"description\":\"Big Brother Albania 2 - Bjordi u ka propozuar banor\u00c3\u00abve nj\u00c3\u00ab loj\u00c3\u00ab t\u00c3\u00ab re. Ata do t\u00c3\u00ab luanin si tek loja \u00c3\u00a7ift apo tek dhe Bjordi do t\u00c3\u00ab gjente se sa gishta nxirrte secili prej tyre.\",\"breadcrumb\":{\"@id\":\"https:\/\/www.visit-ulcinj.com\/blog\/2009\/03\/14\/bjordi-mezini-tek-apo-cift\/#breadcrumb\"},\"inLanguage\":\"en-US\",\"potentialAction\":[{\"@type\":\"ReadAction\",\"target\":[\"https:\/\/www.visit-ulcinj.com\/blog\/2009\/03\/14\/bjordi-mezini-tek-apo-cift\/\"]}]},{\"@type\":\"BreadcrumbList\",\"@id\":\"https:\/\/www.visit-ulcinj.com\/blog\/2009\/03\/14\/bjordi-mezini-tek-apo-cift\/#breadcrumb\",\"itemListElement\":[{\"@type\":\"ListItem\",\"position\":1,\"name\":\"Bjordi Mezini &#8211; Tek apo \u00e7ift\"}]},{\"@type\":\"Person\",\"@id\":\"https:\/\/www.visit-ulcinj.com\/blog\/#\/schema\/person\/dcab619c614d3038751c63bc2aadc06d\",\"name\":\"ulqini\",\"sameAs\":[\"http:\/\/www.visit-ulcinj.com\"],\"url\":\"https:\/\/www.visit-ulcinj.com\/blog\/author\/admin\/\"}]}<\/script>\n<!-- \/ Yoast SEO plugin. -->","yoast_head_json":{"title":"Bjordi Mezini - Tek apo \u00c3\u00a7ift | Big Brother Albania 2","description":"Big Brother Albania 2 - Bjordi u ka propozuar banor\u00c3\u00abve nj\u00c3\u00ab loj\u00c3\u00ab t\u00c3\u00ab re. Ata do t\u00c3\u00ab luanin si tek loja \u00c3\u00a7ift apo tek dhe Bjordi do t\u00c3\u00ab gjente se sa gishta nxirrte secili prej tyre.","robots":{"index":"index","follow":"follow","max-snippet":"max-snippet:-1","max-image-preview":"max-image-preview:large","max-video-preview":"max-video-preview:-1"},"canonical":"https:\/\/www.visit-ulcinj.com\/blog\/2009\/03\/14\/bjordi-mezini-tek-apo-cift\/","og_locale":"en_US","og_type":"article","og_title":"Bjordi Mezini - Tek apo \u00c3\u00a7ift | Big Brother Albania 2","og_description":"Big Brother Albania 2 - Bjordi u ka propozuar banor\u00c3\u00abve nj\u00c3\u00ab loj\u00c3\u00ab t\u00c3\u00ab re. Ata do t\u00c3\u00ab luanin si tek loja \u00c3\u00a7ift apo tek dhe Bjordi do t\u00c3\u00ab gjente se sa gishta nxirrte secili prej tyre.","og_url":"https:\/\/www.visit-ulcinj.com\/blog\/2009\/03\/14\/bjordi-mezini-tek-apo-cift\/","og_site_name":"Lajme nga Ulqini","article_published_time":"2009-03-14T12:13:16+00:00","og_image":[{"url":"http:\/\/www.visit-ulcinj.com\/blog\/wp-content\/uploads\/2009\/03\/bjordi-me-sy-te-mbyllura-copy.jpg"}],"twitter_misc":{"Written by":"ulqini","Est. reading time":"1 minute"},"schema":{"@context":"https:\/\/schema.org","@graph":[{"@type":"WebSite","@id":"https:\/\/www.visit-ulcinj.com\/blog\/#website","url":"https:\/\/www.visit-ulcinj.com\/blog\/","name":"Lajme nga Ulqini","description":"Lajme,Vijesti,Ulqini,Ulqin,Crna Gora,Mali i Zi","potentialAction":[{"@type":"SearchAction","target":{"@type":"EntryPoint","urlTemplate":"https:\/\/www.visit-ulcinj.com\/blog\/?s={search_term_string}"},"query-input":"required name=search_term_string"}],"inLanguage":"en-US"},{"@type":"ImageObject","inLanguage":"en-US","@id":"https:\/\/www.visit-ulcinj.com\/blog\/2009\/03\/14\/bjordi-mezini-tek-apo-cift\/#primaryimage","url":"http:\/\/www.visit-ulcinj.com\/blog\/wp-content\/uploads\/2009\/03\/bjordi-me-sy-te-mbyllura-copy.jpg","contentUrl":"http:\/\/www.visit-ulcinj.com\/blog\/wp-content\/uploads\/2009\/03\/bjordi-me-sy-te-mbyllura-copy.jpg"},{"@type":"WebPage","@id":"https:\/\/www.visit-ulcinj.com\/blog\/2009\/03\/14\/bjordi-mezini-tek-apo-cift\/#webpage","url":"https:\/\/www.visit-ulcinj.com\/blog\/2009\/03\/14\/bjordi-mezini-tek-apo-cift\/","name":"Bjordi Mezini - Tek apo \u00c3\u00a7ift | Big Brother Albania 2","isPartOf":{"@id":"https:\/\/www.visit-ulcinj.com\/blog\/#website"},"primaryImageOfPage":{"@id":"https:\/\/www.visit-ulcinj.com\/blog\/2009\/03\/14\/bjordi-mezini-tek-apo-cift\/#primaryimage"},"datePublished":"2009-03-14T12:13:16+00:00","dateModified":"2009-03-14T12:13:16+00:00","author":{"@id":"https:\/\/www.visit-ulcinj.com\/blog\/#\/schema\/person\/dcab619c614d3038751c63bc2aadc06d"},"description":"Big Brother Albania 2 - Bjordi u ka propozuar banor\u00c3\u00abve nj\u00c3\u00ab loj\u00c3\u00ab t\u00c3\u00ab re. Ata do t\u00c3\u00ab luanin si tek loja \u00c3\u00a7ift apo tek dhe Bjordi do t\u00c3\u00ab gjente se sa gishta nxirrte secili prej tyre.","breadcrumb":{"@id":"https:\/\/www.visit-ulcinj.com\/blog\/2009\/03\/14\/bjordi-mezini-tek-apo-cift\/#breadcrumb"},"inLanguage":"en-US","potentialAction":[{"@type":"ReadAction","target":["https:\/\/www.visit-ulcinj.com\/blog\/2009\/03\/14\/bjordi-mezini-tek-apo-cift\/"]}]},{"@type":"BreadcrumbList","@id":"https:\/\/www.visit-ulcinj.com\/blog\/2009\/03\/14\/bjordi-mezini-tek-apo-cift\/#breadcrumb","itemListElement":[{"@type":"ListItem","position":1,"name":"Bjordi Mezini &#8211; Tek apo \u00e7ift"}]},{"@type":"Person","@id":"https:\/\/www.visit-ulcinj.com\/blog\/#\/schema\/person\/dcab619c614d3038751c63bc2aadc06d","name":"ulqini","sameAs":["http:\/\/www.visit-ulcinj.com"],"url":"https:\/\/www.visit-ulcinj.com\/blog\/author\/admin\/"}]}},"jetpack_featured_media_url":"","jetpack_sharing_enabled":true,"jetpack_shortlink":"https:\/\/wp.me\/pe6lTn-3FU","_links":{"self":[{"href":"https:\/\/www.visit-ulcinj.com\/blog\/wp-json\/wp\/v2\/posts\/14130"}],"collection":[{"href":"https:\/\/www.visit-ulcinj.com\/blog\/wp-json\/wp\/v2\/posts"}],"about":[{"href":"https:\/\/www.visit-ulcinj.com\/blog\/wp-json\/wp\/v2\/types\/post"}],"author":[{"embeddable":true,"href":"https:\/\/www.visit-ulcinj.com\/blog\/wp-json\/wp\/v2\/users\/1"}],"replies":[{"embeddable":true,"href":"https:\/\/www.visit-ulcinj.com\/blog\/wp-json\/wp\/v2\/comments?post=14130"}],"version-history":[{"count":0,"href":"https:\/\/www.visit-ulcinj.com\/blog\/wp-json\/wp\/v2\/posts\/14130\/revisions"}],"wp:attachment":[{"href":"https:\/\/www.visit-ulcinj.com\/blog\/wp-json\/wp\/v2\/media?parent=14130"}],"wp:term":[{"taxonomy":"category","embeddable":true,"href":"https:\/\/www.visit-ulcinj.com\/blog\/wp-json\/wp\/v2\/categories?post=14130"},{"taxonomy":"post_tag","embeddable":true,"href":"https:\/\/www.visit-ulcinj.com\/blog\/wp-json\/wp\/v2\/tags?post=14130"}],"curies":[{"name":"wp","href":"https:\/\/api.w.org\/{rel}","templated":true}]}}