{"id":14133,"date":"2009-03-14T13:31:34","date_gmt":"2009-03-14T12:31:34","guid":{"rendered":"http:\/\/www.visit-ulcinj.com\/blog\/?p=14133"},"modified":"2009-03-14T13:31:34","modified_gmt":"2009-03-14T12:31:34","slug":"mesida-do-te-me-nominojne-mua","status":"publish","type":"post","link":"https:\/\/www.visit-ulcinj.com\/blog\/2009\/03\/14\/mesida-do-te-me-nominojne-mua\/","title":{"rendered":"Mesida : Do t\u00eb m\u00eb nominojn\u00eb mua"},"content":{"rendered":"<p><em><span class=\"newsdate\"><a href=\"http:\/\/www.visit-ulcinj.com\/blog\/wp-content\/uploads\/2009\/03\/mesida13-copy.jpg\"><img loading=\"lazy\" class=\"alignleft size-full wp-image-14134\" title=\"mesida13big-brother-albania-2\" src=\"http:\/\/www.visit-ulcinj.com\/blog\/wp-content\/uploads\/2009\/03\/mesida13-copy.jpg\" alt=\"mesida13big-brother-albania-2\" width=\"300\" height=\"205\" \/><\/a>13\/03\/09 01:45<\/span><\/em><\/p>\n<p>Mesida ka th\u00ebn\u00eb se k\u00ebsaj rradhe e kishte ajo rradh\u00ebn p\u00ebr t\u00eb dal\u00eb n\u00eb nominim. Kjo jo vet\u00ebm se kishte kaluar mjaft koh\u00eb q\u00eb kur kishte hyr\u00eb, por edhe sepse ishte kapur me disa nga banor\u00ebt brenda sht\u00ebpis\u00eb dhe ata, sipas saj, nuk do ta linin \u201ct\u2019ia hidhte kollaj\u201d. Mesida, sipas rregullave t\u00eb Big Brother nuk mund t\u00eb nominohej vet\u00ebm jav\u00ebn e par\u00eb, sepse ishte e sapoardhur n\u00eb sht\u00ebpi.<\/p>\n","protected":false},"excerpt":{"rendered":"<p>13\/03\/09 01:45 Mesida ka th\u00ebn\u00eb se k\u00ebsaj rradhe e kishte ajo rradh\u00ebn p\u00ebr t\u00eb dal\u00eb n\u00eb nominim. Kjo jo vet\u00ebm se kishte kaluar mjaft koh\u00eb q\u00eb kur kishte hyr\u00eb, por edhe sepse ishte kapur me disa nga banor\u00ebt brenda sht\u00ebpis\u00eb dhe ata, sipas saj, nuk do ta linin \u201ct\u2019ia hidhte kollaj\u201d. Mesida, sipas rregullave t\u00eb [&hellip;]<\/p>\n","protected":false},"author":1,"featured_media":0,"comment_status":"open","ping_status":"closed","sticky":false,"template":"","format":"standard","meta":{"spay_email":"","jetpack_publicize_message":"","jetpack_is_tweetstorm":false,"jetpack_publicize_feature_enabled":true},"categories":[6502],"tags":[6883,6516,6712,7926,7365,7364,7925,6891],"jetpack_publicize_connections":[],"yoast_head":"<!-- This site is optimized with the Yoast SEO plugin v19.1 - https:\/\/yoast.com\/wordpress\/plugins\/seo\/ -->\n<title>Mesida : Do t\u00c3\u00ab m\u00c3\u00ab nominojn\u00c3\u00ab mua | Big Brother Albania 2<\/title>\n<meta name=\"description\" content=\"Big Brother Albania 2 - Mesida ka th\u00c3\u00abn\u00c3\u00ab se k\u00c3\u00absaj rradhe e kishte ajo rradh\u00c3\u00abn p\u00c3\u00abr t\u00c3\u00ab dal\u00c3\u00ab n\u00c3\u00ab nominim.\" \/>\n<meta name=\"robots\" content=\"index, follow, max-snippet:-1, max-image-preview:large, max-video-preview:-1\" \/>\n<link rel=\"canonical\" href=\"https:\/\/www.visit-ulcinj.com\/blog\/2009\/03\/14\/mesida-do-te-me-nominojne-mua\/\" \/>\n<meta property=\"og:locale\" content=\"en_US\" \/>\n<meta property=\"og:type\" content=\"article\" \/>\n<meta property=\"og:title\" content=\"Mesida : Do t\u00c3\u00ab m\u00c3\u00ab nominojn\u00c3\u00ab mua | Big Brother Albania 2\" \/>\n<meta property=\"og:description\" content=\"Big Brother Albania 2 - Mesida ka th\u00c3\u00abn\u00c3\u00ab se k\u00c3\u00absaj rradhe e kishte ajo rradh\u00c3\u00abn p\u00c3\u00abr t\u00c3\u00ab dal\u00c3\u00ab n\u00c3\u00ab nominim.\" \/>\n<meta property=\"og:url\" content=\"https:\/\/www.visit-ulcinj.com\/blog\/2009\/03\/14\/mesida-do-te-me-nominojne-mua\/\" \/>\n<meta property=\"og:site_name\" content=\"Lajme nga Ulqini\" \/>\n<meta property=\"article:published_time\" content=\"2009-03-14T12:31:34+00:00\" \/>\n<meta property=\"og:image\" content=\"http:\/\/www.visit-ulcinj.com\/blog\/wp-content\/uploads\/2009\/03\/mesida13-copy.jpg\" \/>\n<meta name=\"twitter:label1\" content=\"Written by\" \/>\n\t<meta name=\"twitter:data1\" content=\"ulqini\" \/>\n<script type=\"application\/ld+json\" class=\"yoast-schema-graph\">{\"@context\":\"https:\/\/schema.org\",\"@graph\":[{\"@type\":\"WebSite\",\"@id\":\"https:\/\/www.visit-ulcinj.com\/blog\/#website\",\"url\":\"https:\/\/www.visit-ulcinj.com\/blog\/\",\"name\":\"Lajme nga Ulqini\",\"description\":\"Lajme,Vijesti,Ulqini,Ulqin,Crna Gora,Mali i Zi\",\"potentialAction\":[{\"@type\":\"SearchAction\",\"target\":{\"@type\":\"EntryPoint\",\"urlTemplate\":\"https:\/\/www.visit-ulcinj.com\/blog\/?s={search_term_string}\"},\"query-input\":\"required name=search_term_string\"}],\"inLanguage\":\"en-US\"},{\"@type\":\"ImageObject\",\"inLanguage\":\"en-US\",\"@id\":\"https:\/\/www.visit-ulcinj.com\/blog\/2009\/03\/14\/mesida-do-te-me-nominojne-mua\/#primaryimage\",\"url\":\"http:\/\/www.visit-ulcinj.com\/blog\/wp-content\/uploads\/2009\/03\/mesida13-copy.jpg\",\"contentUrl\":\"http:\/\/www.visit-ulcinj.com\/blog\/wp-content\/uploads\/2009\/03\/mesida13-copy.jpg\"},{\"@type\":\"WebPage\",\"@id\":\"https:\/\/www.visit-ulcinj.com\/blog\/2009\/03\/14\/mesida-do-te-me-nominojne-mua\/#webpage\",\"url\":\"https:\/\/www.visit-ulcinj.com\/blog\/2009\/03\/14\/mesida-do-te-me-nominojne-mua\/\",\"name\":\"Mesida : Do t\u00c3\u00ab m\u00c3\u00ab nominojn\u00c3\u00ab mua | Big Brother Albania 2\",\"isPartOf\":{\"@id\":\"https:\/\/www.visit-ulcinj.com\/blog\/#website\"},\"primaryImageOfPage\":{\"@id\":\"https:\/\/www.visit-ulcinj.com\/blog\/2009\/03\/14\/mesida-do-te-me-nominojne-mua\/#primaryimage\"},\"datePublished\":\"2009-03-14T12:31:34+00:00\",\"dateModified\":\"2009-03-14T12:31:34+00:00\",\"author\":{\"@id\":\"https:\/\/www.visit-ulcinj.com\/blog\/#\/schema\/person\/dcab619c614d3038751c63bc2aadc06d\"},\"description\":\"Big Brother Albania 2 - Mesida ka th\u00c3\u00abn\u00c3\u00ab se k\u00c3\u00absaj rradhe e kishte ajo rradh\u00c3\u00abn p\u00c3\u00abr t\u00c3\u00ab dal\u00c3\u00ab n\u00c3\u00ab nominim.\",\"breadcrumb\":{\"@id\":\"https:\/\/www.visit-ulcinj.com\/blog\/2009\/03\/14\/mesida-do-te-me-nominojne-mua\/#breadcrumb\"},\"inLanguage\":\"en-US\",\"potentialAction\":[{\"@type\":\"ReadAction\",\"target\":[\"https:\/\/www.visit-ulcinj.com\/blog\/2009\/03\/14\/mesida-do-te-me-nominojne-mua\/\"]}]},{\"@type\":\"BreadcrumbList\",\"@id\":\"https:\/\/www.visit-ulcinj.com\/blog\/2009\/03\/14\/mesida-do-te-me-nominojne-mua\/#breadcrumb\",\"itemListElement\":[{\"@type\":\"ListItem\",\"position\":1,\"name\":\"Mesida : Do t\u00eb m\u00eb nominojn\u00eb mua\"}]},{\"@type\":\"Person\",\"@id\":\"https:\/\/www.visit-ulcinj.com\/blog\/#\/schema\/person\/dcab619c614d3038751c63bc2aadc06d\",\"name\":\"ulqini\",\"sameAs\":[\"http:\/\/www.visit-ulcinj.com\"],\"url\":\"https:\/\/www.visit-ulcinj.com\/blog\/author\/admin\/\"}]}<\/script>\n<!-- \/ Yoast SEO plugin. -->","yoast_head_json":{"title":"Mesida : Do t\u00c3\u00ab m\u00c3\u00ab nominojn\u00c3\u00ab mua | Big Brother Albania 2","description":"Big Brother Albania 2 - Mesida ka th\u00c3\u00abn\u00c3\u00ab se k\u00c3\u00absaj rradhe e kishte ajo rradh\u00c3\u00abn p\u00c3\u00abr t\u00c3\u00ab dal\u00c3\u00ab n\u00c3\u00ab nominim.","robots":{"index":"index","follow":"follow","max-snippet":"max-snippet:-1","max-image-preview":"max-image-preview:large","max-video-preview":"max-video-preview:-1"},"canonical":"https:\/\/www.visit-ulcinj.com\/blog\/2009\/03\/14\/mesida-do-te-me-nominojne-mua\/","og_locale":"en_US","og_type":"article","og_title":"Mesida : Do t\u00c3\u00ab m\u00c3\u00ab nominojn\u00c3\u00ab mua | Big Brother Albania 2","og_description":"Big Brother Albania 2 - Mesida ka th\u00c3\u00abn\u00c3\u00ab se k\u00c3\u00absaj rradhe e kishte ajo rradh\u00c3\u00abn p\u00c3\u00abr t\u00c3\u00ab dal\u00c3\u00ab n\u00c3\u00ab nominim.","og_url":"https:\/\/www.visit-ulcinj.com\/blog\/2009\/03\/14\/mesida-do-te-me-nominojne-mua\/","og_site_name":"Lajme nga Ulqini","article_published_time":"2009-03-14T12:31:34+00:00","og_image":[{"url":"http:\/\/www.visit-ulcinj.com\/blog\/wp-content\/uploads\/2009\/03\/mesida13-copy.jpg"}],"twitter_misc":{"Written by":"ulqini"},"schema":{"@context":"https:\/\/schema.org","@graph":[{"@type":"WebSite","@id":"https:\/\/www.visit-ulcinj.com\/blog\/#website","url":"https:\/\/www.visit-ulcinj.com\/blog\/","name":"Lajme nga Ulqini","description":"Lajme,Vijesti,Ulqini,Ulqin,Crna Gora,Mali i Zi","potentialAction":[{"@type":"SearchAction","target":{"@type":"EntryPoint","urlTemplate":"https:\/\/www.visit-ulcinj.com\/blog\/?s={search_term_string}"},"query-input":"required name=search_term_string"}],"inLanguage":"en-US"},{"@type":"ImageObject","inLanguage":"en-US","@id":"https:\/\/www.visit-ulcinj.com\/blog\/2009\/03\/14\/mesida-do-te-me-nominojne-mua\/#primaryimage","url":"http:\/\/www.visit-ulcinj.com\/blog\/wp-content\/uploads\/2009\/03\/mesida13-copy.jpg","contentUrl":"http:\/\/www.visit-ulcinj.com\/blog\/wp-content\/uploads\/2009\/03\/mesida13-copy.jpg"},{"@type":"WebPage","@id":"https:\/\/www.visit-ulcinj.com\/blog\/2009\/03\/14\/mesida-do-te-me-nominojne-mua\/#webpage","url":"https:\/\/www.visit-ulcinj.com\/blog\/2009\/03\/14\/mesida-do-te-me-nominojne-mua\/","name":"Mesida : Do t\u00c3\u00ab m\u00c3\u00ab nominojn\u00c3\u00ab mua | Big Brother Albania 2","isPartOf":{"@id":"https:\/\/www.visit-ulcinj.com\/blog\/#website"},"primaryImageOfPage":{"@id":"https:\/\/www.visit-ulcinj.com\/blog\/2009\/03\/14\/mesida-do-te-me-nominojne-mua\/#primaryimage"},"datePublished":"2009-03-14T12:31:34+00:00","dateModified":"2009-03-14T12:31:34+00:00","author":{"@id":"https:\/\/www.visit-ulcinj.com\/blog\/#\/schema\/person\/dcab619c614d3038751c63bc2aadc06d"},"description":"Big Brother Albania 2 - Mesida ka th\u00c3\u00abn\u00c3\u00ab se k\u00c3\u00absaj rradhe e kishte ajo rradh\u00c3\u00abn p\u00c3\u00abr t\u00c3\u00ab dal\u00c3\u00ab n\u00c3\u00ab nominim.","breadcrumb":{"@id":"https:\/\/www.visit-ulcinj.com\/blog\/2009\/03\/14\/mesida-do-te-me-nominojne-mua\/#breadcrumb"},"inLanguage":"en-US","potentialAction":[{"@type":"ReadAction","target":["https:\/\/www.visit-ulcinj.com\/blog\/2009\/03\/14\/mesida-do-te-me-nominojne-mua\/"]}]},{"@type":"BreadcrumbList","@id":"https:\/\/www.visit-ulcinj.com\/blog\/2009\/03\/14\/mesida-do-te-me-nominojne-mua\/#breadcrumb","itemListElement":[{"@type":"ListItem","position":1,"name":"Mesida : Do t\u00eb m\u00eb nominojn\u00eb mua"}]},{"@type":"Person","@id":"https:\/\/www.visit-ulcinj.com\/blog\/#\/schema\/person\/dcab619c614d3038751c63bc2aadc06d","name":"ulqini","sameAs":["http:\/\/www.visit-ulcinj.com"],"url":"https:\/\/www.visit-ulcinj.com\/blog\/author\/admin\/"}]}},"jetpack_featured_media_url":"","jetpack_sharing_enabled":true,"jetpack_shortlink":"https:\/\/wp.me\/pe6lTn-3FX","_links":{"self":[{"href":"https:\/\/www.visit-ulcinj.com\/blog\/wp-json\/wp\/v2\/posts\/14133"}],"collection":[{"href":"https:\/\/www.visit-ulcinj.com\/blog\/wp-json\/wp\/v2\/posts"}],"about":[{"href":"https:\/\/www.visit-ulcinj.com\/blog\/wp-json\/wp\/v2\/types\/post"}],"author":[{"embeddable":true,"href":"https:\/\/www.visit-ulcinj.com\/blog\/wp-json\/wp\/v2\/users\/1"}],"replies":[{"embeddable":true,"href":"https:\/\/www.visit-ulcinj.com\/blog\/wp-json\/wp\/v2\/comments?post=14133"}],"version-history":[{"count":0,"href":"https:\/\/www.visit-ulcinj.com\/blog\/wp-json\/wp\/v2\/posts\/14133\/revisions"}],"wp:attachment":[{"href":"https:\/\/www.visit-ulcinj.com\/blog\/wp-json\/wp\/v2\/media?parent=14133"}],"wp:term":[{"taxonomy":"category","embeddable":true,"href":"https:\/\/www.visit-ulcinj.com\/blog\/wp-json\/wp\/v2\/categories?post=14133"},{"taxonomy":"post_tag","embeddable":true,"href":"https:\/\/www.visit-ulcinj.com\/blog\/wp-json\/wp\/v2\/tags?post=14133"}],"curies":[{"name":"wp","href":"https:\/\/api.w.org\/{rel}","templated":true}]}}