{"id":14137,"date":"2009-03-14T13:35:36","date_gmt":"2009-03-14T12:35:36","guid":{"rendered":"http:\/\/www.visit-ulcinj.com\/blog\/?p=14137"},"modified":"2009-03-14T13:35:36","modified_gmt":"2009-03-14T12:35:36","slug":"mesida-dhe-lirita-arjoni-ka-ndryshuar","status":"publish","type":"post","link":"https:\/\/www.visit-ulcinj.com\/blog\/2009\/03\/14\/mesida-dhe-lirita-arjoni-ka-ndryshuar\/","title":{"rendered":"Mesida dhe Lirita : Arjoni ka ndryshuar"},"content":{"rendered":"<p><em><span class=\"newsdate\"><a href=\"http:\/\/www.visit-ulcinj.com\/blog\/wp-content\/uploads\/2009\/03\/mesidadhe-lirita-copy.jpg\"><img loading=\"lazy\" class=\"alignleft size-full wp-image-14138\" title=\"mesidadhe-lirita-big-brother-albania-2\" src=\"http:\/\/www.visit-ulcinj.com\/blog\/wp-content\/uploads\/2009\/03\/mesidadhe-lirita-copy.jpg\" alt=\"mesidadhe-lirita-big-brother-albania-2\" width=\"300\" height=\"205\" \/><\/a>13\/03\/09 01:45<\/span><\/em><\/p>\n<p>Duke biseduar n\u00eb oborrin e sht\u00ebpis\u00eb, Mesida dhe Lirita kan\u00eb qen\u00eb t\u00eb dyja t\u00eb t\u00eb nj\u00ebjtit mendim, se Arjoni kishte ndryshuar. Ato kan\u00eb cil\u00ebsuar xhentiles\u00ebn e Arjonit, megjith\u00ebse Lirita ka th\u00ebn\u00eb se n\u00eb fillim i dukej paksa mendjemadh, por kur e kishte njohur nga af\u00ebr e kishte kuptuar se ai ishte krejt ndryshe. Sipas tyre, \u00ebsht\u00eb normale q\u00eb Arjonin ta paragjykosh nga pamja e tij e jashtme. T\u00eb dyja vajzat kan\u00eb qen\u00eb t\u00eb mendimit se ai nuk ishte m\u00eb i nj\u00ebjti dhe nuk po e kuptonin pse. Ato shpreh\u00ebn keqardhjen e tyre p\u00ebr k\u00ebt\u00eb gj\u00eb, q\u00eb mund edhe t\u2019i ndikonte, duke e \u00e7uar deri n\u00eb nominim<\/p>\n","protected":false},"excerpt":{"rendered":"<p>13\/03\/09 01:45 Duke biseduar n\u00eb oborrin e sht\u00ebpis\u00eb, Mesida dhe Lirita kan\u00eb qen\u00eb t\u00eb dyja t\u00eb t\u00eb nj\u00ebjtit mendim, se Arjoni kishte ndryshuar. Ato kan\u00eb cil\u00ebsuar xhentiles\u00ebn e Arjonit, megjith\u00ebse Lirita ka th\u00ebn\u00eb se n\u00eb fillim i dukej paksa mendjemadh, por kur e kishte njohur nga af\u00ebr e kishte kuptuar se ai ishte krejt ndryshe. [&hellip;]<\/p>\n","protected":false},"author":1,"featured_media":0,"comment_status":"open","ping_status":"closed","sticky":false,"template":"","format":"standard","meta":{"spay_email":"","jetpack_publicize_message":"","jetpack_is_tweetstorm":false,"jetpack_publicize_feature_enabled":true},"categories":[6502],"tags":[6525,7927,6883,6516,6712,6542,7364,6891,6536],"jetpack_publicize_connections":[],"yoast_head":"<!-- This site is optimized with the Yoast SEO plugin v19.1 - https:\/\/yoast.com\/wordpress\/plugins\/seo\/ -->\n<title>Mesida dhe Lirita : Arjoni ka ndryshuar | Big Brother Albania 2<\/title>\n<meta name=\"description\" content=\"Big Brother Albania 2 - Duke biseduar n\u00c3\u00ab oborrin e sht\u00c3\u00abpis\u00c3\u00ab, Mesida dhe Lirita kan\u00c3\u00ab qen\u00c3\u00ab t\u00c3\u00ab dyja t\u00c3\u00ab t\u00c3\u00ab nj\u00c3\u00abjtit mendim\" \/>\n<meta name=\"robots\" content=\"index, follow, max-snippet:-1, max-image-preview:large, max-video-preview:-1\" \/>\n<link rel=\"canonical\" href=\"https:\/\/www.visit-ulcinj.com\/blog\/2009\/03\/14\/mesida-dhe-lirita-arjoni-ka-ndryshuar\/\" \/>\n<meta property=\"og:locale\" content=\"en_US\" \/>\n<meta property=\"og:type\" content=\"article\" \/>\n<meta property=\"og:title\" content=\"Mesida dhe Lirita : Arjoni ka ndryshuar | Big Brother Albania 2\" \/>\n<meta property=\"og:description\" content=\"Big Brother Albania 2 - Duke biseduar n\u00c3\u00ab oborrin e sht\u00c3\u00abpis\u00c3\u00ab, Mesida dhe Lirita kan\u00c3\u00ab qen\u00c3\u00ab t\u00c3\u00ab dyja t\u00c3\u00ab t\u00c3\u00ab nj\u00c3\u00abjtit mendim\" \/>\n<meta property=\"og:url\" content=\"https:\/\/www.visit-ulcinj.com\/blog\/2009\/03\/14\/mesida-dhe-lirita-arjoni-ka-ndryshuar\/\" \/>\n<meta property=\"og:site_name\" content=\"Lajme nga Ulqini\" \/>\n<meta property=\"article:published_time\" content=\"2009-03-14T12:35:36+00:00\" \/>\n<meta property=\"og:image\" content=\"http:\/\/www.visit-ulcinj.com\/blog\/wp-content\/uploads\/2009\/03\/mesidadhe-lirita-copy.jpg\" \/>\n<meta name=\"twitter:label1\" content=\"Written by\" \/>\n\t<meta name=\"twitter:data1\" content=\"ulqini\" \/>\n\t<meta name=\"twitter:label2\" content=\"Est. reading time\" \/>\n\t<meta name=\"twitter:data2\" content=\"1 minute\" \/>\n<script type=\"application\/ld+json\" class=\"yoast-schema-graph\">{\"@context\":\"https:\/\/schema.org\",\"@graph\":[{\"@type\":\"WebSite\",\"@id\":\"https:\/\/www.visit-ulcinj.com\/blog\/#website\",\"url\":\"https:\/\/www.visit-ulcinj.com\/blog\/\",\"name\":\"Lajme nga Ulqini\",\"description\":\"Lajme,Vijesti,Ulqini,Ulqin,Crna Gora,Mali i Zi\",\"potentialAction\":[{\"@type\":\"SearchAction\",\"target\":{\"@type\":\"EntryPoint\",\"urlTemplate\":\"https:\/\/www.visit-ulcinj.com\/blog\/?s={search_term_string}\"},\"query-input\":\"required name=search_term_string\"}],\"inLanguage\":\"en-US\"},{\"@type\":\"ImageObject\",\"inLanguage\":\"en-US\",\"@id\":\"https:\/\/www.visit-ulcinj.com\/blog\/2009\/03\/14\/mesida-dhe-lirita-arjoni-ka-ndryshuar\/#primaryimage\",\"url\":\"http:\/\/www.visit-ulcinj.com\/blog\/wp-content\/uploads\/2009\/03\/mesidadhe-lirita-copy.jpg\",\"contentUrl\":\"http:\/\/www.visit-ulcinj.com\/blog\/wp-content\/uploads\/2009\/03\/mesidadhe-lirita-copy.jpg\"},{\"@type\":\"WebPage\",\"@id\":\"https:\/\/www.visit-ulcinj.com\/blog\/2009\/03\/14\/mesida-dhe-lirita-arjoni-ka-ndryshuar\/#webpage\",\"url\":\"https:\/\/www.visit-ulcinj.com\/blog\/2009\/03\/14\/mesida-dhe-lirita-arjoni-ka-ndryshuar\/\",\"name\":\"Mesida dhe Lirita : Arjoni ka ndryshuar | Big Brother Albania 2\",\"isPartOf\":{\"@id\":\"https:\/\/www.visit-ulcinj.com\/blog\/#website\"},\"primaryImageOfPage\":{\"@id\":\"https:\/\/www.visit-ulcinj.com\/blog\/2009\/03\/14\/mesida-dhe-lirita-arjoni-ka-ndryshuar\/#primaryimage\"},\"datePublished\":\"2009-03-14T12:35:36+00:00\",\"dateModified\":\"2009-03-14T12:35:36+00:00\",\"author\":{\"@id\":\"https:\/\/www.visit-ulcinj.com\/blog\/#\/schema\/person\/dcab619c614d3038751c63bc2aadc06d\"},\"description\":\"Big Brother Albania 2 - Duke biseduar n\u00c3\u00ab oborrin e sht\u00c3\u00abpis\u00c3\u00ab, Mesida dhe Lirita kan\u00c3\u00ab qen\u00c3\u00ab t\u00c3\u00ab dyja t\u00c3\u00ab t\u00c3\u00ab nj\u00c3\u00abjtit mendim\",\"breadcrumb\":{\"@id\":\"https:\/\/www.visit-ulcinj.com\/blog\/2009\/03\/14\/mesida-dhe-lirita-arjoni-ka-ndryshuar\/#breadcrumb\"},\"inLanguage\":\"en-US\",\"potentialAction\":[{\"@type\":\"ReadAction\",\"target\":[\"https:\/\/www.visit-ulcinj.com\/blog\/2009\/03\/14\/mesida-dhe-lirita-arjoni-ka-ndryshuar\/\"]}]},{\"@type\":\"BreadcrumbList\",\"@id\":\"https:\/\/www.visit-ulcinj.com\/blog\/2009\/03\/14\/mesida-dhe-lirita-arjoni-ka-ndryshuar\/#breadcrumb\",\"itemListElement\":[{\"@type\":\"ListItem\",\"position\":1,\"name\":\"Mesida dhe Lirita : Arjoni ka ndryshuar\"}]},{\"@type\":\"Person\",\"@id\":\"https:\/\/www.visit-ulcinj.com\/blog\/#\/schema\/person\/dcab619c614d3038751c63bc2aadc06d\",\"name\":\"ulqini\",\"sameAs\":[\"http:\/\/www.visit-ulcinj.com\"],\"url\":\"https:\/\/www.visit-ulcinj.com\/blog\/author\/admin\/\"}]}<\/script>\n<!-- \/ Yoast SEO plugin. -->","yoast_head_json":{"title":"Mesida dhe Lirita : Arjoni ka ndryshuar | Big Brother Albania 2","description":"Big Brother Albania 2 - Duke biseduar n\u00c3\u00ab oborrin e sht\u00c3\u00abpis\u00c3\u00ab, Mesida dhe Lirita kan\u00c3\u00ab qen\u00c3\u00ab t\u00c3\u00ab dyja t\u00c3\u00ab t\u00c3\u00ab nj\u00c3\u00abjtit mendim","robots":{"index":"index","follow":"follow","max-snippet":"max-snippet:-1","max-image-preview":"max-image-preview:large","max-video-preview":"max-video-preview:-1"},"canonical":"https:\/\/www.visit-ulcinj.com\/blog\/2009\/03\/14\/mesida-dhe-lirita-arjoni-ka-ndryshuar\/","og_locale":"en_US","og_type":"article","og_title":"Mesida dhe Lirita : Arjoni ka ndryshuar | Big Brother Albania 2","og_description":"Big Brother Albania 2 - Duke biseduar n\u00c3\u00ab oborrin e sht\u00c3\u00abpis\u00c3\u00ab, Mesida dhe Lirita kan\u00c3\u00ab qen\u00c3\u00ab t\u00c3\u00ab dyja t\u00c3\u00ab t\u00c3\u00ab nj\u00c3\u00abjtit mendim","og_url":"https:\/\/www.visit-ulcinj.com\/blog\/2009\/03\/14\/mesida-dhe-lirita-arjoni-ka-ndryshuar\/","og_site_name":"Lajme nga Ulqini","article_published_time":"2009-03-14T12:35:36+00:00","og_image":[{"url":"http:\/\/www.visit-ulcinj.com\/blog\/wp-content\/uploads\/2009\/03\/mesidadhe-lirita-copy.jpg"}],"twitter_misc":{"Written by":"ulqini","Est. reading time":"1 minute"},"schema":{"@context":"https:\/\/schema.org","@graph":[{"@type":"WebSite","@id":"https:\/\/www.visit-ulcinj.com\/blog\/#website","url":"https:\/\/www.visit-ulcinj.com\/blog\/","name":"Lajme nga Ulqini","description":"Lajme,Vijesti,Ulqini,Ulqin,Crna Gora,Mali i Zi","potentialAction":[{"@type":"SearchAction","target":{"@type":"EntryPoint","urlTemplate":"https:\/\/www.visit-ulcinj.com\/blog\/?s={search_term_string}"},"query-input":"required name=search_term_string"}],"inLanguage":"en-US"},{"@type":"ImageObject","inLanguage":"en-US","@id":"https:\/\/www.visit-ulcinj.com\/blog\/2009\/03\/14\/mesida-dhe-lirita-arjoni-ka-ndryshuar\/#primaryimage","url":"http:\/\/www.visit-ulcinj.com\/blog\/wp-content\/uploads\/2009\/03\/mesidadhe-lirita-copy.jpg","contentUrl":"http:\/\/www.visit-ulcinj.com\/blog\/wp-content\/uploads\/2009\/03\/mesidadhe-lirita-copy.jpg"},{"@type":"WebPage","@id":"https:\/\/www.visit-ulcinj.com\/blog\/2009\/03\/14\/mesida-dhe-lirita-arjoni-ka-ndryshuar\/#webpage","url":"https:\/\/www.visit-ulcinj.com\/blog\/2009\/03\/14\/mesida-dhe-lirita-arjoni-ka-ndryshuar\/","name":"Mesida dhe Lirita : Arjoni ka ndryshuar | Big Brother Albania 2","isPartOf":{"@id":"https:\/\/www.visit-ulcinj.com\/blog\/#website"},"primaryImageOfPage":{"@id":"https:\/\/www.visit-ulcinj.com\/blog\/2009\/03\/14\/mesida-dhe-lirita-arjoni-ka-ndryshuar\/#primaryimage"},"datePublished":"2009-03-14T12:35:36+00:00","dateModified":"2009-03-14T12:35:36+00:00","author":{"@id":"https:\/\/www.visit-ulcinj.com\/blog\/#\/schema\/person\/dcab619c614d3038751c63bc2aadc06d"},"description":"Big Brother Albania 2 - Duke biseduar n\u00c3\u00ab oborrin e sht\u00c3\u00abpis\u00c3\u00ab, Mesida dhe Lirita kan\u00c3\u00ab qen\u00c3\u00ab t\u00c3\u00ab dyja t\u00c3\u00ab t\u00c3\u00ab nj\u00c3\u00abjtit mendim","breadcrumb":{"@id":"https:\/\/www.visit-ulcinj.com\/blog\/2009\/03\/14\/mesida-dhe-lirita-arjoni-ka-ndryshuar\/#breadcrumb"},"inLanguage":"en-US","potentialAction":[{"@type":"ReadAction","target":["https:\/\/www.visit-ulcinj.com\/blog\/2009\/03\/14\/mesida-dhe-lirita-arjoni-ka-ndryshuar\/"]}]},{"@type":"BreadcrumbList","@id":"https:\/\/www.visit-ulcinj.com\/blog\/2009\/03\/14\/mesida-dhe-lirita-arjoni-ka-ndryshuar\/#breadcrumb","itemListElement":[{"@type":"ListItem","position":1,"name":"Mesida dhe Lirita : Arjoni ka ndryshuar"}]},{"@type":"Person","@id":"https:\/\/www.visit-ulcinj.com\/blog\/#\/schema\/person\/dcab619c614d3038751c63bc2aadc06d","name":"ulqini","sameAs":["http:\/\/www.visit-ulcinj.com"],"url":"https:\/\/www.visit-ulcinj.com\/blog\/author\/admin\/"}]}},"jetpack_featured_media_url":"","jetpack_sharing_enabled":true,"jetpack_shortlink":"https:\/\/wp.me\/pe6lTn-3G1","_links":{"self":[{"href":"https:\/\/www.visit-ulcinj.com\/blog\/wp-json\/wp\/v2\/posts\/14137"}],"collection":[{"href":"https:\/\/www.visit-ulcinj.com\/blog\/wp-json\/wp\/v2\/posts"}],"about":[{"href":"https:\/\/www.visit-ulcinj.com\/blog\/wp-json\/wp\/v2\/types\/post"}],"author":[{"embeddable":true,"href":"https:\/\/www.visit-ulcinj.com\/blog\/wp-json\/wp\/v2\/users\/1"}],"replies":[{"embeddable":true,"href":"https:\/\/www.visit-ulcinj.com\/blog\/wp-json\/wp\/v2\/comments?post=14137"}],"version-history":[{"count":0,"href":"https:\/\/www.visit-ulcinj.com\/blog\/wp-json\/wp\/v2\/posts\/14137\/revisions"}],"wp:attachment":[{"href":"https:\/\/www.visit-ulcinj.com\/blog\/wp-json\/wp\/v2\/media?parent=14137"}],"wp:term":[{"taxonomy":"category","embeddable":true,"href":"https:\/\/www.visit-ulcinj.com\/blog\/wp-json\/wp\/v2\/categories?post=14137"},{"taxonomy":"post_tag","embeddable":true,"href":"https:\/\/www.visit-ulcinj.com\/blog\/wp-json\/wp\/v2\/tags?post=14137"}],"curies":[{"name":"wp","href":"https:\/\/api.w.org\/{rel}","templated":true}]}}