{"id":14147,"date":"2009-03-14T13:42:45","date_gmt":"2009-03-14T12:42:45","guid":{"rendered":"http:\/\/www.visit-ulcinj.com\/blog\/?p=14147"},"modified":"2009-03-14T13:42:45","modified_gmt":"2009-03-14T12:42:45","slug":"adelajda-me-mesiden-lufte-me-shapka","status":"publish","type":"post","link":"https:\/\/www.visit-ulcinj.com\/blog\/2009\/03\/14\/adelajda-me-mesiden-lufte-me-shapka\/","title":{"rendered":"Adelajda m\u00eb Mesid\u00ebn : Luft\u00eb me shapka"},"content":{"rendered":"<p><em><span class=\"newsdate\"><a href=\"http:\/\/www.visit-ulcinj.com\/blog\/wp-content\/uploads\/2009\/03\/bikalirita-3-copy.jpg\"><img loading=\"lazy\" class=\"alignleft size-full wp-image-14148\" title=\"bikalirita-3-big-brother-albania-2\" src=\"http:\/\/www.visit-ulcinj.com\/blog\/wp-content\/uploads\/2009\/03\/bikalirita-3-copy.jpg\" alt=\"bikalirita-3-big-brother-albania-2\" width=\"300\" height=\"205\" \/><\/a>13\/03\/09 02:45<\/span><\/em><\/p>\n<p>Adelajda dhe Mesida jan\u00eb \u00e7uar nga krevati, p\u00ebr t\u00eb ngr\u00ebn\u00eb. Republika ka dashur t\u00eb b\u00ebj\u00eb t\u00eb nj\u00ebjt\u00ebn gj\u00eb, por vajzat e tjera nuk e kan\u00eb l\u00ebn\u00eb sepse ajo duhet t\u2019i q\u00ebndronte diet\u00ebs q\u00eb kishte filluar. Republika ka th\u00ebn\u00eb se sot nuk kishte ngr\u00ebn\u00eb asgj\u00eb. \u201cTi s\u2019ke l\u00ebn\u00eb gj\u00eb pa ngr\u00ebn\u00eb!\u201d \u2013ia ka kthyer Aida. Pas k\u00ebsaj ka nisur nj\u00eb luft\u00eb e v\u00ebrtet\u00eb me shapka mes Republik\u00ebs dhe Lirit\u00ebs, gj\u00eb q\u00eb i ka b\u00ebr\u00eb t\u00eb gjitha vajzat, p\u00ebrfshir\u00eb edhe \u201cluft\u00ebtaret\u201d, t\u00eb qeshin me t\u00eb madhe. \u201cPo un\u00eb t\u00eb dija t\u00eb shkath\u00ebt, &#8211; i ka th\u00ebn\u00eb Republika Lirit\u00ebs, &#8211; ti na qenke cop\u00eb-cop\u00eb!\u201d.<\/p>\n","protected":false},"excerpt":{"rendered":"<p>13\/03\/09 02:45 Adelajda dhe Mesida jan\u00eb \u00e7uar nga krevati, p\u00ebr t\u00eb ngr\u00ebn\u00eb. Republika ka dashur t\u00eb b\u00ebj\u00eb t\u00eb nj\u00ebjt\u00ebn gj\u00eb, por vajzat e tjera nuk e kan\u00eb l\u00ebn\u00eb sepse ajo duhet t\u2019i q\u00ebndronte diet\u00ebs q\u00eb kishte filluar. Republika ka th\u00ebn\u00eb se sot nuk kishte ngr\u00ebn\u00eb asgj\u00eb. \u201cTi s\u2019ke l\u00ebn\u00eb gj\u00eb pa ngr\u00ebn\u00eb!\u201d \u2013ia ka kthyer [&hellip;]<\/p>\n","protected":false},"author":1,"featured_media":0,"comment_status":"open","ping_status":"closed","sticky":false,"template":"","format":"standard","meta":{"spay_email":"","jetpack_publicize_message":"","jetpack_is_tweetstorm":false,"jetpack_publicize_feature_enabled":true},"categories":[6502],"tags":[6529,6537,6883,6516,6712,7364,262,6891],"jetpack_publicize_connections":[],"yoast_head":"<!-- This site is optimized with the Yoast SEO plugin v19.1 - https:\/\/yoast.com\/wordpress\/plugins\/seo\/ -->\n<title>Adelajda m\u00c3\u00ab Mesid\u00c3\u00abn : Luft\u00c3\u00ab me shapka | Big Brother Albania 2<\/title>\n<meta name=\"description\" content=\"Big Brother Albania 2 - Adelajda dhe Mesida jan\u00c3\u00ab \u00c3\u00a7uar nga krevati, p\u00c3\u00abr t\u00c3\u00ab ngr\u00c3\u00abn\u00c3\u00ab. Republika ka dashur t\u00c3\u00ab b\u00c3\u00abj\u00c3\u00ab t\u00c3\u00ab nj\u00c3\u00abjt\u00c3\u00abn gj\" \/>\n<meta name=\"robots\" content=\"index, follow, max-snippet:-1, max-image-preview:large, max-video-preview:-1\" \/>\n<link rel=\"canonical\" href=\"https:\/\/www.visit-ulcinj.com\/blog\/2009\/03\/14\/adelajda-me-mesiden-lufte-me-shapka\/\" \/>\n<meta property=\"og:locale\" content=\"en_US\" \/>\n<meta property=\"og:type\" content=\"article\" \/>\n<meta property=\"og:title\" content=\"Adelajda m\u00c3\u00ab Mesid\u00c3\u00abn : Luft\u00c3\u00ab me shapka | Big Brother Albania 2\" \/>\n<meta property=\"og:description\" content=\"Big Brother Albania 2 - Adelajda dhe Mesida jan\u00c3\u00ab \u00c3\u00a7uar nga krevati, p\u00c3\u00abr t\u00c3\u00ab ngr\u00c3\u00abn\u00c3\u00ab. Republika ka dashur t\u00c3\u00ab b\u00c3\u00abj\u00c3\u00ab t\u00c3\u00ab nj\u00c3\u00abjt\u00c3\u00abn gj\" \/>\n<meta property=\"og:url\" content=\"https:\/\/www.visit-ulcinj.com\/blog\/2009\/03\/14\/adelajda-me-mesiden-lufte-me-shapka\/\" \/>\n<meta property=\"og:site_name\" content=\"Lajme nga Ulqini\" \/>\n<meta property=\"article:published_time\" content=\"2009-03-14T12:42:45+00:00\" \/>\n<meta property=\"og:image\" content=\"http:\/\/www.visit-ulcinj.com\/blog\/wp-content\/uploads\/2009\/03\/bikalirita-3-copy.jpg\" \/>\n<meta name=\"twitter:label1\" content=\"Written by\" \/>\n\t<meta name=\"twitter:data1\" content=\"ulqini\" \/>\n\t<meta name=\"twitter:label2\" content=\"Est. reading time\" \/>\n\t<meta name=\"twitter:data2\" content=\"1 minute\" \/>\n<script type=\"application\/ld+json\" class=\"yoast-schema-graph\">{\"@context\":\"https:\/\/schema.org\",\"@graph\":[{\"@type\":\"WebSite\",\"@id\":\"https:\/\/www.visit-ulcinj.com\/blog\/#website\",\"url\":\"https:\/\/www.visit-ulcinj.com\/blog\/\",\"name\":\"Lajme nga Ulqini\",\"description\":\"Lajme,Vijesti,Ulqini,Ulqin,Crna Gora,Mali i Zi\",\"potentialAction\":[{\"@type\":\"SearchAction\",\"target\":{\"@type\":\"EntryPoint\",\"urlTemplate\":\"https:\/\/www.visit-ulcinj.com\/blog\/?s={search_term_string}\"},\"query-input\":\"required name=search_term_string\"}],\"inLanguage\":\"en-US\"},{\"@type\":\"ImageObject\",\"inLanguage\":\"en-US\",\"@id\":\"https:\/\/www.visit-ulcinj.com\/blog\/2009\/03\/14\/adelajda-me-mesiden-lufte-me-shapka\/#primaryimage\",\"url\":\"http:\/\/www.visit-ulcinj.com\/blog\/wp-content\/uploads\/2009\/03\/bikalirita-3-copy.jpg\",\"contentUrl\":\"http:\/\/www.visit-ulcinj.com\/blog\/wp-content\/uploads\/2009\/03\/bikalirita-3-copy.jpg\"},{\"@type\":\"WebPage\",\"@id\":\"https:\/\/www.visit-ulcinj.com\/blog\/2009\/03\/14\/adelajda-me-mesiden-lufte-me-shapka\/#webpage\",\"url\":\"https:\/\/www.visit-ulcinj.com\/blog\/2009\/03\/14\/adelajda-me-mesiden-lufte-me-shapka\/\",\"name\":\"Adelajda m\u00c3\u00ab Mesid\u00c3\u00abn : Luft\u00c3\u00ab me shapka | Big Brother Albania 2\",\"isPartOf\":{\"@id\":\"https:\/\/www.visit-ulcinj.com\/blog\/#website\"},\"primaryImageOfPage\":{\"@id\":\"https:\/\/www.visit-ulcinj.com\/blog\/2009\/03\/14\/adelajda-me-mesiden-lufte-me-shapka\/#primaryimage\"},\"datePublished\":\"2009-03-14T12:42:45+00:00\",\"dateModified\":\"2009-03-14T12:42:45+00:00\",\"author\":{\"@id\":\"https:\/\/www.visit-ulcinj.com\/blog\/#\/schema\/person\/dcab619c614d3038751c63bc2aadc06d\"},\"description\":\"Big Brother Albania 2 - Adelajda dhe Mesida jan\u00c3\u00ab \u00c3\u00a7uar nga krevati, p\u00c3\u00abr t\u00c3\u00ab ngr\u00c3\u00abn\u00c3\u00ab. Republika ka dashur t\u00c3\u00ab b\u00c3\u00abj\u00c3\u00ab t\u00c3\u00ab nj\u00c3\u00abjt\u00c3\u00abn gj\",\"breadcrumb\":{\"@id\":\"https:\/\/www.visit-ulcinj.com\/blog\/2009\/03\/14\/adelajda-me-mesiden-lufte-me-shapka\/#breadcrumb\"},\"inLanguage\":\"en-US\",\"potentialAction\":[{\"@type\":\"ReadAction\",\"target\":[\"https:\/\/www.visit-ulcinj.com\/blog\/2009\/03\/14\/adelajda-me-mesiden-lufte-me-shapka\/\"]}]},{\"@type\":\"BreadcrumbList\",\"@id\":\"https:\/\/www.visit-ulcinj.com\/blog\/2009\/03\/14\/adelajda-me-mesiden-lufte-me-shapka\/#breadcrumb\",\"itemListElement\":[{\"@type\":\"ListItem\",\"position\":1,\"name\":\"Adelajda m\u00eb Mesid\u00ebn : Luft\u00eb me shapka\"}]},{\"@type\":\"Person\",\"@id\":\"https:\/\/www.visit-ulcinj.com\/blog\/#\/schema\/person\/dcab619c614d3038751c63bc2aadc06d\",\"name\":\"ulqini\",\"sameAs\":[\"http:\/\/www.visit-ulcinj.com\"],\"url\":\"https:\/\/www.visit-ulcinj.com\/blog\/author\/admin\/\"}]}<\/script>\n<!-- \/ Yoast SEO plugin. -->","yoast_head_json":{"title":"Adelajda m\u00c3\u00ab Mesid\u00c3\u00abn : Luft\u00c3\u00ab me shapka | Big Brother Albania 2","description":"Big Brother Albania 2 - Adelajda dhe Mesida jan\u00c3\u00ab \u00c3\u00a7uar nga krevati, p\u00c3\u00abr t\u00c3\u00ab ngr\u00c3\u00abn\u00c3\u00ab. Republika ka dashur t\u00c3\u00ab b\u00c3\u00abj\u00c3\u00ab t\u00c3\u00ab nj\u00c3\u00abjt\u00c3\u00abn gj","robots":{"index":"index","follow":"follow","max-snippet":"max-snippet:-1","max-image-preview":"max-image-preview:large","max-video-preview":"max-video-preview:-1"},"canonical":"https:\/\/www.visit-ulcinj.com\/blog\/2009\/03\/14\/adelajda-me-mesiden-lufte-me-shapka\/","og_locale":"en_US","og_type":"article","og_title":"Adelajda m\u00c3\u00ab Mesid\u00c3\u00abn : Luft\u00c3\u00ab me shapka | Big Brother Albania 2","og_description":"Big Brother Albania 2 - Adelajda dhe Mesida jan\u00c3\u00ab \u00c3\u00a7uar nga krevati, p\u00c3\u00abr t\u00c3\u00ab ngr\u00c3\u00abn\u00c3\u00ab. Republika ka dashur t\u00c3\u00ab b\u00c3\u00abj\u00c3\u00ab t\u00c3\u00ab nj\u00c3\u00abjt\u00c3\u00abn gj","og_url":"https:\/\/www.visit-ulcinj.com\/blog\/2009\/03\/14\/adelajda-me-mesiden-lufte-me-shapka\/","og_site_name":"Lajme nga Ulqini","article_published_time":"2009-03-14T12:42:45+00:00","og_image":[{"url":"http:\/\/www.visit-ulcinj.com\/blog\/wp-content\/uploads\/2009\/03\/bikalirita-3-copy.jpg"}],"twitter_misc":{"Written by":"ulqini","Est. reading time":"1 minute"},"schema":{"@context":"https:\/\/schema.org","@graph":[{"@type":"WebSite","@id":"https:\/\/www.visit-ulcinj.com\/blog\/#website","url":"https:\/\/www.visit-ulcinj.com\/blog\/","name":"Lajme nga Ulqini","description":"Lajme,Vijesti,Ulqini,Ulqin,Crna Gora,Mali i Zi","potentialAction":[{"@type":"SearchAction","target":{"@type":"EntryPoint","urlTemplate":"https:\/\/www.visit-ulcinj.com\/blog\/?s={search_term_string}"},"query-input":"required name=search_term_string"}],"inLanguage":"en-US"},{"@type":"ImageObject","inLanguage":"en-US","@id":"https:\/\/www.visit-ulcinj.com\/blog\/2009\/03\/14\/adelajda-me-mesiden-lufte-me-shapka\/#primaryimage","url":"http:\/\/www.visit-ulcinj.com\/blog\/wp-content\/uploads\/2009\/03\/bikalirita-3-copy.jpg","contentUrl":"http:\/\/www.visit-ulcinj.com\/blog\/wp-content\/uploads\/2009\/03\/bikalirita-3-copy.jpg"},{"@type":"WebPage","@id":"https:\/\/www.visit-ulcinj.com\/blog\/2009\/03\/14\/adelajda-me-mesiden-lufte-me-shapka\/#webpage","url":"https:\/\/www.visit-ulcinj.com\/blog\/2009\/03\/14\/adelajda-me-mesiden-lufte-me-shapka\/","name":"Adelajda m\u00c3\u00ab Mesid\u00c3\u00abn : Luft\u00c3\u00ab me shapka | Big Brother Albania 2","isPartOf":{"@id":"https:\/\/www.visit-ulcinj.com\/blog\/#website"},"primaryImageOfPage":{"@id":"https:\/\/www.visit-ulcinj.com\/blog\/2009\/03\/14\/adelajda-me-mesiden-lufte-me-shapka\/#primaryimage"},"datePublished":"2009-03-14T12:42:45+00:00","dateModified":"2009-03-14T12:42:45+00:00","author":{"@id":"https:\/\/www.visit-ulcinj.com\/blog\/#\/schema\/person\/dcab619c614d3038751c63bc2aadc06d"},"description":"Big Brother Albania 2 - Adelajda dhe Mesida jan\u00c3\u00ab \u00c3\u00a7uar nga krevati, p\u00c3\u00abr t\u00c3\u00ab ngr\u00c3\u00abn\u00c3\u00ab. Republika ka dashur t\u00c3\u00ab b\u00c3\u00abj\u00c3\u00ab t\u00c3\u00ab nj\u00c3\u00abjt\u00c3\u00abn gj","breadcrumb":{"@id":"https:\/\/www.visit-ulcinj.com\/blog\/2009\/03\/14\/adelajda-me-mesiden-lufte-me-shapka\/#breadcrumb"},"inLanguage":"en-US","potentialAction":[{"@type":"ReadAction","target":["https:\/\/www.visit-ulcinj.com\/blog\/2009\/03\/14\/adelajda-me-mesiden-lufte-me-shapka\/"]}]},{"@type":"BreadcrumbList","@id":"https:\/\/www.visit-ulcinj.com\/blog\/2009\/03\/14\/adelajda-me-mesiden-lufte-me-shapka\/#breadcrumb","itemListElement":[{"@type":"ListItem","position":1,"name":"Adelajda m\u00eb Mesid\u00ebn : Luft\u00eb me shapka"}]},{"@type":"Person","@id":"https:\/\/www.visit-ulcinj.com\/blog\/#\/schema\/person\/dcab619c614d3038751c63bc2aadc06d","name":"ulqini","sameAs":["http:\/\/www.visit-ulcinj.com"],"url":"https:\/\/www.visit-ulcinj.com\/blog\/author\/admin\/"}]}},"jetpack_featured_media_url":"","jetpack_sharing_enabled":true,"jetpack_shortlink":"https:\/\/wp.me\/pe6lTn-3Gb","_links":{"self":[{"href":"https:\/\/www.visit-ulcinj.com\/blog\/wp-json\/wp\/v2\/posts\/14147"}],"collection":[{"href":"https:\/\/www.visit-ulcinj.com\/blog\/wp-json\/wp\/v2\/posts"}],"about":[{"href":"https:\/\/www.visit-ulcinj.com\/blog\/wp-json\/wp\/v2\/types\/post"}],"author":[{"embeddable":true,"href":"https:\/\/www.visit-ulcinj.com\/blog\/wp-json\/wp\/v2\/users\/1"}],"replies":[{"embeddable":true,"href":"https:\/\/www.visit-ulcinj.com\/blog\/wp-json\/wp\/v2\/comments?post=14147"}],"version-history":[{"count":0,"href":"https:\/\/www.visit-ulcinj.com\/blog\/wp-json\/wp\/v2\/posts\/14147\/revisions"}],"wp:attachment":[{"href":"https:\/\/www.visit-ulcinj.com\/blog\/wp-json\/wp\/v2\/media?parent=14147"}],"wp:term":[{"taxonomy":"category","embeddable":true,"href":"https:\/\/www.visit-ulcinj.com\/blog\/wp-json\/wp\/v2\/categories?post=14147"},{"taxonomy":"post_tag","embeddable":true,"href":"https:\/\/www.visit-ulcinj.com\/blog\/wp-json\/wp\/v2\/tags?post=14147"}],"curies":[{"name":"wp","href":"https:\/\/api.w.org\/{rel}","templated":true}]}}