{"id":14151,"date":"2009-03-14T13:47:19","date_gmt":"2009-03-14T12:47:19","guid":{"rendered":"http:\/\/www.visit-ulcinj.com\/blog\/?p=14151"},"modified":"2009-03-14T13:47:19","modified_gmt":"2009-03-14T12:47:19","slug":"bjordi-na-cuditi","status":"publish","type":"post","link":"https:\/\/www.visit-ulcinj.com\/blog\/2009\/03\/14\/bjordi-na-cuditi\/","title":{"rendered":"Bjordi na cuditi"},"content":{"rendered":"<p><em><span class=\"newsdate\"><a href=\"http:\/\/www.visit-ulcinj.com\/blog\/wp-content\/uploads\/2009\/03\/per-bjordin.jpg\"><img loading=\"lazy\" class=\"alignleft size-full wp-image-14152\" title=\"per-bjordin-big-brother-albania-2\" src=\"http:\/\/www.visit-ulcinj.com\/blog\/wp-content\/uploads\/2009\/03\/per-bjordin.jpg\" alt=\"per-bjordin-big-brother-albania-2\" width=\"300\" height=\"205\" \/><\/a>13\/03\/09 11:48<\/span><\/em><\/p>\n<p>Adelajda, Aida dhe Dritani i tregojn\u00eb Republik\u00ebs p\u00ebr ngjarjen e mbr\u00ebmshme me Bjordin. Ata nj\u00ebz\u00ebri i tregojn\u00eb se Bjordi i kishte habitur fare mbr\u00ebm\u00eb. Bika, duke mos e kuptuar se cfar\u00eb po thoshin, i k\u00ebrkon q\u00eb t\u2019ia tregojn\u00eb q\u00eb nga fillimi historin\u00eb. Adelajda nis me t\u2019ia treguar por edhe Dritani me Aid\u00ebn nd\u00ebrhyjn\u00eb q\u00eb t\u00eb mos l\u00ebn\u00eb asnj\u00eb moment pa i th\u00ebn\u00eb. Ata i treguan se Bjordi arriti t\u2019i gjente t\u00eb gjitha kombinimet q\u00eb b\u00ebnte Dritani me Adin. Aida i thot\u00eb se ai nuk gjeti vet\u00ebm nj\u00eb kombinim pasi edhe djemt\u00eb nuk e b\u00ebn\u00eb si duhet, vet\u00ebm p\u00ebr ta provokuar. Dritani thot\u00eb se e habitshme ishte se ai gjente edhe se sa gishta nxirrte nj\u00eb person dhe kjo e hidhte posht\u00eb mund\u00ebsin\u00eb e probabilitetit ose t\u00eb llogarive matematikore. Adelajda tregon se m\u00eb pas e kishte provuar s\u00ebrish me Adin, duke ia mbyllur syt\u00eb me jast\u00ebk Bjordit, kurse Lirita i thoshte numrin e formuar. Bjordi s\u00ebrish kishte arritur t\u2019i gjente kombinimet. Aida dhe Dritani e pyet\u00ebn m\u00eb pas se cili do ta fitonte Big Brother dhe ai ishte p\u00ebrgjigjur se nuk mund ta tregonte, kurse Aid\u00ebs, i kishte th\u00ebn\u00eb m\u00eb pas se nuk mund t\u2019ia thoshte se do t\u00eb m\u00ebrzitej. Aida tregon se nga kjo kishte kuptuar se ajo nuk do ta fitonte. T\u00eb gjith\u00eb banor\u00ebt ishin t\u00eb shokuar nga Bjordi.<\/p>\n","protected":false},"excerpt":{"rendered":"<p>13\/03\/09 11:48 Adelajda, Aida dhe Dritani i tregojn\u00eb Republik\u00ebs p\u00ebr ngjarjen e mbr\u00ebmshme me Bjordin. Ata nj\u00ebz\u00ebri i tregojn\u00eb se Bjordi i kishte habitur fare mbr\u00ebm\u00eb. Bika, duke mos e kuptuar se cfar\u00eb po thoshin, i k\u00ebrkon q\u00eb t\u2019ia tregojn\u00eb q\u00eb nga fillimi historin\u00eb. Adelajda nis me t\u2019ia treguar por edhe Dritani me Aid\u00ebn nd\u00ebrhyjn\u00eb [&hellip;]<\/p>\n","protected":false},"author":1,"featured_media":0,"comment_status":"open","ping_status":"closed","sticky":false,"template":"","format":"standard","meta":{"spay_email":"","jetpack_publicize_message":"","jetpack_is_tweetstorm":false,"jetpack_publicize_feature_enabled":true},"categories":[6502],"tags":[6529,6537,6883,6516,6712,6522,7931,7930,6521,262,6891],"jetpack_publicize_connections":[],"yoast_head":"<!-- This site is optimized with the Yoast SEO plugin v19.1 - https:\/\/yoast.com\/wordpress\/plugins\/seo\/ -->\n<title>Bjordi na cuditi | Big Brother Albania 2<\/title>\n<meta name=\"description\" content=\"Big Brother Albania 2 - Adelajda, Aida dhe Dritani i tregojn\u00c3\u00ab Republik\u00c3\u00abs p\u00c3\u00abr ngjarjen e mbr\u00c3\u00abmshme me Bjordin. Ata nj\u00c3\u00abz\u00c3\u00abri i tregojn\u00c3\u00ab se Bjordi i kishte habitur fare mbr\u00c3\u00abm\u00c3\u00ab.\" \/>\n<meta name=\"robots\" content=\"index, follow, max-snippet:-1, max-image-preview:large, max-video-preview:-1\" \/>\n<link rel=\"canonical\" href=\"https:\/\/www.visit-ulcinj.com\/blog\/2009\/03\/14\/bjordi-na-cuditi\/\" \/>\n<meta property=\"og:locale\" content=\"en_US\" \/>\n<meta property=\"og:type\" content=\"article\" \/>\n<meta property=\"og:title\" content=\"Bjordi na cuditi | Big Brother Albania 2\" \/>\n<meta property=\"og:description\" content=\"Big Brother Albania 2 - Adelajda, Aida dhe Dritani i tregojn\u00c3\u00ab Republik\u00c3\u00abs p\u00c3\u00abr ngjarjen e mbr\u00c3\u00abmshme me Bjordin. Ata nj\u00c3\u00abz\u00c3\u00abri i tregojn\u00c3\u00ab se Bjordi i kishte habitur fare mbr\u00c3\u00abm\u00c3\u00ab.\" \/>\n<meta property=\"og:url\" content=\"https:\/\/www.visit-ulcinj.com\/blog\/2009\/03\/14\/bjordi-na-cuditi\/\" \/>\n<meta property=\"og:site_name\" content=\"Lajme nga Ulqini\" \/>\n<meta property=\"article:published_time\" content=\"2009-03-14T12:47:19+00:00\" \/>\n<meta property=\"og:image\" content=\"http:\/\/www.visit-ulcinj.com\/blog\/wp-content\/uploads\/2009\/03\/per-bjordin.jpg\" \/>\n<meta name=\"twitter:label1\" content=\"Written by\" \/>\n\t<meta name=\"twitter:data1\" content=\"ulqini\" \/>\n\t<meta name=\"twitter:label2\" content=\"Est. reading time\" \/>\n\t<meta name=\"twitter:data2\" content=\"1 minute\" \/>\n<script type=\"application\/ld+json\" class=\"yoast-schema-graph\">{\"@context\":\"https:\/\/schema.org\",\"@graph\":[{\"@type\":\"WebSite\",\"@id\":\"https:\/\/www.visit-ulcinj.com\/blog\/#website\",\"url\":\"https:\/\/www.visit-ulcinj.com\/blog\/\",\"name\":\"Lajme nga Ulqini\",\"description\":\"Lajme,Vijesti,Ulqini,Ulqin,Crna Gora,Mali i Zi\",\"potentialAction\":[{\"@type\":\"SearchAction\",\"target\":{\"@type\":\"EntryPoint\",\"urlTemplate\":\"https:\/\/www.visit-ulcinj.com\/blog\/?s={search_term_string}\"},\"query-input\":\"required name=search_term_string\"}],\"inLanguage\":\"en-US\"},{\"@type\":\"ImageObject\",\"inLanguage\":\"en-US\",\"@id\":\"https:\/\/www.visit-ulcinj.com\/blog\/2009\/03\/14\/bjordi-na-cuditi\/#primaryimage\",\"url\":\"http:\/\/www.visit-ulcinj.com\/blog\/wp-content\/uploads\/2009\/03\/per-bjordin.jpg\",\"contentUrl\":\"http:\/\/www.visit-ulcinj.com\/blog\/wp-content\/uploads\/2009\/03\/per-bjordin.jpg\"},{\"@type\":\"WebPage\",\"@id\":\"https:\/\/www.visit-ulcinj.com\/blog\/2009\/03\/14\/bjordi-na-cuditi\/#webpage\",\"url\":\"https:\/\/www.visit-ulcinj.com\/blog\/2009\/03\/14\/bjordi-na-cuditi\/\",\"name\":\"Bjordi na cuditi | Big Brother Albania 2\",\"isPartOf\":{\"@id\":\"https:\/\/www.visit-ulcinj.com\/blog\/#website\"},\"primaryImageOfPage\":{\"@id\":\"https:\/\/www.visit-ulcinj.com\/blog\/2009\/03\/14\/bjordi-na-cuditi\/#primaryimage\"},\"datePublished\":\"2009-03-14T12:47:19+00:00\",\"dateModified\":\"2009-03-14T12:47:19+00:00\",\"author\":{\"@id\":\"https:\/\/www.visit-ulcinj.com\/blog\/#\/schema\/person\/dcab619c614d3038751c63bc2aadc06d\"},\"description\":\"Big Brother Albania 2 - Adelajda, Aida dhe Dritani i tregojn\u00c3\u00ab Republik\u00c3\u00abs p\u00c3\u00abr ngjarjen e mbr\u00c3\u00abmshme me Bjordin. Ata nj\u00c3\u00abz\u00c3\u00abri i tregojn\u00c3\u00ab se Bjordi i kishte habitur fare mbr\u00c3\u00abm\u00c3\u00ab.\",\"breadcrumb\":{\"@id\":\"https:\/\/www.visit-ulcinj.com\/blog\/2009\/03\/14\/bjordi-na-cuditi\/#breadcrumb\"},\"inLanguage\":\"en-US\",\"potentialAction\":[{\"@type\":\"ReadAction\",\"target\":[\"https:\/\/www.visit-ulcinj.com\/blog\/2009\/03\/14\/bjordi-na-cuditi\/\"]}]},{\"@type\":\"BreadcrumbList\",\"@id\":\"https:\/\/www.visit-ulcinj.com\/blog\/2009\/03\/14\/bjordi-na-cuditi\/#breadcrumb\",\"itemListElement\":[{\"@type\":\"ListItem\",\"position\":1,\"name\":\"Bjordi na cuditi\"}]},{\"@type\":\"Person\",\"@id\":\"https:\/\/www.visit-ulcinj.com\/blog\/#\/schema\/person\/dcab619c614d3038751c63bc2aadc06d\",\"name\":\"ulqini\",\"sameAs\":[\"http:\/\/www.visit-ulcinj.com\"],\"url\":\"https:\/\/www.visit-ulcinj.com\/blog\/author\/admin\/\"}]}<\/script>\n<!-- \/ Yoast SEO plugin. -->","yoast_head_json":{"title":"Bjordi na cuditi | Big Brother Albania 2","description":"Big Brother Albania 2 - Adelajda, Aida dhe Dritani i tregojn\u00c3\u00ab Republik\u00c3\u00abs p\u00c3\u00abr ngjarjen e mbr\u00c3\u00abmshme me Bjordin. Ata nj\u00c3\u00abz\u00c3\u00abri i tregojn\u00c3\u00ab se Bjordi i kishte habitur fare mbr\u00c3\u00abm\u00c3\u00ab.","robots":{"index":"index","follow":"follow","max-snippet":"max-snippet:-1","max-image-preview":"max-image-preview:large","max-video-preview":"max-video-preview:-1"},"canonical":"https:\/\/www.visit-ulcinj.com\/blog\/2009\/03\/14\/bjordi-na-cuditi\/","og_locale":"en_US","og_type":"article","og_title":"Bjordi na cuditi | Big Brother Albania 2","og_description":"Big Brother Albania 2 - Adelajda, Aida dhe Dritani i tregojn\u00c3\u00ab Republik\u00c3\u00abs p\u00c3\u00abr ngjarjen e mbr\u00c3\u00abmshme me Bjordin. Ata nj\u00c3\u00abz\u00c3\u00abri i tregojn\u00c3\u00ab se Bjordi i kishte habitur fare mbr\u00c3\u00abm\u00c3\u00ab.","og_url":"https:\/\/www.visit-ulcinj.com\/blog\/2009\/03\/14\/bjordi-na-cuditi\/","og_site_name":"Lajme nga Ulqini","article_published_time":"2009-03-14T12:47:19+00:00","og_image":[{"url":"http:\/\/www.visit-ulcinj.com\/blog\/wp-content\/uploads\/2009\/03\/per-bjordin.jpg"}],"twitter_misc":{"Written by":"ulqini","Est. reading time":"1 minute"},"schema":{"@context":"https:\/\/schema.org","@graph":[{"@type":"WebSite","@id":"https:\/\/www.visit-ulcinj.com\/blog\/#website","url":"https:\/\/www.visit-ulcinj.com\/blog\/","name":"Lajme nga Ulqini","description":"Lajme,Vijesti,Ulqini,Ulqin,Crna Gora,Mali i Zi","potentialAction":[{"@type":"SearchAction","target":{"@type":"EntryPoint","urlTemplate":"https:\/\/www.visit-ulcinj.com\/blog\/?s={search_term_string}"},"query-input":"required name=search_term_string"}],"inLanguage":"en-US"},{"@type":"ImageObject","inLanguage":"en-US","@id":"https:\/\/www.visit-ulcinj.com\/blog\/2009\/03\/14\/bjordi-na-cuditi\/#primaryimage","url":"http:\/\/www.visit-ulcinj.com\/blog\/wp-content\/uploads\/2009\/03\/per-bjordin.jpg","contentUrl":"http:\/\/www.visit-ulcinj.com\/blog\/wp-content\/uploads\/2009\/03\/per-bjordin.jpg"},{"@type":"WebPage","@id":"https:\/\/www.visit-ulcinj.com\/blog\/2009\/03\/14\/bjordi-na-cuditi\/#webpage","url":"https:\/\/www.visit-ulcinj.com\/blog\/2009\/03\/14\/bjordi-na-cuditi\/","name":"Bjordi na cuditi | Big Brother Albania 2","isPartOf":{"@id":"https:\/\/www.visit-ulcinj.com\/blog\/#website"},"primaryImageOfPage":{"@id":"https:\/\/www.visit-ulcinj.com\/blog\/2009\/03\/14\/bjordi-na-cuditi\/#primaryimage"},"datePublished":"2009-03-14T12:47:19+00:00","dateModified":"2009-03-14T12:47:19+00:00","author":{"@id":"https:\/\/www.visit-ulcinj.com\/blog\/#\/schema\/person\/dcab619c614d3038751c63bc2aadc06d"},"description":"Big Brother Albania 2 - Adelajda, Aida dhe Dritani i tregojn\u00c3\u00ab Republik\u00c3\u00abs p\u00c3\u00abr ngjarjen e mbr\u00c3\u00abmshme me Bjordin. Ata nj\u00c3\u00abz\u00c3\u00abri i tregojn\u00c3\u00ab se Bjordi i kishte habitur fare mbr\u00c3\u00abm\u00c3\u00ab.","breadcrumb":{"@id":"https:\/\/www.visit-ulcinj.com\/blog\/2009\/03\/14\/bjordi-na-cuditi\/#breadcrumb"},"inLanguage":"en-US","potentialAction":[{"@type":"ReadAction","target":["https:\/\/www.visit-ulcinj.com\/blog\/2009\/03\/14\/bjordi-na-cuditi\/"]}]},{"@type":"BreadcrumbList","@id":"https:\/\/www.visit-ulcinj.com\/blog\/2009\/03\/14\/bjordi-na-cuditi\/#breadcrumb","itemListElement":[{"@type":"ListItem","position":1,"name":"Bjordi na cuditi"}]},{"@type":"Person","@id":"https:\/\/www.visit-ulcinj.com\/blog\/#\/schema\/person\/dcab619c614d3038751c63bc2aadc06d","name":"ulqini","sameAs":["http:\/\/www.visit-ulcinj.com"],"url":"https:\/\/www.visit-ulcinj.com\/blog\/author\/admin\/"}]}},"jetpack_featured_media_url":"","jetpack_sharing_enabled":true,"jetpack_shortlink":"https:\/\/wp.me\/pe6lTn-3Gf","_links":{"self":[{"href":"https:\/\/www.visit-ulcinj.com\/blog\/wp-json\/wp\/v2\/posts\/14151"}],"collection":[{"href":"https:\/\/www.visit-ulcinj.com\/blog\/wp-json\/wp\/v2\/posts"}],"about":[{"href":"https:\/\/www.visit-ulcinj.com\/blog\/wp-json\/wp\/v2\/types\/post"}],"author":[{"embeddable":true,"href":"https:\/\/www.visit-ulcinj.com\/blog\/wp-json\/wp\/v2\/users\/1"}],"replies":[{"embeddable":true,"href":"https:\/\/www.visit-ulcinj.com\/blog\/wp-json\/wp\/v2\/comments?post=14151"}],"version-history":[{"count":0,"href":"https:\/\/www.visit-ulcinj.com\/blog\/wp-json\/wp\/v2\/posts\/14151\/revisions"}],"wp:attachment":[{"href":"https:\/\/www.visit-ulcinj.com\/blog\/wp-json\/wp\/v2\/media?parent=14151"}],"wp:term":[{"taxonomy":"category","embeddable":true,"href":"https:\/\/www.visit-ulcinj.com\/blog\/wp-json\/wp\/v2\/categories?post=14151"},{"taxonomy":"post_tag","embeddable":true,"href":"https:\/\/www.visit-ulcinj.com\/blog\/wp-json\/wp\/v2\/tags?post=14151"}],"curies":[{"name":"wp","href":"https:\/\/api.w.org\/{rel}","templated":true}]}}