{"id":14158,"date":"2009-03-14T14:02:09","date_gmt":"2009-03-14T13:02:09","guid":{"rendered":"http:\/\/www.visit-ulcinj.com\/blog\/?p=14158"},"modified":"2009-03-14T14:02:09","modified_gmt":"2009-03-14T13:02:09","slug":"dritani-per-adeles-te-gjithe-jane-semure","status":"publish","type":"post","link":"https:\/\/www.visit-ulcinj.com\/blog\/2009\/03\/14\/dritani-per-adeles-te-gjithe-jane-semure\/","title":{"rendered":"Dritani p\u00ebr Adel\u00ebs : T\u00eb gjith\u00eb jan\u00eb s\u00ebmur\u00eb"},"content":{"rendered":"<p><em><span class=\"newsdate\"><a href=\"http:\/\/www.visit-ulcinj.com\/blog\/wp-content\/uploads\/2009\/03\/adelatani.jpg\"><img loading=\"lazy\" class=\"alignleft size-full wp-image-14159\" title=\"adelatani\" src=\"http:\/\/www.visit-ulcinj.com\/blog\/wp-content\/uploads\/2009\/03\/adelatani.jpg\" alt=\"adelatani\" width=\"300\" height=\"205\" \/><\/a>13\/03\/09 12:15<\/span><\/em><\/p>\n<p>Dritani ngacmon Adelajd\u00ebn n\u00eb lidhje me Bjordin. Ai e pyet se si \u00ebsht\u00eb ai sepse ajo e sheh dhe rri m\u00eb shum\u00eb se ata. Adela i thot\u00eb se mund ta pyesin vet\u00eb dhe nuk ka p\u00ebrse t\u2019i hedh\u00eb fjal\u00eb me kunja. Dritani i thot\u00eb se nuk i hedh fjal\u00eb me kunja, por ia thot\u00eb n\u00eb sy, ashtu sic po b\u00ebn. Adelajda nuk preferon t\u00eb flas\u00eb p\u00ebr k\u00ebt\u00eb dhe nd\u00ebrron tem\u00eb. Ajo i k\u00ebrkon Aid\u00ebs t\u2019i gatuaj\u00eb makarona sot sepse nes\u00ebr nuk i dihet n\u00ebse do jet\u00eb. Adela i tregon Dritanit se i vetmi moment kur ndihet keq, \u00ebsht\u00eb kur duhet t\u00eb ulen n\u00eb kolltuk bashk\u00eb me t\u00eb nominuarit e tjer\u00eb dhe t\u00eb pres\u00eb vendimin, kurse gjat\u00eb gjith\u00eb koh\u00ebs tjet\u00ebr, ndihet mir\u00eb. Adelajda mendon se i vetmi problem i t\u00eb gjith\u00eb banor\u00ebve \u00ebsht\u00eb e shtuna. Mesida ngacmon Sorin dhe i thot\u00eb se nga nominimi nuk ndihet mir\u00eb, kurse Adela e plot\u00ebson se t\u00eb gjith\u00eb t\u00eb nominuarit jan\u00eb s\u00ebmur\u00eb. Dritani merr si shembull Adel\u00ebn dhe thot\u00eb se ajo ka nj\u00eb muaj me gishtin e vrar\u00eb, ndaj sillet k\u00ebshtu. Ata vazhdojn\u00eb t\u00eb shk\u00ebmbejn\u00eb batuta.<\/p>\n","protected":false},"excerpt":{"rendered":"<p>13\/03\/09 12:15 Dritani ngacmon Adelajd\u00ebn n\u00eb lidhje me Bjordin. Ai e pyet se si \u00ebsht\u00eb ai sepse ajo e sheh dhe rri m\u00eb shum\u00eb se ata. Adela i thot\u00eb se mund ta pyesin vet\u00eb dhe nuk ka p\u00ebrse t\u2019i hedh\u00eb fjal\u00eb me kunja. Dritani i thot\u00eb se nuk i hedh fjal\u00eb me kunja, por ia [&hellip;]<\/p>\n","protected":false},"author":1,"featured_media":0,"comment_status":"open","ping_status":"closed","sticky":false,"template":"","format":"standard","meta":{"spay_email":"","jetpack_publicize_message":"","jetpack_is_tweetstorm":false,"jetpack_publicize_feature_enabled":true},"categories":[6502],"tags":[6529,5057,6506,6516,6712,7129,7916,7933,6891,6693,6887],"jetpack_publicize_connections":[],"yoast_head":"<!-- This site is optimized with the Yoast SEO plugin v19.1 - https:\/\/yoast.com\/wordpress\/plugins\/seo\/ -->\n<title>Dritani p\u00c3\u00abr Adel\u00c3\u00abs : T\u00c3\u00ab gjith\u00c3\u00ab jan\u00c3\u00ab s\u00c3\u00abmur\u00c3\u00ab | Big Brother Albania 2<\/title>\n<meta name=\"description\" content=\"Big Brother Albania 2 - Dritani ngacmon Adelajd\u00c3\u00abn n\u00c3\u00ab lidhje me Bjordin. Ai e pyet se si \u00c3\u00absht\u00c3\u00ab ai sepse ajo e sheh dhe rri m\u00c3\u00ab shum\u00c3\u00ab se ata. Adela i thot\u00c3\u00ab se mund ta pyesin vet\u00c3\u00ab dhe nuk ka p\u00c3\u00abrse t\u00e2\u20ac\u2122i hedh\u00c3\u00ab fjal\u00c3\u00ab me kunja.\" \/>\n<meta name=\"robots\" content=\"index, follow, max-snippet:-1, max-image-preview:large, max-video-preview:-1\" \/>\n<link rel=\"canonical\" href=\"https:\/\/www.visit-ulcinj.com\/blog\/2009\/03\/14\/dritani-per-adeles-te-gjithe-jane-semure\/\" \/>\n<meta property=\"og:locale\" content=\"en_US\" \/>\n<meta property=\"og:type\" content=\"article\" \/>\n<meta property=\"og:title\" content=\"Dritani p\u00c3\u00abr Adel\u00c3\u00abs : T\u00c3\u00ab gjith\u00c3\u00ab jan\u00c3\u00ab s\u00c3\u00abmur\u00c3\u00ab | Big Brother Albania 2\" \/>\n<meta property=\"og:description\" content=\"Big Brother Albania 2 - Dritani ngacmon Adelajd\u00c3\u00abn n\u00c3\u00ab lidhje me Bjordin. Ai e pyet se si \u00c3\u00absht\u00c3\u00ab ai sepse ajo e sheh dhe rri m\u00c3\u00ab shum\u00c3\u00ab se ata. Adela i thot\u00c3\u00ab se mund ta pyesin vet\u00c3\u00ab dhe nuk ka p\u00c3\u00abrse t\u00e2\u20ac\u2122i hedh\u00c3\u00ab fjal\u00c3\u00ab me kunja.\" \/>\n<meta property=\"og:url\" content=\"https:\/\/www.visit-ulcinj.com\/blog\/2009\/03\/14\/dritani-per-adeles-te-gjithe-jane-semure\/\" \/>\n<meta property=\"og:site_name\" content=\"Lajme nga Ulqini\" \/>\n<meta property=\"article:published_time\" content=\"2009-03-14T13:02:09+00:00\" \/>\n<meta property=\"og:image\" content=\"http:\/\/www.visit-ulcinj.com\/blog\/wp-content\/uploads\/2009\/03\/adelatani.jpg\" \/>\n<meta name=\"twitter:label1\" content=\"Written by\" \/>\n\t<meta name=\"twitter:data1\" content=\"ulqini\" \/>\n\t<meta name=\"twitter:label2\" content=\"Est. reading time\" \/>\n\t<meta name=\"twitter:data2\" content=\"1 minute\" \/>\n<script type=\"application\/ld+json\" class=\"yoast-schema-graph\">{\"@context\":\"https:\/\/schema.org\",\"@graph\":[{\"@type\":\"WebSite\",\"@id\":\"https:\/\/www.visit-ulcinj.com\/blog\/#website\",\"url\":\"https:\/\/www.visit-ulcinj.com\/blog\/\",\"name\":\"Lajme nga Ulqini\",\"description\":\"Lajme,Vijesti,Ulqini,Ulqin,Crna Gora,Mali i Zi\",\"potentialAction\":[{\"@type\":\"SearchAction\",\"target\":{\"@type\":\"EntryPoint\",\"urlTemplate\":\"https:\/\/www.visit-ulcinj.com\/blog\/?s={search_term_string}\"},\"query-input\":\"required name=search_term_string\"}],\"inLanguage\":\"en-US\"},{\"@type\":\"ImageObject\",\"inLanguage\":\"en-US\",\"@id\":\"https:\/\/www.visit-ulcinj.com\/blog\/2009\/03\/14\/dritani-per-adeles-te-gjithe-jane-semure\/#primaryimage\",\"url\":\"http:\/\/www.visit-ulcinj.com\/blog\/wp-content\/uploads\/2009\/03\/adelatani.jpg\",\"contentUrl\":\"http:\/\/www.visit-ulcinj.com\/blog\/wp-content\/uploads\/2009\/03\/adelatani.jpg\"},{\"@type\":\"WebPage\",\"@id\":\"https:\/\/www.visit-ulcinj.com\/blog\/2009\/03\/14\/dritani-per-adeles-te-gjithe-jane-semure\/#webpage\",\"url\":\"https:\/\/www.visit-ulcinj.com\/blog\/2009\/03\/14\/dritani-per-adeles-te-gjithe-jane-semure\/\",\"name\":\"Dritani p\u00c3\u00abr Adel\u00c3\u00abs : T\u00c3\u00ab gjith\u00c3\u00ab jan\u00c3\u00ab s\u00c3\u00abmur\u00c3\u00ab | Big Brother Albania 2\",\"isPartOf\":{\"@id\":\"https:\/\/www.visit-ulcinj.com\/blog\/#website\"},\"primaryImageOfPage\":{\"@id\":\"https:\/\/www.visit-ulcinj.com\/blog\/2009\/03\/14\/dritani-per-adeles-te-gjithe-jane-semure\/#primaryimage\"},\"datePublished\":\"2009-03-14T13:02:09+00:00\",\"dateModified\":\"2009-03-14T13:02:09+00:00\",\"author\":{\"@id\":\"https:\/\/www.visit-ulcinj.com\/blog\/#\/schema\/person\/dcab619c614d3038751c63bc2aadc06d\"},\"description\":\"Big Brother Albania 2 - Dritani ngacmon Adelajd\u00c3\u00abn n\u00c3\u00ab lidhje me Bjordin. Ai e pyet se si \u00c3\u00absht\u00c3\u00ab ai sepse ajo e sheh dhe rri m\u00c3\u00ab shum\u00c3\u00ab se ata. Adela i thot\u00c3\u00ab se mund ta pyesin vet\u00c3\u00ab dhe nuk ka p\u00c3\u00abrse t\u00e2\u20ac\u2122i hedh\u00c3\u00ab fjal\u00c3\u00ab me kunja.\",\"breadcrumb\":{\"@id\":\"https:\/\/www.visit-ulcinj.com\/blog\/2009\/03\/14\/dritani-per-adeles-te-gjithe-jane-semure\/#breadcrumb\"},\"inLanguage\":\"en-US\",\"potentialAction\":[{\"@type\":\"ReadAction\",\"target\":[\"https:\/\/www.visit-ulcinj.com\/blog\/2009\/03\/14\/dritani-per-adeles-te-gjithe-jane-semure\/\"]}]},{\"@type\":\"BreadcrumbList\",\"@id\":\"https:\/\/www.visit-ulcinj.com\/blog\/2009\/03\/14\/dritani-per-adeles-te-gjithe-jane-semure\/#breadcrumb\",\"itemListElement\":[{\"@type\":\"ListItem\",\"position\":1,\"name\":\"Dritani p\u00ebr Adel\u00ebs : T\u00eb gjith\u00eb jan\u00eb s\u00ebmur\u00eb\"}]},{\"@type\":\"Person\",\"@id\":\"https:\/\/www.visit-ulcinj.com\/blog\/#\/schema\/person\/dcab619c614d3038751c63bc2aadc06d\",\"name\":\"ulqini\",\"sameAs\":[\"http:\/\/www.visit-ulcinj.com\"],\"url\":\"https:\/\/www.visit-ulcinj.com\/blog\/author\/admin\/\"}]}<\/script>\n<!-- \/ Yoast SEO plugin. -->","yoast_head_json":{"title":"Dritani p\u00c3\u00abr Adel\u00c3\u00abs : T\u00c3\u00ab gjith\u00c3\u00ab jan\u00c3\u00ab s\u00c3\u00abmur\u00c3\u00ab | Big Brother Albania 2","description":"Big Brother Albania 2 - Dritani ngacmon Adelajd\u00c3\u00abn n\u00c3\u00ab lidhje me Bjordin. Ai e pyet se si \u00c3\u00absht\u00c3\u00ab ai sepse ajo e sheh dhe rri m\u00c3\u00ab shum\u00c3\u00ab se ata. Adela i thot\u00c3\u00ab se mund ta pyesin vet\u00c3\u00ab dhe nuk ka p\u00c3\u00abrse t\u00e2\u20ac\u2122i hedh\u00c3\u00ab fjal\u00c3\u00ab me kunja.","robots":{"index":"index","follow":"follow","max-snippet":"max-snippet:-1","max-image-preview":"max-image-preview:large","max-video-preview":"max-video-preview:-1"},"canonical":"https:\/\/www.visit-ulcinj.com\/blog\/2009\/03\/14\/dritani-per-adeles-te-gjithe-jane-semure\/","og_locale":"en_US","og_type":"article","og_title":"Dritani p\u00c3\u00abr Adel\u00c3\u00abs : T\u00c3\u00ab gjith\u00c3\u00ab jan\u00c3\u00ab s\u00c3\u00abmur\u00c3\u00ab | Big Brother Albania 2","og_description":"Big Brother Albania 2 - Dritani ngacmon Adelajd\u00c3\u00abn n\u00c3\u00ab lidhje me Bjordin. Ai e pyet se si \u00c3\u00absht\u00c3\u00ab ai sepse ajo e sheh dhe rri m\u00c3\u00ab shum\u00c3\u00ab se ata. Adela i thot\u00c3\u00ab se mund ta pyesin vet\u00c3\u00ab dhe nuk ka p\u00c3\u00abrse t\u00e2\u20ac\u2122i hedh\u00c3\u00ab fjal\u00c3\u00ab me kunja.","og_url":"https:\/\/www.visit-ulcinj.com\/blog\/2009\/03\/14\/dritani-per-adeles-te-gjithe-jane-semure\/","og_site_name":"Lajme nga Ulqini","article_published_time":"2009-03-14T13:02:09+00:00","og_image":[{"url":"http:\/\/www.visit-ulcinj.com\/blog\/wp-content\/uploads\/2009\/03\/adelatani.jpg"}],"twitter_misc":{"Written by":"ulqini","Est. reading time":"1 minute"},"schema":{"@context":"https:\/\/schema.org","@graph":[{"@type":"WebSite","@id":"https:\/\/www.visit-ulcinj.com\/blog\/#website","url":"https:\/\/www.visit-ulcinj.com\/blog\/","name":"Lajme nga Ulqini","description":"Lajme,Vijesti,Ulqini,Ulqin,Crna Gora,Mali i Zi","potentialAction":[{"@type":"SearchAction","target":{"@type":"EntryPoint","urlTemplate":"https:\/\/www.visit-ulcinj.com\/blog\/?s={search_term_string}"},"query-input":"required name=search_term_string"}],"inLanguage":"en-US"},{"@type":"ImageObject","inLanguage":"en-US","@id":"https:\/\/www.visit-ulcinj.com\/blog\/2009\/03\/14\/dritani-per-adeles-te-gjithe-jane-semure\/#primaryimage","url":"http:\/\/www.visit-ulcinj.com\/blog\/wp-content\/uploads\/2009\/03\/adelatani.jpg","contentUrl":"http:\/\/www.visit-ulcinj.com\/blog\/wp-content\/uploads\/2009\/03\/adelatani.jpg"},{"@type":"WebPage","@id":"https:\/\/www.visit-ulcinj.com\/blog\/2009\/03\/14\/dritani-per-adeles-te-gjithe-jane-semure\/#webpage","url":"https:\/\/www.visit-ulcinj.com\/blog\/2009\/03\/14\/dritani-per-adeles-te-gjithe-jane-semure\/","name":"Dritani p\u00c3\u00abr Adel\u00c3\u00abs : T\u00c3\u00ab gjith\u00c3\u00ab jan\u00c3\u00ab s\u00c3\u00abmur\u00c3\u00ab | Big Brother Albania 2","isPartOf":{"@id":"https:\/\/www.visit-ulcinj.com\/blog\/#website"},"primaryImageOfPage":{"@id":"https:\/\/www.visit-ulcinj.com\/blog\/2009\/03\/14\/dritani-per-adeles-te-gjithe-jane-semure\/#primaryimage"},"datePublished":"2009-03-14T13:02:09+00:00","dateModified":"2009-03-14T13:02:09+00:00","author":{"@id":"https:\/\/www.visit-ulcinj.com\/blog\/#\/schema\/person\/dcab619c614d3038751c63bc2aadc06d"},"description":"Big Brother Albania 2 - Dritani ngacmon Adelajd\u00c3\u00abn n\u00c3\u00ab lidhje me Bjordin. Ai e pyet se si \u00c3\u00absht\u00c3\u00ab ai sepse ajo e sheh dhe rri m\u00c3\u00ab shum\u00c3\u00ab se ata. Adela i thot\u00c3\u00ab se mund ta pyesin vet\u00c3\u00ab dhe nuk ka p\u00c3\u00abrse t\u00e2\u20ac\u2122i hedh\u00c3\u00ab fjal\u00c3\u00ab me kunja.","breadcrumb":{"@id":"https:\/\/www.visit-ulcinj.com\/blog\/2009\/03\/14\/dritani-per-adeles-te-gjithe-jane-semure\/#breadcrumb"},"inLanguage":"en-US","potentialAction":[{"@type":"ReadAction","target":["https:\/\/www.visit-ulcinj.com\/blog\/2009\/03\/14\/dritani-per-adeles-te-gjithe-jane-semure\/"]}]},{"@type":"BreadcrumbList","@id":"https:\/\/www.visit-ulcinj.com\/blog\/2009\/03\/14\/dritani-per-adeles-te-gjithe-jane-semure\/#breadcrumb","itemListElement":[{"@type":"ListItem","position":1,"name":"Dritani p\u00ebr Adel\u00ebs : T\u00eb gjith\u00eb jan\u00eb s\u00ebmur\u00eb"}]},{"@type":"Person","@id":"https:\/\/www.visit-ulcinj.com\/blog\/#\/schema\/person\/dcab619c614d3038751c63bc2aadc06d","name":"ulqini","sameAs":["http:\/\/www.visit-ulcinj.com"],"url":"https:\/\/www.visit-ulcinj.com\/blog\/author\/admin\/"}]}},"jetpack_featured_media_url":"","jetpack_sharing_enabled":true,"jetpack_shortlink":"https:\/\/wp.me\/pe6lTn-3Gm","_links":{"self":[{"href":"https:\/\/www.visit-ulcinj.com\/blog\/wp-json\/wp\/v2\/posts\/14158"}],"collection":[{"href":"https:\/\/www.visit-ulcinj.com\/blog\/wp-json\/wp\/v2\/posts"}],"about":[{"href":"https:\/\/www.visit-ulcinj.com\/blog\/wp-json\/wp\/v2\/types\/post"}],"author":[{"embeddable":true,"href":"https:\/\/www.visit-ulcinj.com\/blog\/wp-json\/wp\/v2\/users\/1"}],"replies":[{"embeddable":true,"href":"https:\/\/www.visit-ulcinj.com\/blog\/wp-json\/wp\/v2\/comments?post=14158"}],"version-history":[{"count":0,"href":"https:\/\/www.visit-ulcinj.com\/blog\/wp-json\/wp\/v2\/posts\/14158\/revisions"}],"wp:attachment":[{"href":"https:\/\/www.visit-ulcinj.com\/blog\/wp-json\/wp\/v2\/media?parent=14158"}],"wp:term":[{"taxonomy":"category","embeddable":true,"href":"https:\/\/www.visit-ulcinj.com\/blog\/wp-json\/wp\/v2\/categories?post=14158"},{"taxonomy":"post_tag","embeddable":true,"href":"https:\/\/www.visit-ulcinj.com\/blog\/wp-json\/wp\/v2\/tags?post=14158"}],"curies":[{"name":"wp","href":"https:\/\/api.w.org\/{rel}","templated":true}]}}