{"id":14161,"date":"2009-03-14T14:05:25","date_gmt":"2009-03-14T13:05:25","guid":{"rendered":"http:\/\/www.visit-ulcinj.com\/blog\/?p=14161"},"modified":"2009-03-14T14:05:25","modified_gmt":"2009-03-14T13:05:25","slug":"aida-troka-nuk-ka-me-te-forte-se-une","status":"publish","type":"post","link":"https:\/\/www.visit-ulcinj.com\/blog\/2009\/03\/14\/aida-troka-nuk-ka-me-te-forte-se-une\/","title":{"rendered":"Aida Troka : Nuk ka m\u00eb t\u00eb fort\u00eb se un\u00eb"},"content":{"rendered":"<p><em><span class=\"newsdate\"><a href=\"http:\/\/www.visit-ulcinj.com\/blog\/wp-content\/uploads\/2009\/03\/aida-2.jpg\"><img loading=\"lazy\" class=\"alignleft size-full wp-image-14162\" title=\"aida-big-brother-albania-2\" src=\"http:\/\/www.visit-ulcinj.com\/blog\/wp-content\/uploads\/2009\/03\/aida-2.jpg\" alt=\"aida-big-brother-albania-2\" width=\"300\" height=\"205\" \/><\/a>13\/03\/09 12:05<\/span><\/em><\/p>\n<p>Aida u tregon nj\u00eb fabul banor\u00ebve. Ata e d\u00ebgjojn\u00eb me shum\u00eb kureshtje. Fabula tregonte p\u00ebr nj\u00eb mi i cili edhe pse k\u00ebrkoi shum\u00eb t\u00eb gjente se cili ishte m\u00eb i forti, s\u00ebrish u kthye tek familja e tij sepse aty gjendej ai. Aida u tregon banor\u00ebve se fabula e k\u00ebsaj historie \u00ebsht\u00eb shum\u00eb dometh\u00ebn\u00ebse edhe p\u00ebr ata si konkurent\u00eb. Sipas saj, cdokush nga ata \u00ebsht\u00eb i fort\u00eb sepse jan\u00eb hallka e nj\u00eb zinxhiri t\u00eb cil\u00ebn e formojn\u00eb. Ajo shton se cdo gj\u00eb e fort\u00eb, nuk do t\u00eb thot\u00eb se \u00ebsht\u00eb m\u00eb e fort\u00eb se ajo. Banor\u00ebve u p\u00eblqeu kjo histori dhe fabula e q\u00eb p\u00ebrcillte.<\/p>\n","protected":false},"excerpt":{"rendered":"<p>13\/03\/09 12:05 Aida u tregon nj\u00eb fabul banor\u00ebve. Ata e d\u00ebgjojn\u00eb me shum\u00eb kureshtje. Fabula tregonte p\u00ebr nj\u00eb mi i cili edhe pse k\u00ebrkoi shum\u00eb t\u00eb gjente se cili ishte m\u00eb i forti, s\u00ebrish u kthye tek familja e tij sepse aty gjendej ai. Aida u tregon banor\u00ebve se fabula e k\u00ebsaj historie \u00ebsht\u00eb shum\u00eb [&hellip;]<\/p>\n","protected":false},"author":1,"featured_media":0,"comment_status":"open","ping_status":"closed","sticky":false,"template":"","format":"standard","meta":{"spay_email":"","jetpack_publicize_message":"","jetpack_is_tweetstorm":false,"jetpack_publicize_feature_enabled":true},"categories":[6502],"tags":[6529,6537,6525,6883,6516,6712,6522,6544,6891],"jetpack_publicize_connections":[],"yoast_head":"<!-- This site is optimized with the Yoast SEO plugin v19.1 - https:\/\/yoast.com\/wordpress\/plugins\/seo\/ -->\n<title>Aida Troka : Nuk ka m\u00c3\u00ab t\u00c3\u00ab fort\u00c3\u00ab se un\u00c3\u00ab | Big Brother Albania 2<\/title>\n<meta name=\"description\" content=\"Big Brother Albania 2 - Aida u tregon nj\u00c3\u00ab fabul banor\u00c3\u00abve. Ata e d\u00c3\u00abgjojn\u00c3\u00ab me shum\u00c3\u00ab kureshtje. Fabula tregonte p\u00c3\u00abr nj\u00c3\u00ab mi i cili edhe pse k\u00c3\u00abrkoi shum\u00c3\u00ab t\u00c3\u00ab gjente se cili ishte m\u00c3\u00ab i forti\" \/>\n<meta name=\"robots\" content=\"index, follow, max-snippet:-1, max-image-preview:large, max-video-preview:-1\" \/>\n<link rel=\"canonical\" href=\"https:\/\/www.visit-ulcinj.com\/blog\/2009\/03\/14\/aida-troka-nuk-ka-me-te-forte-se-une\/\" \/>\n<meta property=\"og:locale\" content=\"en_US\" \/>\n<meta property=\"og:type\" content=\"article\" \/>\n<meta property=\"og:title\" content=\"Aida Troka : Nuk ka m\u00c3\u00ab t\u00c3\u00ab fort\u00c3\u00ab se un\u00c3\u00ab | Big Brother Albania 2\" \/>\n<meta property=\"og:description\" content=\"Big Brother Albania 2 - Aida u tregon nj\u00c3\u00ab fabul banor\u00c3\u00abve. Ata e d\u00c3\u00abgjojn\u00c3\u00ab me shum\u00c3\u00ab kureshtje. Fabula tregonte p\u00c3\u00abr nj\u00c3\u00ab mi i cili edhe pse k\u00c3\u00abrkoi shum\u00c3\u00ab t\u00c3\u00ab gjente se cili ishte m\u00c3\u00ab i forti\" \/>\n<meta property=\"og:url\" content=\"https:\/\/www.visit-ulcinj.com\/blog\/2009\/03\/14\/aida-troka-nuk-ka-me-te-forte-se-une\/\" \/>\n<meta property=\"og:site_name\" content=\"Lajme nga Ulqini\" \/>\n<meta property=\"article:published_time\" content=\"2009-03-14T13:05:25+00:00\" \/>\n<meta property=\"og:image\" content=\"http:\/\/www.visit-ulcinj.com\/blog\/wp-content\/uploads\/2009\/03\/aida-2.jpg\" \/>\n<meta name=\"twitter:label1\" content=\"Written by\" \/>\n\t<meta name=\"twitter:data1\" content=\"ulqini\" \/>\n\t<meta name=\"twitter:label2\" content=\"Est. reading time\" \/>\n\t<meta name=\"twitter:data2\" content=\"1 minute\" \/>\n<script type=\"application\/ld+json\" class=\"yoast-schema-graph\">{\"@context\":\"https:\/\/schema.org\",\"@graph\":[{\"@type\":\"WebSite\",\"@id\":\"https:\/\/www.visit-ulcinj.com\/blog\/#website\",\"url\":\"https:\/\/www.visit-ulcinj.com\/blog\/\",\"name\":\"Lajme nga Ulqini\",\"description\":\"Lajme,Vijesti,Ulqini,Ulqin,Crna Gora,Mali i Zi\",\"potentialAction\":[{\"@type\":\"SearchAction\",\"target\":{\"@type\":\"EntryPoint\",\"urlTemplate\":\"https:\/\/www.visit-ulcinj.com\/blog\/?s={search_term_string}\"},\"query-input\":\"required name=search_term_string\"}],\"inLanguage\":\"en-US\"},{\"@type\":\"ImageObject\",\"inLanguage\":\"en-US\",\"@id\":\"https:\/\/www.visit-ulcinj.com\/blog\/2009\/03\/14\/aida-troka-nuk-ka-me-te-forte-se-une\/#primaryimage\",\"url\":\"http:\/\/www.visit-ulcinj.com\/blog\/wp-content\/uploads\/2009\/03\/aida-2.jpg\",\"contentUrl\":\"http:\/\/www.visit-ulcinj.com\/blog\/wp-content\/uploads\/2009\/03\/aida-2.jpg\"},{\"@type\":\"WebPage\",\"@id\":\"https:\/\/www.visit-ulcinj.com\/blog\/2009\/03\/14\/aida-troka-nuk-ka-me-te-forte-se-une\/#webpage\",\"url\":\"https:\/\/www.visit-ulcinj.com\/blog\/2009\/03\/14\/aida-troka-nuk-ka-me-te-forte-se-une\/\",\"name\":\"Aida Troka : Nuk ka m\u00c3\u00ab t\u00c3\u00ab fort\u00c3\u00ab se un\u00c3\u00ab | Big Brother Albania 2\",\"isPartOf\":{\"@id\":\"https:\/\/www.visit-ulcinj.com\/blog\/#website\"},\"primaryImageOfPage\":{\"@id\":\"https:\/\/www.visit-ulcinj.com\/blog\/2009\/03\/14\/aida-troka-nuk-ka-me-te-forte-se-une\/#primaryimage\"},\"datePublished\":\"2009-03-14T13:05:25+00:00\",\"dateModified\":\"2009-03-14T13:05:25+00:00\",\"author\":{\"@id\":\"https:\/\/www.visit-ulcinj.com\/blog\/#\/schema\/person\/dcab619c614d3038751c63bc2aadc06d\"},\"description\":\"Big Brother Albania 2 - Aida u tregon nj\u00c3\u00ab fabul banor\u00c3\u00abve. Ata e d\u00c3\u00abgjojn\u00c3\u00ab me shum\u00c3\u00ab kureshtje. Fabula tregonte p\u00c3\u00abr nj\u00c3\u00ab mi i cili edhe pse k\u00c3\u00abrkoi shum\u00c3\u00ab t\u00c3\u00ab gjente se cili ishte m\u00c3\u00ab i forti\",\"breadcrumb\":{\"@id\":\"https:\/\/www.visit-ulcinj.com\/blog\/2009\/03\/14\/aida-troka-nuk-ka-me-te-forte-se-une\/#breadcrumb\"},\"inLanguage\":\"en-US\",\"potentialAction\":[{\"@type\":\"ReadAction\",\"target\":[\"https:\/\/www.visit-ulcinj.com\/blog\/2009\/03\/14\/aida-troka-nuk-ka-me-te-forte-se-une\/\"]}]},{\"@type\":\"BreadcrumbList\",\"@id\":\"https:\/\/www.visit-ulcinj.com\/blog\/2009\/03\/14\/aida-troka-nuk-ka-me-te-forte-se-une\/#breadcrumb\",\"itemListElement\":[{\"@type\":\"ListItem\",\"position\":1,\"name\":\"Aida Troka : Nuk ka m\u00eb t\u00eb fort\u00eb se un\u00eb\"}]},{\"@type\":\"Person\",\"@id\":\"https:\/\/www.visit-ulcinj.com\/blog\/#\/schema\/person\/dcab619c614d3038751c63bc2aadc06d\",\"name\":\"ulqini\",\"sameAs\":[\"http:\/\/www.visit-ulcinj.com\"],\"url\":\"https:\/\/www.visit-ulcinj.com\/blog\/author\/admin\/\"}]}<\/script>\n<!-- \/ Yoast SEO plugin. -->","yoast_head_json":{"title":"Aida Troka : Nuk ka m\u00c3\u00ab t\u00c3\u00ab fort\u00c3\u00ab se un\u00c3\u00ab | Big Brother Albania 2","description":"Big Brother Albania 2 - Aida u tregon nj\u00c3\u00ab fabul banor\u00c3\u00abve. Ata e d\u00c3\u00abgjojn\u00c3\u00ab me shum\u00c3\u00ab kureshtje. Fabula tregonte p\u00c3\u00abr nj\u00c3\u00ab mi i cili edhe pse k\u00c3\u00abrkoi shum\u00c3\u00ab t\u00c3\u00ab gjente se cili ishte m\u00c3\u00ab i forti","robots":{"index":"index","follow":"follow","max-snippet":"max-snippet:-1","max-image-preview":"max-image-preview:large","max-video-preview":"max-video-preview:-1"},"canonical":"https:\/\/www.visit-ulcinj.com\/blog\/2009\/03\/14\/aida-troka-nuk-ka-me-te-forte-se-une\/","og_locale":"en_US","og_type":"article","og_title":"Aida Troka : Nuk ka m\u00c3\u00ab t\u00c3\u00ab fort\u00c3\u00ab se un\u00c3\u00ab | Big Brother Albania 2","og_description":"Big Brother Albania 2 - Aida u tregon nj\u00c3\u00ab fabul banor\u00c3\u00abve. Ata e d\u00c3\u00abgjojn\u00c3\u00ab me shum\u00c3\u00ab kureshtje. Fabula tregonte p\u00c3\u00abr nj\u00c3\u00ab mi i cili edhe pse k\u00c3\u00abrkoi shum\u00c3\u00ab t\u00c3\u00ab gjente se cili ishte m\u00c3\u00ab i forti","og_url":"https:\/\/www.visit-ulcinj.com\/blog\/2009\/03\/14\/aida-troka-nuk-ka-me-te-forte-se-une\/","og_site_name":"Lajme nga Ulqini","article_published_time":"2009-03-14T13:05:25+00:00","og_image":[{"url":"http:\/\/www.visit-ulcinj.com\/blog\/wp-content\/uploads\/2009\/03\/aida-2.jpg"}],"twitter_misc":{"Written by":"ulqini","Est. reading time":"1 minute"},"schema":{"@context":"https:\/\/schema.org","@graph":[{"@type":"WebSite","@id":"https:\/\/www.visit-ulcinj.com\/blog\/#website","url":"https:\/\/www.visit-ulcinj.com\/blog\/","name":"Lajme nga Ulqini","description":"Lajme,Vijesti,Ulqini,Ulqin,Crna Gora,Mali i Zi","potentialAction":[{"@type":"SearchAction","target":{"@type":"EntryPoint","urlTemplate":"https:\/\/www.visit-ulcinj.com\/blog\/?s={search_term_string}"},"query-input":"required name=search_term_string"}],"inLanguage":"en-US"},{"@type":"ImageObject","inLanguage":"en-US","@id":"https:\/\/www.visit-ulcinj.com\/blog\/2009\/03\/14\/aida-troka-nuk-ka-me-te-forte-se-une\/#primaryimage","url":"http:\/\/www.visit-ulcinj.com\/blog\/wp-content\/uploads\/2009\/03\/aida-2.jpg","contentUrl":"http:\/\/www.visit-ulcinj.com\/blog\/wp-content\/uploads\/2009\/03\/aida-2.jpg"},{"@type":"WebPage","@id":"https:\/\/www.visit-ulcinj.com\/blog\/2009\/03\/14\/aida-troka-nuk-ka-me-te-forte-se-une\/#webpage","url":"https:\/\/www.visit-ulcinj.com\/blog\/2009\/03\/14\/aida-troka-nuk-ka-me-te-forte-se-une\/","name":"Aida Troka : Nuk ka m\u00c3\u00ab t\u00c3\u00ab fort\u00c3\u00ab se un\u00c3\u00ab | Big Brother Albania 2","isPartOf":{"@id":"https:\/\/www.visit-ulcinj.com\/blog\/#website"},"primaryImageOfPage":{"@id":"https:\/\/www.visit-ulcinj.com\/blog\/2009\/03\/14\/aida-troka-nuk-ka-me-te-forte-se-une\/#primaryimage"},"datePublished":"2009-03-14T13:05:25+00:00","dateModified":"2009-03-14T13:05:25+00:00","author":{"@id":"https:\/\/www.visit-ulcinj.com\/blog\/#\/schema\/person\/dcab619c614d3038751c63bc2aadc06d"},"description":"Big Brother Albania 2 - Aida u tregon nj\u00c3\u00ab fabul banor\u00c3\u00abve. Ata e d\u00c3\u00abgjojn\u00c3\u00ab me shum\u00c3\u00ab kureshtje. Fabula tregonte p\u00c3\u00abr nj\u00c3\u00ab mi i cili edhe pse k\u00c3\u00abrkoi shum\u00c3\u00ab t\u00c3\u00ab gjente se cili ishte m\u00c3\u00ab i forti","breadcrumb":{"@id":"https:\/\/www.visit-ulcinj.com\/blog\/2009\/03\/14\/aida-troka-nuk-ka-me-te-forte-se-une\/#breadcrumb"},"inLanguage":"en-US","potentialAction":[{"@type":"ReadAction","target":["https:\/\/www.visit-ulcinj.com\/blog\/2009\/03\/14\/aida-troka-nuk-ka-me-te-forte-se-une\/"]}]},{"@type":"BreadcrumbList","@id":"https:\/\/www.visit-ulcinj.com\/blog\/2009\/03\/14\/aida-troka-nuk-ka-me-te-forte-se-une\/#breadcrumb","itemListElement":[{"@type":"ListItem","position":1,"name":"Aida Troka : Nuk ka m\u00eb t\u00eb fort\u00eb se un\u00eb"}]},{"@type":"Person","@id":"https:\/\/www.visit-ulcinj.com\/blog\/#\/schema\/person\/dcab619c614d3038751c63bc2aadc06d","name":"ulqini","sameAs":["http:\/\/www.visit-ulcinj.com"],"url":"https:\/\/www.visit-ulcinj.com\/blog\/author\/admin\/"}]}},"jetpack_featured_media_url":"","jetpack_sharing_enabled":true,"jetpack_shortlink":"https:\/\/wp.me\/pe6lTn-3Gp","_links":{"self":[{"href":"https:\/\/www.visit-ulcinj.com\/blog\/wp-json\/wp\/v2\/posts\/14161"}],"collection":[{"href":"https:\/\/www.visit-ulcinj.com\/blog\/wp-json\/wp\/v2\/posts"}],"about":[{"href":"https:\/\/www.visit-ulcinj.com\/blog\/wp-json\/wp\/v2\/types\/post"}],"author":[{"embeddable":true,"href":"https:\/\/www.visit-ulcinj.com\/blog\/wp-json\/wp\/v2\/users\/1"}],"replies":[{"embeddable":true,"href":"https:\/\/www.visit-ulcinj.com\/blog\/wp-json\/wp\/v2\/comments?post=14161"}],"version-history":[{"count":0,"href":"https:\/\/www.visit-ulcinj.com\/blog\/wp-json\/wp\/v2\/posts\/14161\/revisions"}],"wp:attachment":[{"href":"https:\/\/www.visit-ulcinj.com\/blog\/wp-json\/wp\/v2\/media?parent=14161"}],"wp:term":[{"taxonomy":"category","embeddable":true,"href":"https:\/\/www.visit-ulcinj.com\/blog\/wp-json\/wp\/v2\/categories?post=14161"},{"taxonomy":"post_tag","embeddable":true,"href":"https:\/\/www.visit-ulcinj.com\/blog\/wp-json\/wp\/v2\/tags?post=14161"}],"curies":[{"name":"wp","href":"https:\/\/api.w.org\/{rel}","templated":true}]}}