{"id":14166,"date":"2009-03-14T14:09:54","date_gmt":"2009-03-14T13:09:54","guid":{"rendered":"http:\/\/www.visit-ulcinj.com\/blog\/?p=14166"},"modified":"2009-03-14T14:09:54","modified_gmt":"2009-03-14T13:09:54","slug":"adelajda-dhe-dritani-kete-jave-nuk-rrezikon","status":"publish","type":"post","link":"https:\/\/www.visit-ulcinj.com\/blog\/2009\/03\/14\/adelajda-dhe-dritani-kete-jave-nuk-rrezikon\/","title":{"rendered":"Adelajda dhe Dritani &#8211; K\u00ebt\u00eb jav\u00eb nuk rrezikon"},"content":{"rendered":"<p><em><span class=\"newsdate\"><a href=\"http:\/\/www.visit-ulcinj.com\/blog\/wp-content\/uploads\/2009\/03\/adela-tani-2.jpg\"><img loading=\"lazy\" class=\"alignleft size-full wp-image-14167\" title=\"adela-tani-big-brother-albania-2\" src=\"http:\/\/www.visit-ulcinj.com\/blog\/wp-content\/uploads\/2009\/03\/adela-tani-2.jpg\" alt=\"adela-tani-big-brother-albania-2\" width=\"300\" height=\"205\" \/><\/a>13\/03\/09 14:20<\/span><\/em><\/p>\n<p>Dritani dhe Adelajda b\u00ebjn\u00eb sh\u00ebtitje n\u00eb kop\u00ebsht. Ajo i thot\u00eb se m\u00eb n\u00eb fund u erdhi radha p\u00ebr t\u00eb ndenjur bashk\u00eb e p\u00ebr t\u00eb biseduar. Dritani i kujton se ajo ka q\u00ebn\u00eb e z\u00ebn\u00eb dhe k\u00ebt\u00eb e biseduan. Adela i thot\u00eb se i p\u00eblqen m\u00eb shum\u00eb t\u00eb bisedoj\u00eb me nj\u00eb nj\u00ebri nj\u00eb bised\u00eb serioze se sa t\u00eb luaj\u00eb me f\u00ebmij\u00ebt. Dritani e thot\u00eb se k\u00ebt\u00eb do ta ket\u00eb parasysh q\u00eb tani. Ai mendon se ajo \u00ebsht\u00eb mir\u00eb, p\u00ebr faktin e nominimit dhe se ajo nuk rrezikon. Adelajda mendon se ndoshta ajo nuk \u00ebsht\u00eb e keqja maksimale e k\u00ebsaj jave dhe nga kjo ndoshta \u00ebsht\u00eb mir\u00eb. Sipas saj, t\u00eb tjer\u00ebt mund ta ken\u00eb gabim mendimin se ajo nuk rrezikon k\u00ebt\u00eb jav\u00eb dhe k\u00ebtu p\u00ebrfshin Aid\u00ebn, Mesid\u00ebn, Bik\u00ebn edhe Moz\u00ebn. Dritani e pyet se n\u00ebse k\u00ebta q\u00eb i thon\u00eb k\u00ebshtu, n\u00ebse do ishin n\u00eb nominim bashk\u00eb me t\u00eb, a do ta thoshin prap\u00eb k\u00ebt\u00eb shprehje dhe Adela i p\u00ebrgjigjet se nuk e di. Dritani mendon se ato vet\u00ebm do ta sulmonin q\u00eb ajo t\u00eb dilte. Ajo i tregon Dritanit se Aida, shoqja e tij, i kishte th\u00ebn\u00eb se ajo ishte m\u00eb mir\u00eb nga t\u00eb tjer\u00ebt pasi i kan\u00eb b\u00ebr\u00eb reklam\u00eb dhe kjo e ndihmon shum\u00eb. Dritani e kund\u00ebrshton dhe i thot\u00eb se k\u00ebtu nuk ka shok\u00eb edhe shoqe sepse do vij\u00eb momenti ku do nominojn\u00eb njeri-tjetrin. Adela vazhdon t\u00eb tregoj\u00eb se Aida i kishte th\u00ebn\u00eb se n\u00ebse do ishte n\u00eb nominim me t\u00eb, do ia kishte frik\u00ebn. Ajo tregon se e kishte d\u00ebgjuar Aid\u00ebn t\u00eb fliste me Sorin dhe ajo i kishte th\u00ebn\u00eb se as atij, e as asnj\u00ebrit q\u00eb ishte n\u00eb nominim, nuk ia kishte frik\u00ebn p\u00ebr n\u00eb finale. Sori i kishte th\u00ebn\u00eb se ajo kishte b\u00ebr\u00eb gabim q\u00eb e kishte nxjerr\u00eb Pavlinin n\u00eb nominim dhe Aida ia kishte kthyer se e dinte se p\u00ebrse e donte ende Sori n\u00eb sht\u00ebpi Pavlinin, sepse ai ishte nj\u00eb person q\u00eb mund ta eleminonte kollaj m\u00eb von\u00eb. Adela i thot\u00eb Dritanit se kjo bised\u00eb nuk i p\u00eblqeu, iu duk hipokrizi dhe se loja ka p\u00ebr t\u2019i skarcuar t\u00eb gjith\u00eb me radh\u00eb e do t\u00eb vriten shum\u00eb kur t\u00eb p\u00ebrplasen me njeri-tjetrin. Dritani i thot\u00eb se sulmet do t\u2019u vijn\u00eb nga t\u00eb kat\u00ebrta an\u00ebt por, Adela thot\u00eb se do t\u2019i vinte keq n\u00ebse do ta sulmonte dikush q\u00eb nuk e pret. Dritani i tregon asaj se ai po rri i t\u00ebrhequr dhe i heshtur sepse po i ndryshon mendimi nga java n\u00eb jav\u00eb p\u00ebr banor\u00ebt, kurse Adela i tregon se ajo ka ende shum\u00eb p\u00ebr t\u00eb treguar nga vetja dhe nuk \u00ebsht\u00eb vet\u00ebm raporti q\u00eb ka krijuar me Moz\u00ebn dhe Bjordin. Dritani i thot\u00eb se k\u00ebt\u00eb duhet t\u2019ia thot\u00eb Zhuljet\u00ebs ose ndonj\u00eb tjetri sepse ai po e kupton at\u00eb dhe p\u00ebr k\u00ebt\u00eb nuk i ka th\u00ebn\u00eb asgj\u00eb gjat\u00eb gjith\u00eb jav\u00ebs.<\/p>\n","protected":false},"excerpt":{"rendered":"<p>13\/03\/09 14:20 Dritani dhe Adelajda b\u00ebjn\u00eb sh\u00ebtitje n\u00eb kop\u00ebsht. Ajo i thot\u00eb se m\u00eb n\u00eb fund u erdhi radha p\u00ebr t\u00eb ndenjur bashk\u00eb e p\u00ebr t\u00eb biseduar. Dritani i kujton se ajo ka q\u00ebn\u00eb e z\u00ebn\u00eb dhe k\u00ebt\u00eb e biseduan. Adela i thot\u00eb se i p\u00eblqen m\u00eb shum\u00eb t\u00eb bisedoj\u00eb me nj\u00eb nj\u00ebri nj\u00eb bised\u00eb [&hellip;]<\/p>\n","protected":false},"author":1,"featured_media":0,"comment_status":"open","ping_status":"closed","sticky":false,"template":"","format":"standard","meta":{"spay_email":"","jetpack_publicize_message":"","jetpack_is_tweetstorm":false,"jetpack_publicize_feature_enabled":true},"categories":[6502],"tags":[6529,6883,6516,6712,7916,7934,6891],"jetpack_publicize_connections":[],"yoast_head":"<!-- This site is optimized with the Yoast SEO plugin v19.1 - https:\/\/yoast.com\/wordpress\/plugins\/seo\/ -->\n<title>Adelajda dhe Dritani - K\u00c3\u00abt\u00c3\u00ab jav\u00c3\u00ab nuk rrezikon | Big Brother Albania 2<\/title>\n<meta name=\"description\" content=\"Big Brother Albania 2 - Dritani dhe Adelajda b\u00c3\u00abjn\u00c3\u00ab sh\u00c3\u00abtitje n\u00c3\u00ab kop\u00c3\u00absht. Ajo i thot\u00c3\u00ab se m\u00c3\u00ab n\u00c3\u00ab fund u erdhi radha p\u00c3\u00abr t\u00c3\u00ab ndenjur bashk\u00c3\u00ab e p\u00c3\u00abr t\u00c3\u00ab biseduar.\" \/>\n<meta name=\"robots\" content=\"index, follow, max-snippet:-1, max-image-preview:large, max-video-preview:-1\" \/>\n<link rel=\"canonical\" href=\"https:\/\/www.visit-ulcinj.com\/blog\/2009\/03\/14\/adelajda-dhe-dritani-kete-jave-nuk-rrezikon\/\" \/>\n<meta property=\"og:locale\" content=\"en_US\" \/>\n<meta property=\"og:type\" content=\"article\" \/>\n<meta property=\"og:title\" content=\"Adelajda dhe Dritani - K\u00c3\u00abt\u00c3\u00ab jav\u00c3\u00ab nuk rrezikon | Big Brother Albania 2\" \/>\n<meta property=\"og:description\" content=\"Big Brother Albania 2 - Dritani dhe Adelajda b\u00c3\u00abjn\u00c3\u00ab sh\u00c3\u00abtitje n\u00c3\u00ab kop\u00c3\u00absht. Ajo i thot\u00c3\u00ab se m\u00c3\u00ab n\u00c3\u00ab fund u erdhi radha p\u00c3\u00abr t\u00c3\u00ab ndenjur bashk\u00c3\u00ab e p\u00c3\u00abr t\u00c3\u00ab biseduar.\" \/>\n<meta property=\"og:url\" content=\"https:\/\/www.visit-ulcinj.com\/blog\/2009\/03\/14\/adelajda-dhe-dritani-kete-jave-nuk-rrezikon\/\" \/>\n<meta property=\"og:site_name\" content=\"Lajme nga Ulqini\" \/>\n<meta property=\"article:published_time\" content=\"2009-03-14T13:09:54+00:00\" \/>\n<meta property=\"og:image\" content=\"http:\/\/www.visit-ulcinj.com\/blog\/wp-content\/uploads\/2009\/03\/adela-tani-2.jpg\" \/>\n<meta name=\"twitter:label1\" content=\"Written by\" \/>\n\t<meta name=\"twitter:data1\" content=\"ulqini\" \/>\n\t<meta name=\"twitter:label2\" content=\"Est. reading time\" \/>\n\t<meta name=\"twitter:data2\" content=\"3 minutes\" \/>\n<script type=\"application\/ld+json\" class=\"yoast-schema-graph\">{\"@context\":\"https:\/\/schema.org\",\"@graph\":[{\"@type\":\"WebSite\",\"@id\":\"https:\/\/www.visit-ulcinj.com\/blog\/#website\",\"url\":\"https:\/\/www.visit-ulcinj.com\/blog\/\",\"name\":\"Lajme nga Ulqini\",\"description\":\"Lajme,Vijesti,Ulqini,Ulqin,Crna Gora,Mali i Zi\",\"potentialAction\":[{\"@type\":\"SearchAction\",\"target\":{\"@type\":\"EntryPoint\",\"urlTemplate\":\"https:\/\/www.visit-ulcinj.com\/blog\/?s={search_term_string}\"},\"query-input\":\"required name=search_term_string\"}],\"inLanguage\":\"en-US\"},{\"@type\":\"ImageObject\",\"inLanguage\":\"en-US\",\"@id\":\"https:\/\/www.visit-ulcinj.com\/blog\/2009\/03\/14\/adelajda-dhe-dritani-kete-jave-nuk-rrezikon\/#primaryimage\",\"url\":\"http:\/\/www.visit-ulcinj.com\/blog\/wp-content\/uploads\/2009\/03\/adela-tani-2.jpg\",\"contentUrl\":\"http:\/\/www.visit-ulcinj.com\/blog\/wp-content\/uploads\/2009\/03\/adela-tani-2.jpg\"},{\"@type\":\"WebPage\",\"@id\":\"https:\/\/www.visit-ulcinj.com\/blog\/2009\/03\/14\/adelajda-dhe-dritani-kete-jave-nuk-rrezikon\/#webpage\",\"url\":\"https:\/\/www.visit-ulcinj.com\/blog\/2009\/03\/14\/adelajda-dhe-dritani-kete-jave-nuk-rrezikon\/\",\"name\":\"Adelajda dhe Dritani - K\u00c3\u00abt\u00c3\u00ab jav\u00c3\u00ab nuk rrezikon | Big Brother Albania 2\",\"isPartOf\":{\"@id\":\"https:\/\/www.visit-ulcinj.com\/blog\/#website\"},\"primaryImageOfPage\":{\"@id\":\"https:\/\/www.visit-ulcinj.com\/blog\/2009\/03\/14\/adelajda-dhe-dritani-kete-jave-nuk-rrezikon\/#primaryimage\"},\"datePublished\":\"2009-03-14T13:09:54+00:00\",\"dateModified\":\"2009-03-14T13:09:54+00:00\",\"author\":{\"@id\":\"https:\/\/www.visit-ulcinj.com\/blog\/#\/schema\/person\/dcab619c614d3038751c63bc2aadc06d\"},\"description\":\"Big Brother Albania 2 - Dritani dhe Adelajda b\u00c3\u00abjn\u00c3\u00ab sh\u00c3\u00abtitje n\u00c3\u00ab kop\u00c3\u00absht. Ajo i thot\u00c3\u00ab se m\u00c3\u00ab n\u00c3\u00ab fund u erdhi radha p\u00c3\u00abr t\u00c3\u00ab ndenjur bashk\u00c3\u00ab e p\u00c3\u00abr t\u00c3\u00ab biseduar.\",\"breadcrumb\":{\"@id\":\"https:\/\/www.visit-ulcinj.com\/blog\/2009\/03\/14\/adelajda-dhe-dritani-kete-jave-nuk-rrezikon\/#breadcrumb\"},\"inLanguage\":\"en-US\",\"potentialAction\":[{\"@type\":\"ReadAction\",\"target\":[\"https:\/\/www.visit-ulcinj.com\/blog\/2009\/03\/14\/adelajda-dhe-dritani-kete-jave-nuk-rrezikon\/\"]}]},{\"@type\":\"BreadcrumbList\",\"@id\":\"https:\/\/www.visit-ulcinj.com\/blog\/2009\/03\/14\/adelajda-dhe-dritani-kete-jave-nuk-rrezikon\/#breadcrumb\",\"itemListElement\":[{\"@type\":\"ListItem\",\"position\":1,\"name\":\"Adelajda dhe Dritani &#8211; K\u00ebt\u00eb jav\u00eb nuk rrezikon\"}]},{\"@type\":\"Person\",\"@id\":\"https:\/\/www.visit-ulcinj.com\/blog\/#\/schema\/person\/dcab619c614d3038751c63bc2aadc06d\",\"name\":\"ulqini\",\"sameAs\":[\"http:\/\/www.visit-ulcinj.com\"],\"url\":\"https:\/\/www.visit-ulcinj.com\/blog\/author\/admin\/\"}]}<\/script>\n<!-- \/ Yoast SEO plugin. -->","yoast_head_json":{"title":"Adelajda dhe Dritani - K\u00c3\u00abt\u00c3\u00ab jav\u00c3\u00ab nuk rrezikon | Big Brother Albania 2","description":"Big Brother Albania 2 - Dritani dhe Adelajda b\u00c3\u00abjn\u00c3\u00ab sh\u00c3\u00abtitje n\u00c3\u00ab kop\u00c3\u00absht. Ajo i thot\u00c3\u00ab se m\u00c3\u00ab n\u00c3\u00ab fund u erdhi radha p\u00c3\u00abr t\u00c3\u00ab ndenjur bashk\u00c3\u00ab e p\u00c3\u00abr t\u00c3\u00ab biseduar.","robots":{"index":"index","follow":"follow","max-snippet":"max-snippet:-1","max-image-preview":"max-image-preview:large","max-video-preview":"max-video-preview:-1"},"canonical":"https:\/\/www.visit-ulcinj.com\/blog\/2009\/03\/14\/adelajda-dhe-dritani-kete-jave-nuk-rrezikon\/","og_locale":"en_US","og_type":"article","og_title":"Adelajda dhe Dritani - K\u00c3\u00abt\u00c3\u00ab jav\u00c3\u00ab nuk rrezikon | Big Brother Albania 2","og_description":"Big Brother Albania 2 - Dritani dhe Adelajda b\u00c3\u00abjn\u00c3\u00ab sh\u00c3\u00abtitje n\u00c3\u00ab kop\u00c3\u00absht. Ajo i thot\u00c3\u00ab se m\u00c3\u00ab n\u00c3\u00ab fund u erdhi radha p\u00c3\u00abr t\u00c3\u00ab ndenjur bashk\u00c3\u00ab e p\u00c3\u00abr t\u00c3\u00ab biseduar.","og_url":"https:\/\/www.visit-ulcinj.com\/blog\/2009\/03\/14\/adelajda-dhe-dritani-kete-jave-nuk-rrezikon\/","og_site_name":"Lajme nga Ulqini","article_published_time":"2009-03-14T13:09:54+00:00","og_image":[{"url":"http:\/\/www.visit-ulcinj.com\/blog\/wp-content\/uploads\/2009\/03\/adela-tani-2.jpg"}],"twitter_misc":{"Written by":"ulqini","Est. reading time":"3 minutes"},"schema":{"@context":"https:\/\/schema.org","@graph":[{"@type":"WebSite","@id":"https:\/\/www.visit-ulcinj.com\/blog\/#website","url":"https:\/\/www.visit-ulcinj.com\/blog\/","name":"Lajme nga Ulqini","description":"Lajme,Vijesti,Ulqini,Ulqin,Crna Gora,Mali i Zi","potentialAction":[{"@type":"SearchAction","target":{"@type":"EntryPoint","urlTemplate":"https:\/\/www.visit-ulcinj.com\/blog\/?s={search_term_string}"},"query-input":"required name=search_term_string"}],"inLanguage":"en-US"},{"@type":"ImageObject","inLanguage":"en-US","@id":"https:\/\/www.visit-ulcinj.com\/blog\/2009\/03\/14\/adelajda-dhe-dritani-kete-jave-nuk-rrezikon\/#primaryimage","url":"http:\/\/www.visit-ulcinj.com\/blog\/wp-content\/uploads\/2009\/03\/adela-tani-2.jpg","contentUrl":"http:\/\/www.visit-ulcinj.com\/blog\/wp-content\/uploads\/2009\/03\/adela-tani-2.jpg"},{"@type":"WebPage","@id":"https:\/\/www.visit-ulcinj.com\/blog\/2009\/03\/14\/adelajda-dhe-dritani-kete-jave-nuk-rrezikon\/#webpage","url":"https:\/\/www.visit-ulcinj.com\/blog\/2009\/03\/14\/adelajda-dhe-dritani-kete-jave-nuk-rrezikon\/","name":"Adelajda dhe Dritani - K\u00c3\u00abt\u00c3\u00ab jav\u00c3\u00ab nuk rrezikon | Big Brother Albania 2","isPartOf":{"@id":"https:\/\/www.visit-ulcinj.com\/blog\/#website"},"primaryImageOfPage":{"@id":"https:\/\/www.visit-ulcinj.com\/blog\/2009\/03\/14\/adelajda-dhe-dritani-kete-jave-nuk-rrezikon\/#primaryimage"},"datePublished":"2009-03-14T13:09:54+00:00","dateModified":"2009-03-14T13:09:54+00:00","author":{"@id":"https:\/\/www.visit-ulcinj.com\/blog\/#\/schema\/person\/dcab619c614d3038751c63bc2aadc06d"},"description":"Big Brother Albania 2 - Dritani dhe Adelajda b\u00c3\u00abjn\u00c3\u00ab sh\u00c3\u00abtitje n\u00c3\u00ab kop\u00c3\u00absht. Ajo i thot\u00c3\u00ab se m\u00c3\u00ab n\u00c3\u00ab fund u erdhi radha p\u00c3\u00abr t\u00c3\u00ab ndenjur bashk\u00c3\u00ab e p\u00c3\u00abr t\u00c3\u00ab biseduar.","breadcrumb":{"@id":"https:\/\/www.visit-ulcinj.com\/blog\/2009\/03\/14\/adelajda-dhe-dritani-kete-jave-nuk-rrezikon\/#breadcrumb"},"inLanguage":"en-US","potentialAction":[{"@type":"ReadAction","target":["https:\/\/www.visit-ulcinj.com\/blog\/2009\/03\/14\/adelajda-dhe-dritani-kete-jave-nuk-rrezikon\/"]}]},{"@type":"BreadcrumbList","@id":"https:\/\/www.visit-ulcinj.com\/blog\/2009\/03\/14\/adelajda-dhe-dritani-kete-jave-nuk-rrezikon\/#breadcrumb","itemListElement":[{"@type":"ListItem","position":1,"name":"Adelajda dhe Dritani &#8211; K\u00ebt\u00eb jav\u00eb nuk rrezikon"}]},{"@type":"Person","@id":"https:\/\/www.visit-ulcinj.com\/blog\/#\/schema\/person\/dcab619c614d3038751c63bc2aadc06d","name":"ulqini","sameAs":["http:\/\/www.visit-ulcinj.com"],"url":"https:\/\/www.visit-ulcinj.com\/blog\/author\/admin\/"}]}},"jetpack_featured_media_url":"","jetpack_sharing_enabled":true,"jetpack_shortlink":"https:\/\/wp.me\/pe6lTn-3Gu","_links":{"self":[{"href":"https:\/\/www.visit-ulcinj.com\/blog\/wp-json\/wp\/v2\/posts\/14166"}],"collection":[{"href":"https:\/\/www.visit-ulcinj.com\/blog\/wp-json\/wp\/v2\/posts"}],"about":[{"href":"https:\/\/www.visit-ulcinj.com\/blog\/wp-json\/wp\/v2\/types\/post"}],"author":[{"embeddable":true,"href":"https:\/\/www.visit-ulcinj.com\/blog\/wp-json\/wp\/v2\/users\/1"}],"replies":[{"embeddable":true,"href":"https:\/\/www.visit-ulcinj.com\/blog\/wp-json\/wp\/v2\/comments?post=14166"}],"version-history":[{"count":0,"href":"https:\/\/www.visit-ulcinj.com\/blog\/wp-json\/wp\/v2\/posts\/14166\/revisions"}],"wp:attachment":[{"href":"https:\/\/www.visit-ulcinj.com\/blog\/wp-json\/wp\/v2\/media?parent=14166"}],"wp:term":[{"taxonomy":"category","embeddable":true,"href":"https:\/\/www.visit-ulcinj.com\/blog\/wp-json\/wp\/v2\/categories?post=14166"},{"taxonomy":"post_tag","embeddable":true,"href":"https:\/\/www.visit-ulcinj.com\/blog\/wp-json\/wp\/v2\/tags?post=14166"}],"curies":[{"name":"wp","href":"https:\/\/api.w.org\/{rel}","templated":true}]}}