{"id":14172,"date":"2009-03-14T14:14:48","date_gmt":"2009-03-14T13:14:48","guid":{"rendered":"http:\/\/www.visit-ulcinj.com\/blog\/?p=14172"},"modified":"2009-03-14T14:14:48","modified_gmt":"2009-03-14T13:14:48","slug":"arjon-do-dale-lirita","status":"publish","type":"post","link":"https:\/\/www.visit-ulcinj.com\/blog\/2009\/03\/14\/arjon-do-dale-lirita\/","title":{"rendered":"Arjon: Do dal\u00eb Lirita"},"content":{"rendered":"<p><em><span class=\"newsdate\"><a href=\"http:\/\/www.visit-ulcinj.com\/blog\/wp-content\/uploads\/2009\/03\/arjoni-dhe-lirita.jpg\"><img loading=\"lazy\" class=\"alignleft size-full wp-image-14173\" title=\"arjoni-dhe-lirita-big-brother-albania\" src=\"http:\/\/www.visit-ulcinj.com\/blog\/wp-content\/uploads\/2009\/03\/arjoni-dhe-lirita.jpg\" alt=\"arjoni-dhe-lirita-big-brother-albania\" width=\"300\" height=\"205\" \/><\/a>13\/03\/09 16:24<\/span><\/em><\/p>\n<p>Arjoni dhe Lirita diskutojn\u00eb n\u00eb lidhje me t\u00eb shtun\u00ebn. Arjoni mendon q\u00eb personi q\u00eb do dal\u00eb nga sht\u00ebpia \u00ebsht\u00eb Lirita dhe j`a shpreh k\u00ebt\u00eb gj\u00eb asaj. Ajo i thot\u00eb q\u00eb edhe n\u00ebse del ajo nuk m\u00ebrzitet, pasi ka shum\u00eb persona q\u00eb e presin jasht\u00eb. Ai i thot\u00eb:-\u201cE di q\u00eb \u00ebsht\u00eb e fort\u00eb si shprehje,por un\u00eb k\u00ebshtu e mendoj!\u201d Arjoni mundohet t\u00eb shpjegoj\u00eb arsyen q\u00eb pse ai mendon q\u00eb do dal\u00eb ajo. Ai i thot\u00eb q\u00eb Adela dhe Zhuljeta e kan\u00eb kaluar nj\u00ebher\u00eb faz\u00ebn e nominimit nd\u00ebrsa p\u00ebr Qetsorin ai mendon q\u00eb \u00ebsht\u00eb nj\u00eb konkurent shum\u00eb i fort\u00eb. Lirita i thot\u00eb q\u00eb ajo e pret k\u00ebt\u00eb gj\u00eb, pasi nj\u00eb dit\u00eb do t\u00eb ndodh\u00eb q\u00eb ajo do dal\u00eb.<\/p>\n","protected":false},"excerpt":{"rendered":"<p>13\/03\/09 16:24 Arjoni dhe Lirita diskutojn\u00eb n\u00eb lidhje me t\u00eb shtun\u00ebn. Arjoni mendon q\u00eb personi q\u00eb do dal\u00eb nga sht\u00ebpia \u00ebsht\u00eb Lirita dhe j`a shpreh k\u00ebt\u00eb gj\u00eb asaj. Ajo i thot\u00eb q\u00eb edhe n\u00ebse del ajo nuk m\u00ebrzitet, pasi ka shum\u00eb persona q\u00eb e presin jasht\u00eb. Ai i thot\u00eb:-\u201cE di q\u00eb \u00ebsht\u00eb e fort\u00eb si [&hellip;]<\/p>\n","protected":false},"author":1,"featured_media":0,"comment_status":"open","ping_status":"closed","sticky":false,"template":"","format":"standard","meta":{"spay_email":"","jetpack_publicize_message":"","jetpack_is_tweetstorm":false,"jetpack_publicize_feature_enabled":true},"categories":[6502],"tags":[6525,7937,6883,6516,6712,6542,6891],"jetpack_publicize_connections":[],"yoast_head":"<!-- This site is optimized with the Yoast SEO plugin v19.1 - https:\/\/yoast.com\/wordpress\/plugins\/seo\/ -->\n<title>Arjon: Do dal\u00c3\u00ab Lirita | Big Brother Albania 2<\/title>\n<meta name=\"description\" content=\"Big Brother Albania 2 - Arjoni dhe Lirita diskutojn\u00c3\u00ab n\u00c3\u00ab lidhje me t\u00c3\u00ab shtun\u00c3\u00abn. Arjoni mendon q\u00c3\u00ab personi q\u00c3\u00ab do dal\u00c3\u00ab nga sht\u00c3\u00abpia \u00c3\u00absht\u00c3\u00ab Lirita dhe j`a shpreh k\u00c3\u00abt\u00c3\u00ab gj\u00c3\u00ab asaj.\" \/>\n<meta name=\"robots\" content=\"index, follow, max-snippet:-1, max-image-preview:large, max-video-preview:-1\" \/>\n<link rel=\"canonical\" href=\"https:\/\/www.visit-ulcinj.com\/blog\/2009\/03\/14\/arjon-do-dale-lirita\/\" \/>\n<meta property=\"og:locale\" content=\"en_US\" \/>\n<meta property=\"og:type\" content=\"article\" \/>\n<meta property=\"og:title\" content=\"Arjon: Do dal\u00c3\u00ab Lirita | Big Brother Albania 2\" \/>\n<meta property=\"og:description\" content=\"Big Brother Albania 2 - Arjoni dhe Lirita diskutojn\u00c3\u00ab n\u00c3\u00ab lidhje me t\u00c3\u00ab shtun\u00c3\u00abn. Arjoni mendon q\u00c3\u00ab personi q\u00c3\u00ab do dal\u00c3\u00ab nga sht\u00c3\u00abpia \u00c3\u00absht\u00c3\u00ab Lirita dhe j`a shpreh k\u00c3\u00abt\u00c3\u00ab gj\u00c3\u00ab asaj.\" \/>\n<meta property=\"og:url\" content=\"https:\/\/www.visit-ulcinj.com\/blog\/2009\/03\/14\/arjon-do-dale-lirita\/\" \/>\n<meta property=\"og:site_name\" content=\"Lajme nga Ulqini\" \/>\n<meta property=\"article:published_time\" content=\"2009-03-14T13:14:48+00:00\" \/>\n<meta property=\"og:image\" content=\"http:\/\/www.visit-ulcinj.com\/blog\/wp-content\/uploads\/2009\/03\/arjoni-dhe-lirita.jpg\" \/>\n<meta name=\"twitter:label1\" content=\"Written by\" \/>\n\t<meta name=\"twitter:data1\" content=\"ulqini\" \/>\n\t<meta name=\"twitter:label2\" content=\"Est. reading time\" \/>\n\t<meta name=\"twitter:data2\" content=\"1 minute\" \/>\n<script type=\"application\/ld+json\" class=\"yoast-schema-graph\">{\"@context\":\"https:\/\/schema.org\",\"@graph\":[{\"@type\":\"WebSite\",\"@id\":\"https:\/\/www.visit-ulcinj.com\/blog\/#website\",\"url\":\"https:\/\/www.visit-ulcinj.com\/blog\/\",\"name\":\"Lajme nga Ulqini\",\"description\":\"Lajme,Vijesti,Ulqini,Ulqin,Crna Gora,Mali i Zi\",\"potentialAction\":[{\"@type\":\"SearchAction\",\"target\":{\"@type\":\"EntryPoint\",\"urlTemplate\":\"https:\/\/www.visit-ulcinj.com\/blog\/?s={search_term_string}\"},\"query-input\":\"required name=search_term_string\"}],\"inLanguage\":\"en-US\"},{\"@type\":\"ImageObject\",\"inLanguage\":\"en-US\",\"@id\":\"https:\/\/www.visit-ulcinj.com\/blog\/2009\/03\/14\/arjon-do-dale-lirita\/#primaryimage\",\"url\":\"http:\/\/www.visit-ulcinj.com\/blog\/wp-content\/uploads\/2009\/03\/arjoni-dhe-lirita.jpg\",\"contentUrl\":\"http:\/\/www.visit-ulcinj.com\/blog\/wp-content\/uploads\/2009\/03\/arjoni-dhe-lirita.jpg\"},{\"@type\":\"WebPage\",\"@id\":\"https:\/\/www.visit-ulcinj.com\/blog\/2009\/03\/14\/arjon-do-dale-lirita\/#webpage\",\"url\":\"https:\/\/www.visit-ulcinj.com\/blog\/2009\/03\/14\/arjon-do-dale-lirita\/\",\"name\":\"Arjon: Do dal\u00c3\u00ab Lirita | Big Brother Albania 2\",\"isPartOf\":{\"@id\":\"https:\/\/www.visit-ulcinj.com\/blog\/#website\"},\"primaryImageOfPage\":{\"@id\":\"https:\/\/www.visit-ulcinj.com\/blog\/2009\/03\/14\/arjon-do-dale-lirita\/#primaryimage\"},\"datePublished\":\"2009-03-14T13:14:48+00:00\",\"dateModified\":\"2009-03-14T13:14:48+00:00\",\"author\":{\"@id\":\"https:\/\/www.visit-ulcinj.com\/blog\/#\/schema\/person\/dcab619c614d3038751c63bc2aadc06d\"},\"description\":\"Big Brother Albania 2 - Arjoni dhe Lirita diskutojn\u00c3\u00ab n\u00c3\u00ab lidhje me t\u00c3\u00ab shtun\u00c3\u00abn. Arjoni mendon q\u00c3\u00ab personi q\u00c3\u00ab do dal\u00c3\u00ab nga sht\u00c3\u00abpia \u00c3\u00absht\u00c3\u00ab Lirita dhe j`a shpreh k\u00c3\u00abt\u00c3\u00ab gj\u00c3\u00ab asaj.\",\"breadcrumb\":{\"@id\":\"https:\/\/www.visit-ulcinj.com\/blog\/2009\/03\/14\/arjon-do-dale-lirita\/#breadcrumb\"},\"inLanguage\":\"en-US\",\"potentialAction\":[{\"@type\":\"ReadAction\",\"target\":[\"https:\/\/www.visit-ulcinj.com\/blog\/2009\/03\/14\/arjon-do-dale-lirita\/\"]}]},{\"@type\":\"BreadcrumbList\",\"@id\":\"https:\/\/www.visit-ulcinj.com\/blog\/2009\/03\/14\/arjon-do-dale-lirita\/#breadcrumb\",\"itemListElement\":[{\"@type\":\"ListItem\",\"position\":1,\"name\":\"Arjon: Do dal\u00eb Lirita\"}]},{\"@type\":\"Person\",\"@id\":\"https:\/\/www.visit-ulcinj.com\/blog\/#\/schema\/person\/dcab619c614d3038751c63bc2aadc06d\",\"name\":\"ulqini\",\"sameAs\":[\"http:\/\/www.visit-ulcinj.com\"],\"url\":\"https:\/\/www.visit-ulcinj.com\/blog\/author\/admin\/\"}]}<\/script>\n<!-- \/ Yoast SEO plugin. -->","yoast_head_json":{"title":"Arjon: Do dal\u00c3\u00ab Lirita | Big Brother Albania 2","description":"Big Brother Albania 2 - Arjoni dhe Lirita diskutojn\u00c3\u00ab n\u00c3\u00ab lidhje me t\u00c3\u00ab shtun\u00c3\u00abn. Arjoni mendon q\u00c3\u00ab personi q\u00c3\u00ab do dal\u00c3\u00ab nga sht\u00c3\u00abpia \u00c3\u00absht\u00c3\u00ab Lirita dhe j`a shpreh k\u00c3\u00abt\u00c3\u00ab gj\u00c3\u00ab asaj.","robots":{"index":"index","follow":"follow","max-snippet":"max-snippet:-1","max-image-preview":"max-image-preview:large","max-video-preview":"max-video-preview:-1"},"canonical":"https:\/\/www.visit-ulcinj.com\/blog\/2009\/03\/14\/arjon-do-dale-lirita\/","og_locale":"en_US","og_type":"article","og_title":"Arjon: Do dal\u00c3\u00ab Lirita | Big Brother Albania 2","og_description":"Big Brother Albania 2 - Arjoni dhe Lirita diskutojn\u00c3\u00ab n\u00c3\u00ab lidhje me t\u00c3\u00ab shtun\u00c3\u00abn. Arjoni mendon q\u00c3\u00ab personi q\u00c3\u00ab do dal\u00c3\u00ab nga sht\u00c3\u00abpia \u00c3\u00absht\u00c3\u00ab Lirita dhe j`a shpreh k\u00c3\u00abt\u00c3\u00ab gj\u00c3\u00ab asaj.","og_url":"https:\/\/www.visit-ulcinj.com\/blog\/2009\/03\/14\/arjon-do-dale-lirita\/","og_site_name":"Lajme nga Ulqini","article_published_time":"2009-03-14T13:14:48+00:00","og_image":[{"url":"http:\/\/www.visit-ulcinj.com\/blog\/wp-content\/uploads\/2009\/03\/arjoni-dhe-lirita.jpg"}],"twitter_misc":{"Written by":"ulqini","Est. reading time":"1 minute"},"schema":{"@context":"https:\/\/schema.org","@graph":[{"@type":"WebSite","@id":"https:\/\/www.visit-ulcinj.com\/blog\/#website","url":"https:\/\/www.visit-ulcinj.com\/blog\/","name":"Lajme nga Ulqini","description":"Lajme,Vijesti,Ulqini,Ulqin,Crna Gora,Mali i Zi","potentialAction":[{"@type":"SearchAction","target":{"@type":"EntryPoint","urlTemplate":"https:\/\/www.visit-ulcinj.com\/blog\/?s={search_term_string}"},"query-input":"required name=search_term_string"}],"inLanguage":"en-US"},{"@type":"ImageObject","inLanguage":"en-US","@id":"https:\/\/www.visit-ulcinj.com\/blog\/2009\/03\/14\/arjon-do-dale-lirita\/#primaryimage","url":"http:\/\/www.visit-ulcinj.com\/blog\/wp-content\/uploads\/2009\/03\/arjoni-dhe-lirita.jpg","contentUrl":"http:\/\/www.visit-ulcinj.com\/blog\/wp-content\/uploads\/2009\/03\/arjoni-dhe-lirita.jpg"},{"@type":"WebPage","@id":"https:\/\/www.visit-ulcinj.com\/blog\/2009\/03\/14\/arjon-do-dale-lirita\/#webpage","url":"https:\/\/www.visit-ulcinj.com\/blog\/2009\/03\/14\/arjon-do-dale-lirita\/","name":"Arjon: Do dal\u00c3\u00ab Lirita | Big Brother Albania 2","isPartOf":{"@id":"https:\/\/www.visit-ulcinj.com\/blog\/#website"},"primaryImageOfPage":{"@id":"https:\/\/www.visit-ulcinj.com\/blog\/2009\/03\/14\/arjon-do-dale-lirita\/#primaryimage"},"datePublished":"2009-03-14T13:14:48+00:00","dateModified":"2009-03-14T13:14:48+00:00","author":{"@id":"https:\/\/www.visit-ulcinj.com\/blog\/#\/schema\/person\/dcab619c614d3038751c63bc2aadc06d"},"description":"Big Brother Albania 2 - Arjoni dhe Lirita diskutojn\u00c3\u00ab n\u00c3\u00ab lidhje me t\u00c3\u00ab shtun\u00c3\u00abn. Arjoni mendon q\u00c3\u00ab personi q\u00c3\u00ab do dal\u00c3\u00ab nga sht\u00c3\u00abpia \u00c3\u00absht\u00c3\u00ab Lirita dhe j`a shpreh k\u00c3\u00abt\u00c3\u00ab gj\u00c3\u00ab asaj.","breadcrumb":{"@id":"https:\/\/www.visit-ulcinj.com\/blog\/2009\/03\/14\/arjon-do-dale-lirita\/#breadcrumb"},"inLanguage":"en-US","potentialAction":[{"@type":"ReadAction","target":["https:\/\/www.visit-ulcinj.com\/blog\/2009\/03\/14\/arjon-do-dale-lirita\/"]}]},{"@type":"BreadcrumbList","@id":"https:\/\/www.visit-ulcinj.com\/blog\/2009\/03\/14\/arjon-do-dale-lirita\/#breadcrumb","itemListElement":[{"@type":"ListItem","position":1,"name":"Arjon: Do dal\u00eb Lirita"}]},{"@type":"Person","@id":"https:\/\/www.visit-ulcinj.com\/blog\/#\/schema\/person\/dcab619c614d3038751c63bc2aadc06d","name":"ulqini","sameAs":["http:\/\/www.visit-ulcinj.com"],"url":"https:\/\/www.visit-ulcinj.com\/blog\/author\/admin\/"}]}},"jetpack_featured_media_url":"","jetpack_sharing_enabled":true,"jetpack_shortlink":"https:\/\/wp.me\/pe6lTn-3GA","_links":{"self":[{"href":"https:\/\/www.visit-ulcinj.com\/blog\/wp-json\/wp\/v2\/posts\/14172"}],"collection":[{"href":"https:\/\/www.visit-ulcinj.com\/blog\/wp-json\/wp\/v2\/posts"}],"about":[{"href":"https:\/\/www.visit-ulcinj.com\/blog\/wp-json\/wp\/v2\/types\/post"}],"author":[{"embeddable":true,"href":"https:\/\/www.visit-ulcinj.com\/blog\/wp-json\/wp\/v2\/users\/1"}],"replies":[{"embeddable":true,"href":"https:\/\/www.visit-ulcinj.com\/blog\/wp-json\/wp\/v2\/comments?post=14172"}],"version-history":[{"count":0,"href":"https:\/\/www.visit-ulcinj.com\/blog\/wp-json\/wp\/v2\/posts\/14172\/revisions"}],"wp:attachment":[{"href":"https:\/\/www.visit-ulcinj.com\/blog\/wp-json\/wp\/v2\/media?parent=14172"}],"wp:term":[{"taxonomy":"category","embeddable":true,"href":"https:\/\/www.visit-ulcinj.com\/blog\/wp-json\/wp\/v2\/categories?post=14172"},{"taxonomy":"post_tag","embeddable":true,"href":"https:\/\/www.visit-ulcinj.com\/blog\/wp-json\/wp\/v2\/tags?post=14172"}],"curies":[{"name":"wp","href":"https:\/\/api.w.org\/{rel}","templated":true}]}}