{"id":14177,"date":"2009-03-14T14:24:16","date_gmt":"2009-03-14T13:24:16","guid":{"rendered":"http:\/\/www.visit-ulcinj.com\/blog\/?p=14177"},"modified":"2009-03-14T14:24:16","modified_gmt":"2009-03-14T13:24:16","slug":"arjoni-nuk-e-ndjej-veten-ne-faj","status":"publish","type":"post","link":"https:\/\/www.visit-ulcinj.com\/blog\/2009\/03\/14\/arjoni-nuk-e-ndjej-veten-ne-faj\/","title":{"rendered":"Arjoni: Nuk e ndjej veten n\u00eb faj"},"content":{"rendered":"<p><em><span class=\"newsdate\"><a href=\"http:\/\/www.visit-ulcinj.com\/blog\/wp-content\/uploads\/2009\/03\/arjoni1.jpg\"><img loading=\"lazy\" class=\"alignleft size-full wp-image-14178\" title=\"arjoni-big-brother-albania-2\" src=\"http:\/\/www.visit-ulcinj.com\/blog\/wp-content\/uploads\/2009\/03\/arjoni1.jpg\" alt=\"arjoni-big-brother-albania-2\" width=\"300\" height=\"205\" \/><\/a>13\/03\/09 18:05<\/span><\/em><\/p>\n<p>Lirita \u00ebsht\u00eb e m\u00ebrzitur me fjal\u00ebn q\u00eb i tha Arjoni dhe j`a shpreh k\u00ebt\u00eb gj\u00eb Aid\u00ebs.\u00a0<br \/>\nAida gjen momentin e p\u00ebrshtatsh\u00ebm dhe k\u00ebrkon t\u00eb sqarohet me Arjonin n\u00eb lidhje me \u201csinqeritetin\u201d e tij. Aida e pyet Arjonin se cilat ishin arsyet q\u00eb ai ishte shprehur n\u00eb at\u00eb form\u00eb me Lirit\u00ebn. Ai i thot\u00eb q\u00eb shprehu thjesht mendimin i tij. Aida e konsideron ofenduese,t\u00eb lig\u00eb dhe t\u00eb padrejt\u00eb veprimin e Arjonit ,dhe thot\u00eb q\u00eb i kishte ardhur keq kur e mori vesh q\u00eb dicka t\u00eb till\u00eb e kishte th\u00ebn\u00eb Arjoni. Arjoni i thot\u00eb q\u00eb nuk e kishte p\u00ebr q\u00ebllim q\u00eb t`a l\u00ebndonte Lirit\u00ebn. Sipas tij shum\u00eb banor\u00eb nuk i shprehin mendimet e tyre dhe atij nuk i p\u00eblqen kjo gj\u00eb. Ai shton se dhe Aida ka menduar se kush mund t\u00eb dal\u00eb nga kat\u00ebr personat, por ndoshta nuk e ka shprehur sipas tij. Aida i thot\u00eb q\u00eb ai nuk duhet t\u00eb tregohet egoist duke shprehur mendimin e tij aty kur nuk i k\u00ebrkohet, thjesht p\u00ebr faktin q\u00eb ai e mendon nj\u00eb gj\u00eb, pa marr\u00eb parasysh ndjenjat e tjetrit. Arjoni thot\u00eb:-\u201cNuk e ndjej veten n\u00eb faj!\u201d Ai thot\u00eb q\u00eb k\u00ebto fjal\u00eb mund t`ia thonte vet\u00eb Lirita pa patur nevoj\u00ebn e avokates mbrojt\u00ebse. Arjoni i thot\u00eb q\u00eb ata t\u00eb dy ndryshojn\u00eb nga nj\u00ebri-tjetri dhe thot\u00eb q\u00eb ai nuk \u00ebsht\u00eb tipi q\u00eb b\u00ebn lajka, por i thot\u00eb gj\u00ebrat n\u00eb sy. Aida dhe Arjoni debatojn\u00eb duke hedhur kunja me nj\u00ebri-tjetrin.<\/p>\n","protected":false},"excerpt":{"rendered":"<p>13\/03\/09 18:05 Lirita \u00ebsht\u00eb e m\u00ebrzitur me fjal\u00ebn q\u00eb i tha Arjoni dhe j`a shpreh k\u00ebt\u00eb gj\u00eb Aid\u00ebs.\u00a0 Aida gjen momentin e p\u00ebrshtatsh\u00ebm dhe k\u00ebrkon t\u00eb sqarohet me Arjonin n\u00eb lidhje me \u201csinqeritetin\u201d e tij. Aida e pyet Arjonin se cilat ishin arsyet q\u00eb ai ishte shprehur n\u00eb at\u00eb form\u00eb me Lirit\u00ebn. Ai i thot\u00eb [&hellip;]<\/p>\n","protected":false},"author":1,"featured_media":0,"comment_status":"open","ping_status":"closed","sticky":false,"template":"","format":"standard","meta":{"spay_email":"","jetpack_publicize_message":"","jetpack_is_tweetstorm":false,"jetpack_publicize_feature_enabled":true},"categories":[6502],"tags":[6525,7938,6883,6516,6712,6542,6891],"jetpack_publicize_connections":[],"yoast_head":"<!-- This site is optimized with the Yoast SEO plugin v19.1 - https:\/\/yoast.com\/wordpress\/plugins\/seo\/ -->\n<title>Arjoni: Nuk e ndjej veten n\u00c3\u00ab faj | Big Brother Albania 2<\/title>\n<meta name=\"description\" content=\"Big Brother Albania 2 - Lirita \u00c3\u00absht\u00c3\u00ab e m\u00c3\u00abrzitur me fjal\u00c3\u00abn q\u00c3\u00ab i tha Arjoni dhe j`a shpreh k\u00c3\u00abt\u00c3\u00ab gj\u00c3\u00ab Aid\u00c3\u00abs.  Aida gjen momentin e p\u00c3\u00abrshtatsh\u00c3\u00abm dhe k\u00c3\u00abrkon t\u00c3\u00ab sqarohet me Arjonin n\u00c3\u00ab lidhje me \u00e2\u20ac\u0153sinqeritetin\u00e2\u20ac\u009d e tij.\" \/>\n<meta name=\"robots\" content=\"index, follow, max-snippet:-1, max-image-preview:large, max-video-preview:-1\" \/>\n<link rel=\"canonical\" href=\"https:\/\/www.visit-ulcinj.com\/blog\/2009\/03\/14\/arjoni-nuk-e-ndjej-veten-ne-faj\/\" \/>\n<meta property=\"og:locale\" content=\"en_US\" \/>\n<meta property=\"og:type\" content=\"article\" \/>\n<meta property=\"og:title\" content=\"Arjoni: Nuk e ndjej veten n\u00c3\u00ab faj | Big Brother Albania 2\" \/>\n<meta property=\"og:description\" content=\"Big Brother Albania 2 - Lirita \u00c3\u00absht\u00c3\u00ab e m\u00c3\u00abrzitur me fjal\u00c3\u00abn q\u00c3\u00ab i tha Arjoni dhe j`a shpreh k\u00c3\u00abt\u00c3\u00ab gj\u00c3\u00ab Aid\u00c3\u00abs.  Aida gjen momentin e p\u00c3\u00abrshtatsh\u00c3\u00abm dhe k\u00c3\u00abrkon t\u00c3\u00ab sqarohet me Arjonin n\u00c3\u00ab lidhje me \u00e2\u20ac\u0153sinqeritetin\u00e2\u20ac\u009d e tij.\" \/>\n<meta property=\"og:url\" content=\"https:\/\/www.visit-ulcinj.com\/blog\/2009\/03\/14\/arjoni-nuk-e-ndjej-veten-ne-faj\/\" \/>\n<meta property=\"og:site_name\" content=\"Lajme nga Ulqini\" \/>\n<meta property=\"article:published_time\" content=\"2009-03-14T13:24:16+00:00\" \/>\n<meta property=\"og:image\" content=\"http:\/\/www.visit-ulcinj.com\/blog\/wp-content\/uploads\/2009\/03\/arjoni1.jpg\" \/>\n<meta name=\"twitter:label1\" content=\"Written by\" \/>\n\t<meta name=\"twitter:data1\" content=\"ulqini\" \/>\n\t<meta name=\"twitter:label2\" content=\"Est. reading time\" \/>\n\t<meta name=\"twitter:data2\" content=\"1 minute\" \/>\n<script type=\"application\/ld+json\" class=\"yoast-schema-graph\">{\"@context\":\"https:\/\/schema.org\",\"@graph\":[{\"@type\":\"WebSite\",\"@id\":\"https:\/\/www.visit-ulcinj.com\/blog\/#website\",\"url\":\"https:\/\/www.visit-ulcinj.com\/blog\/\",\"name\":\"Lajme nga Ulqini\",\"description\":\"Lajme,Vijesti,Ulqini,Ulqin,Crna Gora,Mali i Zi\",\"potentialAction\":[{\"@type\":\"SearchAction\",\"target\":{\"@type\":\"EntryPoint\",\"urlTemplate\":\"https:\/\/www.visit-ulcinj.com\/blog\/?s={search_term_string}\"},\"query-input\":\"required name=search_term_string\"}],\"inLanguage\":\"en-US\"},{\"@type\":\"ImageObject\",\"inLanguage\":\"en-US\",\"@id\":\"https:\/\/www.visit-ulcinj.com\/blog\/2009\/03\/14\/arjoni-nuk-e-ndjej-veten-ne-faj\/#primaryimage\",\"url\":\"http:\/\/www.visit-ulcinj.com\/blog\/wp-content\/uploads\/2009\/03\/arjoni1.jpg\",\"contentUrl\":\"http:\/\/www.visit-ulcinj.com\/blog\/wp-content\/uploads\/2009\/03\/arjoni1.jpg\"},{\"@type\":\"WebPage\",\"@id\":\"https:\/\/www.visit-ulcinj.com\/blog\/2009\/03\/14\/arjoni-nuk-e-ndjej-veten-ne-faj\/#webpage\",\"url\":\"https:\/\/www.visit-ulcinj.com\/blog\/2009\/03\/14\/arjoni-nuk-e-ndjej-veten-ne-faj\/\",\"name\":\"Arjoni: Nuk e ndjej veten n\u00c3\u00ab faj | Big Brother Albania 2\",\"isPartOf\":{\"@id\":\"https:\/\/www.visit-ulcinj.com\/blog\/#website\"},\"primaryImageOfPage\":{\"@id\":\"https:\/\/www.visit-ulcinj.com\/blog\/2009\/03\/14\/arjoni-nuk-e-ndjej-veten-ne-faj\/#primaryimage\"},\"datePublished\":\"2009-03-14T13:24:16+00:00\",\"dateModified\":\"2009-03-14T13:24:16+00:00\",\"author\":{\"@id\":\"https:\/\/www.visit-ulcinj.com\/blog\/#\/schema\/person\/dcab619c614d3038751c63bc2aadc06d\"},\"description\":\"Big Brother Albania 2 - Lirita \u00c3\u00absht\u00c3\u00ab e m\u00c3\u00abrzitur me fjal\u00c3\u00abn q\u00c3\u00ab i tha Arjoni dhe j`a shpreh k\u00c3\u00abt\u00c3\u00ab gj\u00c3\u00ab Aid\u00c3\u00abs. Aida gjen momentin e p\u00c3\u00abrshtatsh\u00c3\u00abm dhe k\u00c3\u00abrkon t\u00c3\u00ab sqarohet me Arjonin n\u00c3\u00ab lidhje me \u00e2\u20ac\u0153sinqeritetin\u00e2\u20ac\u009d e tij.\",\"breadcrumb\":{\"@id\":\"https:\/\/www.visit-ulcinj.com\/blog\/2009\/03\/14\/arjoni-nuk-e-ndjej-veten-ne-faj\/#breadcrumb\"},\"inLanguage\":\"en-US\",\"potentialAction\":[{\"@type\":\"ReadAction\",\"target\":[\"https:\/\/www.visit-ulcinj.com\/blog\/2009\/03\/14\/arjoni-nuk-e-ndjej-veten-ne-faj\/\"]}]},{\"@type\":\"BreadcrumbList\",\"@id\":\"https:\/\/www.visit-ulcinj.com\/blog\/2009\/03\/14\/arjoni-nuk-e-ndjej-veten-ne-faj\/#breadcrumb\",\"itemListElement\":[{\"@type\":\"ListItem\",\"position\":1,\"name\":\"Arjoni: Nuk e ndjej veten n\u00eb faj\"}]},{\"@type\":\"Person\",\"@id\":\"https:\/\/www.visit-ulcinj.com\/blog\/#\/schema\/person\/dcab619c614d3038751c63bc2aadc06d\",\"name\":\"ulqini\",\"sameAs\":[\"http:\/\/www.visit-ulcinj.com\"],\"url\":\"https:\/\/www.visit-ulcinj.com\/blog\/author\/admin\/\"}]}<\/script>\n<!-- \/ Yoast SEO plugin. -->","yoast_head_json":{"title":"Arjoni: Nuk e ndjej veten n\u00c3\u00ab faj | Big Brother Albania 2","description":"Big Brother Albania 2 - Lirita \u00c3\u00absht\u00c3\u00ab e m\u00c3\u00abrzitur me fjal\u00c3\u00abn q\u00c3\u00ab i tha Arjoni dhe j`a shpreh k\u00c3\u00abt\u00c3\u00ab gj\u00c3\u00ab Aid\u00c3\u00abs.  Aida gjen momentin e p\u00c3\u00abrshtatsh\u00c3\u00abm dhe k\u00c3\u00abrkon t\u00c3\u00ab sqarohet me Arjonin n\u00c3\u00ab lidhje me \u00e2\u20ac\u0153sinqeritetin\u00e2\u20ac\u009d e tij.","robots":{"index":"index","follow":"follow","max-snippet":"max-snippet:-1","max-image-preview":"max-image-preview:large","max-video-preview":"max-video-preview:-1"},"canonical":"https:\/\/www.visit-ulcinj.com\/blog\/2009\/03\/14\/arjoni-nuk-e-ndjej-veten-ne-faj\/","og_locale":"en_US","og_type":"article","og_title":"Arjoni: Nuk e ndjej veten n\u00c3\u00ab faj | Big Brother Albania 2","og_description":"Big Brother Albania 2 - Lirita \u00c3\u00absht\u00c3\u00ab e m\u00c3\u00abrzitur me fjal\u00c3\u00abn q\u00c3\u00ab i tha Arjoni dhe j`a shpreh k\u00c3\u00abt\u00c3\u00ab gj\u00c3\u00ab Aid\u00c3\u00abs.  Aida gjen momentin e p\u00c3\u00abrshtatsh\u00c3\u00abm dhe k\u00c3\u00abrkon t\u00c3\u00ab sqarohet me Arjonin n\u00c3\u00ab lidhje me \u00e2\u20ac\u0153sinqeritetin\u00e2\u20ac\u009d e tij.","og_url":"https:\/\/www.visit-ulcinj.com\/blog\/2009\/03\/14\/arjoni-nuk-e-ndjej-veten-ne-faj\/","og_site_name":"Lajme nga Ulqini","article_published_time":"2009-03-14T13:24:16+00:00","og_image":[{"url":"http:\/\/www.visit-ulcinj.com\/blog\/wp-content\/uploads\/2009\/03\/arjoni1.jpg"}],"twitter_misc":{"Written by":"ulqini","Est. reading time":"1 minute"},"schema":{"@context":"https:\/\/schema.org","@graph":[{"@type":"WebSite","@id":"https:\/\/www.visit-ulcinj.com\/blog\/#website","url":"https:\/\/www.visit-ulcinj.com\/blog\/","name":"Lajme nga Ulqini","description":"Lajme,Vijesti,Ulqini,Ulqin,Crna Gora,Mali i Zi","potentialAction":[{"@type":"SearchAction","target":{"@type":"EntryPoint","urlTemplate":"https:\/\/www.visit-ulcinj.com\/blog\/?s={search_term_string}"},"query-input":"required name=search_term_string"}],"inLanguage":"en-US"},{"@type":"ImageObject","inLanguage":"en-US","@id":"https:\/\/www.visit-ulcinj.com\/blog\/2009\/03\/14\/arjoni-nuk-e-ndjej-veten-ne-faj\/#primaryimage","url":"http:\/\/www.visit-ulcinj.com\/blog\/wp-content\/uploads\/2009\/03\/arjoni1.jpg","contentUrl":"http:\/\/www.visit-ulcinj.com\/blog\/wp-content\/uploads\/2009\/03\/arjoni1.jpg"},{"@type":"WebPage","@id":"https:\/\/www.visit-ulcinj.com\/blog\/2009\/03\/14\/arjoni-nuk-e-ndjej-veten-ne-faj\/#webpage","url":"https:\/\/www.visit-ulcinj.com\/blog\/2009\/03\/14\/arjoni-nuk-e-ndjej-veten-ne-faj\/","name":"Arjoni: Nuk e ndjej veten n\u00c3\u00ab faj | Big Brother Albania 2","isPartOf":{"@id":"https:\/\/www.visit-ulcinj.com\/blog\/#website"},"primaryImageOfPage":{"@id":"https:\/\/www.visit-ulcinj.com\/blog\/2009\/03\/14\/arjoni-nuk-e-ndjej-veten-ne-faj\/#primaryimage"},"datePublished":"2009-03-14T13:24:16+00:00","dateModified":"2009-03-14T13:24:16+00:00","author":{"@id":"https:\/\/www.visit-ulcinj.com\/blog\/#\/schema\/person\/dcab619c614d3038751c63bc2aadc06d"},"description":"Big Brother Albania 2 - Lirita \u00c3\u00absht\u00c3\u00ab e m\u00c3\u00abrzitur me fjal\u00c3\u00abn q\u00c3\u00ab i tha Arjoni dhe j`a shpreh k\u00c3\u00abt\u00c3\u00ab gj\u00c3\u00ab Aid\u00c3\u00abs. Aida gjen momentin e p\u00c3\u00abrshtatsh\u00c3\u00abm dhe k\u00c3\u00abrkon t\u00c3\u00ab sqarohet me Arjonin n\u00c3\u00ab lidhje me \u00e2\u20ac\u0153sinqeritetin\u00e2\u20ac\u009d e tij.","breadcrumb":{"@id":"https:\/\/www.visit-ulcinj.com\/blog\/2009\/03\/14\/arjoni-nuk-e-ndjej-veten-ne-faj\/#breadcrumb"},"inLanguage":"en-US","potentialAction":[{"@type":"ReadAction","target":["https:\/\/www.visit-ulcinj.com\/blog\/2009\/03\/14\/arjoni-nuk-e-ndjej-veten-ne-faj\/"]}]},{"@type":"BreadcrumbList","@id":"https:\/\/www.visit-ulcinj.com\/blog\/2009\/03\/14\/arjoni-nuk-e-ndjej-veten-ne-faj\/#breadcrumb","itemListElement":[{"@type":"ListItem","position":1,"name":"Arjoni: Nuk e ndjej veten n\u00eb faj"}]},{"@type":"Person","@id":"https:\/\/www.visit-ulcinj.com\/blog\/#\/schema\/person\/dcab619c614d3038751c63bc2aadc06d","name":"ulqini","sameAs":["http:\/\/www.visit-ulcinj.com"],"url":"https:\/\/www.visit-ulcinj.com\/blog\/author\/admin\/"}]}},"jetpack_featured_media_url":"","jetpack_sharing_enabled":true,"jetpack_shortlink":"https:\/\/wp.me\/pe6lTn-3GF","_links":{"self":[{"href":"https:\/\/www.visit-ulcinj.com\/blog\/wp-json\/wp\/v2\/posts\/14177"}],"collection":[{"href":"https:\/\/www.visit-ulcinj.com\/blog\/wp-json\/wp\/v2\/posts"}],"about":[{"href":"https:\/\/www.visit-ulcinj.com\/blog\/wp-json\/wp\/v2\/types\/post"}],"author":[{"embeddable":true,"href":"https:\/\/www.visit-ulcinj.com\/blog\/wp-json\/wp\/v2\/users\/1"}],"replies":[{"embeddable":true,"href":"https:\/\/www.visit-ulcinj.com\/blog\/wp-json\/wp\/v2\/comments?post=14177"}],"version-history":[{"count":0,"href":"https:\/\/www.visit-ulcinj.com\/blog\/wp-json\/wp\/v2\/posts\/14177\/revisions"}],"wp:attachment":[{"href":"https:\/\/www.visit-ulcinj.com\/blog\/wp-json\/wp\/v2\/media?parent=14177"}],"wp:term":[{"taxonomy":"category","embeddable":true,"href":"https:\/\/www.visit-ulcinj.com\/blog\/wp-json\/wp\/v2\/categories?post=14177"},{"taxonomy":"post_tag","embeddable":true,"href":"https:\/\/www.visit-ulcinj.com\/blog\/wp-json\/wp\/v2\/tags?post=14177"}],"curies":[{"name":"wp","href":"https:\/\/api.w.org\/{rel}","templated":true}]}}