{"id":14190,"date":"2009-03-14T14:36:58","date_gmt":"2009-03-14T13:36:58","guid":{"rendered":"http:\/\/www.visit-ulcinj.com\/blog\/?p=14190"},"modified":"2009-03-14T14:36:58","modified_gmt":"2009-03-14T13:36:58","slug":"adi-dhe-bika-eksperience-shume-e-bukur","status":"publish","type":"post","link":"https:\/\/www.visit-ulcinj.com\/blog\/2009\/03\/14\/adi-dhe-bika-eksperience-shume-e-bukur\/","title":{"rendered":"Adi dhe Bika &#8211; Eksperienc\u00eb shum\u00eb e bukur"},"content":{"rendered":"<p><em><span class=\"newsdate\"><a href=\"http:\/\/www.visit-ulcinj.com\/blog\/wp-content\/uploads\/2009\/03\/pas-darkes.jpg\"><img loading=\"lazy\" class=\"alignleft size-full wp-image-14191\" title=\"pas-darkes-big-brother-albania-2\" src=\"http:\/\/www.visit-ulcinj.com\/blog\/wp-content\/uploads\/2009\/03\/pas-darkes.jpg\" alt=\"pas-darkes-big-brother-albania-2\" width=\"300\" height=\"205\" \/><\/a>13\/03\/09 22:30<\/span><\/em><\/p>\n<p>Adi dhe Bika, pasi u kthyen n\u00eb sht\u00ebpi, i tregojn\u00eb banor\u00ebve t\u00eb tjer\u00eb p\u00ebr eksperienc\u00ebn e bukur q\u00eb kaluan n\u00eb restorantin n\u00eb t\u00eb cil\u00ebn h\u00ebngr\u00ebn dark\u00ebn. Ata pyesin se si iu duk\u00ebn banor\u00ebve. Adi tregon se n\u00eb ato momente e mori malli p\u00ebr sht\u00ebpin\u00eb, ndjente nevoj\u00ebn p\u00ebr t\u2019u kthyer s\u00ebrish dhe se atje i duket vetja shum\u00eb i huaj. Mesida i thot\u00eb se ata dukeshin shum\u00eb bukur n\u00eb ekran, me prezenc\u00eb dhe i krahason me personazhe VIP. Adi tregon se Bika ishte shum\u00eb e emocionuar dhe fliste pak, kurse Bika thot\u00eb se edhe pse qeshte, ishte shum\u00eb e emocionuar dhe n\u00eb siklet. T\u00eb gjith\u00eb banor\u00ebt thon\u00eb se do donin t\u00eb ishin n\u00eb vend t\u00eb tyre p\u00ebr ta provuar k\u00ebt\u00eb eksperienc\u00eb. Adi dhe Bika vazhdojn\u00eb t\u00eb tregojn\u00eb p\u00ebr bisedat q\u00eb b\u00ebn\u00eb dhe p\u00ebrshtypjet q\u00eb u kishte l\u00ebn\u00eb udh\u00ebtimi dhe ambienti.<\/p>\n","protected":false},"excerpt":{"rendered":"<p>13\/03\/09 22:30 Adi dhe Bika, pasi u kthyen n\u00eb sht\u00ebpi, i tregojn\u00eb banor\u00ebve t\u00eb tjer\u00eb p\u00ebr eksperienc\u00ebn e bukur q\u00eb kaluan n\u00eb restorantin n\u00eb t\u00eb cil\u00ebn h\u00ebngr\u00ebn dark\u00ebn. Ata pyesin se si iu duk\u00ebn banor\u00ebve. Adi tregon se n\u00eb ato momente e mori malli p\u00ebr sht\u00ebpin\u00eb, ndjente nevoj\u00ebn p\u00ebr t\u2019u kthyer s\u00ebrish dhe se atje [&hellip;]<\/p>\n","protected":false},"author":1,"featured_media":0,"comment_status":"open","ping_status":"closed","sticky":false,"template":"","format":"standard","meta":{"spay_email":"","jetpack_publicize_message":"","jetpack_is_tweetstorm":false,"jetpack_publicize_feature_enabled":true},"categories":[6502],"tags":[7944,7942,6883,6516,6712,7945,262,6891],"jetpack_publicize_connections":[],"yoast_head":"<!-- This site is optimized with the Yoast SEO plugin v19.1 - https:\/\/yoast.com\/wordpress\/plugins\/seo\/ -->\n<title>Adi dhe Bika - Eksperienc\u00c3\u00ab shum\u00c3\u00ab e bukur<\/title>\n<meta name=\"description\" content=\"Big Brother Albania 2 - Adi dhe Bika, pasi u kthyen n\u00c3\u00ab sht\u00c3\u00abpi, i tregojn\u00c3\u00ab banor\u00c3\u00abve t\u00c3\u00ab tjer\u00c3\u00ab p\u00c3\u00abr eksperienc\u00c3\u00abn e bukur q\u00c3\u00ab kaluan\" \/>\n<meta name=\"robots\" content=\"index, follow, max-snippet:-1, max-image-preview:large, max-video-preview:-1\" \/>\n<link rel=\"canonical\" href=\"https:\/\/www.visit-ulcinj.com\/blog\/2009\/03\/14\/adi-dhe-bika-eksperience-shume-e-bukur\/\" \/>\n<meta property=\"og:locale\" content=\"en_US\" \/>\n<meta property=\"og:type\" content=\"article\" \/>\n<meta property=\"og:title\" content=\"Adi dhe Bika - Eksperienc\u00c3\u00ab shum\u00c3\u00ab e bukur\" \/>\n<meta property=\"og:description\" content=\"Big Brother Albania 2 - Adi dhe Bika, pasi u kthyen n\u00c3\u00ab sht\u00c3\u00abpi, i tregojn\u00c3\u00ab banor\u00c3\u00abve t\u00c3\u00ab tjer\u00c3\u00ab p\u00c3\u00abr eksperienc\u00c3\u00abn e bukur q\u00c3\u00ab kaluan\" \/>\n<meta property=\"og:url\" content=\"https:\/\/www.visit-ulcinj.com\/blog\/2009\/03\/14\/adi-dhe-bika-eksperience-shume-e-bukur\/\" \/>\n<meta property=\"og:site_name\" content=\"Lajme nga Ulqini\" \/>\n<meta property=\"article:published_time\" content=\"2009-03-14T13:36:58+00:00\" \/>\n<meta property=\"og:image\" content=\"http:\/\/www.visit-ulcinj.com\/blog\/wp-content\/uploads\/2009\/03\/pas-darkes.jpg\" \/>\n<meta name=\"twitter:label1\" content=\"Written by\" \/>\n\t<meta name=\"twitter:data1\" content=\"ulqini\" \/>\n\t<meta name=\"twitter:label2\" content=\"Est. reading time\" \/>\n\t<meta name=\"twitter:data2\" content=\"1 minute\" \/>\n<script type=\"application\/ld+json\" class=\"yoast-schema-graph\">{\"@context\":\"https:\/\/schema.org\",\"@graph\":[{\"@type\":\"WebSite\",\"@id\":\"https:\/\/www.visit-ulcinj.com\/blog\/#website\",\"url\":\"https:\/\/www.visit-ulcinj.com\/blog\/\",\"name\":\"Lajme nga Ulqini\",\"description\":\"Lajme,Vijesti,Ulqini,Ulqin,Crna Gora,Mali i Zi\",\"potentialAction\":[{\"@type\":\"SearchAction\",\"target\":{\"@type\":\"EntryPoint\",\"urlTemplate\":\"https:\/\/www.visit-ulcinj.com\/blog\/?s={search_term_string}\"},\"query-input\":\"required name=search_term_string\"}],\"inLanguage\":\"en-US\"},{\"@type\":\"ImageObject\",\"inLanguage\":\"en-US\",\"@id\":\"https:\/\/www.visit-ulcinj.com\/blog\/2009\/03\/14\/adi-dhe-bika-eksperience-shume-e-bukur\/#primaryimage\",\"url\":\"http:\/\/www.visit-ulcinj.com\/blog\/wp-content\/uploads\/2009\/03\/pas-darkes.jpg\",\"contentUrl\":\"http:\/\/www.visit-ulcinj.com\/blog\/wp-content\/uploads\/2009\/03\/pas-darkes.jpg\"},{\"@type\":\"WebPage\",\"@id\":\"https:\/\/www.visit-ulcinj.com\/blog\/2009\/03\/14\/adi-dhe-bika-eksperience-shume-e-bukur\/#webpage\",\"url\":\"https:\/\/www.visit-ulcinj.com\/blog\/2009\/03\/14\/adi-dhe-bika-eksperience-shume-e-bukur\/\",\"name\":\"Adi dhe Bika - Eksperienc\u00c3\u00ab shum\u00c3\u00ab e bukur\",\"isPartOf\":{\"@id\":\"https:\/\/www.visit-ulcinj.com\/blog\/#website\"},\"primaryImageOfPage\":{\"@id\":\"https:\/\/www.visit-ulcinj.com\/blog\/2009\/03\/14\/adi-dhe-bika-eksperience-shume-e-bukur\/#primaryimage\"},\"datePublished\":\"2009-03-14T13:36:58+00:00\",\"dateModified\":\"2009-03-14T13:36:58+00:00\",\"author\":{\"@id\":\"https:\/\/www.visit-ulcinj.com\/blog\/#\/schema\/person\/dcab619c614d3038751c63bc2aadc06d\"},\"description\":\"Big Brother Albania 2 - Adi dhe Bika, pasi u kthyen n\u00c3\u00ab sht\u00c3\u00abpi, i tregojn\u00c3\u00ab banor\u00c3\u00abve t\u00c3\u00ab tjer\u00c3\u00ab p\u00c3\u00abr eksperienc\u00c3\u00abn e bukur q\u00c3\u00ab kaluan\",\"breadcrumb\":{\"@id\":\"https:\/\/www.visit-ulcinj.com\/blog\/2009\/03\/14\/adi-dhe-bika-eksperience-shume-e-bukur\/#breadcrumb\"},\"inLanguage\":\"en-US\",\"potentialAction\":[{\"@type\":\"ReadAction\",\"target\":[\"https:\/\/www.visit-ulcinj.com\/blog\/2009\/03\/14\/adi-dhe-bika-eksperience-shume-e-bukur\/\"]}]},{\"@type\":\"BreadcrumbList\",\"@id\":\"https:\/\/www.visit-ulcinj.com\/blog\/2009\/03\/14\/adi-dhe-bika-eksperience-shume-e-bukur\/#breadcrumb\",\"itemListElement\":[{\"@type\":\"ListItem\",\"position\":1,\"name\":\"Adi dhe Bika &#8211; Eksperienc\u00eb shum\u00eb e bukur\"}]},{\"@type\":\"Person\",\"@id\":\"https:\/\/www.visit-ulcinj.com\/blog\/#\/schema\/person\/dcab619c614d3038751c63bc2aadc06d\",\"name\":\"ulqini\",\"sameAs\":[\"http:\/\/www.visit-ulcinj.com\"],\"url\":\"https:\/\/www.visit-ulcinj.com\/blog\/author\/admin\/\"}]}<\/script>\n<!-- \/ Yoast SEO plugin. -->","yoast_head_json":{"title":"Adi dhe Bika - Eksperienc\u00c3\u00ab shum\u00c3\u00ab e bukur","description":"Big Brother Albania 2 - Adi dhe Bika, pasi u kthyen n\u00c3\u00ab sht\u00c3\u00abpi, i tregojn\u00c3\u00ab banor\u00c3\u00abve t\u00c3\u00ab tjer\u00c3\u00ab p\u00c3\u00abr eksperienc\u00c3\u00abn e bukur q\u00c3\u00ab kaluan","robots":{"index":"index","follow":"follow","max-snippet":"max-snippet:-1","max-image-preview":"max-image-preview:large","max-video-preview":"max-video-preview:-1"},"canonical":"https:\/\/www.visit-ulcinj.com\/blog\/2009\/03\/14\/adi-dhe-bika-eksperience-shume-e-bukur\/","og_locale":"en_US","og_type":"article","og_title":"Adi dhe Bika - Eksperienc\u00c3\u00ab shum\u00c3\u00ab e bukur","og_description":"Big Brother Albania 2 - Adi dhe Bika, pasi u kthyen n\u00c3\u00ab sht\u00c3\u00abpi, i tregojn\u00c3\u00ab banor\u00c3\u00abve t\u00c3\u00ab tjer\u00c3\u00ab p\u00c3\u00abr eksperienc\u00c3\u00abn e bukur q\u00c3\u00ab kaluan","og_url":"https:\/\/www.visit-ulcinj.com\/blog\/2009\/03\/14\/adi-dhe-bika-eksperience-shume-e-bukur\/","og_site_name":"Lajme nga Ulqini","article_published_time":"2009-03-14T13:36:58+00:00","og_image":[{"url":"http:\/\/www.visit-ulcinj.com\/blog\/wp-content\/uploads\/2009\/03\/pas-darkes.jpg"}],"twitter_misc":{"Written by":"ulqini","Est. reading time":"1 minute"},"schema":{"@context":"https:\/\/schema.org","@graph":[{"@type":"WebSite","@id":"https:\/\/www.visit-ulcinj.com\/blog\/#website","url":"https:\/\/www.visit-ulcinj.com\/blog\/","name":"Lajme nga Ulqini","description":"Lajme,Vijesti,Ulqini,Ulqin,Crna Gora,Mali i Zi","potentialAction":[{"@type":"SearchAction","target":{"@type":"EntryPoint","urlTemplate":"https:\/\/www.visit-ulcinj.com\/blog\/?s={search_term_string}"},"query-input":"required name=search_term_string"}],"inLanguage":"en-US"},{"@type":"ImageObject","inLanguage":"en-US","@id":"https:\/\/www.visit-ulcinj.com\/blog\/2009\/03\/14\/adi-dhe-bika-eksperience-shume-e-bukur\/#primaryimage","url":"http:\/\/www.visit-ulcinj.com\/blog\/wp-content\/uploads\/2009\/03\/pas-darkes.jpg","contentUrl":"http:\/\/www.visit-ulcinj.com\/blog\/wp-content\/uploads\/2009\/03\/pas-darkes.jpg"},{"@type":"WebPage","@id":"https:\/\/www.visit-ulcinj.com\/blog\/2009\/03\/14\/adi-dhe-bika-eksperience-shume-e-bukur\/#webpage","url":"https:\/\/www.visit-ulcinj.com\/blog\/2009\/03\/14\/adi-dhe-bika-eksperience-shume-e-bukur\/","name":"Adi dhe Bika - Eksperienc\u00c3\u00ab shum\u00c3\u00ab e bukur","isPartOf":{"@id":"https:\/\/www.visit-ulcinj.com\/blog\/#website"},"primaryImageOfPage":{"@id":"https:\/\/www.visit-ulcinj.com\/blog\/2009\/03\/14\/adi-dhe-bika-eksperience-shume-e-bukur\/#primaryimage"},"datePublished":"2009-03-14T13:36:58+00:00","dateModified":"2009-03-14T13:36:58+00:00","author":{"@id":"https:\/\/www.visit-ulcinj.com\/blog\/#\/schema\/person\/dcab619c614d3038751c63bc2aadc06d"},"description":"Big Brother Albania 2 - Adi dhe Bika, pasi u kthyen n\u00c3\u00ab sht\u00c3\u00abpi, i tregojn\u00c3\u00ab banor\u00c3\u00abve t\u00c3\u00ab tjer\u00c3\u00ab p\u00c3\u00abr eksperienc\u00c3\u00abn e bukur q\u00c3\u00ab kaluan","breadcrumb":{"@id":"https:\/\/www.visit-ulcinj.com\/blog\/2009\/03\/14\/adi-dhe-bika-eksperience-shume-e-bukur\/#breadcrumb"},"inLanguage":"en-US","potentialAction":[{"@type":"ReadAction","target":["https:\/\/www.visit-ulcinj.com\/blog\/2009\/03\/14\/adi-dhe-bika-eksperience-shume-e-bukur\/"]}]},{"@type":"BreadcrumbList","@id":"https:\/\/www.visit-ulcinj.com\/blog\/2009\/03\/14\/adi-dhe-bika-eksperience-shume-e-bukur\/#breadcrumb","itemListElement":[{"@type":"ListItem","position":1,"name":"Adi dhe Bika &#8211; Eksperienc\u00eb shum\u00eb e bukur"}]},{"@type":"Person","@id":"https:\/\/www.visit-ulcinj.com\/blog\/#\/schema\/person\/dcab619c614d3038751c63bc2aadc06d","name":"ulqini","sameAs":["http:\/\/www.visit-ulcinj.com"],"url":"https:\/\/www.visit-ulcinj.com\/blog\/author\/admin\/"}]}},"jetpack_featured_media_url":"","jetpack_sharing_enabled":true,"jetpack_shortlink":"https:\/\/wp.me\/pe6lTn-3GS","_links":{"self":[{"href":"https:\/\/www.visit-ulcinj.com\/blog\/wp-json\/wp\/v2\/posts\/14190"}],"collection":[{"href":"https:\/\/www.visit-ulcinj.com\/blog\/wp-json\/wp\/v2\/posts"}],"about":[{"href":"https:\/\/www.visit-ulcinj.com\/blog\/wp-json\/wp\/v2\/types\/post"}],"author":[{"embeddable":true,"href":"https:\/\/www.visit-ulcinj.com\/blog\/wp-json\/wp\/v2\/users\/1"}],"replies":[{"embeddable":true,"href":"https:\/\/www.visit-ulcinj.com\/blog\/wp-json\/wp\/v2\/comments?post=14190"}],"version-history":[{"count":0,"href":"https:\/\/www.visit-ulcinj.com\/blog\/wp-json\/wp\/v2\/posts\/14190\/revisions"}],"wp:attachment":[{"href":"https:\/\/www.visit-ulcinj.com\/blog\/wp-json\/wp\/v2\/media?parent=14190"}],"wp:term":[{"taxonomy":"category","embeddable":true,"href":"https:\/\/www.visit-ulcinj.com\/blog\/wp-json\/wp\/v2\/categories?post=14190"},{"taxonomy":"post_tag","embeddable":true,"href":"https:\/\/www.visit-ulcinj.com\/blog\/wp-json\/wp\/v2\/tags?post=14190"}],"curies":[{"name":"wp","href":"https:\/\/api.w.org\/{rel}","templated":true}]}}