{"id":14193,"date":"2009-03-14T14:40:02","date_gmt":"2009-03-14T13:40:02","guid":{"rendered":"http:\/\/www.visit-ulcinj.com\/blog\/?p=14193"},"modified":"2009-03-14T14:40:02","modified_gmt":"2009-03-14T13:40:02","slug":"lirita-dhe-aida-kam-frike-per-neser","status":"publish","type":"post","link":"https:\/\/www.visit-ulcinj.com\/blog\/2009\/03\/14\/lirita-dhe-aida-kam-frike-per-neser\/","title":{"rendered":"Lirita dhe Aida : Kam frik\u00eb p\u00ebr nes\u00ebr"},"content":{"rendered":"<p><em><span class=\"newsdate\"><a href=\"http:\/\/www.visit-ulcinj.com\/blog\/wp-content\/uploads\/2009\/03\/liritaaida-per-largimin.jpg\"><img loading=\"lazy\" class=\"alignleft size-full wp-image-14194\" title=\"liritaaida-per-largimin-big-brother-albania-2\" src=\"http:\/\/www.visit-ulcinj.com\/blog\/wp-content\/uploads\/2009\/03\/liritaaida-per-largimin.jpg\" alt=\"liritaaida-per-largimin-big-brother-albania-2\" width=\"300\" height=\"205\" \/><\/a>14\/03\/09 00:10<\/span><\/em><\/p>\n<p>Aida lutet q\u00eb t\u00eb mos jet\u00eb Lirita ajo q\u00eb do t\u00eb dal\u00eb k\u00ebt\u00eb t\u00eb shtun\u00eb. Ajo mendon se ka t\u00eb tjer\u00eb t\u00eb cil\u00ebt e meritojn\u00eb largimin. Lirita i thot\u00eb se ndihet keq dhe se nuk arrin t\u2019i jap\u00eb vet\u00ebs kurajo, ashtu sic b\u00ebnte me Aid\u00ebn. Ajo thot\u00eb se do ta pres\u00eb jasht\u00eb, n\u00ebse del. Aida ia pohon se tek vetja \u00ebsht\u00eb shum\u00eb e v\u00ebshtir\u00eb sepse \u00ebsht\u00eb frika q\u00eb dominon, megjithat\u00eb, ajo mundohet t\u2019i jap\u00eb kurajo Lirit\u00ebs se nuk do t\u00eb dal\u00eb. Aida i tregon p\u00ebr frik\u00ebn q\u00eb ndjente jav\u00ebn q\u00eb ishte ajo n\u00eb nominim, duke th\u00ebn\u00eb se e ndjente veten shum\u00eb t\u00eb rrezikuar si nga Agoni sepse ishte tip, si nga Arjoni dhe Adelajda pasi u kishin b\u00ebr\u00eb reklam\u00eb. Vajzat flasin se cfar\u00eb do t\u00eb veshin gjat\u00eb koh\u00ebs s\u00eb spektaklit.<\/p>\n","protected":false},"excerpt":{"rendered":"<p>14\/03\/09 00:10 Aida lutet q\u00eb t\u00eb mos jet\u00eb Lirita ajo q\u00eb do t\u00eb dal\u00eb k\u00ebt\u00eb t\u00eb shtun\u00eb. Ajo mendon se ka t\u00eb tjer\u00eb t\u00eb cil\u00ebt e meritojn\u00eb largimin. Lirita i thot\u00eb se ndihet keq dhe se nuk arrin t\u2019i jap\u00eb vet\u00ebs kurajo, ashtu sic b\u00ebnte me Aid\u00ebn. Ajo thot\u00eb se do ta pres\u00eb jasht\u00eb, n\u00ebse [&hellip;]<\/p>\n","protected":false},"author":1,"featured_media":0,"comment_status":"open","ping_status":"closed","sticky":false,"template":"","format":"standard","meta":{"spay_email":"","jetpack_publicize_message":"","jetpack_is_tweetstorm":false,"jetpack_publicize_feature_enabled":true},"categories":[6502],"tags":[6537,6883,6516,6712,7946,6542,6891],"jetpack_publicize_connections":[],"yoast_head":"<!-- This site is optimized with the Yoast SEO plugin v19.1 - https:\/\/yoast.com\/wordpress\/plugins\/seo\/ -->\n<title>Lirita dhe Aida : Kam frik\u00c3\u00ab p\u00c3\u00abr nes\u00c3\u00abr | Big Brother Albania 2<\/title>\n<meta name=\"description\" content=\"Big Brother Albania 2 - Aida lutet q\u00c3\u00ab t\u00c3\u00ab mos jet\u00c3\u00ab Lirita ajo q\u00c3\u00ab do t\u00c3\u00ab dal\u00c3\u00ab k\u00c3\u00abt\u00c3\u00ab t\u00c3\u00ab shtun\u00c3\u00ab. Ajo mendon se ka t\u00c3\u00ab tjer\u00c3\u00ab t\u00c3\u00ab cil\u00c3\u00abt e meritojn\u00c3\u00ab largimin.\" \/>\n<meta name=\"robots\" content=\"index, follow, max-snippet:-1, max-image-preview:large, max-video-preview:-1\" \/>\n<link rel=\"canonical\" href=\"https:\/\/www.visit-ulcinj.com\/blog\/2009\/03\/14\/lirita-dhe-aida-kam-frike-per-neser\/\" \/>\n<meta property=\"og:locale\" content=\"en_US\" \/>\n<meta property=\"og:type\" content=\"article\" \/>\n<meta property=\"og:title\" content=\"Lirita dhe Aida : Kam frik\u00c3\u00ab p\u00c3\u00abr nes\u00c3\u00abr | Big Brother Albania 2\" \/>\n<meta property=\"og:description\" content=\"Big Brother Albania 2 - Aida lutet q\u00c3\u00ab t\u00c3\u00ab mos jet\u00c3\u00ab Lirita ajo q\u00c3\u00ab do t\u00c3\u00ab dal\u00c3\u00ab k\u00c3\u00abt\u00c3\u00ab t\u00c3\u00ab shtun\u00c3\u00ab. Ajo mendon se ka t\u00c3\u00ab tjer\u00c3\u00ab t\u00c3\u00ab cil\u00c3\u00abt e meritojn\u00c3\u00ab largimin.\" \/>\n<meta property=\"og:url\" content=\"https:\/\/www.visit-ulcinj.com\/blog\/2009\/03\/14\/lirita-dhe-aida-kam-frike-per-neser\/\" \/>\n<meta property=\"og:site_name\" content=\"Lajme nga Ulqini\" \/>\n<meta property=\"article:published_time\" content=\"2009-03-14T13:40:02+00:00\" \/>\n<meta property=\"og:image\" content=\"http:\/\/www.visit-ulcinj.com\/blog\/wp-content\/uploads\/2009\/03\/liritaaida-per-largimin.jpg\" \/>\n<meta name=\"twitter:label1\" content=\"Written by\" \/>\n\t<meta name=\"twitter:data1\" content=\"ulqini\" \/>\n\t<meta name=\"twitter:label2\" content=\"Est. reading time\" \/>\n\t<meta name=\"twitter:data2\" content=\"1 minute\" \/>\n<script type=\"application\/ld+json\" class=\"yoast-schema-graph\">{\"@context\":\"https:\/\/schema.org\",\"@graph\":[{\"@type\":\"WebSite\",\"@id\":\"https:\/\/www.visit-ulcinj.com\/blog\/#website\",\"url\":\"https:\/\/www.visit-ulcinj.com\/blog\/\",\"name\":\"Lajme nga Ulqini\",\"description\":\"Lajme,Vijesti,Ulqini,Ulqin,Crna Gora,Mali i Zi\",\"potentialAction\":[{\"@type\":\"SearchAction\",\"target\":{\"@type\":\"EntryPoint\",\"urlTemplate\":\"https:\/\/www.visit-ulcinj.com\/blog\/?s={search_term_string}\"},\"query-input\":\"required name=search_term_string\"}],\"inLanguage\":\"en-US\"},{\"@type\":\"ImageObject\",\"inLanguage\":\"en-US\",\"@id\":\"https:\/\/www.visit-ulcinj.com\/blog\/2009\/03\/14\/lirita-dhe-aida-kam-frike-per-neser\/#primaryimage\",\"url\":\"http:\/\/www.visit-ulcinj.com\/blog\/wp-content\/uploads\/2009\/03\/liritaaida-per-largimin.jpg\",\"contentUrl\":\"http:\/\/www.visit-ulcinj.com\/blog\/wp-content\/uploads\/2009\/03\/liritaaida-per-largimin.jpg\"},{\"@type\":\"WebPage\",\"@id\":\"https:\/\/www.visit-ulcinj.com\/blog\/2009\/03\/14\/lirita-dhe-aida-kam-frike-per-neser\/#webpage\",\"url\":\"https:\/\/www.visit-ulcinj.com\/blog\/2009\/03\/14\/lirita-dhe-aida-kam-frike-per-neser\/\",\"name\":\"Lirita dhe Aida : Kam frik\u00c3\u00ab p\u00c3\u00abr nes\u00c3\u00abr | Big Brother Albania 2\",\"isPartOf\":{\"@id\":\"https:\/\/www.visit-ulcinj.com\/blog\/#website\"},\"primaryImageOfPage\":{\"@id\":\"https:\/\/www.visit-ulcinj.com\/blog\/2009\/03\/14\/lirita-dhe-aida-kam-frike-per-neser\/#primaryimage\"},\"datePublished\":\"2009-03-14T13:40:02+00:00\",\"dateModified\":\"2009-03-14T13:40:02+00:00\",\"author\":{\"@id\":\"https:\/\/www.visit-ulcinj.com\/blog\/#\/schema\/person\/dcab619c614d3038751c63bc2aadc06d\"},\"description\":\"Big Brother Albania 2 - Aida lutet q\u00c3\u00ab t\u00c3\u00ab mos jet\u00c3\u00ab Lirita ajo q\u00c3\u00ab do t\u00c3\u00ab dal\u00c3\u00ab k\u00c3\u00abt\u00c3\u00ab t\u00c3\u00ab shtun\u00c3\u00ab. Ajo mendon se ka t\u00c3\u00ab tjer\u00c3\u00ab t\u00c3\u00ab cil\u00c3\u00abt e meritojn\u00c3\u00ab largimin.\",\"breadcrumb\":{\"@id\":\"https:\/\/www.visit-ulcinj.com\/blog\/2009\/03\/14\/lirita-dhe-aida-kam-frike-per-neser\/#breadcrumb\"},\"inLanguage\":\"en-US\",\"potentialAction\":[{\"@type\":\"ReadAction\",\"target\":[\"https:\/\/www.visit-ulcinj.com\/blog\/2009\/03\/14\/lirita-dhe-aida-kam-frike-per-neser\/\"]}]},{\"@type\":\"BreadcrumbList\",\"@id\":\"https:\/\/www.visit-ulcinj.com\/blog\/2009\/03\/14\/lirita-dhe-aida-kam-frike-per-neser\/#breadcrumb\",\"itemListElement\":[{\"@type\":\"ListItem\",\"position\":1,\"name\":\"Lirita dhe Aida : Kam frik\u00eb p\u00ebr nes\u00ebr\"}]},{\"@type\":\"Person\",\"@id\":\"https:\/\/www.visit-ulcinj.com\/blog\/#\/schema\/person\/dcab619c614d3038751c63bc2aadc06d\",\"name\":\"ulqini\",\"sameAs\":[\"http:\/\/www.visit-ulcinj.com\"],\"url\":\"https:\/\/www.visit-ulcinj.com\/blog\/author\/admin\/\"}]}<\/script>\n<!-- \/ Yoast SEO plugin. -->","yoast_head_json":{"title":"Lirita dhe Aida : Kam frik\u00c3\u00ab p\u00c3\u00abr nes\u00c3\u00abr | Big Brother Albania 2","description":"Big Brother Albania 2 - Aida lutet q\u00c3\u00ab t\u00c3\u00ab mos jet\u00c3\u00ab Lirita ajo q\u00c3\u00ab do t\u00c3\u00ab dal\u00c3\u00ab k\u00c3\u00abt\u00c3\u00ab t\u00c3\u00ab shtun\u00c3\u00ab. Ajo mendon se ka t\u00c3\u00ab tjer\u00c3\u00ab t\u00c3\u00ab cil\u00c3\u00abt e meritojn\u00c3\u00ab largimin.","robots":{"index":"index","follow":"follow","max-snippet":"max-snippet:-1","max-image-preview":"max-image-preview:large","max-video-preview":"max-video-preview:-1"},"canonical":"https:\/\/www.visit-ulcinj.com\/blog\/2009\/03\/14\/lirita-dhe-aida-kam-frike-per-neser\/","og_locale":"en_US","og_type":"article","og_title":"Lirita dhe Aida : Kam frik\u00c3\u00ab p\u00c3\u00abr nes\u00c3\u00abr | Big Brother Albania 2","og_description":"Big Brother Albania 2 - Aida lutet q\u00c3\u00ab t\u00c3\u00ab mos jet\u00c3\u00ab Lirita ajo q\u00c3\u00ab do t\u00c3\u00ab dal\u00c3\u00ab k\u00c3\u00abt\u00c3\u00ab t\u00c3\u00ab shtun\u00c3\u00ab. Ajo mendon se ka t\u00c3\u00ab tjer\u00c3\u00ab t\u00c3\u00ab cil\u00c3\u00abt e meritojn\u00c3\u00ab largimin.","og_url":"https:\/\/www.visit-ulcinj.com\/blog\/2009\/03\/14\/lirita-dhe-aida-kam-frike-per-neser\/","og_site_name":"Lajme nga Ulqini","article_published_time":"2009-03-14T13:40:02+00:00","og_image":[{"url":"http:\/\/www.visit-ulcinj.com\/blog\/wp-content\/uploads\/2009\/03\/liritaaida-per-largimin.jpg"}],"twitter_misc":{"Written by":"ulqini","Est. reading time":"1 minute"},"schema":{"@context":"https:\/\/schema.org","@graph":[{"@type":"WebSite","@id":"https:\/\/www.visit-ulcinj.com\/blog\/#website","url":"https:\/\/www.visit-ulcinj.com\/blog\/","name":"Lajme nga Ulqini","description":"Lajme,Vijesti,Ulqini,Ulqin,Crna Gora,Mali i Zi","potentialAction":[{"@type":"SearchAction","target":{"@type":"EntryPoint","urlTemplate":"https:\/\/www.visit-ulcinj.com\/blog\/?s={search_term_string}"},"query-input":"required name=search_term_string"}],"inLanguage":"en-US"},{"@type":"ImageObject","inLanguage":"en-US","@id":"https:\/\/www.visit-ulcinj.com\/blog\/2009\/03\/14\/lirita-dhe-aida-kam-frike-per-neser\/#primaryimage","url":"http:\/\/www.visit-ulcinj.com\/blog\/wp-content\/uploads\/2009\/03\/liritaaida-per-largimin.jpg","contentUrl":"http:\/\/www.visit-ulcinj.com\/blog\/wp-content\/uploads\/2009\/03\/liritaaida-per-largimin.jpg"},{"@type":"WebPage","@id":"https:\/\/www.visit-ulcinj.com\/blog\/2009\/03\/14\/lirita-dhe-aida-kam-frike-per-neser\/#webpage","url":"https:\/\/www.visit-ulcinj.com\/blog\/2009\/03\/14\/lirita-dhe-aida-kam-frike-per-neser\/","name":"Lirita dhe Aida : Kam frik\u00c3\u00ab p\u00c3\u00abr nes\u00c3\u00abr | Big Brother Albania 2","isPartOf":{"@id":"https:\/\/www.visit-ulcinj.com\/blog\/#website"},"primaryImageOfPage":{"@id":"https:\/\/www.visit-ulcinj.com\/blog\/2009\/03\/14\/lirita-dhe-aida-kam-frike-per-neser\/#primaryimage"},"datePublished":"2009-03-14T13:40:02+00:00","dateModified":"2009-03-14T13:40:02+00:00","author":{"@id":"https:\/\/www.visit-ulcinj.com\/blog\/#\/schema\/person\/dcab619c614d3038751c63bc2aadc06d"},"description":"Big Brother Albania 2 - Aida lutet q\u00c3\u00ab t\u00c3\u00ab mos jet\u00c3\u00ab Lirita ajo q\u00c3\u00ab do t\u00c3\u00ab dal\u00c3\u00ab k\u00c3\u00abt\u00c3\u00ab t\u00c3\u00ab shtun\u00c3\u00ab. Ajo mendon se ka t\u00c3\u00ab tjer\u00c3\u00ab t\u00c3\u00ab cil\u00c3\u00abt e meritojn\u00c3\u00ab largimin.","breadcrumb":{"@id":"https:\/\/www.visit-ulcinj.com\/blog\/2009\/03\/14\/lirita-dhe-aida-kam-frike-per-neser\/#breadcrumb"},"inLanguage":"en-US","potentialAction":[{"@type":"ReadAction","target":["https:\/\/www.visit-ulcinj.com\/blog\/2009\/03\/14\/lirita-dhe-aida-kam-frike-per-neser\/"]}]},{"@type":"BreadcrumbList","@id":"https:\/\/www.visit-ulcinj.com\/blog\/2009\/03\/14\/lirita-dhe-aida-kam-frike-per-neser\/#breadcrumb","itemListElement":[{"@type":"ListItem","position":1,"name":"Lirita dhe Aida : Kam frik\u00eb p\u00ebr nes\u00ebr"}]},{"@type":"Person","@id":"https:\/\/www.visit-ulcinj.com\/blog\/#\/schema\/person\/dcab619c614d3038751c63bc2aadc06d","name":"ulqini","sameAs":["http:\/\/www.visit-ulcinj.com"],"url":"https:\/\/www.visit-ulcinj.com\/blog\/author\/admin\/"}]}},"jetpack_featured_media_url":"","jetpack_sharing_enabled":true,"jetpack_shortlink":"https:\/\/wp.me\/pe6lTn-3GV","_links":{"self":[{"href":"https:\/\/www.visit-ulcinj.com\/blog\/wp-json\/wp\/v2\/posts\/14193"}],"collection":[{"href":"https:\/\/www.visit-ulcinj.com\/blog\/wp-json\/wp\/v2\/posts"}],"about":[{"href":"https:\/\/www.visit-ulcinj.com\/blog\/wp-json\/wp\/v2\/types\/post"}],"author":[{"embeddable":true,"href":"https:\/\/www.visit-ulcinj.com\/blog\/wp-json\/wp\/v2\/users\/1"}],"replies":[{"embeddable":true,"href":"https:\/\/www.visit-ulcinj.com\/blog\/wp-json\/wp\/v2\/comments?post=14193"}],"version-history":[{"count":0,"href":"https:\/\/www.visit-ulcinj.com\/blog\/wp-json\/wp\/v2\/posts\/14193\/revisions"}],"wp:attachment":[{"href":"https:\/\/www.visit-ulcinj.com\/blog\/wp-json\/wp\/v2\/media?parent=14193"}],"wp:term":[{"taxonomy":"category","embeddable":true,"href":"https:\/\/www.visit-ulcinj.com\/blog\/wp-json\/wp\/v2\/categories?post=14193"},{"taxonomy":"post_tag","embeddable":true,"href":"https:\/\/www.visit-ulcinj.com\/blog\/wp-json\/wp\/v2\/tags?post=14193"}],"curies":[{"name":"wp","href":"https:\/\/api.w.org\/{rel}","templated":true}]}}