{"id":14196,"date":"2009-03-14T14:43:35","date_gmt":"2009-03-14T13:43:35","guid":{"rendered":"http:\/\/www.visit-ulcinj.com\/blog\/?p=14196"},"modified":"2009-03-14T14:43:35","modified_gmt":"2009-03-14T13:43:35","slug":"mesida-nuk-di-ke-te-nominoj","status":"publish","type":"post","link":"https:\/\/www.visit-ulcinj.com\/blog\/2009\/03\/14\/mesida-nuk-di-ke-te-nominoj\/","title":{"rendered":"Mesida : Nuk di k\u00eb t\u00eb nominoj"},"content":{"rendered":"<p><em><span class=\"newsdate\"><a href=\"http:\/\/www.visit-ulcinj.com\/blog\/wp-content\/uploads\/2009\/03\/mesibjordi-per-nominimet.jpg\"><img loading=\"lazy\" class=\"alignleft size-full wp-image-14197\" title=\"mesibjordi-per-nominimet-big-brother-albania-2\" src=\"http:\/\/www.visit-ulcinj.com\/blog\/wp-content\/uploads\/2009\/03\/mesibjordi-per-nominimet.jpg\" alt=\"mesibjordi-per-nominimet-big-brother-albania-2\" width=\"300\" height=\"205\" \/><\/a>14\/03\/09 01:00<\/span><\/em><\/p>\n<p>Mesida dhe Bjordi diskutojn\u00eb p\u00ebr momentin q\u00eb do t\u00eb nominojn\u00eb gjat\u00eb nat\u00ebs s\u00eb spektaklit. Bjordi i thot\u00eb se k\u00ebt\u00eb e mendon vet\u00ebm gjat\u00eb atij momenti, n\u00eb dhom\u00ebn e rr\u00ebfimit dhe i tregon se jav\u00ebn e kaluar kishte b\u00ebr\u00eb figur\u00eb t\u00eb keqe me Arban\u00ebn pasi nuk e kishte zgjedhur ende emrin e dyt\u00eb dhe ajo i kishte th\u00ebn\u00eb se kishte patur koh\u00eb gjat\u00eb gjith\u00eb jav\u00ebs. Mesida mendon se k\u00ebt\u00eb jav\u00eb do ta ket\u00eb m\u00eb t\u00eb v\u00ebshtir\u00eb sepse p\u00ebrvec nj\u00eb personi, me t\u00eb tjer\u00ebt shkon shum\u00eb mir\u00eb. Ajo thot\u00eb se gjat\u00eb jav\u00ebs, pasi kan\u00eb b\u00ebr\u00eb nominimet, ata mund t\u00eb krijojn\u00eb afrimitet dhe kjo e b\u00ebn t\u00eb ndjehet keq, madje, ajo thot\u00eb se kjo i ka ndodhur q\u00eb k\u00ebt\u00eb jav\u00eb. Bjordi mendon se publiku e di q\u00eb e kan\u00eb v\u00ebshtir\u00eb t\u00eb nominojn\u00eb dik\u00eb, kurse Mesida ka frik\u00eb se vet\u00eb banor\u00ebt do t\u00eb ndjehen keq kur t\u00eb dalin dhe t\u00eb kuptojn\u00eb se i kan\u00eb nominuar persona q\u00eb nuk e prisnin. P\u00ebr Bjordin, kjo nuk ka shum\u00eb r\u00ebnd\u00ebsi pasi dihet q\u00eb njeri-tjetrin do nominojn\u00eb, por ai shton se nuk do ta priste nga dikush q\u00eb rri gjith\u00eb koh\u00ebn, si p\u00ebrshembull Adi. Bjordi i thot\u00eb Mesid\u00ebs se ka b\u00ebr\u00eb gabim q\u00eb nuk e ka ndjekur Big Brother pasi do ta kishte nj\u00eb ide p\u00ebr banor\u00ebt. Mesida mendon se ka b\u00ebr\u00eb mir\u00eb q\u00eb nuk e ka ndjekur sepse do kishte mbledhur shum\u00eb informacion dhe ndoshta do t\u2019i kishte paragjykuar banor\u00ebt. Ajo thot\u00eb se me aq sa i ka njohur, n\u00ebse do ishte jasht\u00eb, p\u00ebrshembull Zhuljet\u00ebs do t\u2019i kishte th\u00ebn\u00eb q\u00eb t\u00eb mos shoq\u00ebrohej me t\u00eb, por, k\u00ebtu n\u00eb sht\u00ebpi, n\u00eb nj\u00eb far\u00eb m\u00ebnyre jan\u00eb t\u00eb detyruar t\u00eb flasin edhe pse nga jasht\u00eb mund t\u00eb duket si hipokrizi.<\/p>\n","protected":false},"excerpt":{"rendered":"<p>14\/03\/09 01:00 Mesida dhe Bjordi diskutojn\u00eb p\u00ebr momentin q\u00eb do t\u00eb nominojn\u00eb gjat\u00eb nat\u00ebs s\u00eb spektaklit. Bjordi i thot\u00eb se k\u00ebt\u00eb e mendon vet\u00ebm gjat\u00eb atij momenti, n\u00eb dhom\u00ebn e rr\u00ebfimit dhe i tregon se jav\u00ebn e kaluar kishte b\u00ebr\u00eb figur\u00eb t\u00eb keqe me Arban\u00ebn pasi nuk e kishte zgjedhur ende emrin e dyt\u00eb dhe [&hellip;]<\/p>\n","protected":false},"author":1,"featured_media":0,"comment_status":"open","ping_status":"closed","sticky":false,"template":"","format":"standard","meta":{"spay_email":"","jetpack_publicize_message":"","jetpack_is_tweetstorm":false,"jetpack_publicize_feature_enabled":true},"categories":[6502],"tags":[6883,6516,6712,6522,7364,7948,7947,6891],"jetpack_publicize_connections":[],"yoast_head":"<!-- This site is optimized with the Yoast SEO plugin v19.1 - https:\/\/yoast.com\/wordpress\/plugins\/seo\/ -->\n<title>Mesida : Nuk di k\u00c3\u00ab t\u00c3\u00ab nominoj | Big Brother Albania 2<\/title>\n<meta name=\"description\" content=\"Big Brother Albania 2 - Mesida dhe Bjordi diskutojn\u00c3\u00ab p\u00c3\u00abr momentin q\u00c3\u00ab do t\u00c3\u00ab nominojn\u00c3\u00ab gjat\u00c3\u00ab nat\u00c3\u00abs s\u00c3\u00ab spektaklit.\" \/>\n<meta name=\"robots\" content=\"index, follow, max-snippet:-1, max-image-preview:large, max-video-preview:-1\" \/>\n<link rel=\"canonical\" href=\"https:\/\/www.visit-ulcinj.com\/blog\/2009\/03\/14\/mesida-nuk-di-ke-te-nominoj\/\" \/>\n<meta property=\"og:locale\" content=\"en_US\" \/>\n<meta property=\"og:type\" content=\"article\" \/>\n<meta property=\"og:title\" content=\"Mesida : Nuk di k\u00c3\u00ab t\u00c3\u00ab nominoj | Big Brother Albania 2\" \/>\n<meta property=\"og:description\" content=\"Big Brother Albania 2 - Mesida dhe Bjordi diskutojn\u00c3\u00ab p\u00c3\u00abr momentin q\u00c3\u00ab do t\u00c3\u00ab nominojn\u00c3\u00ab gjat\u00c3\u00ab nat\u00c3\u00abs s\u00c3\u00ab spektaklit.\" \/>\n<meta property=\"og:url\" content=\"https:\/\/www.visit-ulcinj.com\/blog\/2009\/03\/14\/mesida-nuk-di-ke-te-nominoj\/\" \/>\n<meta property=\"og:site_name\" content=\"Lajme nga Ulqini\" \/>\n<meta property=\"article:published_time\" content=\"2009-03-14T13:43:35+00:00\" \/>\n<meta property=\"og:image\" content=\"http:\/\/www.visit-ulcinj.com\/blog\/wp-content\/uploads\/2009\/03\/mesibjordi-per-nominimet.jpg\" \/>\n<meta name=\"twitter:label1\" content=\"Written by\" \/>\n\t<meta name=\"twitter:data1\" content=\"ulqini\" \/>\n\t<meta name=\"twitter:label2\" content=\"Est. reading time\" \/>\n\t<meta name=\"twitter:data2\" content=\"2 minutes\" \/>\n<script type=\"application\/ld+json\" class=\"yoast-schema-graph\">{\"@context\":\"https:\/\/schema.org\",\"@graph\":[{\"@type\":\"WebSite\",\"@id\":\"https:\/\/www.visit-ulcinj.com\/blog\/#website\",\"url\":\"https:\/\/www.visit-ulcinj.com\/blog\/\",\"name\":\"Lajme nga Ulqini\",\"description\":\"Lajme,Vijesti,Ulqini,Ulqin,Crna Gora,Mali i Zi\",\"potentialAction\":[{\"@type\":\"SearchAction\",\"target\":{\"@type\":\"EntryPoint\",\"urlTemplate\":\"https:\/\/www.visit-ulcinj.com\/blog\/?s={search_term_string}\"},\"query-input\":\"required name=search_term_string\"}],\"inLanguage\":\"en-US\"},{\"@type\":\"ImageObject\",\"inLanguage\":\"en-US\",\"@id\":\"https:\/\/www.visit-ulcinj.com\/blog\/2009\/03\/14\/mesida-nuk-di-ke-te-nominoj\/#primaryimage\",\"url\":\"http:\/\/www.visit-ulcinj.com\/blog\/wp-content\/uploads\/2009\/03\/mesibjordi-per-nominimet.jpg\",\"contentUrl\":\"http:\/\/www.visit-ulcinj.com\/blog\/wp-content\/uploads\/2009\/03\/mesibjordi-per-nominimet.jpg\"},{\"@type\":\"WebPage\",\"@id\":\"https:\/\/www.visit-ulcinj.com\/blog\/2009\/03\/14\/mesida-nuk-di-ke-te-nominoj\/#webpage\",\"url\":\"https:\/\/www.visit-ulcinj.com\/blog\/2009\/03\/14\/mesida-nuk-di-ke-te-nominoj\/\",\"name\":\"Mesida : Nuk di k\u00c3\u00ab t\u00c3\u00ab nominoj | Big Brother Albania 2\",\"isPartOf\":{\"@id\":\"https:\/\/www.visit-ulcinj.com\/blog\/#website\"},\"primaryImageOfPage\":{\"@id\":\"https:\/\/www.visit-ulcinj.com\/blog\/2009\/03\/14\/mesida-nuk-di-ke-te-nominoj\/#primaryimage\"},\"datePublished\":\"2009-03-14T13:43:35+00:00\",\"dateModified\":\"2009-03-14T13:43:35+00:00\",\"author\":{\"@id\":\"https:\/\/www.visit-ulcinj.com\/blog\/#\/schema\/person\/dcab619c614d3038751c63bc2aadc06d\"},\"description\":\"Big Brother Albania 2 - Mesida dhe Bjordi diskutojn\u00c3\u00ab p\u00c3\u00abr momentin q\u00c3\u00ab do t\u00c3\u00ab nominojn\u00c3\u00ab gjat\u00c3\u00ab nat\u00c3\u00abs s\u00c3\u00ab spektaklit.\",\"breadcrumb\":{\"@id\":\"https:\/\/www.visit-ulcinj.com\/blog\/2009\/03\/14\/mesida-nuk-di-ke-te-nominoj\/#breadcrumb\"},\"inLanguage\":\"en-US\",\"potentialAction\":[{\"@type\":\"ReadAction\",\"target\":[\"https:\/\/www.visit-ulcinj.com\/blog\/2009\/03\/14\/mesida-nuk-di-ke-te-nominoj\/\"]}]},{\"@type\":\"BreadcrumbList\",\"@id\":\"https:\/\/www.visit-ulcinj.com\/blog\/2009\/03\/14\/mesida-nuk-di-ke-te-nominoj\/#breadcrumb\",\"itemListElement\":[{\"@type\":\"ListItem\",\"position\":1,\"name\":\"Mesida : Nuk di k\u00eb t\u00eb nominoj\"}]},{\"@type\":\"Person\",\"@id\":\"https:\/\/www.visit-ulcinj.com\/blog\/#\/schema\/person\/dcab619c614d3038751c63bc2aadc06d\",\"name\":\"ulqini\",\"sameAs\":[\"http:\/\/www.visit-ulcinj.com\"],\"url\":\"https:\/\/www.visit-ulcinj.com\/blog\/author\/admin\/\"}]}<\/script>\n<!-- \/ Yoast SEO plugin. -->","yoast_head_json":{"title":"Mesida : Nuk di k\u00c3\u00ab t\u00c3\u00ab nominoj | Big Brother Albania 2","description":"Big Brother Albania 2 - Mesida dhe Bjordi diskutojn\u00c3\u00ab p\u00c3\u00abr momentin q\u00c3\u00ab do t\u00c3\u00ab nominojn\u00c3\u00ab gjat\u00c3\u00ab nat\u00c3\u00abs s\u00c3\u00ab spektaklit.","robots":{"index":"index","follow":"follow","max-snippet":"max-snippet:-1","max-image-preview":"max-image-preview:large","max-video-preview":"max-video-preview:-1"},"canonical":"https:\/\/www.visit-ulcinj.com\/blog\/2009\/03\/14\/mesida-nuk-di-ke-te-nominoj\/","og_locale":"en_US","og_type":"article","og_title":"Mesida : Nuk di k\u00c3\u00ab t\u00c3\u00ab nominoj | Big Brother Albania 2","og_description":"Big Brother Albania 2 - Mesida dhe Bjordi diskutojn\u00c3\u00ab p\u00c3\u00abr momentin q\u00c3\u00ab do t\u00c3\u00ab nominojn\u00c3\u00ab gjat\u00c3\u00ab nat\u00c3\u00abs s\u00c3\u00ab spektaklit.","og_url":"https:\/\/www.visit-ulcinj.com\/blog\/2009\/03\/14\/mesida-nuk-di-ke-te-nominoj\/","og_site_name":"Lajme nga Ulqini","article_published_time":"2009-03-14T13:43:35+00:00","og_image":[{"url":"http:\/\/www.visit-ulcinj.com\/blog\/wp-content\/uploads\/2009\/03\/mesibjordi-per-nominimet.jpg"}],"twitter_misc":{"Written by":"ulqini","Est. reading time":"2 minutes"},"schema":{"@context":"https:\/\/schema.org","@graph":[{"@type":"WebSite","@id":"https:\/\/www.visit-ulcinj.com\/blog\/#website","url":"https:\/\/www.visit-ulcinj.com\/blog\/","name":"Lajme nga Ulqini","description":"Lajme,Vijesti,Ulqini,Ulqin,Crna Gora,Mali i Zi","potentialAction":[{"@type":"SearchAction","target":{"@type":"EntryPoint","urlTemplate":"https:\/\/www.visit-ulcinj.com\/blog\/?s={search_term_string}"},"query-input":"required name=search_term_string"}],"inLanguage":"en-US"},{"@type":"ImageObject","inLanguage":"en-US","@id":"https:\/\/www.visit-ulcinj.com\/blog\/2009\/03\/14\/mesida-nuk-di-ke-te-nominoj\/#primaryimage","url":"http:\/\/www.visit-ulcinj.com\/blog\/wp-content\/uploads\/2009\/03\/mesibjordi-per-nominimet.jpg","contentUrl":"http:\/\/www.visit-ulcinj.com\/blog\/wp-content\/uploads\/2009\/03\/mesibjordi-per-nominimet.jpg"},{"@type":"WebPage","@id":"https:\/\/www.visit-ulcinj.com\/blog\/2009\/03\/14\/mesida-nuk-di-ke-te-nominoj\/#webpage","url":"https:\/\/www.visit-ulcinj.com\/blog\/2009\/03\/14\/mesida-nuk-di-ke-te-nominoj\/","name":"Mesida : Nuk di k\u00c3\u00ab t\u00c3\u00ab nominoj | Big Brother Albania 2","isPartOf":{"@id":"https:\/\/www.visit-ulcinj.com\/blog\/#website"},"primaryImageOfPage":{"@id":"https:\/\/www.visit-ulcinj.com\/blog\/2009\/03\/14\/mesida-nuk-di-ke-te-nominoj\/#primaryimage"},"datePublished":"2009-03-14T13:43:35+00:00","dateModified":"2009-03-14T13:43:35+00:00","author":{"@id":"https:\/\/www.visit-ulcinj.com\/blog\/#\/schema\/person\/dcab619c614d3038751c63bc2aadc06d"},"description":"Big Brother Albania 2 - Mesida dhe Bjordi diskutojn\u00c3\u00ab p\u00c3\u00abr momentin q\u00c3\u00ab do t\u00c3\u00ab nominojn\u00c3\u00ab gjat\u00c3\u00ab nat\u00c3\u00abs s\u00c3\u00ab spektaklit.","breadcrumb":{"@id":"https:\/\/www.visit-ulcinj.com\/blog\/2009\/03\/14\/mesida-nuk-di-ke-te-nominoj\/#breadcrumb"},"inLanguage":"en-US","potentialAction":[{"@type":"ReadAction","target":["https:\/\/www.visit-ulcinj.com\/blog\/2009\/03\/14\/mesida-nuk-di-ke-te-nominoj\/"]}]},{"@type":"BreadcrumbList","@id":"https:\/\/www.visit-ulcinj.com\/blog\/2009\/03\/14\/mesida-nuk-di-ke-te-nominoj\/#breadcrumb","itemListElement":[{"@type":"ListItem","position":1,"name":"Mesida : Nuk di k\u00eb t\u00eb nominoj"}]},{"@type":"Person","@id":"https:\/\/www.visit-ulcinj.com\/blog\/#\/schema\/person\/dcab619c614d3038751c63bc2aadc06d","name":"ulqini","sameAs":["http:\/\/www.visit-ulcinj.com"],"url":"https:\/\/www.visit-ulcinj.com\/blog\/author\/admin\/"}]}},"jetpack_featured_media_url":"","jetpack_sharing_enabled":true,"jetpack_shortlink":"https:\/\/wp.me\/pe6lTn-3GY","_links":{"self":[{"href":"https:\/\/www.visit-ulcinj.com\/blog\/wp-json\/wp\/v2\/posts\/14196"}],"collection":[{"href":"https:\/\/www.visit-ulcinj.com\/blog\/wp-json\/wp\/v2\/posts"}],"about":[{"href":"https:\/\/www.visit-ulcinj.com\/blog\/wp-json\/wp\/v2\/types\/post"}],"author":[{"embeddable":true,"href":"https:\/\/www.visit-ulcinj.com\/blog\/wp-json\/wp\/v2\/users\/1"}],"replies":[{"embeddable":true,"href":"https:\/\/www.visit-ulcinj.com\/blog\/wp-json\/wp\/v2\/comments?post=14196"}],"version-history":[{"count":0,"href":"https:\/\/www.visit-ulcinj.com\/blog\/wp-json\/wp\/v2\/posts\/14196\/revisions"}],"wp:attachment":[{"href":"https:\/\/www.visit-ulcinj.com\/blog\/wp-json\/wp\/v2\/media?parent=14196"}],"wp:term":[{"taxonomy":"category","embeddable":true,"href":"https:\/\/www.visit-ulcinj.com\/blog\/wp-json\/wp\/v2\/categories?post=14196"},{"taxonomy":"post_tag","embeddable":true,"href":"https:\/\/www.visit-ulcinj.com\/blog\/wp-json\/wp\/v2\/tags?post=14196"}],"curies":[{"name":"wp","href":"https:\/\/api.w.org\/{rel}","templated":true}]}}