{"id":14199,"date":"2009-03-14T14:48:23","date_gmt":"2009-03-14T13:48:23","guid":{"rendered":"http:\/\/www.visit-ulcinj.com\/blog\/?p=14199"},"modified":"2009-03-14T14:48:23","modified_gmt":"2009-03-14T13:48:23","slug":"lirita-arjoni-me-lendoi","status":"publish","type":"post","link":"https:\/\/www.visit-ulcinj.com\/blog\/2009\/03\/14\/lirita-arjoni-me-lendoi\/","title":{"rendered":"Lirita : Arjoni m\u00eb l\u00ebndoi"},"content":{"rendered":"<p>\u00a0<\/p>\n<div id=\"content\"><em><span class=\"newsdate\"><a href=\"http:\/\/www.visit-ulcinj.com\/blog\/wp-content\/uploads\/2009\/03\/bjordiliritamesi.jpg\"><img loading=\"lazy\" class=\"alignleft size-full wp-image-14200\" title=\"bjordiliritamesi-big-brother-albania-2\" src=\"http:\/\/www.visit-ulcinj.com\/blog\/wp-content\/uploads\/2009\/03\/bjordiliritamesi.jpg\" alt=\"bjordiliritamesi-big-brother-albania-2\" width=\"300\" height=\"205\" \/><\/a>14\/03\/09 01:17<\/span><\/em><\/p>\n<p>Bjordi pyet Lirit\u00ebn n\u00ebse u sqarua me Arjonin dhe ajo i p\u00ebrgjigjet se nuk ka nd\u00ebrmend ta b\u00ebj\u00eb sepse mesazhi u kuptua qart\u00eb. Lirita tregon se i erdhi inat q\u00eb ai ia tha ato fjal\u00eb p\u00ebrnj\u00ebher\u00eb, kur nuk po b\u00ebhej nj\u00eb bised\u00eb e till\u00eb si dhe p\u00ebr faktin se pse duhej t\u2019ia thoshte vet\u00ebm asaj, kur ka edhe t\u00eb tjer\u00eb n\u00eb nominim. Mesida tregon se, si ajo, edhe Adelajda, e kritikuan Arjonin p\u00ebr k\u00ebt\u00eb m\u00ebnyr\u00eb t\u00eb shprehuri dhe i vun\u00eb n\u00eb dukje se ato fjal\u00eb t\u00eb l\u00ebndojn\u00eb kur je n\u00eb nj\u00eb moment t\u00eb till\u00eb. Mesida tregon se Arjoni e kishte pyetur se cili mendonte ajo se do t\u00eb dilte dhe ajo i kishte th\u00ebn\u00eb se ai e dinte se cila ishte p\u00ebrgjigjja. Arjoni ishte kapur te kjo fjal\u00eb e i kishte th\u00ebn\u00eb se ai nuk ishte m\u00ebrzitur q\u00eb ajo n\u00ebnkuptonte Zhuljet\u00ebn, por Mesida e kishte sqaruar se ai dhe Zhuljeta nuk jan\u00eb nj\u00eb person i vet\u00ebm. Bjordi e qet\u00ebson Lirit\u00ebn dhe i thot\u00eb se \u00ebsht\u00eb nj\u00eb person simpatik e nuk duhet t\u00eb m\u00ebrzitet se jan\u00eb vec p\u00ebr loj\u00eb. Lirita u thot\u00eb se k\u00ebt\u00eb jav\u00eb ka p\u00ebr t\u2019ia treguar Arjonit se cila \u00ebsht\u00eb por, Bjordi e k\u00ebshillon q\u00eb t\u00eb mos kapet kot.<\/p><\/div>\n<p>?<\/p>\n","protected":false},"excerpt":{"rendered":"<p>\u00a0 14\/03\/09 01:17 Bjordi pyet Lirit\u00ebn n\u00ebse u sqarua me Arjonin dhe ajo i p\u00ebrgjigjet se nuk ka nd\u00ebrmend ta b\u00ebj\u00eb sepse mesazhi u kuptua qart\u00eb. Lirita tregon se i erdhi inat q\u00eb ai ia tha ato fjal\u00eb p\u00ebrnj\u00ebher\u00eb, kur nuk po b\u00ebhej nj\u00eb bised\u00eb e till\u00eb si dhe p\u00ebr faktin se pse duhej t\u2019ia [&hellip;]<\/p>\n","protected":false},"author":1,"featured_media":0,"comment_status":"open","ping_status":"closed","sticky":false,"template":"","format":"standard","meta":{"spay_email":"","jetpack_publicize_message":"","jetpack_is_tweetstorm":false,"jetpack_publicize_feature_enabled":true},"categories":[6502],"tags":[6525,7949,6883,6516,6712,6522,6542,7364,6891],"jetpack_publicize_connections":[],"yoast_head":"<!-- This site is optimized with the Yoast SEO plugin v19.1 - https:\/\/yoast.com\/wordpress\/plugins\/seo\/ -->\n<title>Lirita : Arjoni m\u00c3\u00ab l\u00c3\u00abndoi | Big Brother Albania 2<\/title>\n<meta name=\"description\" content=\"Big Brother Albania 2 - Bjordi pyet Lirit\u00c3\u00abn n\u00c3\u00abse u sqarua me Arjonin dhe ajo i p\u00c3\u00abrgjigjet se nuk ka nd\u00c3\u00abrmend ta b\u00c3\u00abj\u00c3\u00ab sepse mesazhi u kuptua qart\u00c3\u00ab\" \/>\n<meta name=\"robots\" content=\"index, follow, max-snippet:-1, max-image-preview:large, max-video-preview:-1\" \/>\n<link rel=\"canonical\" href=\"https:\/\/www.visit-ulcinj.com\/blog\/2009\/03\/14\/lirita-arjoni-me-lendoi\/\" \/>\n<meta property=\"og:locale\" content=\"en_US\" \/>\n<meta property=\"og:type\" content=\"article\" \/>\n<meta property=\"og:title\" content=\"Lirita : Arjoni m\u00c3\u00ab l\u00c3\u00abndoi | Big Brother Albania 2\" \/>\n<meta property=\"og:description\" content=\"Big Brother Albania 2 - Bjordi pyet Lirit\u00c3\u00abn n\u00c3\u00abse u sqarua me Arjonin dhe ajo i p\u00c3\u00abrgjigjet se nuk ka nd\u00c3\u00abrmend ta b\u00c3\u00abj\u00c3\u00ab sepse mesazhi u kuptua qart\u00c3\u00ab\" \/>\n<meta property=\"og:url\" content=\"https:\/\/www.visit-ulcinj.com\/blog\/2009\/03\/14\/lirita-arjoni-me-lendoi\/\" \/>\n<meta property=\"og:site_name\" content=\"Lajme nga Ulqini\" \/>\n<meta property=\"article:published_time\" content=\"2009-03-14T13:48:23+00:00\" \/>\n<meta property=\"og:image\" content=\"http:\/\/www.visit-ulcinj.com\/blog\/wp-content\/uploads\/2009\/03\/bjordiliritamesi.jpg\" \/>\n<meta name=\"twitter:label1\" content=\"Written by\" \/>\n\t<meta name=\"twitter:data1\" content=\"ulqini\" \/>\n\t<meta name=\"twitter:label2\" content=\"Est. reading time\" \/>\n\t<meta name=\"twitter:data2\" content=\"1 minute\" \/>\n<script type=\"application\/ld+json\" class=\"yoast-schema-graph\">{\"@context\":\"https:\/\/schema.org\",\"@graph\":[{\"@type\":\"WebSite\",\"@id\":\"https:\/\/www.visit-ulcinj.com\/blog\/#website\",\"url\":\"https:\/\/www.visit-ulcinj.com\/blog\/\",\"name\":\"Lajme nga Ulqini\",\"description\":\"Lajme,Vijesti,Ulqini,Ulqin,Crna Gora,Mali i Zi\",\"potentialAction\":[{\"@type\":\"SearchAction\",\"target\":{\"@type\":\"EntryPoint\",\"urlTemplate\":\"https:\/\/www.visit-ulcinj.com\/blog\/?s={search_term_string}\"},\"query-input\":\"required name=search_term_string\"}],\"inLanguage\":\"en-US\"},{\"@type\":\"ImageObject\",\"inLanguage\":\"en-US\",\"@id\":\"https:\/\/www.visit-ulcinj.com\/blog\/2009\/03\/14\/lirita-arjoni-me-lendoi\/#primaryimage\",\"url\":\"http:\/\/www.visit-ulcinj.com\/blog\/wp-content\/uploads\/2009\/03\/bjordiliritamesi.jpg\",\"contentUrl\":\"http:\/\/www.visit-ulcinj.com\/blog\/wp-content\/uploads\/2009\/03\/bjordiliritamesi.jpg\"},{\"@type\":\"WebPage\",\"@id\":\"https:\/\/www.visit-ulcinj.com\/blog\/2009\/03\/14\/lirita-arjoni-me-lendoi\/#webpage\",\"url\":\"https:\/\/www.visit-ulcinj.com\/blog\/2009\/03\/14\/lirita-arjoni-me-lendoi\/\",\"name\":\"Lirita : Arjoni m\u00c3\u00ab l\u00c3\u00abndoi | Big Brother Albania 2\",\"isPartOf\":{\"@id\":\"https:\/\/www.visit-ulcinj.com\/blog\/#website\"},\"primaryImageOfPage\":{\"@id\":\"https:\/\/www.visit-ulcinj.com\/blog\/2009\/03\/14\/lirita-arjoni-me-lendoi\/#primaryimage\"},\"datePublished\":\"2009-03-14T13:48:23+00:00\",\"dateModified\":\"2009-03-14T13:48:23+00:00\",\"author\":{\"@id\":\"https:\/\/www.visit-ulcinj.com\/blog\/#\/schema\/person\/dcab619c614d3038751c63bc2aadc06d\"},\"description\":\"Big Brother Albania 2 - Bjordi pyet Lirit\u00c3\u00abn n\u00c3\u00abse u sqarua me Arjonin dhe ajo i p\u00c3\u00abrgjigjet se nuk ka nd\u00c3\u00abrmend ta b\u00c3\u00abj\u00c3\u00ab sepse mesazhi u kuptua qart\u00c3\u00ab\",\"breadcrumb\":{\"@id\":\"https:\/\/www.visit-ulcinj.com\/blog\/2009\/03\/14\/lirita-arjoni-me-lendoi\/#breadcrumb\"},\"inLanguage\":\"en-US\",\"potentialAction\":[{\"@type\":\"ReadAction\",\"target\":[\"https:\/\/www.visit-ulcinj.com\/blog\/2009\/03\/14\/lirita-arjoni-me-lendoi\/\"]}]},{\"@type\":\"BreadcrumbList\",\"@id\":\"https:\/\/www.visit-ulcinj.com\/blog\/2009\/03\/14\/lirita-arjoni-me-lendoi\/#breadcrumb\",\"itemListElement\":[{\"@type\":\"ListItem\",\"position\":1,\"name\":\"Lirita : Arjoni m\u00eb l\u00ebndoi\"}]},{\"@type\":\"Person\",\"@id\":\"https:\/\/www.visit-ulcinj.com\/blog\/#\/schema\/person\/dcab619c614d3038751c63bc2aadc06d\",\"name\":\"ulqini\",\"sameAs\":[\"http:\/\/www.visit-ulcinj.com\"],\"url\":\"https:\/\/www.visit-ulcinj.com\/blog\/author\/admin\/\"}]}<\/script>\n<!-- \/ Yoast SEO plugin. -->","yoast_head_json":{"title":"Lirita : Arjoni m\u00c3\u00ab l\u00c3\u00abndoi | Big Brother Albania 2","description":"Big Brother Albania 2 - Bjordi pyet Lirit\u00c3\u00abn n\u00c3\u00abse u sqarua me Arjonin dhe ajo i p\u00c3\u00abrgjigjet se nuk ka nd\u00c3\u00abrmend ta b\u00c3\u00abj\u00c3\u00ab sepse mesazhi u kuptua qart\u00c3\u00ab","robots":{"index":"index","follow":"follow","max-snippet":"max-snippet:-1","max-image-preview":"max-image-preview:large","max-video-preview":"max-video-preview:-1"},"canonical":"https:\/\/www.visit-ulcinj.com\/blog\/2009\/03\/14\/lirita-arjoni-me-lendoi\/","og_locale":"en_US","og_type":"article","og_title":"Lirita : Arjoni m\u00c3\u00ab l\u00c3\u00abndoi | Big Brother Albania 2","og_description":"Big Brother Albania 2 - Bjordi pyet Lirit\u00c3\u00abn n\u00c3\u00abse u sqarua me Arjonin dhe ajo i p\u00c3\u00abrgjigjet se nuk ka nd\u00c3\u00abrmend ta b\u00c3\u00abj\u00c3\u00ab sepse mesazhi u kuptua qart\u00c3\u00ab","og_url":"https:\/\/www.visit-ulcinj.com\/blog\/2009\/03\/14\/lirita-arjoni-me-lendoi\/","og_site_name":"Lajme nga Ulqini","article_published_time":"2009-03-14T13:48:23+00:00","og_image":[{"url":"http:\/\/www.visit-ulcinj.com\/blog\/wp-content\/uploads\/2009\/03\/bjordiliritamesi.jpg"}],"twitter_misc":{"Written by":"ulqini","Est. reading time":"1 minute"},"schema":{"@context":"https:\/\/schema.org","@graph":[{"@type":"WebSite","@id":"https:\/\/www.visit-ulcinj.com\/blog\/#website","url":"https:\/\/www.visit-ulcinj.com\/blog\/","name":"Lajme nga Ulqini","description":"Lajme,Vijesti,Ulqini,Ulqin,Crna Gora,Mali i Zi","potentialAction":[{"@type":"SearchAction","target":{"@type":"EntryPoint","urlTemplate":"https:\/\/www.visit-ulcinj.com\/blog\/?s={search_term_string}"},"query-input":"required name=search_term_string"}],"inLanguage":"en-US"},{"@type":"ImageObject","inLanguage":"en-US","@id":"https:\/\/www.visit-ulcinj.com\/blog\/2009\/03\/14\/lirita-arjoni-me-lendoi\/#primaryimage","url":"http:\/\/www.visit-ulcinj.com\/blog\/wp-content\/uploads\/2009\/03\/bjordiliritamesi.jpg","contentUrl":"http:\/\/www.visit-ulcinj.com\/blog\/wp-content\/uploads\/2009\/03\/bjordiliritamesi.jpg"},{"@type":"WebPage","@id":"https:\/\/www.visit-ulcinj.com\/blog\/2009\/03\/14\/lirita-arjoni-me-lendoi\/#webpage","url":"https:\/\/www.visit-ulcinj.com\/blog\/2009\/03\/14\/lirita-arjoni-me-lendoi\/","name":"Lirita : Arjoni m\u00c3\u00ab l\u00c3\u00abndoi | Big Brother Albania 2","isPartOf":{"@id":"https:\/\/www.visit-ulcinj.com\/blog\/#website"},"primaryImageOfPage":{"@id":"https:\/\/www.visit-ulcinj.com\/blog\/2009\/03\/14\/lirita-arjoni-me-lendoi\/#primaryimage"},"datePublished":"2009-03-14T13:48:23+00:00","dateModified":"2009-03-14T13:48:23+00:00","author":{"@id":"https:\/\/www.visit-ulcinj.com\/blog\/#\/schema\/person\/dcab619c614d3038751c63bc2aadc06d"},"description":"Big Brother Albania 2 - Bjordi pyet Lirit\u00c3\u00abn n\u00c3\u00abse u sqarua me Arjonin dhe ajo i p\u00c3\u00abrgjigjet se nuk ka nd\u00c3\u00abrmend ta b\u00c3\u00abj\u00c3\u00ab sepse mesazhi u kuptua qart\u00c3\u00ab","breadcrumb":{"@id":"https:\/\/www.visit-ulcinj.com\/blog\/2009\/03\/14\/lirita-arjoni-me-lendoi\/#breadcrumb"},"inLanguage":"en-US","potentialAction":[{"@type":"ReadAction","target":["https:\/\/www.visit-ulcinj.com\/blog\/2009\/03\/14\/lirita-arjoni-me-lendoi\/"]}]},{"@type":"BreadcrumbList","@id":"https:\/\/www.visit-ulcinj.com\/blog\/2009\/03\/14\/lirita-arjoni-me-lendoi\/#breadcrumb","itemListElement":[{"@type":"ListItem","position":1,"name":"Lirita : Arjoni m\u00eb l\u00ebndoi"}]},{"@type":"Person","@id":"https:\/\/www.visit-ulcinj.com\/blog\/#\/schema\/person\/dcab619c614d3038751c63bc2aadc06d","name":"ulqini","sameAs":["http:\/\/www.visit-ulcinj.com"],"url":"https:\/\/www.visit-ulcinj.com\/blog\/author\/admin\/"}]}},"jetpack_featured_media_url":"","jetpack_sharing_enabled":true,"jetpack_shortlink":"https:\/\/wp.me\/pe6lTn-3H1","_links":{"self":[{"href":"https:\/\/www.visit-ulcinj.com\/blog\/wp-json\/wp\/v2\/posts\/14199"}],"collection":[{"href":"https:\/\/www.visit-ulcinj.com\/blog\/wp-json\/wp\/v2\/posts"}],"about":[{"href":"https:\/\/www.visit-ulcinj.com\/blog\/wp-json\/wp\/v2\/types\/post"}],"author":[{"embeddable":true,"href":"https:\/\/www.visit-ulcinj.com\/blog\/wp-json\/wp\/v2\/users\/1"}],"replies":[{"embeddable":true,"href":"https:\/\/www.visit-ulcinj.com\/blog\/wp-json\/wp\/v2\/comments?post=14199"}],"version-history":[{"count":0,"href":"https:\/\/www.visit-ulcinj.com\/blog\/wp-json\/wp\/v2\/posts\/14199\/revisions"}],"wp:attachment":[{"href":"https:\/\/www.visit-ulcinj.com\/blog\/wp-json\/wp\/v2\/media?parent=14199"}],"wp:term":[{"taxonomy":"category","embeddable":true,"href":"https:\/\/www.visit-ulcinj.com\/blog\/wp-json\/wp\/v2\/categories?post=14199"},{"taxonomy":"post_tag","embeddable":true,"href":"https:\/\/www.visit-ulcinj.com\/blog\/wp-json\/wp\/v2\/tags?post=14199"}],"curies":[{"name":"wp","href":"https:\/\/api.w.org\/{rel}","templated":true}]}}