{"id":14203,"date":"2009-03-14T14:56:30","date_gmt":"2009-03-14T13:56:30","guid":{"rendered":"http:\/\/www.visit-ulcinj.com\/blog\/?p=14203"},"modified":"2009-03-14T14:56:30","modified_gmt":"2009-03-14T13:56:30","slug":"aida-dhe-moza-arjoni-po-humb-pike","status":"publish","type":"post","link":"https:\/\/www.visit-ulcinj.com\/blog\/2009\/03\/14\/aida-dhe-moza-arjoni-po-humb-pike\/","title":{"rendered":"Aida dhe Moza : Arjoni po humb pik\u00eb"},"content":{"rendered":"<p><em><span class=\"newsdate\"><a href=\"http:\/\/www.visit-ulcinj.com\/blog\/wp-content\/uploads\/2009\/03\/aidamozaadela.jpg\"><img loading=\"lazy\" class=\"alignleft size-full wp-image-14206\" title=\"aidamozaadela-big-brother-albania-2\" src=\"http:\/\/www.visit-ulcinj.com\/blog\/wp-content\/uploads\/2009\/03\/aidamozaadela.jpg\" alt=\"aidamozaadela-big-brother-albania-2\" width=\"300\" height=\"205\" \/><\/a>14\/03\/09 01:55<\/span><\/em><\/p>\n<p>Aida, Moza dhe Adela diskutojn\u00eb p\u00ebr Arjonin dhe debatin q\u00eb krijoi fjala q\u00eb i tha Lirit\u00ebs. Ato jan\u00eb t\u00eb gjitha t\u00eb t\u00eb nj\u00ebjtit mendim se ai nuk duhet t\u2019ia kishte th\u00ebn\u00eb edhe pse e mendonte v\u00ebrtet\u00eb. Adela tregon se kur Lirita i kishte treguar, i ishin mbushur syt\u00eb me lot. Mimoza thot\u00eb se ai ia ka th\u00ebn\u00eb Lirit\u00ebs direkt, me q\u00ebllimin p\u00ebr t\u2019ia b\u00ebr\u00eb t\u00eb ditur q\u00eb ajo nuk \u00ebsht\u00eb nj\u00eb konkurente e fort\u00eb kurse Aida mendon se ia ka th\u00ebn\u00eb sepse e sheh q\u00eb ajo \u00ebsht\u00eb nj\u00eb person q\u00eb nuk revoltohet. Vajzat diskutojn\u00eb p\u00ebr afrimin e Arjonit me Zhuljet\u00ebn dhe thon\u00eb q\u00eb ai \u00ebsht\u00eb kthyer n\u00eb nj\u00eb lod\u00ebr t\u00eb saj t\u00eb cilin e monovron sipas d\u00ebshir\u00ebs. Adela mendon se Arjoni nuk \u00ebsht\u00eb djal\u00eb i till\u00eb por inteligjent, por prap\u00eb nuk e kuptojn\u00eb afrimin e tij me Zhuljet\u00ebn. Edhe Aida e mendon k\u00ebshtu madje ajo shprehet se gjithmon\u00eb u ka th\u00ebn\u00eb t\u00eb tjer\u00ebve q\u00eb t\u00eb mos e shohin Arjonin thjesht si nj\u00eb djal\u00eb t\u00eb bukur. Adela thot\u00eb se Arjoni \u00ebsht\u00eb duke i ulur pik\u00eb vetes me k\u00ebt\u00eb sjellje.<\/p>\n","protected":false},"excerpt":{"rendered":"<p>14\/03\/09 01:55 Aida, Moza dhe Adela diskutojn\u00eb p\u00ebr Arjonin dhe debatin q\u00eb krijoi fjala q\u00eb i tha Lirit\u00ebs. Ato jan\u00eb t\u00eb gjitha t\u00eb t\u00eb nj\u00ebjtit mendim se ai nuk duhet t\u2019ia kishte th\u00ebn\u00eb edhe pse e mendonte v\u00ebrtet\u00eb. Adela tregon se kur Lirita i kishte treguar, i ishin mbushur syt\u00eb me lot. Mimoza thot\u00eb se [&hellip;]<\/p>\n","protected":false},"author":1,"featured_media":0,"comment_status":"open","ping_status":"closed","sticky":false,"template":"","format":"standard","meta":{"spay_email":"","jetpack_publicize_message":"","jetpack_is_tweetstorm":false,"jetpack_publicize_feature_enabled":true},"categories":[6502],"tags":[6537,7950,6525,7951,6883,6516,6712,6544,6891],"jetpack_publicize_connections":[],"yoast_head":"<!-- This site is optimized with the Yoast SEO plugin v19.1 - https:\/\/yoast.com\/wordpress\/plugins\/seo\/ -->\n<title>Aida dhe Moza : Arjoni po humb pik\u00c3\u00ab | Big Brother Albania 2<\/title>\n<meta name=\"description\" content=\"Big Brother Albania 2 - Aida, Moza dhe Adela diskutojn\u00c3\u00ab p\u00c3\u00abr Arjonin dhe debatin q\u00c3\u00ab krijoi fjala q\u00c3\u00ab i tha Lirit\u00c3\u00abs.\" \/>\n<meta name=\"robots\" content=\"index, follow, max-snippet:-1, max-image-preview:large, max-video-preview:-1\" \/>\n<link rel=\"canonical\" href=\"https:\/\/www.visit-ulcinj.com\/blog\/2009\/03\/14\/aida-dhe-moza-arjoni-po-humb-pike\/\" \/>\n<meta property=\"og:locale\" content=\"en_US\" \/>\n<meta property=\"og:type\" content=\"article\" \/>\n<meta property=\"og:title\" content=\"Aida dhe Moza : Arjoni po humb pik\u00c3\u00ab | Big Brother Albania 2\" \/>\n<meta property=\"og:description\" content=\"Big Brother Albania 2 - Aida, Moza dhe Adela diskutojn\u00c3\u00ab p\u00c3\u00abr Arjonin dhe debatin q\u00c3\u00ab krijoi fjala q\u00c3\u00ab i tha Lirit\u00c3\u00abs.\" \/>\n<meta property=\"og:url\" content=\"https:\/\/www.visit-ulcinj.com\/blog\/2009\/03\/14\/aida-dhe-moza-arjoni-po-humb-pike\/\" \/>\n<meta property=\"og:site_name\" content=\"Lajme nga Ulqini\" \/>\n<meta property=\"article:published_time\" content=\"2009-03-14T13:56:30+00:00\" \/>\n<meta property=\"og:image\" content=\"http:\/\/www.visit-ulcinj.com\/blog\/wp-content\/uploads\/2009\/03\/aidamozaadela.jpg\" \/>\n<meta name=\"twitter:label1\" content=\"Written by\" \/>\n\t<meta name=\"twitter:data1\" content=\"ulqini\" \/>\n\t<meta name=\"twitter:label2\" content=\"Est. reading time\" \/>\n\t<meta name=\"twitter:data2\" content=\"1 minute\" \/>\n<script type=\"application\/ld+json\" class=\"yoast-schema-graph\">{\"@context\":\"https:\/\/schema.org\",\"@graph\":[{\"@type\":\"WebSite\",\"@id\":\"https:\/\/www.visit-ulcinj.com\/blog\/#website\",\"url\":\"https:\/\/www.visit-ulcinj.com\/blog\/\",\"name\":\"Lajme nga Ulqini\",\"description\":\"Lajme,Vijesti,Ulqini,Ulqin,Crna Gora,Mali i Zi\",\"potentialAction\":[{\"@type\":\"SearchAction\",\"target\":{\"@type\":\"EntryPoint\",\"urlTemplate\":\"https:\/\/www.visit-ulcinj.com\/blog\/?s={search_term_string}\"},\"query-input\":\"required name=search_term_string\"}],\"inLanguage\":\"en-US\"},{\"@type\":\"ImageObject\",\"inLanguage\":\"en-US\",\"@id\":\"https:\/\/www.visit-ulcinj.com\/blog\/2009\/03\/14\/aida-dhe-moza-arjoni-po-humb-pike\/#primaryimage\",\"url\":\"http:\/\/www.visit-ulcinj.com\/blog\/wp-content\/uploads\/2009\/03\/aidamozaadela.jpg\",\"contentUrl\":\"http:\/\/www.visit-ulcinj.com\/blog\/wp-content\/uploads\/2009\/03\/aidamozaadela.jpg\"},{\"@type\":\"WebPage\",\"@id\":\"https:\/\/www.visit-ulcinj.com\/blog\/2009\/03\/14\/aida-dhe-moza-arjoni-po-humb-pike\/#webpage\",\"url\":\"https:\/\/www.visit-ulcinj.com\/blog\/2009\/03\/14\/aida-dhe-moza-arjoni-po-humb-pike\/\",\"name\":\"Aida dhe Moza : Arjoni po humb pik\u00c3\u00ab | Big Brother Albania 2\",\"isPartOf\":{\"@id\":\"https:\/\/www.visit-ulcinj.com\/blog\/#website\"},\"primaryImageOfPage\":{\"@id\":\"https:\/\/www.visit-ulcinj.com\/blog\/2009\/03\/14\/aida-dhe-moza-arjoni-po-humb-pike\/#primaryimage\"},\"datePublished\":\"2009-03-14T13:56:30+00:00\",\"dateModified\":\"2009-03-14T13:56:30+00:00\",\"author\":{\"@id\":\"https:\/\/www.visit-ulcinj.com\/blog\/#\/schema\/person\/dcab619c614d3038751c63bc2aadc06d\"},\"description\":\"Big Brother Albania 2 - Aida, Moza dhe Adela diskutojn\u00c3\u00ab p\u00c3\u00abr Arjonin dhe debatin q\u00c3\u00ab krijoi fjala q\u00c3\u00ab i tha Lirit\u00c3\u00abs.\",\"breadcrumb\":{\"@id\":\"https:\/\/www.visit-ulcinj.com\/blog\/2009\/03\/14\/aida-dhe-moza-arjoni-po-humb-pike\/#breadcrumb\"},\"inLanguage\":\"en-US\",\"potentialAction\":[{\"@type\":\"ReadAction\",\"target\":[\"https:\/\/www.visit-ulcinj.com\/blog\/2009\/03\/14\/aida-dhe-moza-arjoni-po-humb-pike\/\"]}]},{\"@type\":\"BreadcrumbList\",\"@id\":\"https:\/\/www.visit-ulcinj.com\/blog\/2009\/03\/14\/aida-dhe-moza-arjoni-po-humb-pike\/#breadcrumb\",\"itemListElement\":[{\"@type\":\"ListItem\",\"position\":1,\"name\":\"Aida dhe Moza : Arjoni po humb pik\u00eb\"}]},{\"@type\":\"Person\",\"@id\":\"https:\/\/www.visit-ulcinj.com\/blog\/#\/schema\/person\/dcab619c614d3038751c63bc2aadc06d\",\"name\":\"ulqini\",\"sameAs\":[\"http:\/\/www.visit-ulcinj.com\"],\"url\":\"https:\/\/www.visit-ulcinj.com\/blog\/author\/admin\/\"}]}<\/script>\n<!-- \/ Yoast SEO plugin. -->","yoast_head_json":{"title":"Aida dhe Moza : Arjoni po humb pik\u00c3\u00ab | Big Brother Albania 2","description":"Big Brother Albania 2 - Aida, Moza dhe Adela diskutojn\u00c3\u00ab p\u00c3\u00abr Arjonin dhe debatin q\u00c3\u00ab krijoi fjala q\u00c3\u00ab i tha Lirit\u00c3\u00abs.","robots":{"index":"index","follow":"follow","max-snippet":"max-snippet:-1","max-image-preview":"max-image-preview:large","max-video-preview":"max-video-preview:-1"},"canonical":"https:\/\/www.visit-ulcinj.com\/blog\/2009\/03\/14\/aida-dhe-moza-arjoni-po-humb-pike\/","og_locale":"en_US","og_type":"article","og_title":"Aida dhe Moza : Arjoni po humb pik\u00c3\u00ab | Big Brother Albania 2","og_description":"Big Brother Albania 2 - Aida, Moza dhe Adela diskutojn\u00c3\u00ab p\u00c3\u00abr Arjonin dhe debatin q\u00c3\u00ab krijoi fjala q\u00c3\u00ab i tha Lirit\u00c3\u00abs.","og_url":"https:\/\/www.visit-ulcinj.com\/blog\/2009\/03\/14\/aida-dhe-moza-arjoni-po-humb-pike\/","og_site_name":"Lajme nga Ulqini","article_published_time":"2009-03-14T13:56:30+00:00","og_image":[{"url":"http:\/\/www.visit-ulcinj.com\/blog\/wp-content\/uploads\/2009\/03\/aidamozaadela.jpg"}],"twitter_misc":{"Written by":"ulqini","Est. reading time":"1 minute"},"schema":{"@context":"https:\/\/schema.org","@graph":[{"@type":"WebSite","@id":"https:\/\/www.visit-ulcinj.com\/blog\/#website","url":"https:\/\/www.visit-ulcinj.com\/blog\/","name":"Lajme nga Ulqini","description":"Lajme,Vijesti,Ulqini,Ulqin,Crna Gora,Mali i Zi","potentialAction":[{"@type":"SearchAction","target":{"@type":"EntryPoint","urlTemplate":"https:\/\/www.visit-ulcinj.com\/blog\/?s={search_term_string}"},"query-input":"required name=search_term_string"}],"inLanguage":"en-US"},{"@type":"ImageObject","inLanguage":"en-US","@id":"https:\/\/www.visit-ulcinj.com\/blog\/2009\/03\/14\/aida-dhe-moza-arjoni-po-humb-pike\/#primaryimage","url":"http:\/\/www.visit-ulcinj.com\/blog\/wp-content\/uploads\/2009\/03\/aidamozaadela.jpg","contentUrl":"http:\/\/www.visit-ulcinj.com\/blog\/wp-content\/uploads\/2009\/03\/aidamozaadela.jpg"},{"@type":"WebPage","@id":"https:\/\/www.visit-ulcinj.com\/blog\/2009\/03\/14\/aida-dhe-moza-arjoni-po-humb-pike\/#webpage","url":"https:\/\/www.visit-ulcinj.com\/blog\/2009\/03\/14\/aida-dhe-moza-arjoni-po-humb-pike\/","name":"Aida dhe Moza : Arjoni po humb pik\u00c3\u00ab | Big Brother Albania 2","isPartOf":{"@id":"https:\/\/www.visit-ulcinj.com\/blog\/#website"},"primaryImageOfPage":{"@id":"https:\/\/www.visit-ulcinj.com\/blog\/2009\/03\/14\/aida-dhe-moza-arjoni-po-humb-pike\/#primaryimage"},"datePublished":"2009-03-14T13:56:30+00:00","dateModified":"2009-03-14T13:56:30+00:00","author":{"@id":"https:\/\/www.visit-ulcinj.com\/blog\/#\/schema\/person\/dcab619c614d3038751c63bc2aadc06d"},"description":"Big Brother Albania 2 - Aida, Moza dhe Adela diskutojn\u00c3\u00ab p\u00c3\u00abr Arjonin dhe debatin q\u00c3\u00ab krijoi fjala q\u00c3\u00ab i tha Lirit\u00c3\u00abs.","breadcrumb":{"@id":"https:\/\/www.visit-ulcinj.com\/blog\/2009\/03\/14\/aida-dhe-moza-arjoni-po-humb-pike\/#breadcrumb"},"inLanguage":"en-US","potentialAction":[{"@type":"ReadAction","target":["https:\/\/www.visit-ulcinj.com\/blog\/2009\/03\/14\/aida-dhe-moza-arjoni-po-humb-pike\/"]}]},{"@type":"BreadcrumbList","@id":"https:\/\/www.visit-ulcinj.com\/blog\/2009\/03\/14\/aida-dhe-moza-arjoni-po-humb-pike\/#breadcrumb","itemListElement":[{"@type":"ListItem","position":1,"name":"Aida dhe Moza : Arjoni po humb pik\u00eb"}]},{"@type":"Person","@id":"https:\/\/www.visit-ulcinj.com\/blog\/#\/schema\/person\/dcab619c614d3038751c63bc2aadc06d","name":"ulqini","sameAs":["http:\/\/www.visit-ulcinj.com"],"url":"https:\/\/www.visit-ulcinj.com\/blog\/author\/admin\/"}]}},"jetpack_featured_media_url":"","jetpack_sharing_enabled":true,"jetpack_shortlink":"https:\/\/wp.me\/pe6lTn-3H5","_links":{"self":[{"href":"https:\/\/www.visit-ulcinj.com\/blog\/wp-json\/wp\/v2\/posts\/14203"}],"collection":[{"href":"https:\/\/www.visit-ulcinj.com\/blog\/wp-json\/wp\/v2\/posts"}],"about":[{"href":"https:\/\/www.visit-ulcinj.com\/blog\/wp-json\/wp\/v2\/types\/post"}],"author":[{"embeddable":true,"href":"https:\/\/www.visit-ulcinj.com\/blog\/wp-json\/wp\/v2\/users\/1"}],"replies":[{"embeddable":true,"href":"https:\/\/www.visit-ulcinj.com\/blog\/wp-json\/wp\/v2\/comments?post=14203"}],"version-history":[{"count":0,"href":"https:\/\/www.visit-ulcinj.com\/blog\/wp-json\/wp\/v2\/posts\/14203\/revisions"}],"wp:attachment":[{"href":"https:\/\/www.visit-ulcinj.com\/blog\/wp-json\/wp\/v2\/media?parent=14203"}],"wp:term":[{"taxonomy":"category","embeddable":true,"href":"https:\/\/www.visit-ulcinj.com\/blog\/wp-json\/wp\/v2\/categories?post=14203"},{"taxonomy":"post_tag","embeddable":true,"href":"https:\/\/www.visit-ulcinj.com\/blog\/wp-json\/wp\/v2\/tags?post=14203"}],"curies":[{"name":"wp","href":"https:\/\/api.w.org\/{rel}","templated":true}]}}