{"id":14209,"date":"2009-03-14T15:01:51","date_gmt":"2009-03-14T14:01:51","guid":{"rendered":"http:\/\/www.visit-ulcinj.com\/blog\/?p=14209"},"modified":"2009-03-14T15:01:51","modified_gmt":"2009-03-14T14:01:51","slug":"adi-veproi-gabim","status":"publish","type":"post","link":"https:\/\/www.visit-ulcinj.com\/blog\/2009\/03\/14\/adi-veproi-gabim\/","title":{"rendered":"Adi veproi gabim"},"content":{"rendered":"<p><em><span class=\"newsdate\"><a href=\"http:\/\/www.visit-ulcinj.com\/blog\/wp-content\/uploads\/2009\/03\/adelamoza.jpg\"><img loading=\"lazy\" class=\"alignleft size-full wp-image-14210\" title=\"adelamoza-big-brother-albania\" src=\"http:\/\/www.visit-ulcinj.com\/blog\/wp-content\/uploads\/2009\/03\/adelamoza.jpg\" alt=\"adelamoza-big-brother-albania\" width=\"300\" height=\"205\" \/><\/a>14\/03\/09 02:16<\/span><\/em><\/p>\n<p>Mimoza i tregon Adel\u00ebs se Adi e kishte kafshuar n\u00eb faqe. Adela e pyeti se p\u00ebrse nuk reagoi por, ajo ia kthen se p\u00ebr momentin u hutua dhe nuk po dinte cfar\u00eb t\u00eb b\u00ebnte. Adelajda i thot\u00eb se Adi ka b\u00ebr\u00eb nje veprim shum\u00eb t\u00eb gabuar se \u00ebsht\u00eb nj\u00eb burr\u00eb 40-vjec dhe disa gj\u00ebra duhet t\u2019i mendoj\u00eb mir\u00eb para se t\u2019i b\u00ebj\u00eb. Megjithat\u00eb, ajo shton se nuk mund ta gjykoj\u00eb vet\u00ebm p\u00ebr nj\u00eb veprim t\u00eb gabuar. Moza i thot\u00eb se e ka trajtuar si v\u00eblla t\u00eb madh ose si baba dhe nuk e priste prej tij at\u00eb veprim. Ajo thot\u00eb se Arjoni mendon mir\u00eb kur thot\u00eb se njer\u00ebzit nuk njihen. Edhe Adelajda mendon se ka b\u00ebr\u00eb gabim q\u00eb e ka afruar pa e njohur m\u00eb par\u00eb. Moza mendon se t\u00eb tjer\u00ebt nuk e duan dhe ai u \u00ebsht\u00eb afruar vet\u00ebm m\u00eb t\u00eb rinjve, asaj, Adel\u00ebs dhe Bjordit q\u00eb k\u00ebta t\u00eb mos ta nominojn\u00eb.<\/p>\n","protected":false},"excerpt":{"rendered":"<p>14\/03\/09 02:16 Mimoza i tregon Adel\u00ebs se Adi e kishte kafshuar n\u00eb faqe. Adela e pyeti se p\u00ebrse nuk reagoi por, ajo ia kthen se p\u00ebr momentin u hutua dhe nuk po dinte cfar\u00eb t\u00eb b\u00ebnte. Adelajda i thot\u00eb se Adi ka b\u00ebr\u00eb nje veprim shum\u00eb t\u00eb gabuar se \u00ebsht\u00eb nj\u00eb burr\u00eb 40-vjec dhe disa [&hellip;]<\/p>\n","protected":false},"author":1,"featured_media":0,"comment_status":"open","ping_status":"closed","sticky":false,"template":"","format":"standard","meta":{"spay_email":"","jetpack_publicize_message":"","jetpack_is_tweetstorm":false,"jetpack_publicize_feature_enabled":true},"categories":[6502],"tags":[6529,1414,7952,6537,7902,6883,6516,6712,6544,6891],"jetpack_publicize_connections":[],"yoast_head":"<!-- This site is optimized with the Yoast SEO plugin v19.1 - https:\/\/yoast.com\/wordpress\/plugins\/seo\/ -->\n<title>Adi veproi gabim | Big Brother Albania 2<\/title>\n<meta name=\"description\" content=\"Big Brother Albania 2 - Mimoza i tregon Adel\u00c3\u00abs se Adi e kishte kafshuar n\u00c3\u00ab faqe. Adela e pyeti se p\u00c3\u00abrse nuk reagoi por, ajo ia kthen se p\u00c3\u00abr momentin u hutua dhe nuk po dinte cfar\u00c3\u00ab t\u00c3\u00ab b\u00c3\u00abnte\" \/>\n<meta name=\"robots\" content=\"index, follow, max-snippet:-1, max-image-preview:large, max-video-preview:-1\" \/>\n<link rel=\"canonical\" href=\"https:\/\/www.visit-ulcinj.com\/blog\/2009\/03\/14\/adi-veproi-gabim\/\" \/>\n<meta property=\"og:locale\" content=\"en_US\" \/>\n<meta property=\"og:type\" content=\"article\" \/>\n<meta property=\"og:title\" content=\"Adi veproi gabim | Big Brother Albania 2\" \/>\n<meta property=\"og:description\" content=\"Big Brother Albania 2 - Mimoza i tregon Adel\u00c3\u00abs se Adi e kishte kafshuar n\u00c3\u00ab faqe. Adela e pyeti se p\u00c3\u00abrse nuk reagoi por, ajo ia kthen se p\u00c3\u00abr momentin u hutua dhe nuk po dinte cfar\u00c3\u00ab t\u00c3\u00ab b\u00c3\u00abnte\" \/>\n<meta property=\"og:url\" content=\"https:\/\/www.visit-ulcinj.com\/blog\/2009\/03\/14\/adi-veproi-gabim\/\" \/>\n<meta property=\"og:site_name\" content=\"Lajme nga Ulqini\" \/>\n<meta property=\"article:published_time\" content=\"2009-03-14T14:01:51+00:00\" \/>\n<meta property=\"og:image\" content=\"http:\/\/www.visit-ulcinj.com\/blog\/wp-content\/uploads\/2009\/03\/adelamoza.jpg\" \/>\n<meta name=\"twitter:label1\" content=\"Written by\" \/>\n\t<meta name=\"twitter:data1\" content=\"ulqini\" \/>\n\t<meta name=\"twitter:label2\" content=\"Est. reading time\" \/>\n\t<meta name=\"twitter:data2\" content=\"1 minute\" \/>\n<script type=\"application\/ld+json\" class=\"yoast-schema-graph\">{\"@context\":\"https:\/\/schema.org\",\"@graph\":[{\"@type\":\"WebSite\",\"@id\":\"https:\/\/www.visit-ulcinj.com\/blog\/#website\",\"url\":\"https:\/\/www.visit-ulcinj.com\/blog\/\",\"name\":\"Lajme nga Ulqini\",\"description\":\"Lajme,Vijesti,Ulqini,Ulqin,Crna Gora,Mali i Zi\",\"potentialAction\":[{\"@type\":\"SearchAction\",\"target\":{\"@type\":\"EntryPoint\",\"urlTemplate\":\"https:\/\/www.visit-ulcinj.com\/blog\/?s={search_term_string}\"},\"query-input\":\"required name=search_term_string\"}],\"inLanguage\":\"en-US\"},{\"@type\":\"ImageObject\",\"inLanguage\":\"en-US\",\"@id\":\"https:\/\/www.visit-ulcinj.com\/blog\/2009\/03\/14\/adi-veproi-gabim\/#primaryimage\",\"url\":\"http:\/\/www.visit-ulcinj.com\/blog\/wp-content\/uploads\/2009\/03\/adelamoza.jpg\",\"contentUrl\":\"http:\/\/www.visit-ulcinj.com\/blog\/wp-content\/uploads\/2009\/03\/adelamoza.jpg\"},{\"@type\":\"WebPage\",\"@id\":\"https:\/\/www.visit-ulcinj.com\/blog\/2009\/03\/14\/adi-veproi-gabim\/#webpage\",\"url\":\"https:\/\/www.visit-ulcinj.com\/blog\/2009\/03\/14\/adi-veproi-gabim\/\",\"name\":\"Adi veproi gabim | Big Brother Albania 2\",\"isPartOf\":{\"@id\":\"https:\/\/www.visit-ulcinj.com\/blog\/#website\"},\"primaryImageOfPage\":{\"@id\":\"https:\/\/www.visit-ulcinj.com\/blog\/2009\/03\/14\/adi-veproi-gabim\/#primaryimage\"},\"datePublished\":\"2009-03-14T14:01:51+00:00\",\"dateModified\":\"2009-03-14T14:01:51+00:00\",\"author\":{\"@id\":\"https:\/\/www.visit-ulcinj.com\/blog\/#\/schema\/person\/dcab619c614d3038751c63bc2aadc06d\"},\"description\":\"Big Brother Albania 2 - Mimoza i tregon Adel\u00c3\u00abs se Adi e kishte kafshuar n\u00c3\u00ab faqe. Adela e pyeti se p\u00c3\u00abrse nuk reagoi por, ajo ia kthen se p\u00c3\u00abr momentin u hutua dhe nuk po dinte cfar\u00c3\u00ab t\u00c3\u00ab b\u00c3\u00abnte\",\"breadcrumb\":{\"@id\":\"https:\/\/www.visit-ulcinj.com\/blog\/2009\/03\/14\/adi-veproi-gabim\/#breadcrumb\"},\"inLanguage\":\"en-US\",\"potentialAction\":[{\"@type\":\"ReadAction\",\"target\":[\"https:\/\/www.visit-ulcinj.com\/blog\/2009\/03\/14\/adi-veproi-gabim\/\"]}]},{\"@type\":\"BreadcrumbList\",\"@id\":\"https:\/\/www.visit-ulcinj.com\/blog\/2009\/03\/14\/adi-veproi-gabim\/#breadcrumb\",\"itemListElement\":[{\"@type\":\"ListItem\",\"position\":1,\"name\":\"Adi veproi gabim\"}]},{\"@type\":\"Person\",\"@id\":\"https:\/\/www.visit-ulcinj.com\/blog\/#\/schema\/person\/dcab619c614d3038751c63bc2aadc06d\",\"name\":\"ulqini\",\"sameAs\":[\"http:\/\/www.visit-ulcinj.com\"],\"url\":\"https:\/\/www.visit-ulcinj.com\/blog\/author\/admin\/\"}]}<\/script>\n<!-- \/ Yoast SEO plugin. -->","yoast_head_json":{"title":"Adi veproi gabim | Big Brother Albania 2","description":"Big Brother Albania 2 - Mimoza i tregon Adel\u00c3\u00abs se Adi e kishte kafshuar n\u00c3\u00ab faqe. Adela e pyeti se p\u00c3\u00abrse nuk reagoi por, ajo ia kthen se p\u00c3\u00abr momentin u hutua dhe nuk po dinte cfar\u00c3\u00ab t\u00c3\u00ab b\u00c3\u00abnte","robots":{"index":"index","follow":"follow","max-snippet":"max-snippet:-1","max-image-preview":"max-image-preview:large","max-video-preview":"max-video-preview:-1"},"canonical":"https:\/\/www.visit-ulcinj.com\/blog\/2009\/03\/14\/adi-veproi-gabim\/","og_locale":"en_US","og_type":"article","og_title":"Adi veproi gabim | Big Brother Albania 2","og_description":"Big Brother Albania 2 - Mimoza i tregon Adel\u00c3\u00abs se Adi e kishte kafshuar n\u00c3\u00ab faqe. Adela e pyeti se p\u00c3\u00abrse nuk reagoi por, ajo ia kthen se p\u00c3\u00abr momentin u hutua dhe nuk po dinte cfar\u00c3\u00ab t\u00c3\u00ab b\u00c3\u00abnte","og_url":"https:\/\/www.visit-ulcinj.com\/blog\/2009\/03\/14\/adi-veproi-gabim\/","og_site_name":"Lajme nga Ulqini","article_published_time":"2009-03-14T14:01:51+00:00","og_image":[{"url":"http:\/\/www.visit-ulcinj.com\/blog\/wp-content\/uploads\/2009\/03\/adelamoza.jpg"}],"twitter_misc":{"Written by":"ulqini","Est. reading time":"1 minute"},"schema":{"@context":"https:\/\/schema.org","@graph":[{"@type":"WebSite","@id":"https:\/\/www.visit-ulcinj.com\/blog\/#website","url":"https:\/\/www.visit-ulcinj.com\/blog\/","name":"Lajme nga Ulqini","description":"Lajme,Vijesti,Ulqini,Ulqin,Crna Gora,Mali i Zi","potentialAction":[{"@type":"SearchAction","target":{"@type":"EntryPoint","urlTemplate":"https:\/\/www.visit-ulcinj.com\/blog\/?s={search_term_string}"},"query-input":"required name=search_term_string"}],"inLanguage":"en-US"},{"@type":"ImageObject","inLanguage":"en-US","@id":"https:\/\/www.visit-ulcinj.com\/blog\/2009\/03\/14\/adi-veproi-gabim\/#primaryimage","url":"http:\/\/www.visit-ulcinj.com\/blog\/wp-content\/uploads\/2009\/03\/adelamoza.jpg","contentUrl":"http:\/\/www.visit-ulcinj.com\/blog\/wp-content\/uploads\/2009\/03\/adelamoza.jpg"},{"@type":"WebPage","@id":"https:\/\/www.visit-ulcinj.com\/blog\/2009\/03\/14\/adi-veproi-gabim\/#webpage","url":"https:\/\/www.visit-ulcinj.com\/blog\/2009\/03\/14\/adi-veproi-gabim\/","name":"Adi veproi gabim | Big Brother Albania 2","isPartOf":{"@id":"https:\/\/www.visit-ulcinj.com\/blog\/#website"},"primaryImageOfPage":{"@id":"https:\/\/www.visit-ulcinj.com\/blog\/2009\/03\/14\/adi-veproi-gabim\/#primaryimage"},"datePublished":"2009-03-14T14:01:51+00:00","dateModified":"2009-03-14T14:01:51+00:00","author":{"@id":"https:\/\/www.visit-ulcinj.com\/blog\/#\/schema\/person\/dcab619c614d3038751c63bc2aadc06d"},"description":"Big Brother Albania 2 - Mimoza i tregon Adel\u00c3\u00abs se Adi e kishte kafshuar n\u00c3\u00ab faqe. Adela e pyeti se p\u00c3\u00abrse nuk reagoi por, ajo ia kthen se p\u00c3\u00abr momentin u hutua dhe nuk po dinte cfar\u00c3\u00ab t\u00c3\u00ab b\u00c3\u00abnte","breadcrumb":{"@id":"https:\/\/www.visit-ulcinj.com\/blog\/2009\/03\/14\/adi-veproi-gabim\/#breadcrumb"},"inLanguage":"en-US","potentialAction":[{"@type":"ReadAction","target":["https:\/\/www.visit-ulcinj.com\/blog\/2009\/03\/14\/adi-veproi-gabim\/"]}]},{"@type":"BreadcrumbList","@id":"https:\/\/www.visit-ulcinj.com\/blog\/2009\/03\/14\/adi-veproi-gabim\/#breadcrumb","itemListElement":[{"@type":"ListItem","position":1,"name":"Adi veproi gabim"}]},{"@type":"Person","@id":"https:\/\/www.visit-ulcinj.com\/blog\/#\/schema\/person\/dcab619c614d3038751c63bc2aadc06d","name":"ulqini","sameAs":["http:\/\/www.visit-ulcinj.com"],"url":"https:\/\/www.visit-ulcinj.com\/blog\/author\/admin\/"}]}},"jetpack_featured_media_url":"","jetpack_sharing_enabled":true,"jetpack_shortlink":"https:\/\/wp.me\/pe6lTn-3Hb","_links":{"self":[{"href":"https:\/\/www.visit-ulcinj.com\/blog\/wp-json\/wp\/v2\/posts\/14209"}],"collection":[{"href":"https:\/\/www.visit-ulcinj.com\/blog\/wp-json\/wp\/v2\/posts"}],"about":[{"href":"https:\/\/www.visit-ulcinj.com\/blog\/wp-json\/wp\/v2\/types\/post"}],"author":[{"embeddable":true,"href":"https:\/\/www.visit-ulcinj.com\/blog\/wp-json\/wp\/v2\/users\/1"}],"replies":[{"embeddable":true,"href":"https:\/\/www.visit-ulcinj.com\/blog\/wp-json\/wp\/v2\/comments?post=14209"}],"version-history":[{"count":0,"href":"https:\/\/www.visit-ulcinj.com\/blog\/wp-json\/wp\/v2\/posts\/14209\/revisions"}],"wp:attachment":[{"href":"https:\/\/www.visit-ulcinj.com\/blog\/wp-json\/wp\/v2\/media?parent=14209"}],"wp:term":[{"taxonomy":"category","embeddable":true,"href":"https:\/\/www.visit-ulcinj.com\/blog\/wp-json\/wp\/v2\/categories?post=14209"},{"taxonomy":"post_tag","embeddable":true,"href":"https:\/\/www.visit-ulcinj.com\/blog\/wp-json\/wp\/v2\/tags?post=14209"}],"curies":[{"name":"wp","href":"https:\/\/api.w.org\/{rel}","templated":true}]}}