{"id":14212,"date":"2009-03-14T15:04:19","date_gmt":"2009-03-14T14:04:19","guid":{"rendered":"http:\/\/www.visit-ulcinj.com\/blog\/?p=14212"},"modified":"2009-03-14T15:04:19","modified_gmt":"2009-03-14T14:04:19","slug":"aida-sori-po-kerkon-ushtare","status":"publish","type":"post","link":"https:\/\/www.visit-ulcinj.com\/blog\/2009\/03\/14\/aida-sori-po-kerkon-ushtare\/","title":{"rendered":"Aida : Sori po k\u00ebrkon ushtar\u00eb"},"content":{"rendered":"<p><em><span class=\"newsdate\"><a href=\"http:\/\/www.visit-ulcinj.com\/blog\/wp-content\/uploads\/2009\/03\/aida-per-sorin.jpg\"><img loading=\"lazy\" class=\"alignleft size-full wp-image-14213\" title=\"aida-per-sorin-big-brother-albania-2\" src=\"http:\/\/www.visit-ulcinj.com\/blog\/wp-content\/uploads\/2009\/03\/aida-per-sorin.jpg\" alt=\"aida-per-sorin-big-brother-albania-2\" width=\"300\" height=\"205\" \/><\/a>14\/03\/09 02:42<\/span><\/em><\/p>\n<p>Aida flet me Lirit\u00ebn dhe Bik\u00ebn p\u00ebr Arjoni i cili \u00ebsht\u00eb shnd\u00ebrruar n\u00eb kukull dhe manovrohet nga dy persona t\u00eb cil\u00ebt jan\u00eb shum\u00eb dinak\u00eb, si dhelp\u00ebr. Ajo thot\u00eb se duhet t\u00eb jesh nj\u00eb person shum\u00eb inteligjent e i shkath\u00ebt q\u00eb t\u00eb mos biesh pre e tyre. Aida mendon se Sori \u00ebsht\u00eb nj\u00eb person i cili nuk ka m\u00eb ndjenj\u00ebn e miq\u00ebsis\u00eb dhe ai di vet\u00ebm t\u00eb b\u00ebj\u00eb ushtarin ose t\u00eb k\u00ebrkoj\u00eb ushtar\u00eb. Ajo thot\u00eb se k\u00ebtu ai \u00ebsht\u00eb duke k\u00ebrkuar ushtar\u00eb dhe e nd\u00ebrton jet\u00ebn e vet n\u00eb baz\u00eb t\u00eb interesit. Aida thot\u00eb se e ka kuptuar q\u00eb n\u00eb fillim k\u00ebt\u00eb gj\u00eb.<\/p>\n","protected":false},"excerpt":{"rendered":"<p>14\/03\/09 02:42 Aida flet me Lirit\u00ebn dhe Bik\u00ebn p\u00ebr Arjoni i cili \u00ebsht\u00eb shnd\u00ebrruar n\u00eb kukull dhe manovrohet nga dy persona t\u00eb cil\u00ebt jan\u00eb shum\u00eb dinak\u00eb, si dhelp\u00ebr. Ajo thot\u00eb se duhet t\u00eb jesh nj\u00eb person shum\u00eb inteligjent e i shkath\u00ebt q\u00eb t\u00eb mos biesh pre e tyre. Aida mendon se Sori \u00ebsht\u00eb nj\u00eb person [&hellip;]<\/p>\n","protected":false},"author":1,"featured_media":0,"comment_status":"open","ping_status":"closed","sticky":false,"template":"","format":"standard","meta":{"spay_email":"","jetpack_publicize_message":"","jetpack_is_tweetstorm":false,"jetpack_publicize_feature_enabled":true},"categories":[6502],"tags":[6537,6525,6883,6516,6712,6542,6900,262,7954,6891,7953],"jetpack_publicize_connections":[],"yoast_head":"<!-- This site is optimized with the Yoast SEO plugin v19.1 - https:\/\/yoast.com\/wordpress\/plugins\/seo\/ -->\n<title>Aida : Sori po k\u00c3\u00abrkon ushtar\u00c3\u00ab | Big Brother Albania 2<\/title>\n<meta name=\"description\" content=\"Big Brother Albania 2 - Aida flet me Lirit\u00c3\u00abn dhe Bik\u00c3\u00abn p\u00c3\u00abr Arjoni i cili \u00c3\u00absht\u00c3\u00ab shnd\u00c3\u00abrruar n\u00c3\u00ab kukull dhe manovrohet nga dy persona t\u00c3\u00ab cil\u00c3\u00abt jan\u00c3\u00ab shum\u00c3\u00ab\" \/>\n<meta name=\"robots\" content=\"index, follow, max-snippet:-1, max-image-preview:large, max-video-preview:-1\" \/>\n<link rel=\"canonical\" href=\"https:\/\/www.visit-ulcinj.com\/blog\/2009\/03\/14\/aida-sori-po-kerkon-ushtare\/\" \/>\n<meta property=\"og:locale\" content=\"en_US\" \/>\n<meta property=\"og:type\" content=\"article\" \/>\n<meta property=\"og:title\" content=\"Aida : Sori po k\u00c3\u00abrkon ushtar\u00c3\u00ab | Big Brother Albania 2\" \/>\n<meta property=\"og:description\" content=\"Big Brother Albania 2 - Aida flet me Lirit\u00c3\u00abn dhe Bik\u00c3\u00abn p\u00c3\u00abr Arjoni i cili \u00c3\u00absht\u00c3\u00ab shnd\u00c3\u00abrruar n\u00c3\u00ab kukull dhe manovrohet nga dy persona t\u00c3\u00ab cil\u00c3\u00abt jan\u00c3\u00ab shum\u00c3\u00ab\" \/>\n<meta property=\"og:url\" content=\"https:\/\/www.visit-ulcinj.com\/blog\/2009\/03\/14\/aida-sori-po-kerkon-ushtare\/\" \/>\n<meta property=\"og:site_name\" content=\"Lajme nga Ulqini\" \/>\n<meta property=\"article:published_time\" content=\"2009-03-14T14:04:19+00:00\" \/>\n<meta property=\"og:image\" content=\"http:\/\/www.visit-ulcinj.com\/blog\/wp-content\/uploads\/2009\/03\/aida-per-sorin.jpg\" \/>\n<meta name=\"twitter:label1\" content=\"Written by\" \/>\n\t<meta name=\"twitter:data1\" content=\"ulqini\" \/>\n\t<meta name=\"twitter:label2\" content=\"Est. reading time\" \/>\n\t<meta name=\"twitter:data2\" content=\"1 minute\" \/>\n<script type=\"application\/ld+json\" class=\"yoast-schema-graph\">{\"@context\":\"https:\/\/schema.org\",\"@graph\":[{\"@type\":\"WebSite\",\"@id\":\"https:\/\/www.visit-ulcinj.com\/blog\/#website\",\"url\":\"https:\/\/www.visit-ulcinj.com\/blog\/\",\"name\":\"Lajme nga Ulqini\",\"description\":\"Lajme,Vijesti,Ulqini,Ulqin,Crna Gora,Mali i Zi\",\"potentialAction\":[{\"@type\":\"SearchAction\",\"target\":{\"@type\":\"EntryPoint\",\"urlTemplate\":\"https:\/\/www.visit-ulcinj.com\/blog\/?s={search_term_string}\"},\"query-input\":\"required name=search_term_string\"}],\"inLanguage\":\"en-US\"},{\"@type\":\"ImageObject\",\"inLanguage\":\"en-US\",\"@id\":\"https:\/\/www.visit-ulcinj.com\/blog\/2009\/03\/14\/aida-sori-po-kerkon-ushtare\/#primaryimage\",\"url\":\"http:\/\/www.visit-ulcinj.com\/blog\/wp-content\/uploads\/2009\/03\/aida-per-sorin.jpg\",\"contentUrl\":\"http:\/\/www.visit-ulcinj.com\/blog\/wp-content\/uploads\/2009\/03\/aida-per-sorin.jpg\"},{\"@type\":\"WebPage\",\"@id\":\"https:\/\/www.visit-ulcinj.com\/blog\/2009\/03\/14\/aida-sori-po-kerkon-ushtare\/#webpage\",\"url\":\"https:\/\/www.visit-ulcinj.com\/blog\/2009\/03\/14\/aida-sori-po-kerkon-ushtare\/\",\"name\":\"Aida : Sori po k\u00c3\u00abrkon ushtar\u00c3\u00ab | Big Brother Albania 2\",\"isPartOf\":{\"@id\":\"https:\/\/www.visit-ulcinj.com\/blog\/#website\"},\"primaryImageOfPage\":{\"@id\":\"https:\/\/www.visit-ulcinj.com\/blog\/2009\/03\/14\/aida-sori-po-kerkon-ushtare\/#primaryimage\"},\"datePublished\":\"2009-03-14T14:04:19+00:00\",\"dateModified\":\"2009-03-14T14:04:19+00:00\",\"author\":{\"@id\":\"https:\/\/www.visit-ulcinj.com\/blog\/#\/schema\/person\/dcab619c614d3038751c63bc2aadc06d\"},\"description\":\"Big Brother Albania 2 - Aida flet me Lirit\u00c3\u00abn dhe Bik\u00c3\u00abn p\u00c3\u00abr Arjoni i cili \u00c3\u00absht\u00c3\u00ab shnd\u00c3\u00abrruar n\u00c3\u00ab kukull dhe manovrohet nga dy persona t\u00c3\u00ab cil\u00c3\u00abt jan\u00c3\u00ab shum\u00c3\u00ab\",\"breadcrumb\":{\"@id\":\"https:\/\/www.visit-ulcinj.com\/blog\/2009\/03\/14\/aida-sori-po-kerkon-ushtare\/#breadcrumb\"},\"inLanguage\":\"en-US\",\"potentialAction\":[{\"@type\":\"ReadAction\",\"target\":[\"https:\/\/www.visit-ulcinj.com\/blog\/2009\/03\/14\/aida-sori-po-kerkon-ushtare\/\"]}]},{\"@type\":\"BreadcrumbList\",\"@id\":\"https:\/\/www.visit-ulcinj.com\/blog\/2009\/03\/14\/aida-sori-po-kerkon-ushtare\/#breadcrumb\",\"itemListElement\":[{\"@type\":\"ListItem\",\"position\":1,\"name\":\"Aida : Sori po k\u00ebrkon ushtar\u00eb\"}]},{\"@type\":\"Person\",\"@id\":\"https:\/\/www.visit-ulcinj.com\/blog\/#\/schema\/person\/dcab619c614d3038751c63bc2aadc06d\",\"name\":\"ulqini\",\"sameAs\":[\"http:\/\/www.visit-ulcinj.com\"],\"url\":\"https:\/\/www.visit-ulcinj.com\/blog\/author\/admin\/\"}]}<\/script>\n<!-- \/ Yoast SEO plugin. -->","yoast_head_json":{"title":"Aida : Sori po k\u00c3\u00abrkon ushtar\u00c3\u00ab | Big Brother Albania 2","description":"Big Brother Albania 2 - Aida flet me Lirit\u00c3\u00abn dhe Bik\u00c3\u00abn p\u00c3\u00abr Arjoni i cili \u00c3\u00absht\u00c3\u00ab shnd\u00c3\u00abrruar n\u00c3\u00ab kukull dhe manovrohet nga dy persona t\u00c3\u00ab cil\u00c3\u00abt jan\u00c3\u00ab shum\u00c3\u00ab","robots":{"index":"index","follow":"follow","max-snippet":"max-snippet:-1","max-image-preview":"max-image-preview:large","max-video-preview":"max-video-preview:-1"},"canonical":"https:\/\/www.visit-ulcinj.com\/blog\/2009\/03\/14\/aida-sori-po-kerkon-ushtare\/","og_locale":"en_US","og_type":"article","og_title":"Aida : Sori po k\u00c3\u00abrkon ushtar\u00c3\u00ab | Big Brother Albania 2","og_description":"Big Brother Albania 2 - Aida flet me Lirit\u00c3\u00abn dhe Bik\u00c3\u00abn p\u00c3\u00abr Arjoni i cili \u00c3\u00absht\u00c3\u00ab shnd\u00c3\u00abrruar n\u00c3\u00ab kukull dhe manovrohet nga dy persona t\u00c3\u00ab cil\u00c3\u00abt jan\u00c3\u00ab shum\u00c3\u00ab","og_url":"https:\/\/www.visit-ulcinj.com\/blog\/2009\/03\/14\/aida-sori-po-kerkon-ushtare\/","og_site_name":"Lajme nga Ulqini","article_published_time":"2009-03-14T14:04:19+00:00","og_image":[{"url":"http:\/\/www.visit-ulcinj.com\/blog\/wp-content\/uploads\/2009\/03\/aida-per-sorin.jpg"}],"twitter_misc":{"Written by":"ulqini","Est. reading time":"1 minute"},"schema":{"@context":"https:\/\/schema.org","@graph":[{"@type":"WebSite","@id":"https:\/\/www.visit-ulcinj.com\/blog\/#website","url":"https:\/\/www.visit-ulcinj.com\/blog\/","name":"Lajme nga Ulqini","description":"Lajme,Vijesti,Ulqini,Ulqin,Crna Gora,Mali i Zi","potentialAction":[{"@type":"SearchAction","target":{"@type":"EntryPoint","urlTemplate":"https:\/\/www.visit-ulcinj.com\/blog\/?s={search_term_string}"},"query-input":"required name=search_term_string"}],"inLanguage":"en-US"},{"@type":"ImageObject","inLanguage":"en-US","@id":"https:\/\/www.visit-ulcinj.com\/blog\/2009\/03\/14\/aida-sori-po-kerkon-ushtare\/#primaryimage","url":"http:\/\/www.visit-ulcinj.com\/blog\/wp-content\/uploads\/2009\/03\/aida-per-sorin.jpg","contentUrl":"http:\/\/www.visit-ulcinj.com\/blog\/wp-content\/uploads\/2009\/03\/aida-per-sorin.jpg"},{"@type":"WebPage","@id":"https:\/\/www.visit-ulcinj.com\/blog\/2009\/03\/14\/aida-sori-po-kerkon-ushtare\/#webpage","url":"https:\/\/www.visit-ulcinj.com\/blog\/2009\/03\/14\/aida-sori-po-kerkon-ushtare\/","name":"Aida : Sori po k\u00c3\u00abrkon ushtar\u00c3\u00ab | Big Brother Albania 2","isPartOf":{"@id":"https:\/\/www.visit-ulcinj.com\/blog\/#website"},"primaryImageOfPage":{"@id":"https:\/\/www.visit-ulcinj.com\/blog\/2009\/03\/14\/aida-sori-po-kerkon-ushtare\/#primaryimage"},"datePublished":"2009-03-14T14:04:19+00:00","dateModified":"2009-03-14T14:04:19+00:00","author":{"@id":"https:\/\/www.visit-ulcinj.com\/blog\/#\/schema\/person\/dcab619c614d3038751c63bc2aadc06d"},"description":"Big Brother Albania 2 - Aida flet me Lirit\u00c3\u00abn dhe Bik\u00c3\u00abn p\u00c3\u00abr Arjoni i cili \u00c3\u00absht\u00c3\u00ab shnd\u00c3\u00abrruar n\u00c3\u00ab kukull dhe manovrohet nga dy persona t\u00c3\u00ab cil\u00c3\u00abt jan\u00c3\u00ab shum\u00c3\u00ab","breadcrumb":{"@id":"https:\/\/www.visit-ulcinj.com\/blog\/2009\/03\/14\/aida-sori-po-kerkon-ushtare\/#breadcrumb"},"inLanguage":"en-US","potentialAction":[{"@type":"ReadAction","target":["https:\/\/www.visit-ulcinj.com\/blog\/2009\/03\/14\/aida-sori-po-kerkon-ushtare\/"]}]},{"@type":"BreadcrumbList","@id":"https:\/\/www.visit-ulcinj.com\/blog\/2009\/03\/14\/aida-sori-po-kerkon-ushtare\/#breadcrumb","itemListElement":[{"@type":"ListItem","position":1,"name":"Aida : Sori po k\u00ebrkon ushtar\u00eb"}]},{"@type":"Person","@id":"https:\/\/www.visit-ulcinj.com\/blog\/#\/schema\/person\/dcab619c614d3038751c63bc2aadc06d","name":"ulqini","sameAs":["http:\/\/www.visit-ulcinj.com"],"url":"https:\/\/www.visit-ulcinj.com\/blog\/author\/admin\/"}]}},"jetpack_featured_media_url":"","jetpack_sharing_enabled":true,"jetpack_shortlink":"https:\/\/wp.me\/pe6lTn-3He","_links":{"self":[{"href":"https:\/\/www.visit-ulcinj.com\/blog\/wp-json\/wp\/v2\/posts\/14212"}],"collection":[{"href":"https:\/\/www.visit-ulcinj.com\/blog\/wp-json\/wp\/v2\/posts"}],"about":[{"href":"https:\/\/www.visit-ulcinj.com\/blog\/wp-json\/wp\/v2\/types\/post"}],"author":[{"embeddable":true,"href":"https:\/\/www.visit-ulcinj.com\/blog\/wp-json\/wp\/v2\/users\/1"}],"replies":[{"embeddable":true,"href":"https:\/\/www.visit-ulcinj.com\/blog\/wp-json\/wp\/v2\/comments?post=14212"}],"version-history":[{"count":0,"href":"https:\/\/www.visit-ulcinj.com\/blog\/wp-json\/wp\/v2\/posts\/14212\/revisions"}],"wp:attachment":[{"href":"https:\/\/www.visit-ulcinj.com\/blog\/wp-json\/wp\/v2\/media?parent=14212"}],"wp:term":[{"taxonomy":"category","embeddable":true,"href":"https:\/\/www.visit-ulcinj.com\/blog\/wp-json\/wp\/v2\/categories?post=14212"},{"taxonomy":"post_tag","embeddable":true,"href":"https:\/\/www.visit-ulcinj.com\/blog\/wp-json\/wp\/v2\/tags?post=14212"}],"curies":[{"name":"wp","href":"https:\/\/api.w.org\/{rel}","templated":true}]}}