{"id":14222,"date":"2009-03-14T15:33:42","date_gmt":"2009-03-14T14:33:42","guid":{"rendered":"http:\/\/www.visit-ulcinj.com\/blog\/?p=14222"},"modified":"2009-03-14T15:33:42","modified_gmt":"2009-03-14T14:33:42","slug":"qetsori-doja-te-nominoja-adin","status":"publish","type":"post","link":"https:\/\/www.visit-ulcinj.com\/blog\/2009\/03\/14\/qetsori-doja-te-nominoja-adin\/","title":{"rendered":"Qetsori : Doja t\u00eb nominoja Adin"},"content":{"rendered":"<p><em><span class=\"newsdate\"><a href=\"http:\/\/www.visit-ulcinj.com\/blog\/wp-content\/uploads\/2009\/03\/arjonsori.jpg\"><img loading=\"lazy\" class=\"alignleft size-full wp-image-14223\" title=\"arjon sori big brother albania 2\" src=\"http:\/\/www.visit-ulcinj.com\/blog\/wp-content\/uploads\/2009\/03\/arjonsori.jpg\" alt=\"arjon sori big brother albania 2\" width=\"300\" height=\"205\" \/><\/a>14\/03\/09 12:30<\/span><\/em><\/p>\n<p>Qetsori ngacmon Arjonin se kur t\u00eb ket\u00eb Bika radh\u00ebn e pun\u00ebve, ka p\u00ebr t\u2019i z\u00ebn\u00eb t\u00eb gjith\u00eb me pets madje, ai do t\u2019i blej\u00eb dhe nj\u00eb megafon q\u00eb ajo t\u2019i jap\u00eb urdh\u00ebrat mir\u00eb. Arjoni interesohet se cili do ta ket\u00eb radh\u00ebn p\u00ebr t\u2019u b\u00ebr\u00eb kryefamiljar k\u00ebt\u00eb jav\u00eb dhe Sori i thot\u00eb se Adi ka d\u00ebshir\u00eb t\u00eb marr\u00eb at\u00eb rol. Arjoni thot\u00eb se nuk do ia jap\u00eb vot\u00ebn por, mendon se ndoshta Aida ia l\u00eb atij stafet\u00ebn e n\u00eb k\u00ebt\u00eb m\u00ebnyr\u00eb edhe imunitetin p\u00ebr t\u00eb mos u nominuar k\u00ebt\u00eb jav\u00eb. Qetsori i thot\u00eb se nuk e kishte menduar k\u00ebt\u00eb gj\u00eb dhe Adin kishte b\u00ebr\u00eb plan q\u00eb ta nominonte. Ai b\u00ebn shaka dhe thot\u00eb se iu prish plani dhe meq\u00eb ra muri, nuk do ket\u00eb nga t\u00eb dal\u00eb. Ata d\u00ebgjojn\u00eb q\u00eb Bika i b\u00ebrtet Bjordit sepse nuk di t\u00eb b\u00ebj\u00eb pun\u00ebn q\u00eb ka n\u00eb ngarkim, e fillojn\u00eb t\u00eb b\u00ebjn\u00eb shaka duke fantazuar Bjordin nj\u00eb muaj n\u00eb fshat, tek sht\u00ebpia e Bik\u00ebs. Sipas tyre, ai do t\u00eb b\u00ebhej djal\u00eb p\u00ebr sht\u00ebpi pas k\u00ebsaj eksperience.<\/p>\n","protected":false},"excerpt":{"rendered":"<p>14\/03\/09 12:30 Qetsori ngacmon Arjonin se kur t\u00eb ket\u00eb Bika radh\u00ebn e pun\u00ebve, ka p\u00ebr t\u2019i z\u00ebn\u00eb t\u00eb gjith\u00eb me pets madje, ai do t\u2019i blej\u00eb dhe nj\u00eb megafon q\u00eb ajo t\u2019i jap\u00eb urdh\u00ebrat mir\u00eb. Arjoni interesohet se cili do ta ket\u00eb radh\u00ebn p\u00ebr t\u2019u b\u00ebr\u00eb kryefamiljar k\u00ebt\u00eb jav\u00eb dhe Sori i thot\u00eb se Adi [&hellip;]<\/p>\n","protected":false},"author":1,"featured_media":0,"comment_status":"open","ping_status":"closed","sticky":false,"template":"","format":"standard","meta":{"spay_email":"","jetpack_publicize_message":"","jetpack_is_tweetstorm":false,"jetpack_publicize_feature_enabled":true},"categories":[6502],"tags":[1414,7956,7959,6883,6516,6712,6740,7957,6900,7958,262,6891],"jetpack_publicize_connections":[],"yoast_head":"<!-- This site is optimized with the Yoast SEO plugin v19.1 - https:\/\/yoast.com\/wordpress\/plugins\/seo\/ -->\n<title>Qetsoir : Doja t\u00c3\u00ab nominoja Adin | Big Brother Albania 2<\/title>\n<meta name=\"description\" content=\"Big Brother Albania 2 - Qetsori ngacmon Arjonin se kur t\u00c3\u00ab ket\u00c3\u00ab Bika radh\u00c3\u00abn e pun\u00c3\u00abve, ka p\u00c3\u00abr t\u00e2\u20ac\u2122i z\u00c3\u00abn\u00c3\u00ab t\u00c3\u00ab gjith\u00c3\u00ab me pets madje, ai do t\u00e2\u20ac\u2122i blej\u00c3\u00ab dhe nj\u00c3\u00ab megafon q\u00c3\u00ab ajo t\u00e2\u20ac\u2122i jap\u00c3\u00ab urdh\u00c3\u00abrat mir\u00c3\u00ab.\" \/>\n<meta name=\"robots\" content=\"index, follow, max-snippet:-1, max-image-preview:large, max-video-preview:-1\" \/>\n<link rel=\"canonical\" href=\"https:\/\/www.visit-ulcinj.com\/blog\/2009\/03\/14\/qetsori-doja-te-nominoja-adin\/\" \/>\n<meta property=\"og:locale\" content=\"en_US\" \/>\n<meta property=\"og:type\" content=\"article\" \/>\n<meta property=\"og:title\" content=\"Qetsoir : Doja t\u00c3\u00ab nominoja Adin | Big Brother Albania 2\" \/>\n<meta property=\"og:description\" content=\"Big Brother Albania 2 - Qetsori ngacmon Arjonin se kur t\u00c3\u00ab ket\u00c3\u00ab Bika radh\u00c3\u00abn e pun\u00c3\u00abve, ka p\u00c3\u00abr t\u00e2\u20ac\u2122i z\u00c3\u00abn\u00c3\u00ab t\u00c3\u00ab gjith\u00c3\u00ab me pets madje, ai do t\u00e2\u20ac\u2122i blej\u00c3\u00ab dhe nj\u00c3\u00ab megafon q\u00c3\u00ab ajo t\u00e2\u20ac\u2122i jap\u00c3\u00ab urdh\u00c3\u00abrat mir\u00c3\u00ab.\" \/>\n<meta property=\"og:url\" content=\"https:\/\/www.visit-ulcinj.com\/blog\/2009\/03\/14\/qetsori-doja-te-nominoja-adin\/\" \/>\n<meta property=\"og:site_name\" content=\"Lajme nga Ulqini\" \/>\n<meta property=\"article:published_time\" content=\"2009-03-14T14:33:42+00:00\" \/>\n<meta property=\"og:image\" content=\"http:\/\/www.visit-ulcinj.com\/blog\/wp-content\/uploads\/2009\/03\/arjonsori.jpg\" \/>\n<meta name=\"twitter:label1\" content=\"Written by\" \/>\n\t<meta name=\"twitter:data1\" content=\"ulqini\" \/>\n\t<meta name=\"twitter:label2\" content=\"Est. reading time\" \/>\n\t<meta name=\"twitter:data2\" content=\"1 minute\" \/>\n<script type=\"application\/ld+json\" class=\"yoast-schema-graph\">{\"@context\":\"https:\/\/schema.org\",\"@graph\":[{\"@type\":\"WebSite\",\"@id\":\"https:\/\/www.visit-ulcinj.com\/blog\/#website\",\"url\":\"https:\/\/www.visit-ulcinj.com\/blog\/\",\"name\":\"Lajme nga Ulqini\",\"description\":\"Lajme,Vijesti,Ulqini,Ulqin,Crna Gora,Mali i Zi\",\"potentialAction\":[{\"@type\":\"SearchAction\",\"target\":{\"@type\":\"EntryPoint\",\"urlTemplate\":\"https:\/\/www.visit-ulcinj.com\/blog\/?s={search_term_string}\"},\"query-input\":\"required name=search_term_string\"}],\"inLanguage\":\"en-US\"},{\"@type\":\"ImageObject\",\"inLanguage\":\"en-US\",\"@id\":\"https:\/\/www.visit-ulcinj.com\/blog\/2009\/03\/14\/qetsori-doja-te-nominoja-adin\/#primaryimage\",\"url\":\"http:\/\/www.visit-ulcinj.com\/blog\/wp-content\/uploads\/2009\/03\/arjonsori.jpg\",\"contentUrl\":\"http:\/\/www.visit-ulcinj.com\/blog\/wp-content\/uploads\/2009\/03\/arjonsori.jpg\"},{\"@type\":\"WebPage\",\"@id\":\"https:\/\/www.visit-ulcinj.com\/blog\/2009\/03\/14\/qetsori-doja-te-nominoja-adin\/#webpage\",\"url\":\"https:\/\/www.visit-ulcinj.com\/blog\/2009\/03\/14\/qetsori-doja-te-nominoja-adin\/\",\"name\":\"Qetsoir : Doja t\u00c3\u00ab nominoja Adin | Big Brother Albania 2\",\"isPartOf\":{\"@id\":\"https:\/\/www.visit-ulcinj.com\/blog\/#website\"},\"primaryImageOfPage\":{\"@id\":\"https:\/\/www.visit-ulcinj.com\/blog\/2009\/03\/14\/qetsori-doja-te-nominoja-adin\/#primaryimage\"},\"datePublished\":\"2009-03-14T14:33:42+00:00\",\"dateModified\":\"2009-03-14T14:33:42+00:00\",\"author\":{\"@id\":\"https:\/\/www.visit-ulcinj.com\/blog\/#\/schema\/person\/dcab619c614d3038751c63bc2aadc06d\"},\"description\":\"Big Brother Albania 2 - Qetsori ngacmon Arjonin se kur t\u00c3\u00ab ket\u00c3\u00ab Bika radh\u00c3\u00abn e pun\u00c3\u00abve, ka p\u00c3\u00abr t\u00e2\u20ac\u2122i z\u00c3\u00abn\u00c3\u00ab t\u00c3\u00ab gjith\u00c3\u00ab me pets madje, ai do t\u00e2\u20ac\u2122i blej\u00c3\u00ab dhe nj\u00c3\u00ab megafon q\u00c3\u00ab ajo t\u00e2\u20ac\u2122i jap\u00c3\u00ab urdh\u00c3\u00abrat mir\u00c3\u00ab.\",\"breadcrumb\":{\"@id\":\"https:\/\/www.visit-ulcinj.com\/blog\/2009\/03\/14\/qetsori-doja-te-nominoja-adin\/#breadcrumb\"},\"inLanguage\":\"en-US\",\"potentialAction\":[{\"@type\":\"ReadAction\",\"target\":[\"https:\/\/www.visit-ulcinj.com\/blog\/2009\/03\/14\/qetsori-doja-te-nominoja-adin\/\"]}]},{\"@type\":\"BreadcrumbList\",\"@id\":\"https:\/\/www.visit-ulcinj.com\/blog\/2009\/03\/14\/qetsori-doja-te-nominoja-adin\/#breadcrumb\",\"itemListElement\":[{\"@type\":\"ListItem\",\"position\":1,\"name\":\"Qetsori : Doja t\u00eb nominoja Adin\"}]},{\"@type\":\"Person\",\"@id\":\"https:\/\/www.visit-ulcinj.com\/blog\/#\/schema\/person\/dcab619c614d3038751c63bc2aadc06d\",\"name\":\"ulqini\",\"sameAs\":[\"http:\/\/www.visit-ulcinj.com\"],\"url\":\"https:\/\/www.visit-ulcinj.com\/blog\/author\/admin\/\"}]}<\/script>\n<!-- \/ Yoast SEO plugin. -->","yoast_head_json":{"title":"Qetsoir : Doja t\u00c3\u00ab nominoja Adin | Big Brother Albania 2","description":"Big Brother Albania 2 - Qetsori ngacmon Arjonin se kur t\u00c3\u00ab ket\u00c3\u00ab Bika radh\u00c3\u00abn e pun\u00c3\u00abve, ka p\u00c3\u00abr t\u00e2\u20ac\u2122i z\u00c3\u00abn\u00c3\u00ab t\u00c3\u00ab gjith\u00c3\u00ab me pets madje, ai do t\u00e2\u20ac\u2122i blej\u00c3\u00ab dhe nj\u00c3\u00ab megafon q\u00c3\u00ab ajo t\u00e2\u20ac\u2122i jap\u00c3\u00ab urdh\u00c3\u00abrat mir\u00c3\u00ab.","robots":{"index":"index","follow":"follow","max-snippet":"max-snippet:-1","max-image-preview":"max-image-preview:large","max-video-preview":"max-video-preview:-1"},"canonical":"https:\/\/www.visit-ulcinj.com\/blog\/2009\/03\/14\/qetsori-doja-te-nominoja-adin\/","og_locale":"en_US","og_type":"article","og_title":"Qetsoir : Doja t\u00c3\u00ab nominoja Adin | Big Brother Albania 2","og_description":"Big Brother Albania 2 - Qetsori ngacmon Arjonin se kur t\u00c3\u00ab ket\u00c3\u00ab Bika radh\u00c3\u00abn e pun\u00c3\u00abve, ka p\u00c3\u00abr t\u00e2\u20ac\u2122i z\u00c3\u00abn\u00c3\u00ab t\u00c3\u00ab gjith\u00c3\u00ab me pets madje, ai do t\u00e2\u20ac\u2122i blej\u00c3\u00ab dhe nj\u00c3\u00ab megafon q\u00c3\u00ab ajo t\u00e2\u20ac\u2122i jap\u00c3\u00ab urdh\u00c3\u00abrat mir\u00c3\u00ab.","og_url":"https:\/\/www.visit-ulcinj.com\/blog\/2009\/03\/14\/qetsori-doja-te-nominoja-adin\/","og_site_name":"Lajme nga Ulqini","article_published_time":"2009-03-14T14:33:42+00:00","og_image":[{"url":"http:\/\/www.visit-ulcinj.com\/blog\/wp-content\/uploads\/2009\/03\/arjonsori.jpg"}],"twitter_misc":{"Written by":"ulqini","Est. reading time":"1 minute"},"schema":{"@context":"https:\/\/schema.org","@graph":[{"@type":"WebSite","@id":"https:\/\/www.visit-ulcinj.com\/blog\/#website","url":"https:\/\/www.visit-ulcinj.com\/blog\/","name":"Lajme nga Ulqini","description":"Lajme,Vijesti,Ulqini,Ulqin,Crna Gora,Mali i Zi","potentialAction":[{"@type":"SearchAction","target":{"@type":"EntryPoint","urlTemplate":"https:\/\/www.visit-ulcinj.com\/blog\/?s={search_term_string}"},"query-input":"required name=search_term_string"}],"inLanguage":"en-US"},{"@type":"ImageObject","inLanguage":"en-US","@id":"https:\/\/www.visit-ulcinj.com\/blog\/2009\/03\/14\/qetsori-doja-te-nominoja-adin\/#primaryimage","url":"http:\/\/www.visit-ulcinj.com\/blog\/wp-content\/uploads\/2009\/03\/arjonsori.jpg","contentUrl":"http:\/\/www.visit-ulcinj.com\/blog\/wp-content\/uploads\/2009\/03\/arjonsori.jpg"},{"@type":"WebPage","@id":"https:\/\/www.visit-ulcinj.com\/blog\/2009\/03\/14\/qetsori-doja-te-nominoja-adin\/#webpage","url":"https:\/\/www.visit-ulcinj.com\/blog\/2009\/03\/14\/qetsori-doja-te-nominoja-adin\/","name":"Qetsoir : Doja t\u00c3\u00ab nominoja Adin | Big Brother Albania 2","isPartOf":{"@id":"https:\/\/www.visit-ulcinj.com\/blog\/#website"},"primaryImageOfPage":{"@id":"https:\/\/www.visit-ulcinj.com\/blog\/2009\/03\/14\/qetsori-doja-te-nominoja-adin\/#primaryimage"},"datePublished":"2009-03-14T14:33:42+00:00","dateModified":"2009-03-14T14:33:42+00:00","author":{"@id":"https:\/\/www.visit-ulcinj.com\/blog\/#\/schema\/person\/dcab619c614d3038751c63bc2aadc06d"},"description":"Big Brother Albania 2 - Qetsori ngacmon Arjonin se kur t\u00c3\u00ab ket\u00c3\u00ab Bika radh\u00c3\u00abn e pun\u00c3\u00abve, ka p\u00c3\u00abr t\u00e2\u20ac\u2122i z\u00c3\u00abn\u00c3\u00ab t\u00c3\u00ab gjith\u00c3\u00ab me pets madje, ai do t\u00e2\u20ac\u2122i blej\u00c3\u00ab dhe nj\u00c3\u00ab megafon q\u00c3\u00ab ajo t\u00e2\u20ac\u2122i jap\u00c3\u00ab urdh\u00c3\u00abrat mir\u00c3\u00ab.","breadcrumb":{"@id":"https:\/\/www.visit-ulcinj.com\/blog\/2009\/03\/14\/qetsori-doja-te-nominoja-adin\/#breadcrumb"},"inLanguage":"en-US","potentialAction":[{"@type":"ReadAction","target":["https:\/\/www.visit-ulcinj.com\/blog\/2009\/03\/14\/qetsori-doja-te-nominoja-adin\/"]}]},{"@type":"BreadcrumbList","@id":"https:\/\/www.visit-ulcinj.com\/blog\/2009\/03\/14\/qetsori-doja-te-nominoja-adin\/#breadcrumb","itemListElement":[{"@type":"ListItem","position":1,"name":"Qetsori : Doja t\u00eb nominoja Adin"}]},{"@type":"Person","@id":"https:\/\/www.visit-ulcinj.com\/blog\/#\/schema\/person\/dcab619c614d3038751c63bc2aadc06d","name":"ulqini","sameAs":["http:\/\/www.visit-ulcinj.com"],"url":"https:\/\/www.visit-ulcinj.com\/blog\/author\/admin\/"}]}},"jetpack_featured_media_url":"","jetpack_sharing_enabled":true,"jetpack_shortlink":"https:\/\/wp.me\/pe6lTn-3Ho","_links":{"self":[{"href":"https:\/\/www.visit-ulcinj.com\/blog\/wp-json\/wp\/v2\/posts\/14222"}],"collection":[{"href":"https:\/\/www.visit-ulcinj.com\/blog\/wp-json\/wp\/v2\/posts"}],"about":[{"href":"https:\/\/www.visit-ulcinj.com\/blog\/wp-json\/wp\/v2\/types\/post"}],"author":[{"embeddable":true,"href":"https:\/\/www.visit-ulcinj.com\/blog\/wp-json\/wp\/v2\/users\/1"}],"replies":[{"embeddable":true,"href":"https:\/\/www.visit-ulcinj.com\/blog\/wp-json\/wp\/v2\/comments?post=14222"}],"version-history":[{"count":0,"href":"https:\/\/www.visit-ulcinj.com\/blog\/wp-json\/wp\/v2\/posts\/14222\/revisions"}],"wp:attachment":[{"href":"https:\/\/www.visit-ulcinj.com\/blog\/wp-json\/wp\/v2\/media?parent=14222"}],"wp:term":[{"taxonomy":"category","embeddable":true,"href":"https:\/\/www.visit-ulcinj.com\/blog\/wp-json\/wp\/v2\/categories?post=14222"},{"taxonomy":"post_tag","embeddable":true,"href":"https:\/\/www.visit-ulcinj.com\/blog\/wp-json\/wp\/v2\/tags?post=14222"}],"curies":[{"name":"wp","href":"https:\/\/api.w.org\/{rel}","templated":true}]}}