{"id":14226,"date":"2009-03-14T15:38:24","date_gmt":"2009-03-14T14:38:24","guid":{"rendered":"http:\/\/www.visit-ulcinj.com\/blog\/?p=14226"},"modified":"2009-03-14T15:38:24","modified_gmt":"2009-03-14T14:38:24","slug":"adelajda-kam-nje-lidhje-te-pambyllur","status":"publish","type":"post","link":"https:\/\/www.visit-ulcinj.com\/blog\/2009\/03\/14\/adelajda-kam-nje-lidhje-te-pambyllur\/","title":{"rendered":"Adelajda &#8211; Kam nj\u00eb lidhje t\u00eb pambyllur"},"content":{"rendered":"<p><strong><span class=\"newstitlec\"><a href=\"http:\/\/www.visit-ulcinj.com\/blog\/wp-content\/uploads\/2009\/03\/adelajda-1-12-copy.jpg\"><img loading=\"lazy\" class=\"alignleft size-full wp-image-14227\" title=\"adelajda-big-brother-albania-2\" src=\"http:\/\/www.visit-ulcinj.com\/blog\/wp-content\/uploads\/2009\/03\/adelajda-1-12-copy.jpg\" alt=\"adelajda-big-brother-albania-2\" width=\"300\" height=\"205\" \/><\/a>Kam nj\u00eb lidhje t\u00eb pambyllur<\/span><\/strong><br \/>\n<em><span class=\"newsdate\">12\/03\/09 03:20<\/span><\/em><\/p>\n<p>Po n\u00eb lidhje me Bjordin, Mimoza i ka th\u00ebn\u00eb Adelajdes se n\u00ebse ajo ndjente di\u00e7ka nuk duhej t\u00eb frenohej e ta pengonte veten. Adelajda ia ka kthyer se ajo nuk e kishte iden\u00eb se \u00e7far\u00eb po fliste. \u201cUn\u00eb kam nj\u00eb lidhje t\u00eb pambyllur jasht\u00eb, &#8211; i ka th\u00ebn\u00eb ajo,- dhe dy prind\u00ebr shum\u00eb serioz\u00eb, q\u00eb e marr me mend sa jan\u00eb stresuar, ngaq\u00eb m\u00eb kan\u00eb par\u00eb ta l\u00eb Bjordin t\u00eb m\u00eb p\u00ebrfaqoj\u00eb!\u201d Sipas vajzave, Aid\u00ebs dhe Mimoz\u00ebs, arsyeja kryesore e \u201czbutjes\u201d s\u00eb saj ka qen\u00eb Mesida. N\u00ebse ajo nuk do t\u00eb kishte hyr\u00eb e nuk do t\u00eb ishte afruar me Bjordin, \u201czysha nuk do t\u00eb ishte dor\u00ebzuar\u201d.<\/p>\n","protected":false},"excerpt":{"rendered":"<p>Kam nj\u00eb lidhje t\u00eb pambyllur 12\/03\/09 03:20 Po n\u00eb lidhje me Bjordin, Mimoza i ka th\u00ebn\u00eb Adelajdes se n\u00ebse ajo ndjente di\u00e7ka nuk duhej t\u00eb frenohej e ta pengonte veten. Adelajda ia ka kthyer se ajo nuk e kishte iden\u00eb se \u00e7far\u00eb po fliste. \u201cUn\u00eb kam nj\u00eb lidhje t\u00eb pambyllur jasht\u00eb, &#8211; i ka th\u00ebn\u00eb [&hellip;]<\/p>\n","protected":false},"author":1,"featured_media":0,"comment_status":"open","ping_status":"closed","sticky":false,"template":"","format":"standard","meta":{"spay_email":"","jetpack_publicize_message":"","jetpack_is_tweetstorm":false,"jetpack_publicize_feature_enabled":true},"categories":[6502],"tags":[6562,6529,6883,6516,6712,6665,6522,7960,6568,6544,6891],"jetpack_publicize_connections":[],"yoast_head":"<!-- This site is optimized with the Yoast SEO plugin v19.1 - https:\/\/yoast.com\/wordpress\/plugins\/seo\/ -->\n<title>Adelajda - Kam nj\u00c3\u00ab lidhje t\u00c3\u00ab pambyllur | Big Brother Albania 2<\/title>\n<meta name=\"description\" content=\"Big Brother Albania 2 - Po n\u00c3\u00ab lidhje me Bjordin, Mimoza i ka th\u00c3\u00abn\u00c3\u00ab Adelajdes se n\u00c3\u00abse ajo ndjente di\u00c3\u00a7ka nuk duhej t\u00c3\u00ab frenohej e ta pengonte veten.\" \/>\n<meta name=\"robots\" content=\"index, follow, max-snippet:-1, max-image-preview:large, max-video-preview:-1\" \/>\n<link rel=\"canonical\" href=\"https:\/\/www.visit-ulcinj.com\/blog\/2009\/03\/14\/adelajda-kam-nje-lidhje-te-pambyllur\/\" \/>\n<meta property=\"og:locale\" content=\"en_US\" \/>\n<meta property=\"og:type\" content=\"article\" \/>\n<meta property=\"og:title\" content=\"Adelajda - Kam nj\u00c3\u00ab lidhje t\u00c3\u00ab pambyllur | Big Brother Albania 2\" \/>\n<meta property=\"og:description\" content=\"Big Brother Albania 2 - Po n\u00c3\u00ab lidhje me Bjordin, Mimoza i ka th\u00c3\u00abn\u00c3\u00ab Adelajdes se n\u00c3\u00abse ajo ndjente di\u00c3\u00a7ka nuk duhej t\u00c3\u00ab frenohej e ta pengonte veten.\" \/>\n<meta property=\"og:url\" content=\"https:\/\/www.visit-ulcinj.com\/blog\/2009\/03\/14\/adelajda-kam-nje-lidhje-te-pambyllur\/\" \/>\n<meta property=\"og:site_name\" content=\"Lajme nga Ulqini\" \/>\n<meta property=\"article:published_time\" content=\"2009-03-14T14:38:24+00:00\" \/>\n<meta property=\"og:image\" content=\"http:\/\/www.visit-ulcinj.com\/blog\/wp-content\/uploads\/2009\/03\/adelajda-1-12-copy.jpg\" \/>\n<meta name=\"twitter:label1\" content=\"Written by\" \/>\n\t<meta name=\"twitter:data1\" content=\"ulqini\" \/>\n\t<meta name=\"twitter:label2\" content=\"Est. reading time\" \/>\n\t<meta name=\"twitter:data2\" content=\"1 minute\" \/>\n<script type=\"application\/ld+json\" class=\"yoast-schema-graph\">{\"@context\":\"https:\/\/schema.org\",\"@graph\":[{\"@type\":\"WebSite\",\"@id\":\"https:\/\/www.visit-ulcinj.com\/blog\/#website\",\"url\":\"https:\/\/www.visit-ulcinj.com\/blog\/\",\"name\":\"Lajme nga Ulqini\",\"description\":\"Lajme,Vijesti,Ulqini,Ulqin,Crna Gora,Mali i Zi\",\"potentialAction\":[{\"@type\":\"SearchAction\",\"target\":{\"@type\":\"EntryPoint\",\"urlTemplate\":\"https:\/\/www.visit-ulcinj.com\/blog\/?s={search_term_string}\"},\"query-input\":\"required name=search_term_string\"}],\"inLanguage\":\"en-US\"},{\"@type\":\"ImageObject\",\"inLanguage\":\"en-US\",\"@id\":\"https:\/\/www.visit-ulcinj.com\/blog\/2009\/03\/14\/adelajda-kam-nje-lidhje-te-pambyllur\/#primaryimage\",\"url\":\"http:\/\/www.visit-ulcinj.com\/blog\/wp-content\/uploads\/2009\/03\/adelajda-1-12-copy.jpg\",\"contentUrl\":\"http:\/\/www.visit-ulcinj.com\/blog\/wp-content\/uploads\/2009\/03\/adelajda-1-12-copy.jpg\"},{\"@type\":\"WebPage\",\"@id\":\"https:\/\/www.visit-ulcinj.com\/blog\/2009\/03\/14\/adelajda-kam-nje-lidhje-te-pambyllur\/#webpage\",\"url\":\"https:\/\/www.visit-ulcinj.com\/blog\/2009\/03\/14\/adelajda-kam-nje-lidhje-te-pambyllur\/\",\"name\":\"Adelajda - Kam nj\u00c3\u00ab lidhje t\u00c3\u00ab pambyllur | Big Brother Albania 2\",\"isPartOf\":{\"@id\":\"https:\/\/www.visit-ulcinj.com\/blog\/#website\"},\"primaryImageOfPage\":{\"@id\":\"https:\/\/www.visit-ulcinj.com\/blog\/2009\/03\/14\/adelajda-kam-nje-lidhje-te-pambyllur\/#primaryimage\"},\"datePublished\":\"2009-03-14T14:38:24+00:00\",\"dateModified\":\"2009-03-14T14:38:24+00:00\",\"author\":{\"@id\":\"https:\/\/www.visit-ulcinj.com\/blog\/#\/schema\/person\/dcab619c614d3038751c63bc2aadc06d\"},\"description\":\"Big Brother Albania 2 - Po n\u00c3\u00ab lidhje me Bjordin, Mimoza i ka th\u00c3\u00abn\u00c3\u00ab Adelajdes se n\u00c3\u00abse ajo ndjente di\u00c3\u00a7ka nuk duhej t\u00c3\u00ab frenohej e ta pengonte veten.\",\"breadcrumb\":{\"@id\":\"https:\/\/www.visit-ulcinj.com\/blog\/2009\/03\/14\/adelajda-kam-nje-lidhje-te-pambyllur\/#breadcrumb\"},\"inLanguage\":\"en-US\",\"potentialAction\":[{\"@type\":\"ReadAction\",\"target\":[\"https:\/\/www.visit-ulcinj.com\/blog\/2009\/03\/14\/adelajda-kam-nje-lidhje-te-pambyllur\/\"]}]},{\"@type\":\"BreadcrumbList\",\"@id\":\"https:\/\/www.visit-ulcinj.com\/blog\/2009\/03\/14\/adelajda-kam-nje-lidhje-te-pambyllur\/#breadcrumb\",\"itemListElement\":[{\"@type\":\"ListItem\",\"position\":1,\"name\":\"Adelajda &#8211; Kam nj\u00eb lidhje t\u00eb pambyllur\"}]},{\"@type\":\"Person\",\"@id\":\"https:\/\/www.visit-ulcinj.com\/blog\/#\/schema\/person\/dcab619c614d3038751c63bc2aadc06d\",\"name\":\"ulqini\",\"sameAs\":[\"http:\/\/www.visit-ulcinj.com\"],\"url\":\"https:\/\/www.visit-ulcinj.com\/blog\/author\/admin\/\"}]}<\/script>\n<!-- \/ Yoast SEO plugin. -->","yoast_head_json":{"title":"Adelajda - Kam nj\u00c3\u00ab lidhje t\u00c3\u00ab pambyllur | Big Brother Albania 2","description":"Big Brother Albania 2 - Po n\u00c3\u00ab lidhje me Bjordin, Mimoza i ka th\u00c3\u00abn\u00c3\u00ab Adelajdes se n\u00c3\u00abse ajo ndjente di\u00c3\u00a7ka nuk duhej t\u00c3\u00ab frenohej e ta pengonte veten.","robots":{"index":"index","follow":"follow","max-snippet":"max-snippet:-1","max-image-preview":"max-image-preview:large","max-video-preview":"max-video-preview:-1"},"canonical":"https:\/\/www.visit-ulcinj.com\/blog\/2009\/03\/14\/adelajda-kam-nje-lidhje-te-pambyllur\/","og_locale":"en_US","og_type":"article","og_title":"Adelajda - Kam nj\u00c3\u00ab lidhje t\u00c3\u00ab pambyllur | Big Brother Albania 2","og_description":"Big Brother Albania 2 - Po n\u00c3\u00ab lidhje me Bjordin, Mimoza i ka th\u00c3\u00abn\u00c3\u00ab Adelajdes se n\u00c3\u00abse ajo ndjente di\u00c3\u00a7ka nuk duhej t\u00c3\u00ab frenohej e ta pengonte veten.","og_url":"https:\/\/www.visit-ulcinj.com\/blog\/2009\/03\/14\/adelajda-kam-nje-lidhje-te-pambyllur\/","og_site_name":"Lajme nga Ulqini","article_published_time":"2009-03-14T14:38:24+00:00","og_image":[{"url":"http:\/\/www.visit-ulcinj.com\/blog\/wp-content\/uploads\/2009\/03\/adelajda-1-12-copy.jpg"}],"twitter_misc":{"Written by":"ulqini","Est. reading time":"1 minute"},"schema":{"@context":"https:\/\/schema.org","@graph":[{"@type":"WebSite","@id":"https:\/\/www.visit-ulcinj.com\/blog\/#website","url":"https:\/\/www.visit-ulcinj.com\/blog\/","name":"Lajme nga Ulqini","description":"Lajme,Vijesti,Ulqini,Ulqin,Crna Gora,Mali i Zi","potentialAction":[{"@type":"SearchAction","target":{"@type":"EntryPoint","urlTemplate":"https:\/\/www.visit-ulcinj.com\/blog\/?s={search_term_string}"},"query-input":"required name=search_term_string"}],"inLanguage":"en-US"},{"@type":"ImageObject","inLanguage":"en-US","@id":"https:\/\/www.visit-ulcinj.com\/blog\/2009\/03\/14\/adelajda-kam-nje-lidhje-te-pambyllur\/#primaryimage","url":"http:\/\/www.visit-ulcinj.com\/blog\/wp-content\/uploads\/2009\/03\/adelajda-1-12-copy.jpg","contentUrl":"http:\/\/www.visit-ulcinj.com\/blog\/wp-content\/uploads\/2009\/03\/adelajda-1-12-copy.jpg"},{"@type":"WebPage","@id":"https:\/\/www.visit-ulcinj.com\/blog\/2009\/03\/14\/adelajda-kam-nje-lidhje-te-pambyllur\/#webpage","url":"https:\/\/www.visit-ulcinj.com\/blog\/2009\/03\/14\/adelajda-kam-nje-lidhje-te-pambyllur\/","name":"Adelajda - Kam nj\u00c3\u00ab lidhje t\u00c3\u00ab pambyllur | Big Brother Albania 2","isPartOf":{"@id":"https:\/\/www.visit-ulcinj.com\/blog\/#website"},"primaryImageOfPage":{"@id":"https:\/\/www.visit-ulcinj.com\/blog\/2009\/03\/14\/adelajda-kam-nje-lidhje-te-pambyllur\/#primaryimage"},"datePublished":"2009-03-14T14:38:24+00:00","dateModified":"2009-03-14T14:38:24+00:00","author":{"@id":"https:\/\/www.visit-ulcinj.com\/blog\/#\/schema\/person\/dcab619c614d3038751c63bc2aadc06d"},"description":"Big Brother Albania 2 - Po n\u00c3\u00ab lidhje me Bjordin, Mimoza i ka th\u00c3\u00abn\u00c3\u00ab Adelajdes se n\u00c3\u00abse ajo ndjente di\u00c3\u00a7ka nuk duhej t\u00c3\u00ab frenohej e ta pengonte veten.","breadcrumb":{"@id":"https:\/\/www.visit-ulcinj.com\/blog\/2009\/03\/14\/adelajda-kam-nje-lidhje-te-pambyllur\/#breadcrumb"},"inLanguage":"en-US","potentialAction":[{"@type":"ReadAction","target":["https:\/\/www.visit-ulcinj.com\/blog\/2009\/03\/14\/adelajda-kam-nje-lidhje-te-pambyllur\/"]}]},{"@type":"BreadcrumbList","@id":"https:\/\/www.visit-ulcinj.com\/blog\/2009\/03\/14\/adelajda-kam-nje-lidhje-te-pambyllur\/#breadcrumb","itemListElement":[{"@type":"ListItem","position":1,"name":"Adelajda &#8211; Kam nj\u00eb lidhje t\u00eb pambyllur"}]},{"@type":"Person","@id":"https:\/\/www.visit-ulcinj.com\/blog\/#\/schema\/person\/dcab619c614d3038751c63bc2aadc06d","name":"ulqini","sameAs":["http:\/\/www.visit-ulcinj.com"],"url":"https:\/\/www.visit-ulcinj.com\/blog\/author\/admin\/"}]}},"jetpack_featured_media_url":"","jetpack_sharing_enabled":true,"jetpack_shortlink":"https:\/\/wp.me\/pe6lTn-3Hs","_links":{"self":[{"href":"https:\/\/www.visit-ulcinj.com\/blog\/wp-json\/wp\/v2\/posts\/14226"}],"collection":[{"href":"https:\/\/www.visit-ulcinj.com\/blog\/wp-json\/wp\/v2\/posts"}],"about":[{"href":"https:\/\/www.visit-ulcinj.com\/blog\/wp-json\/wp\/v2\/types\/post"}],"author":[{"embeddable":true,"href":"https:\/\/www.visit-ulcinj.com\/blog\/wp-json\/wp\/v2\/users\/1"}],"replies":[{"embeddable":true,"href":"https:\/\/www.visit-ulcinj.com\/blog\/wp-json\/wp\/v2\/comments?post=14226"}],"version-history":[{"count":0,"href":"https:\/\/www.visit-ulcinj.com\/blog\/wp-json\/wp\/v2\/posts\/14226\/revisions"}],"wp:attachment":[{"href":"https:\/\/www.visit-ulcinj.com\/blog\/wp-json\/wp\/v2\/media?parent=14226"}],"wp:term":[{"taxonomy":"category","embeddable":true,"href":"https:\/\/www.visit-ulcinj.com\/blog\/wp-json\/wp\/v2\/categories?post=14226"},{"taxonomy":"post_tag","embeddable":true,"href":"https:\/\/www.visit-ulcinj.com\/blog\/wp-json\/wp\/v2\/tags?post=14226"}],"curies":[{"name":"wp","href":"https:\/\/api.w.org\/{rel}","templated":true}]}}