{"id":14229,"date":"2009-03-14T15:41:01","date_gmt":"2009-03-14T14:41:01","guid":{"rendered":"http:\/\/www.visit-ulcinj.com\/blog\/?p=14229"},"modified":"2009-03-14T15:41:01","modified_gmt":"2009-03-14T14:41:01","slug":"bjordi-dhe-adela-moza-eshte-keqkuptuar","status":"publish","type":"post","link":"https:\/\/www.visit-ulcinj.com\/blog\/2009\/03\/14\/bjordi-dhe-adela-moza-eshte-keqkuptuar\/","title":{"rendered":"Bjordi dhe Adela : Moza \u00ebsht\u00eb keqkuptuar"},"content":{"rendered":"<p><em><span class=\"newsdate\"><a href=\"http:\/\/www.visit-ulcinj.com\/blog\/wp-content\/uploads\/2009\/03\/bjordiadela.jpg\"><img loading=\"lazy\" class=\"alignleft size-full wp-image-14230\" title=\"Bjordi Mezini dhe Adelajda - Big Brother Albania 2\" src=\"http:\/\/www.visit-ulcinj.com\/blog\/wp-content\/uploads\/2009\/03\/bjordiadela.jpg\" alt=\"Bjordi Mezini dhe Adelajda - Big Brother Albania 2\" width=\"300\" height=\"205\" \/><\/a>14\/03\/09 02:33<\/span><\/em><\/p>\n<p>Adela dhe Bjordi diskutojn\u00eb veprimin e Adit kundrejt Moz\u00ebs dhe se si e interpretoi ajo. Bjordi mendon se Moza po e interpreton gabim dhe ajo \u00ebsht\u00eb nj\u00eb person q\u00eb nuk ka nj\u00eb mendim t\u00eb sajin por, ndikohet nga mendimet e t\u00eb tjer\u00ebve. Ai mendon se n\u00ebse ajo \u00ebsht\u00eb nj\u00eb njeri i rritur, duhet t\u00eb shkoj\u00eb e ta sqaroj\u00eb. Adela mendon se edhe Adi ka b\u00ebr\u00eb gabim n\u00eb sjellje sepse duke e par\u00eb Moz\u00ebn q\u00eb i merr gj\u00ebrat shum\u00eb seriozisht, \u00ebsht\u00eb nxituar. Bjordi i thot\u00eb se edhe Adela po emendon nj\u00ebsoj si Moza dhe kjo nuk \u00ebsht\u00eb e drejt\u00eb sepse ajo i kupton se si jan\u00eb gj\u00ebrat dhe i shpjegon se Adi nuk e ka b\u00ebr\u00eb me q\u00ebllim t\u00eb keq, pasi ai Moz\u00ebn e sheh si nj\u00eb mot\u00ebr t\u00eb vog\u00ebl. Ai i k\u00ebrkon Adel\u00ebs q\u00eb t\u00eb mos e keqkuptoj\u00eb Adin. Adela i thot\u00eb se e mendon si veprim t\u00eb gabuar dhe n\u00eb Shqip\u00ebri k\u00ebto lloj veprimesh keqkuptohen, kurse Bjordi q\u00eb ka jetuar jasht\u00eb ndoshta nuk e sheh t\u00eb till\u00eb. Bjordi i thot\u00eb se vet\u00ebm k\u00ebtu n\u00eb Shqip\u00ebri sheh veprime t\u00eb tilla dhe ndaj nuk e sheh si gabim. Bjordi mendon se edhe Adi nuk e ka kuptuar se ka b\u00ebr\u00eb gabim me at\u00eb veprim por Adela mendon se ai \u00ebsht\u00eb nj\u00eb person q\u00eb di shum\u00eb nga jeta, \u00ebsht\u00eb inteligjent dhe duhej ta kishte kapur vet\u00eb Moz\u00ebn e ta sqaroj\u00eb. Bjordit i vjen inat edhe p\u00ebr reagimin q\u00eb ka patur Aida kur Moza ia ka treguar duke i th\u00ebn\u00eb asaj se ndoshta Adi e ka b\u00ebr\u00eb me tendenc\u00eb. Adela i thot\u00eb se Moza ka shum\u00eb besim tek Aida dhe e sheh si mot\u00ebr. Bjordi v\u00eb n\u00eb dukje maturin\u00eb e Moz\u00ebs duke th\u00ebn\u00eb se ajo nuk b\u00ebn dallimin nd\u00ebrmjet motr\u00ebs, shoqes dhe falsitetit. Ai mendon se edhe Aida ka treguar reagimin e nj\u00eb njeriu dashakeq\u00ebs duke menduar gj\u00ebra t\u00eb cilat nuk egzistojn\u00eb e duke ia futur k\u00ebto mendime edhe Moz\u00ebs n\u00eb kok\u00eb. Adela mendon se ajo mundohet t\u00eb kapet me njer\u00ebzit duke gjetur edhe arsye t\u00eb vogla por, sidoqoft\u00eb, nuk p\u00eblqen q\u00eb t\u00eb b\u00ebj\u00eb p\u00ebrcaktime p\u00ebr tipin e saj sepse nuk e njeh. Bjordi mendon se nj\u00eb njeri i mir\u00eb nuk do ta thoshte kurr\u00eb k\u00ebt\u00eb mendim.<\/p>\n","protected":false},"excerpt":{"rendered":"<p>14\/03\/09 02:33 Adela dhe Bjordi diskutojn\u00eb veprimin e Adit kundrejt Moz\u00ebs dhe se si e interpretoi ajo. Bjordi mendon se Moza po e interpreton gabim dhe ajo \u00ebsht\u00eb nj\u00eb person q\u00eb nuk ka nj\u00eb mendim t\u00eb sajin por, ndikohet nga mendimet e t\u00eb tjer\u00ebve. Ai mendon se n\u00ebse ajo \u00ebsht\u00eb nj\u00eb njeri i rritur, duhet [&hellip;]<\/p>\n","protected":false},"author":1,"featured_media":0,"comment_status":"open","ping_status":"closed","sticky":false,"template":"","format":"standard","meta":{"spay_email":"","jetpack_publicize_message":"","jetpack_is_tweetstorm":false,"jetpack_publicize_feature_enabled":true},"categories":[6502],"tags":[6736,6562,6529,1414,5057,6506,6516,6712,7129,6665,6522,7962,7961,6568,7963,6891,6693,6887],"jetpack_publicize_connections":[],"yoast_head":"<!-- This site is optimized with the Yoast SEO plugin v19.1 - https:\/\/yoast.com\/wordpress\/plugins\/seo\/ -->\n<title>Bjordi dhe Adela : Moza \u00c3\u00absht\u00c3\u00ab keqkuptuar | Big Brother Albania 2<\/title>\n<meta name=\"description\" content=\"Big Brother Albania 2 - Adela dhe Bjordi diskutojn\u00c3\u00ab veprimin e Adit kundrejt Moz\u00c3\u00abs dhe se si e interpretoi ajo.\" \/>\n<meta name=\"robots\" content=\"index, follow, max-snippet:-1, max-image-preview:large, max-video-preview:-1\" \/>\n<link rel=\"canonical\" href=\"https:\/\/www.visit-ulcinj.com\/blog\/2009\/03\/14\/bjordi-dhe-adela-moza-eshte-keqkuptuar\/\" \/>\n<meta property=\"og:locale\" content=\"en_US\" \/>\n<meta property=\"og:type\" content=\"article\" \/>\n<meta property=\"og:title\" content=\"Bjordi dhe Adela : Moza \u00c3\u00absht\u00c3\u00ab keqkuptuar | Big Brother Albania 2\" \/>\n<meta property=\"og:description\" content=\"Big Brother Albania 2 - Adela dhe Bjordi diskutojn\u00c3\u00ab veprimin e Adit kundrejt Moz\u00c3\u00abs dhe se si e interpretoi ajo.\" \/>\n<meta property=\"og:url\" content=\"https:\/\/www.visit-ulcinj.com\/blog\/2009\/03\/14\/bjordi-dhe-adela-moza-eshte-keqkuptuar\/\" \/>\n<meta property=\"og:site_name\" content=\"Lajme nga Ulqini\" \/>\n<meta property=\"article:published_time\" content=\"2009-03-14T14:41:01+00:00\" \/>\n<meta property=\"og:image\" content=\"http:\/\/www.visit-ulcinj.com\/blog\/wp-content\/uploads\/2009\/03\/bjordiadela.jpg\" \/>\n<meta name=\"twitter:label1\" content=\"Written by\" \/>\n\t<meta name=\"twitter:data1\" content=\"ulqini\" \/>\n\t<meta name=\"twitter:label2\" content=\"Est. reading time\" \/>\n\t<meta name=\"twitter:data2\" content=\"2 minutes\" \/>\n<script type=\"application\/ld+json\" class=\"yoast-schema-graph\">{\"@context\":\"https:\/\/schema.org\",\"@graph\":[{\"@type\":\"WebSite\",\"@id\":\"https:\/\/www.visit-ulcinj.com\/blog\/#website\",\"url\":\"https:\/\/www.visit-ulcinj.com\/blog\/\",\"name\":\"Lajme nga Ulqini\",\"description\":\"Lajme,Vijesti,Ulqini,Ulqin,Crna Gora,Mali i Zi\",\"potentialAction\":[{\"@type\":\"SearchAction\",\"target\":{\"@type\":\"EntryPoint\",\"urlTemplate\":\"https:\/\/www.visit-ulcinj.com\/blog\/?s={search_term_string}\"},\"query-input\":\"required name=search_term_string\"}],\"inLanguage\":\"en-US\"},{\"@type\":\"ImageObject\",\"inLanguage\":\"en-US\",\"@id\":\"https:\/\/www.visit-ulcinj.com\/blog\/2009\/03\/14\/bjordi-dhe-adela-moza-eshte-keqkuptuar\/#primaryimage\",\"url\":\"http:\/\/www.visit-ulcinj.com\/blog\/wp-content\/uploads\/2009\/03\/bjordiadela.jpg\",\"contentUrl\":\"http:\/\/www.visit-ulcinj.com\/blog\/wp-content\/uploads\/2009\/03\/bjordiadela.jpg\"},{\"@type\":\"WebPage\",\"@id\":\"https:\/\/www.visit-ulcinj.com\/blog\/2009\/03\/14\/bjordi-dhe-adela-moza-eshte-keqkuptuar\/#webpage\",\"url\":\"https:\/\/www.visit-ulcinj.com\/blog\/2009\/03\/14\/bjordi-dhe-adela-moza-eshte-keqkuptuar\/\",\"name\":\"Bjordi dhe Adela : Moza \u00c3\u00absht\u00c3\u00ab keqkuptuar | Big Brother Albania 2\",\"isPartOf\":{\"@id\":\"https:\/\/www.visit-ulcinj.com\/blog\/#website\"},\"primaryImageOfPage\":{\"@id\":\"https:\/\/www.visit-ulcinj.com\/blog\/2009\/03\/14\/bjordi-dhe-adela-moza-eshte-keqkuptuar\/#primaryimage\"},\"datePublished\":\"2009-03-14T14:41:01+00:00\",\"dateModified\":\"2009-03-14T14:41:01+00:00\",\"author\":{\"@id\":\"https:\/\/www.visit-ulcinj.com\/blog\/#\/schema\/person\/dcab619c614d3038751c63bc2aadc06d\"},\"description\":\"Big Brother Albania 2 - Adela dhe Bjordi diskutojn\u00c3\u00ab veprimin e Adit kundrejt Moz\u00c3\u00abs dhe se si e interpretoi ajo.\",\"breadcrumb\":{\"@id\":\"https:\/\/www.visit-ulcinj.com\/blog\/2009\/03\/14\/bjordi-dhe-adela-moza-eshte-keqkuptuar\/#breadcrumb\"},\"inLanguage\":\"en-US\",\"potentialAction\":[{\"@type\":\"ReadAction\",\"target\":[\"https:\/\/www.visit-ulcinj.com\/blog\/2009\/03\/14\/bjordi-dhe-adela-moza-eshte-keqkuptuar\/\"]}]},{\"@type\":\"BreadcrumbList\",\"@id\":\"https:\/\/www.visit-ulcinj.com\/blog\/2009\/03\/14\/bjordi-dhe-adela-moza-eshte-keqkuptuar\/#breadcrumb\",\"itemListElement\":[{\"@type\":\"ListItem\",\"position\":1,\"name\":\"Bjordi dhe Adela : Moza \u00ebsht\u00eb keqkuptuar\"}]},{\"@type\":\"Person\",\"@id\":\"https:\/\/www.visit-ulcinj.com\/blog\/#\/schema\/person\/dcab619c614d3038751c63bc2aadc06d\",\"name\":\"ulqini\",\"sameAs\":[\"http:\/\/www.visit-ulcinj.com\"],\"url\":\"https:\/\/www.visit-ulcinj.com\/blog\/author\/admin\/\"}]}<\/script>\n<!-- \/ Yoast SEO plugin. -->","yoast_head_json":{"title":"Bjordi dhe Adela : Moza \u00c3\u00absht\u00c3\u00ab keqkuptuar | Big Brother Albania 2","description":"Big Brother Albania 2 - Adela dhe Bjordi diskutojn\u00c3\u00ab veprimin e Adit kundrejt Moz\u00c3\u00abs dhe se si e interpretoi ajo.","robots":{"index":"index","follow":"follow","max-snippet":"max-snippet:-1","max-image-preview":"max-image-preview:large","max-video-preview":"max-video-preview:-1"},"canonical":"https:\/\/www.visit-ulcinj.com\/blog\/2009\/03\/14\/bjordi-dhe-adela-moza-eshte-keqkuptuar\/","og_locale":"en_US","og_type":"article","og_title":"Bjordi dhe Adela : Moza \u00c3\u00absht\u00c3\u00ab keqkuptuar | Big Brother Albania 2","og_description":"Big Brother Albania 2 - Adela dhe Bjordi diskutojn\u00c3\u00ab veprimin e Adit kundrejt Moz\u00c3\u00abs dhe se si e interpretoi ajo.","og_url":"https:\/\/www.visit-ulcinj.com\/blog\/2009\/03\/14\/bjordi-dhe-adela-moza-eshte-keqkuptuar\/","og_site_name":"Lajme nga Ulqini","article_published_time":"2009-03-14T14:41:01+00:00","og_image":[{"url":"http:\/\/www.visit-ulcinj.com\/blog\/wp-content\/uploads\/2009\/03\/bjordiadela.jpg"}],"twitter_misc":{"Written by":"ulqini","Est. reading time":"2 minutes"},"schema":{"@context":"https:\/\/schema.org","@graph":[{"@type":"WebSite","@id":"https:\/\/www.visit-ulcinj.com\/blog\/#website","url":"https:\/\/www.visit-ulcinj.com\/blog\/","name":"Lajme nga Ulqini","description":"Lajme,Vijesti,Ulqini,Ulqin,Crna Gora,Mali i Zi","potentialAction":[{"@type":"SearchAction","target":{"@type":"EntryPoint","urlTemplate":"https:\/\/www.visit-ulcinj.com\/blog\/?s={search_term_string}"},"query-input":"required name=search_term_string"}],"inLanguage":"en-US"},{"@type":"ImageObject","inLanguage":"en-US","@id":"https:\/\/www.visit-ulcinj.com\/blog\/2009\/03\/14\/bjordi-dhe-adela-moza-eshte-keqkuptuar\/#primaryimage","url":"http:\/\/www.visit-ulcinj.com\/blog\/wp-content\/uploads\/2009\/03\/bjordiadela.jpg","contentUrl":"http:\/\/www.visit-ulcinj.com\/blog\/wp-content\/uploads\/2009\/03\/bjordiadela.jpg"},{"@type":"WebPage","@id":"https:\/\/www.visit-ulcinj.com\/blog\/2009\/03\/14\/bjordi-dhe-adela-moza-eshte-keqkuptuar\/#webpage","url":"https:\/\/www.visit-ulcinj.com\/blog\/2009\/03\/14\/bjordi-dhe-adela-moza-eshte-keqkuptuar\/","name":"Bjordi dhe Adela : Moza \u00c3\u00absht\u00c3\u00ab keqkuptuar | Big Brother Albania 2","isPartOf":{"@id":"https:\/\/www.visit-ulcinj.com\/blog\/#website"},"primaryImageOfPage":{"@id":"https:\/\/www.visit-ulcinj.com\/blog\/2009\/03\/14\/bjordi-dhe-adela-moza-eshte-keqkuptuar\/#primaryimage"},"datePublished":"2009-03-14T14:41:01+00:00","dateModified":"2009-03-14T14:41:01+00:00","author":{"@id":"https:\/\/www.visit-ulcinj.com\/blog\/#\/schema\/person\/dcab619c614d3038751c63bc2aadc06d"},"description":"Big Brother Albania 2 - Adela dhe Bjordi diskutojn\u00c3\u00ab veprimin e Adit kundrejt Moz\u00c3\u00abs dhe se si e interpretoi ajo.","breadcrumb":{"@id":"https:\/\/www.visit-ulcinj.com\/blog\/2009\/03\/14\/bjordi-dhe-adela-moza-eshte-keqkuptuar\/#breadcrumb"},"inLanguage":"en-US","potentialAction":[{"@type":"ReadAction","target":["https:\/\/www.visit-ulcinj.com\/blog\/2009\/03\/14\/bjordi-dhe-adela-moza-eshte-keqkuptuar\/"]}]},{"@type":"BreadcrumbList","@id":"https:\/\/www.visit-ulcinj.com\/blog\/2009\/03\/14\/bjordi-dhe-adela-moza-eshte-keqkuptuar\/#breadcrumb","itemListElement":[{"@type":"ListItem","position":1,"name":"Bjordi dhe Adela : Moza \u00ebsht\u00eb keqkuptuar"}]},{"@type":"Person","@id":"https:\/\/www.visit-ulcinj.com\/blog\/#\/schema\/person\/dcab619c614d3038751c63bc2aadc06d","name":"ulqini","sameAs":["http:\/\/www.visit-ulcinj.com"],"url":"https:\/\/www.visit-ulcinj.com\/blog\/author\/admin\/"}]}},"jetpack_featured_media_url":"","jetpack_sharing_enabled":true,"jetpack_shortlink":"https:\/\/wp.me\/pe6lTn-3Hv","_links":{"self":[{"href":"https:\/\/www.visit-ulcinj.com\/blog\/wp-json\/wp\/v2\/posts\/14229"}],"collection":[{"href":"https:\/\/www.visit-ulcinj.com\/blog\/wp-json\/wp\/v2\/posts"}],"about":[{"href":"https:\/\/www.visit-ulcinj.com\/blog\/wp-json\/wp\/v2\/types\/post"}],"author":[{"embeddable":true,"href":"https:\/\/www.visit-ulcinj.com\/blog\/wp-json\/wp\/v2\/users\/1"}],"replies":[{"embeddable":true,"href":"https:\/\/www.visit-ulcinj.com\/blog\/wp-json\/wp\/v2\/comments?post=14229"}],"version-history":[{"count":0,"href":"https:\/\/www.visit-ulcinj.com\/blog\/wp-json\/wp\/v2\/posts\/14229\/revisions"}],"wp:attachment":[{"href":"https:\/\/www.visit-ulcinj.com\/blog\/wp-json\/wp\/v2\/media?parent=14229"}],"wp:term":[{"taxonomy":"category","embeddable":true,"href":"https:\/\/www.visit-ulcinj.com\/blog\/wp-json\/wp\/v2\/categories?post=14229"},{"taxonomy":"post_tag","embeddable":true,"href":"https:\/\/www.visit-ulcinj.com\/blog\/wp-json\/wp\/v2\/tags?post=14229"}],"curies":[{"name":"wp","href":"https:\/\/api.w.org\/{rel}","templated":true}]}}