{"id":14232,"date":"2009-03-14T15:43:28","date_gmt":"2009-03-14T14:43:28","guid":{"rendered":"http:\/\/www.visit-ulcinj.com\/blog\/?p=14232"},"modified":"2009-03-14T15:43:28","modified_gmt":"2009-03-14T14:43:28","slug":"moza-do-i-njohim-jashte","status":"publish","type":"post","link":"https:\/\/www.visit-ulcinj.com\/blog\/2009\/03\/14\/moza-do-i-njohim-jashte\/","title":{"rendered":"Moza: Do i njohim jasht\u00eb"},"content":{"rendered":"<p><em><span class=\"newsdate\"><a href=\"http:\/\/www.visit-ulcinj.com\/blog\/wp-content\/uploads\/2009\/03\/mimoza.jpg\"><img loading=\"lazy\" class=\"alignleft size-full wp-image-14233\" title=\"Mimoza - Big Brother Albania 2\" src=\"http:\/\/www.visit-ulcinj.com\/blog\/wp-content\/uploads\/2009\/03\/mimoza.jpg\" alt=\"Mimoza - Big Brother Albania 2\" width=\"300\" height=\"205\" \/><\/a>13\/03\/09 17:35<\/span><\/em><\/p>\n<p>Arjoni dhe Mimoza q\u00ebndrojn\u00eb vet\u00ebm n\u00eb kop\u00ebsht duke diskutuar n\u00eb lidhje me nominimet dhe banor\u00ebt. Arjoni i thot\u00eb q\u00eb do t`a shoh\u00eb Mimoz\u00ebn n\u00eb nominim, pasi d\u00ebshiron t`a shoh\u00eb n\u00ebn tension, por ajo i thot\u00eb q\u00eb nuk ka pse t\u00eb jet\u00eb n\u00eb tension pasi p\u00ebr t\u00eb \u00ebsht\u00eb thjesht nj\u00eb loj\u00eb. Arjoni e pyet n\u00ebse ka ndonj\u00eb person q\u00eb i intereson brenda n\u00eb sht\u00ebpi. Ajo thot\u00eb q\u00eb i intereson Adela dhe Aida, por ai do t\u00eb dij\u00eb n\u00ebse i intereson Bjordi. Moza thot\u00eb q\u00eb ajo me Bjordin nuk flasin shum\u00eb pasi nuk p\u00ebrshtaten si karaktere. Ajo mendon q\u00eb Bjordi dhe Adela p\u00eblqehen. K\u00ebt\u00eb gj\u00eb e aprovon dhe Arjoni dhe shton se Bjordi \u00ebsht\u00eb djal\u00eb i mir\u00eb dhe nuk sheh asgj\u00eb t\u00eb keqe n\u00eb k\u00ebt\u00eb p\u00eblqim. Mimoza mendon q\u00eb dhe Mesida e p\u00eblqen Bjordin, dhe thot\u00eb q\u00eb ajo b\u00ebhet xheloze sa her\u00eb q\u00eb sheh Adel\u00ebn dhe Bjordin bashk\u00eb. Ajo thot\u00eb q\u00eb Adela nuk e ka shprehur tek asnj\u00eb nga banor\u00ebt p\u00eblqimin e saj p\u00ebr Bjordin. Arjoni thot\u00eb q\u00eb ndoshta mund t\u00eb jet\u00eb thjesht nj\u00eb afeksion, pasi kan\u00eb m\u00eb shum\u00eb se nj\u00eb muaj q\u00eb ato po bashk\u00ebjetojn\u00eb n\u00eb nj\u00eb sht\u00ebpi. Arjoni mendon q\u00eb Bjordit i p\u00eblqen m\u00eb shum\u00eb Mimoza si fem\u00ebr, por q\u00eb u t\u00ebrhoq q\u00eb kur Arbana e pyeti n\u00eb lidhje me Polin. Arjoni thot\u00eb:-\u201cBjordi duhet t\u00eb jet\u00eb zhg\u00ebnjyer shum\u00eb nga femrat!\u201d Mimoza shpreh p\u00eblqimin e saj p\u00ebr Adin si tip pasi p\u00ebr t\u00eb i duket shum\u00eb shakaxhi. Sipas Arjonit Adi p\u00ebr mosh\u00ebn q\u00eb ka nuk duhet t\u00eb sillet n\u00eb at\u00eb m\u00ebnyr\u00eb por duhet t\u00eb jet\u00eb m\u00eb shum\u00eb serioz. Mimoza thot\u00eb:-\u201cDo i njohim jasht\u00eb!\u201d Arjoni thot\u00eb q\u00eb ai do q\u00eb t`i njoh\u00eb brenda n\u00eb sht\u00ebpi. Bised\u00ebs i bashkohet Aida. Ajo thot\u00eb q\u00eb Adi \u00ebsht\u00eb nj\u00eb person q\u00eb shtiret pasi po tregon shum\u00eb pak nga vetja. Ajo thot\u00eb q\u00eb personat mbajn\u00eb rezerva me nj\u00ebri-tjetrin prandaj kalojn\u00eb gj\u00ebrat n\u00eb ashp\u00ebrsime.<\/p>\n","protected":false},"excerpt":{"rendered":"<p>13\/03\/09 17:35 Arjoni dhe Mimoza q\u00ebndrojn\u00eb vet\u00ebm n\u00eb kop\u00ebsht duke diskutuar n\u00eb lidhje me nominimet dhe banor\u00ebt. Arjoni i thot\u00eb q\u00eb do t`a shoh\u00eb Mimoz\u00ebn n\u00eb nominim, pasi d\u00ebshiron t`a shoh\u00eb n\u00ebn tension, por ajo i thot\u00eb q\u00eb nuk ka pse t\u00eb jet\u00eb n\u00eb tension pasi p\u00ebr t\u00eb \u00ebsht\u00eb thjesht nj\u00eb loj\u00eb. Arjoni e pyet [&hellip;]<\/p>\n","protected":false},"author":1,"featured_media":0,"comment_status":"open","ping_status":"closed","sticky":false,"template":"","format":"standard","meta":{"spay_email":"","jetpack_publicize_message":"","jetpack_is_tweetstorm":false,"jetpack_publicize_feature_enabled":true},"categories":[6502],"tags":[6562,6558,6525,6883,6516,6712,6665,6522,6568,6544,6891],"jetpack_publicize_connections":[],"yoast_head":"<!-- This site is optimized with the Yoast SEO plugin v19.1 - https:\/\/yoast.com\/wordpress\/plugins\/seo\/ -->\n<title>Moza: Do i njohim jasht\u00c3\u00ab | Big Brother Albania 2<\/title>\n<meta name=\"description\" content=\"Big Brother Albania 2 - Arjoni dhe Mimoza q\u00c3\u00abndrojn\u00c3\u00ab vet\u00c3\u00abm n\u00c3\u00ab kop\u00c3\u00absht duke diskutuar n\u00c3\u00ab lidhje me nominimet dhe banor\u00c3\u00abt.\" \/>\n<meta name=\"robots\" content=\"index, follow, max-snippet:-1, max-image-preview:large, max-video-preview:-1\" \/>\n<link rel=\"canonical\" href=\"https:\/\/www.visit-ulcinj.com\/blog\/2009\/03\/14\/moza-do-i-njohim-jashte\/\" \/>\n<meta property=\"og:locale\" content=\"en_US\" \/>\n<meta property=\"og:type\" content=\"article\" \/>\n<meta property=\"og:title\" content=\"Moza: Do i njohim jasht\u00c3\u00ab | Big Brother Albania 2\" \/>\n<meta property=\"og:description\" content=\"Big Brother Albania 2 - Arjoni dhe Mimoza q\u00c3\u00abndrojn\u00c3\u00ab vet\u00c3\u00abm n\u00c3\u00ab kop\u00c3\u00absht duke diskutuar n\u00c3\u00ab lidhje me nominimet dhe banor\u00c3\u00abt.\" \/>\n<meta property=\"og:url\" content=\"https:\/\/www.visit-ulcinj.com\/blog\/2009\/03\/14\/moza-do-i-njohim-jashte\/\" \/>\n<meta property=\"og:site_name\" content=\"Lajme nga Ulqini\" \/>\n<meta property=\"article:published_time\" content=\"2009-03-14T14:43:28+00:00\" \/>\n<meta property=\"og:image\" content=\"http:\/\/www.visit-ulcinj.com\/blog\/wp-content\/uploads\/2009\/03\/mimoza.jpg\" \/>\n<meta name=\"twitter:label1\" content=\"Written by\" \/>\n\t<meta name=\"twitter:data1\" content=\"ulqini\" \/>\n\t<meta name=\"twitter:label2\" content=\"Est. reading time\" \/>\n\t<meta name=\"twitter:data2\" content=\"2 minutes\" \/>\n<script type=\"application\/ld+json\" class=\"yoast-schema-graph\">{\"@context\":\"https:\/\/schema.org\",\"@graph\":[{\"@type\":\"WebSite\",\"@id\":\"https:\/\/www.visit-ulcinj.com\/blog\/#website\",\"url\":\"https:\/\/www.visit-ulcinj.com\/blog\/\",\"name\":\"Lajme nga Ulqini\",\"description\":\"Lajme,Vijesti,Ulqini,Ulqin,Crna Gora,Mali i Zi\",\"potentialAction\":[{\"@type\":\"SearchAction\",\"target\":{\"@type\":\"EntryPoint\",\"urlTemplate\":\"https:\/\/www.visit-ulcinj.com\/blog\/?s={search_term_string}\"},\"query-input\":\"required name=search_term_string\"}],\"inLanguage\":\"en-US\"},{\"@type\":\"ImageObject\",\"inLanguage\":\"en-US\",\"@id\":\"https:\/\/www.visit-ulcinj.com\/blog\/2009\/03\/14\/moza-do-i-njohim-jashte\/#primaryimage\",\"url\":\"http:\/\/www.visit-ulcinj.com\/blog\/wp-content\/uploads\/2009\/03\/mimoza.jpg\",\"contentUrl\":\"http:\/\/www.visit-ulcinj.com\/blog\/wp-content\/uploads\/2009\/03\/mimoza.jpg\"},{\"@type\":\"WebPage\",\"@id\":\"https:\/\/www.visit-ulcinj.com\/blog\/2009\/03\/14\/moza-do-i-njohim-jashte\/#webpage\",\"url\":\"https:\/\/www.visit-ulcinj.com\/blog\/2009\/03\/14\/moza-do-i-njohim-jashte\/\",\"name\":\"Moza: Do i njohim jasht\u00c3\u00ab | Big Brother Albania 2\",\"isPartOf\":{\"@id\":\"https:\/\/www.visit-ulcinj.com\/blog\/#website\"},\"primaryImageOfPage\":{\"@id\":\"https:\/\/www.visit-ulcinj.com\/blog\/2009\/03\/14\/moza-do-i-njohim-jashte\/#primaryimage\"},\"datePublished\":\"2009-03-14T14:43:28+00:00\",\"dateModified\":\"2009-03-14T14:43:28+00:00\",\"author\":{\"@id\":\"https:\/\/www.visit-ulcinj.com\/blog\/#\/schema\/person\/dcab619c614d3038751c63bc2aadc06d\"},\"description\":\"Big Brother Albania 2 - Arjoni dhe Mimoza q\u00c3\u00abndrojn\u00c3\u00ab vet\u00c3\u00abm n\u00c3\u00ab kop\u00c3\u00absht duke diskutuar n\u00c3\u00ab lidhje me nominimet dhe banor\u00c3\u00abt.\",\"breadcrumb\":{\"@id\":\"https:\/\/www.visit-ulcinj.com\/blog\/2009\/03\/14\/moza-do-i-njohim-jashte\/#breadcrumb\"},\"inLanguage\":\"en-US\",\"potentialAction\":[{\"@type\":\"ReadAction\",\"target\":[\"https:\/\/www.visit-ulcinj.com\/blog\/2009\/03\/14\/moza-do-i-njohim-jashte\/\"]}]},{\"@type\":\"BreadcrumbList\",\"@id\":\"https:\/\/www.visit-ulcinj.com\/blog\/2009\/03\/14\/moza-do-i-njohim-jashte\/#breadcrumb\",\"itemListElement\":[{\"@type\":\"ListItem\",\"position\":1,\"name\":\"Moza: Do i njohim jasht\u00eb\"}]},{\"@type\":\"Person\",\"@id\":\"https:\/\/www.visit-ulcinj.com\/blog\/#\/schema\/person\/dcab619c614d3038751c63bc2aadc06d\",\"name\":\"ulqini\",\"sameAs\":[\"http:\/\/www.visit-ulcinj.com\"],\"url\":\"https:\/\/www.visit-ulcinj.com\/blog\/author\/admin\/\"}]}<\/script>\n<!-- \/ Yoast SEO plugin. -->","yoast_head_json":{"title":"Moza: Do i njohim jasht\u00c3\u00ab | Big Brother Albania 2","description":"Big Brother Albania 2 - Arjoni dhe Mimoza q\u00c3\u00abndrojn\u00c3\u00ab vet\u00c3\u00abm n\u00c3\u00ab kop\u00c3\u00absht duke diskutuar n\u00c3\u00ab lidhje me nominimet dhe banor\u00c3\u00abt.","robots":{"index":"index","follow":"follow","max-snippet":"max-snippet:-1","max-image-preview":"max-image-preview:large","max-video-preview":"max-video-preview:-1"},"canonical":"https:\/\/www.visit-ulcinj.com\/blog\/2009\/03\/14\/moza-do-i-njohim-jashte\/","og_locale":"en_US","og_type":"article","og_title":"Moza: Do i njohim jasht\u00c3\u00ab | Big Brother Albania 2","og_description":"Big Brother Albania 2 - Arjoni dhe Mimoza q\u00c3\u00abndrojn\u00c3\u00ab vet\u00c3\u00abm n\u00c3\u00ab kop\u00c3\u00absht duke diskutuar n\u00c3\u00ab lidhje me nominimet dhe banor\u00c3\u00abt.","og_url":"https:\/\/www.visit-ulcinj.com\/blog\/2009\/03\/14\/moza-do-i-njohim-jashte\/","og_site_name":"Lajme nga Ulqini","article_published_time":"2009-03-14T14:43:28+00:00","og_image":[{"url":"http:\/\/www.visit-ulcinj.com\/blog\/wp-content\/uploads\/2009\/03\/mimoza.jpg"}],"twitter_misc":{"Written by":"ulqini","Est. reading time":"2 minutes"},"schema":{"@context":"https:\/\/schema.org","@graph":[{"@type":"WebSite","@id":"https:\/\/www.visit-ulcinj.com\/blog\/#website","url":"https:\/\/www.visit-ulcinj.com\/blog\/","name":"Lajme nga Ulqini","description":"Lajme,Vijesti,Ulqini,Ulqin,Crna Gora,Mali i Zi","potentialAction":[{"@type":"SearchAction","target":{"@type":"EntryPoint","urlTemplate":"https:\/\/www.visit-ulcinj.com\/blog\/?s={search_term_string}"},"query-input":"required name=search_term_string"}],"inLanguage":"en-US"},{"@type":"ImageObject","inLanguage":"en-US","@id":"https:\/\/www.visit-ulcinj.com\/blog\/2009\/03\/14\/moza-do-i-njohim-jashte\/#primaryimage","url":"http:\/\/www.visit-ulcinj.com\/blog\/wp-content\/uploads\/2009\/03\/mimoza.jpg","contentUrl":"http:\/\/www.visit-ulcinj.com\/blog\/wp-content\/uploads\/2009\/03\/mimoza.jpg"},{"@type":"WebPage","@id":"https:\/\/www.visit-ulcinj.com\/blog\/2009\/03\/14\/moza-do-i-njohim-jashte\/#webpage","url":"https:\/\/www.visit-ulcinj.com\/blog\/2009\/03\/14\/moza-do-i-njohim-jashte\/","name":"Moza: Do i njohim jasht\u00c3\u00ab | Big Brother Albania 2","isPartOf":{"@id":"https:\/\/www.visit-ulcinj.com\/blog\/#website"},"primaryImageOfPage":{"@id":"https:\/\/www.visit-ulcinj.com\/blog\/2009\/03\/14\/moza-do-i-njohim-jashte\/#primaryimage"},"datePublished":"2009-03-14T14:43:28+00:00","dateModified":"2009-03-14T14:43:28+00:00","author":{"@id":"https:\/\/www.visit-ulcinj.com\/blog\/#\/schema\/person\/dcab619c614d3038751c63bc2aadc06d"},"description":"Big Brother Albania 2 - Arjoni dhe Mimoza q\u00c3\u00abndrojn\u00c3\u00ab vet\u00c3\u00abm n\u00c3\u00ab kop\u00c3\u00absht duke diskutuar n\u00c3\u00ab lidhje me nominimet dhe banor\u00c3\u00abt.","breadcrumb":{"@id":"https:\/\/www.visit-ulcinj.com\/blog\/2009\/03\/14\/moza-do-i-njohim-jashte\/#breadcrumb"},"inLanguage":"en-US","potentialAction":[{"@type":"ReadAction","target":["https:\/\/www.visit-ulcinj.com\/blog\/2009\/03\/14\/moza-do-i-njohim-jashte\/"]}]},{"@type":"BreadcrumbList","@id":"https:\/\/www.visit-ulcinj.com\/blog\/2009\/03\/14\/moza-do-i-njohim-jashte\/#breadcrumb","itemListElement":[{"@type":"ListItem","position":1,"name":"Moza: Do i njohim jasht\u00eb"}]},{"@type":"Person","@id":"https:\/\/www.visit-ulcinj.com\/blog\/#\/schema\/person\/dcab619c614d3038751c63bc2aadc06d","name":"ulqini","sameAs":["http:\/\/www.visit-ulcinj.com"],"url":"https:\/\/www.visit-ulcinj.com\/blog\/author\/admin\/"}]}},"jetpack_featured_media_url":"","jetpack_sharing_enabled":true,"jetpack_shortlink":"https:\/\/wp.me\/pe6lTn-3Hy","_links":{"self":[{"href":"https:\/\/www.visit-ulcinj.com\/blog\/wp-json\/wp\/v2\/posts\/14232"}],"collection":[{"href":"https:\/\/www.visit-ulcinj.com\/blog\/wp-json\/wp\/v2\/posts"}],"about":[{"href":"https:\/\/www.visit-ulcinj.com\/blog\/wp-json\/wp\/v2\/types\/post"}],"author":[{"embeddable":true,"href":"https:\/\/www.visit-ulcinj.com\/blog\/wp-json\/wp\/v2\/users\/1"}],"replies":[{"embeddable":true,"href":"https:\/\/www.visit-ulcinj.com\/blog\/wp-json\/wp\/v2\/comments?post=14232"}],"version-history":[{"count":0,"href":"https:\/\/www.visit-ulcinj.com\/blog\/wp-json\/wp\/v2\/posts\/14232\/revisions"}],"wp:attachment":[{"href":"https:\/\/www.visit-ulcinj.com\/blog\/wp-json\/wp\/v2\/media?parent=14232"}],"wp:term":[{"taxonomy":"category","embeddable":true,"href":"https:\/\/www.visit-ulcinj.com\/blog\/wp-json\/wp\/v2\/categories?post=14232"},{"taxonomy":"post_tag","embeddable":true,"href":"https:\/\/www.visit-ulcinj.com\/blog\/wp-json\/wp\/v2\/tags?post=14232"}],"curies":[{"name":"wp","href":"https:\/\/api.w.org\/{rel}","templated":true}]}}