{"id":14235,"date":"2009-03-14T16:33:15","date_gmt":"2009-03-14T15:33:15","guid":{"rendered":"http:\/\/www.visit-ulcinj.com\/blog\/?p=14235"},"modified":"2009-03-14T16:33:15","modified_gmt":"2009-03-14T15:33:15","slug":"florian-binaj-portokalli-komenton-banoret-e-big-brother-albania-2","status":"publish","type":"post","link":"https:\/\/www.visit-ulcinj.com\/blog\/2009\/03\/14\/florian-binaj-portokalli-komenton-banoret-e-big-brother-albania-2\/","title":{"rendered":"Florian Binaj (Portokalli) &#8211; Komenton banor\u00ebt e Big Brother Albania 2"},"content":{"rendered":"<p><a href=\"http:\/\/www.visit-ulcinj.com\/blog\/wp-content\/uploads\/2009\/03\/florian-banaj-per-big-brother-albania.jpg\"><img loading=\"lazy\" class=\"alignleft size-full wp-image-14236\" title=\"florian-banaj-per-big-brother-albania\" src=\"http:\/\/www.visit-ulcinj.com\/blog\/wp-content\/uploads\/2009\/03\/florian-banaj-per-big-brother-albania.jpg\" alt=\"florian-banaj-per-big-brother-albania\" width=\"286\" height=\"350\" \/><\/a>Intervista &#8211; Florian Binaj, aktori q\u00eb interpreton Policin n\u00eb spektaklin &#8220;Portokalli&#8221; dhe nj\u00eb nga personazhet m\u00eb pikant\u00eb t\u00eb emisionit radiofonik &#8220;Rikoshet\u00eb&#8221;, komenton banor\u00ebt e &#8220;Big Brother 2&#8221;.<\/p>\n<p><strong><span style=\"text-decoration: underline;\">REPUBLIKA KASMAHU<\/span><\/strong><\/p>\n<p>1 &#8211; Pa shum\u00eb p\u00ebrvoj\u00eb<\/p>\n<p>2 &#8211; E dashur kur do<\/p>\n<p>3 &#8211; P\u00eblqen Arjonin, por e sheh si t\u00eb pamundur<\/p>\n<p><strong><span style=\"text-decoration: underline;\">ADELAJDA XHAMANI<\/span><\/strong><\/p>\n<p>1- Shum\u00eb simpatike, portret me tipare mishtore<\/p>\n<p>2- Flet pak si shum\u00eb<\/p>\n<p>3- Ndihet e k\u00ebrc\u00ebnuar nga rivalet<\/p>\n<p><strong><span style=\"text-decoration: underline;\">ZHULJETA DACI<\/span><\/strong><\/p>\n<p>1- Mendon se \u00ebsht\u00eb pik\u00eb ky\u00e7e e &#8220;Big Brother 2&#8221;<\/p>\n<p>2- I g\u00ebnjen portreti kur thot\u00eb se s&#8217;g\u00ebnjen<\/p>\n<p>3- Po e verbon Arjonin me fjal\u00eb<\/p>\n<p><strong><span style=\"text-decoration: underline;\">AIDA TROKA<\/span><\/strong><\/p>\n<p>1- Egoiste<\/p>\n<p>2- Ofendon t\u00eb tjer\u00ebt n\u00ebse nuk b\u00ebjn\u00eb (mendojn\u00eb) at\u00eb q\u00eb ajo b\u00ebn (mendon)<\/p>\n<p>3- I duhet nj\u00eb rivale q\u00eb t\u00eb shihet se kush \u00ebsht\u00eb n\u00eb t\u00eb v\u00ebrtet\u00eb<\/p>\n<p><strong><span style=\"text-decoration: underline;\">LIRITA HALILI<\/span><\/strong><\/p>\n<p>1- I shmanget bisedave q\u00eb vet\u00eb i nis, me z\u00eb t\u00eb ul\u00ebt<\/p>\n<p>2- Sens humori<\/p>\n<p>3- Nuk ka shfaqur ende nj\u00eb identitet t\u00eb qart\u00eb<\/p>\n<p><strong><span style=\"text-decoration: underline;\">MIMOZA KRASNIQI<\/span><\/strong><\/p>\n<p>1- E bukur<\/p>\n<p>2- Dashuron veten dhe shikimet e djemve<\/p>\n<p>3- Pasive n\u00eb maksimum<\/p>\n<p><strong><span style=\"text-decoration: underline;\">ARDJAN POJANA<\/span><\/strong><\/p>\n<p>1- Me p\u00ebrvoj\u00eb<\/p>\n<p>2- I distancuar pak nga t\u00eb gjitha grupet q\u00eb jan\u00eb krijuar aty<\/p>\n<p>3- Nuk ngjan m\u00eb me Ardjanin q\u00eb pam\u00eb n\u00eb fi llim<\/p>\n<p><strong><span style=\"text-decoration: underline;\">PAVLIN POLIA<\/span><\/strong><\/p>\n<p>1- Shum\u00eb shum\u00eb pasiv<\/p>\n<p>2- E vetmja gj\u00eb q\u00eb na ka b\u00ebr\u00eb t\u00eb shohim \u00ebsht\u00eb q\u00eb rri dhe sheh<\/p>\n<p>3- I heshtur si bora mes s\u00eb cil\u00ebs \u00ebsht\u00eb rritur<\/p>\n<p><strong><span style=\"text-decoration: underline;\">DRITAN SHEHAJ<\/span><\/strong><\/p>\n<p>1- 70 p\u00ebr qind serioz dhe 30 p\u00ebr qind pasiv<\/p>\n<p>2- I duken t\u00eb tjer\u00ebt si t\u00eb l\u00ebshuar dhe jo t\u00eb p\u00ebrmbajtur<\/p>\n<p>3- Pas tri jav\u00ebsh, qeshi p\u00ebr her\u00eb t\u00eb par\u00eb<\/p>\n<p><strong><span style=\"text-decoration: underline;\">BJORDI MEZINI<\/span><\/strong><\/p>\n<p>1 &#8211; I p\u00ebrk\u00ebdhelur<\/p>\n<p>2 &#8211; I pafat me gocat<\/p>\n<p>3 &#8211; Shum\u00eb i ndjesh\u00ebm<\/p>\n<p><strong><span style=\"text-decoration: underline;\">ARJON MU\u00c7A<\/span><\/strong><\/p>\n<p>1 &#8211; Simpatik<\/p>\n<p>2 &#8211; Ka fobi n\u00ebse fl asin keq p\u00ebr t\u00eb<\/p>\n<p>3 &#8211; Po i zvog\u00eblohet gjithnj\u00eb e m\u00eb shum\u00eb infl uenca n\u00eb sht\u00ebpi<\/p>\n<p><strong><span style=\"text-decoration: underline;\">QETSOR FERUNAJ<\/span><\/strong><\/p>\n<p>1 &#8211; Shum\u00eb i shkath\u00ebt<\/p>\n<p>2 &#8211; Elastik n\u00eb dialog dhe situata<\/p>\n<p>3 &#8211; E ka marr\u00eb loj\u00ebn si nj\u00eb pushim, ndoshta tremujor<\/p>\n<p><strong>1 &#8211; Si t\u00eb duket karakteri i personazheve t\u00eb k\u00ebtij edicioni t\u00eb &#8220;Big Brother&#8221;, muzik\u00eb rock apo e qet\u00eb? <\/strong><\/p>\n<p>Banor\u00ebt e k\u00ebtij edicioni t\u00eb &#8220;Big Brother&#8221; jan\u00eb muzik\u00eb e qet\u00eb.<\/p>\n<p><strong>2 &#8211; Si t\u00eb duket niveli i aktrimit t\u00eb tyre? <\/strong><\/p>\n<p>Mesa po ndjek, m\u00eb \u00ebsht\u00eb krijuar bindja se ka nga ata banor\u00eb q\u00eb din\u00eb ta fshehin mir\u00eb strategjin\u00eb e tyre. Por ka edhe nga ata q\u00eb e kuptojn\u00eb, por ruhen, ngaq\u00eb nuk jan\u00eb aq t\u00eb aft\u00eb sa ta fshehin. Ajo q\u00eb m\u00eb bie m\u00eb shum\u00eb n\u00eb sy \u00ebsht\u00eb fakti se dy apo tre prototipa kan\u00eb zgjedhur t\u00eb rrin\u00eb pasiv\u00eb ndaj gjith\u00e7kaje q\u00eb ndodh n\u00eb sht\u00ebpi dhe kjo sjell q\u00eb ata t\u00eb mos kandidohen jav\u00eb pas jave.<\/p>\n<p><strong>3 &#8211; Po t\u00eb ishe regjisori n\u00eb nj\u00eb film, \u00e7far\u00eb roli do t&#8217;u besoje atyre? <\/strong><\/p>\n<p>Filmin do ta quaja &#8220;ASHEN&#8217;SORI&#8221;. Do t&#8217;i fusja t\u00eb gjith\u00eb n\u00eb nj\u00eb ashensor q\u00eb bllokohet t\u00eb pakt\u00ebn p\u00ebr dy or\u00eb. Normalisht, q\u00eb t\u00eb gjith\u00eb do ta humbisnin durimin nj\u00ebri pas tjetrit, me p\u00ebrjashtim t\u00eb nj\u00ebrit nga banor\u00ebt, q\u00eb do ta merrte fare leht\u00eb situat\u00ebn, i cili \u00ebsht\u00eb Qetsori. (Ashensori-Qetsori) Hahaha&#8230; Vajzat do t\u00eb ishin ato q\u00eb nuk e vrasin mendjen p\u00ebr t\u00eb shp\u00ebtuar se nuk kan\u00eb dhom\u00ebn e tyre t\u00eb zhveshjes. Moza do qante pse nuk ka nj\u00eb pasqyr\u00eb t\u00eb shoh\u00eb veten se mos i \u00ebsht\u00eb prishur makijazhi, Bjordin do ta zinte paniku, Pavlini do t&#8217;u thoshte t\u00eb tjer\u00ebve m\u00eb zgjoni nga gjumi kur t\u00eb rregullohet, Aida me Lirit\u00ebn do t\u00eb b\u00ebnin fajtore p\u00ebr munges\u00ebn e hap\u00ebsir\u00ebs Adelajden dhe Erjol\u00ebn (dy m\u00eb trupvoglat)&#8230; Bika do zihej me Arjonin pse m\u00eb pe, jo s&#8217;t\u00eb pash\u00eb&#8230;etj., etj.<\/p>\n","protected":false},"excerpt":{"rendered":"<p>Intervista &#8211; Florian Binaj, aktori q\u00eb interpreton Policin n\u00eb spektaklin &#8220;Portokalli&#8221; dhe nj\u00eb nga personazhet m\u00eb pikant\u00eb t\u00eb emisionit radiofonik &#8220;Rikoshet\u00eb&#8221;, komenton banor\u00ebt e &#8220;Big Brother 2&#8221;. REPUBLIKA KASMAHU 1 &#8211; Pa shum\u00eb p\u00ebrvoj\u00eb 2 &#8211; E dashur kur do 3 &#8211; P\u00eblqen Arjonin, por e sheh si t\u00eb pamundur ADELAJDA XHAMANI 1- Shum\u00eb simpatike, [&hellip;]<\/p>\n","protected":false},"author":1,"featured_media":0,"comment_status":"open","ping_status":"closed","sticky":false,"template":"","format":"standard","meta":{"spay_email":"","jetpack_publicize_message":"","jetpack_is_tweetstorm":false,"jetpack_publicize_feature_enabled":true},"categories":[6502],"tags":[6562,6566,6558,6883,6516,6712,6665,5136,6567,7964,7965,262,6891,6564],"jetpack_publicize_connections":[],"yoast_head":"<!-- This site is optimized with the Yoast SEO plugin v19.1 - https:\/\/yoast.com\/wordpress\/plugins\/seo\/ -->\n<title>Florian Binaj (Portokalli) - Komenton banor\u00c3\u00abt e Big Brother Albania 2<\/title>\n<meta name=\"description\" content=\"Intervista - Florian Binaj, aktori q\u00c3\u00ab interpreton Policin n\u00c3\u00ab spektaklin &quot;Portokalli&quot; dhe nj\u00c3\u00ab nga personazhet m\u00c3\u00ab pikant\u00c3\u00ab t\u00c3\u00ab emisionit radiofonik &quot;Rikoshet\u00c3\u00ab&quot;, komenton banor\u00c3\u00abt e &quot;Big Brother 2&quot;.\" \/>\n<meta name=\"robots\" content=\"index, follow, max-snippet:-1, max-image-preview:large, max-video-preview:-1\" \/>\n<link rel=\"canonical\" href=\"https:\/\/www.visit-ulcinj.com\/blog\/2009\/03\/14\/florian-binaj-portokalli-komenton-banoret-e-big-brother-albania-2\/\" \/>\n<meta property=\"og:locale\" content=\"en_US\" \/>\n<meta property=\"og:type\" content=\"article\" \/>\n<meta property=\"og:title\" content=\"Florian Binaj (Portokalli) - Komenton banor\u00c3\u00abt e Big Brother Albania 2\" \/>\n<meta property=\"og:description\" content=\"Intervista - Florian Binaj, aktori q\u00c3\u00ab interpreton Policin n\u00c3\u00ab spektaklin &quot;Portokalli&quot; dhe nj\u00c3\u00ab nga personazhet m\u00c3\u00ab pikant\u00c3\u00ab t\u00c3\u00ab emisionit radiofonik &quot;Rikoshet\u00c3\u00ab&quot;, komenton banor\u00c3\u00abt e &quot;Big Brother 2&quot;.\" \/>\n<meta property=\"og:url\" content=\"https:\/\/www.visit-ulcinj.com\/blog\/2009\/03\/14\/florian-binaj-portokalli-komenton-banoret-e-big-brother-albania-2\/\" \/>\n<meta property=\"og:site_name\" content=\"Lajme nga Ulqini\" \/>\n<meta property=\"article:published_time\" content=\"2009-03-14T15:33:15+00:00\" \/>\n<meta property=\"og:image\" content=\"http:\/\/www.visit-ulcinj.com\/blog\/wp-content\/uploads\/2009\/03\/florian-banaj-per-big-brother-albania.jpg\" \/>\n<meta name=\"twitter:label1\" content=\"Written by\" \/>\n\t<meta name=\"twitter:data1\" content=\"ulqini\" \/>\n\t<meta name=\"twitter:label2\" content=\"Est. reading time\" \/>\n\t<meta name=\"twitter:data2\" content=\"3 minutes\" \/>\n<script type=\"application\/ld+json\" class=\"yoast-schema-graph\">{\"@context\":\"https:\/\/schema.org\",\"@graph\":[{\"@type\":\"WebSite\",\"@id\":\"https:\/\/www.visit-ulcinj.com\/blog\/#website\",\"url\":\"https:\/\/www.visit-ulcinj.com\/blog\/\",\"name\":\"Lajme nga Ulqini\",\"description\":\"Lajme,Vijesti,Ulqini,Ulqin,Crna Gora,Mali i Zi\",\"potentialAction\":[{\"@type\":\"SearchAction\",\"target\":{\"@type\":\"EntryPoint\",\"urlTemplate\":\"https:\/\/www.visit-ulcinj.com\/blog\/?s={search_term_string}\"},\"query-input\":\"required name=search_term_string\"}],\"inLanguage\":\"en-US\"},{\"@type\":\"ImageObject\",\"inLanguage\":\"en-US\",\"@id\":\"https:\/\/www.visit-ulcinj.com\/blog\/2009\/03\/14\/florian-binaj-portokalli-komenton-banoret-e-big-brother-albania-2\/#primaryimage\",\"url\":\"http:\/\/www.visit-ulcinj.com\/blog\/wp-content\/uploads\/2009\/03\/florian-banaj-per-big-brother-albania.jpg\",\"contentUrl\":\"http:\/\/www.visit-ulcinj.com\/blog\/wp-content\/uploads\/2009\/03\/florian-banaj-per-big-brother-albania.jpg\"},{\"@type\":\"WebPage\",\"@id\":\"https:\/\/www.visit-ulcinj.com\/blog\/2009\/03\/14\/florian-binaj-portokalli-komenton-banoret-e-big-brother-albania-2\/#webpage\",\"url\":\"https:\/\/www.visit-ulcinj.com\/blog\/2009\/03\/14\/florian-binaj-portokalli-komenton-banoret-e-big-brother-albania-2\/\",\"name\":\"Florian Binaj (Portokalli) - Komenton banor\u00c3\u00abt e Big Brother Albania 2\",\"isPartOf\":{\"@id\":\"https:\/\/www.visit-ulcinj.com\/blog\/#website\"},\"primaryImageOfPage\":{\"@id\":\"https:\/\/www.visit-ulcinj.com\/blog\/2009\/03\/14\/florian-binaj-portokalli-komenton-banoret-e-big-brother-albania-2\/#primaryimage\"},\"datePublished\":\"2009-03-14T15:33:15+00:00\",\"dateModified\":\"2009-03-14T15:33:15+00:00\",\"author\":{\"@id\":\"https:\/\/www.visit-ulcinj.com\/blog\/#\/schema\/person\/dcab619c614d3038751c63bc2aadc06d\"},\"description\":\"Intervista - Florian Binaj, aktori q\u00c3\u00ab interpreton Policin n\u00c3\u00ab spektaklin \\\"Portokalli\\\" dhe nj\u00c3\u00ab nga personazhet m\u00c3\u00ab pikant\u00c3\u00ab t\u00c3\u00ab emisionit radiofonik \\\"Rikoshet\u00c3\u00ab\\\", komenton banor\u00c3\u00abt e \\\"Big Brother 2\\\".\",\"breadcrumb\":{\"@id\":\"https:\/\/www.visit-ulcinj.com\/blog\/2009\/03\/14\/florian-binaj-portokalli-komenton-banoret-e-big-brother-albania-2\/#breadcrumb\"},\"inLanguage\":\"en-US\",\"potentialAction\":[{\"@type\":\"ReadAction\",\"target\":[\"https:\/\/www.visit-ulcinj.com\/blog\/2009\/03\/14\/florian-binaj-portokalli-komenton-banoret-e-big-brother-albania-2\/\"]}]},{\"@type\":\"BreadcrumbList\",\"@id\":\"https:\/\/www.visit-ulcinj.com\/blog\/2009\/03\/14\/florian-binaj-portokalli-komenton-banoret-e-big-brother-albania-2\/#breadcrumb\",\"itemListElement\":[{\"@type\":\"ListItem\",\"position\":1,\"name\":\"Florian Binaj (Portokalli) &#8211; Komenton banor\u00ebt e Big Brother Albania 2\"}]},{\"@type\":\"Person\",\"@id\":\"https:\/\/www.visit-ulcinj.com\/blog\/#\/schema\/person\/dcab619c614d3038751c63bc2aadc06d\",\"name\":\"ulqini\",\"sameAs\":[\"http:\/\/www.visit-ulcinj.com\"],\"url\":\"https:\/\/www.visit-ulcinj.com\/blog\/author\/admin\/\"}]}<\/script>\n<!-- \/ Yoast SEO plugin. -->","yoast_head_json":{"title":"Florian Binaj (Portokalli) - Komenton banor\u00c3\u00abt e Big Brother Albania 2","description":"Intervista - Florian Binaj, aktori q\u00c3\u00ab interpreton Policin n\u00c3\u00ab spektaklin \"Portokalli\" dhe nj\u00c3\u00ab nga personazhet m\u00c3\u00ab pikant\u00c3\u00ab t\u00c3\u00ab emisionit radiofonik \"Rikoshet\u00c3\u00ab\", komenton banor\u00c3\u00abt e \"Big Brother 2\".","robots":{"index":"index","follow":"follow","max-snippet":"max-snippet:-1","max-image-preview":"max-image-preview:large","max-video-preview":"max-video-preview:-1"},"canonical":"https:\/\/www.visit-ulcinj.com\/blog\/2009\/03\/14\/florian-binaj-portokalli-komenton-banoret-e-big-brother-albania-2\/","og_locale":"en_US","og_type":"article","og_title":"Florian Binaj (Portokalli) - Komenton banor\u00c3\u00abt e Big Brother Albania 2","og_description":"Intervista - Florian Binaj, aktori q\u00c3\u00ab interpreton Policin n\u00c3\u00ab spektaklin \"Portokalli\" dhe nj\u00c3\u00ab nga personazhet m\u00c3\u00ab pikant\u00c3\u00ab t\u00c3\u00ab emisionit radiofonik \"Rikoshet\u00c3\u00ab\", komenton banor\u00c3\u00abt e \"Big Brother 2\".","og_url":"https:\/\/www.visit-ulcinj.com\/blog\/2009\/03\/14\/florian-binaj-portokalli-komenton-banoret-e-big-brother-albania-2\/","og_site_name":"Lajme nga Ulqini","article_published_time":"2009-03-14T15:33:15+00:00","og_image":[{"url":"http:\/\/www.visit-ulcinj.com\/blog\/wp-content\/uploads\/2009\/03\/florian-banaj-per-big-brother-albania.jpg"}],"twitter_misc":{"Written by":"ulqini","Est. reading time":"3 minutes"},"schema":{"@context":"https:\/\/schema.org","@graph":[{"@type":"WebSite","@id":"https:\/\/www.visit-ulcinj.com\/blog\/#website","url":"https:\/\/www.visit-ulcinj.com\/blog\/","name":"Lajme nga Ulqini","description":"Lajme,Vijesti,Ulqini,Ulqin,Crna Gora,Mali i Zi","potentialAction":[{"@type":"SearchAction","target":{"@type":"EntryPoint","urlTemplate":"https:\/\/www.visit-ulcinj.com\/blog\/?s={search_term_string}"},"query-input":"required name=search_term_string"}],"inLanguage":"en-US"},{"@type":"ImageObject","inLanguage":"en-US","@id":"https:\/\/www.visit-ulcinj.com\/blog\/2009\/03\/14\/florian-binaj-portokalli-komenton-banoret-e-big-brother-albania-2\/#primaryimage","url":"http:\/\/www.visit-ulcinj.com\/blog\/wp-content\/uploads\/2009\/03\/florian-banaj-per-big-brother-albania.jpg","contentUrl":"http:\/\/www.visit-ulcinj.com\/blog\/wp-content\/uploads\/2009\/03\/florian-banaj-per-big-brother-albania.jpg"},{"@type":"WebPage","@id":"https:\/\/www.visit-ulcinj.com\/blog\/2009\/03\/14\/florian-binaj-portokalli-komenton-banoret-e-big-brother-albania-2\/#webpage","url":"https:\/\/www.visit-ulcinj.com\/blog\/2009\/03\/14\/florian-binaj-portokalli-komenton-banoret-e-big-brother-albania-2\/","name":"Florian Binaj (Portokalli) - Komenton banor\u00c3\u00abt e Big Brother Albania 2","isPartOf":{"@id":"https:\/\/www.visit-ulcinj.com\/blog\/#website"},"primaryImageOfPage":{"@id":"https:\/\/www.visit-ulcinj.com\/blog\/2009\/03\/14\/florian-binaj-portokalli-komenton-banoret-e-big-brother-albania-2\/#primaryimage"},"datePublished":"2009-03-14T15:33:15+00:00","dateModified":"2009-03-14T15:33:15+00:00","author":{"@id":"https:\/\/www.visit-ulcinj.com\/blog\/#\/schema\/person\/dcab619c614d3038751c63bc2aadc06d"},"description":"Intervista - Florian Binaj, aktori q\u00c3\u00ab interpreton Policin n\u00c3\u00ab spektaklin \"Portokalli\" dhe nj\u00c3\u00ab nga personazhet m\u00c3\u00ab pikant\u00c3\u00ab t\u00c3\u00ab emisionit radiofonik \"Rikoshet\u00c3\u00ab\", komenton banor\u00c3\u00abt e \"Big Brother 2\".","breadcrumb":{"@id":"https:\/\/www.visit-ulcinj.com\/blog\/2009\/03\/14\/florian-binaj-portokalli-komenton-banoret-e-big-brother-albania-2\/#breadcrumb"},"inLanguage":"en-US","potentialAction":[{"@type":"ReadAction","target":["https:\/\/www.visit-ulcinj.com\/blog\/2009\/03\/14\/florian-binaj-portokalli-komenton-banoret-e-big-brother-albania-2\/"]}]},{"@type":"BreadcrumbList","@id":"https:\/\/www.visit-ulcinj.com\/blog\/2009\/03\/14\/florian-binaj-portokalli-komenton-banoret-e-big-brother-albania-2\/#breadcrumb","itemListElement":[{"@type":"ListItem","position":1,"name":"Florian Binaj (Portokalli) &#8211; Komenton banor\u00ebt e Big Brother Albania 2"}]},{"@type":"Person","@id":"https:\/\/www.visit-ulcinj.com\/blog\/#\/schema\/person\/dcab619c614d3038751c63bc2aadc06d","name":"ulqini","sameAs":["http:\/\/www.visit-ulcinj.com"],"url":"https:\/\/www.visit-ulcinj.com\/blog\/author\/admin\/"}]}},"jetpack_featured_media_url":"","jetpack_sharing_enabled":true,"jetpack_shortlink":"https:\/\/wp.me\/pe6lTn-3HB","_links":{"self":[{"href":"https:\/\/www.visit-ulcinj.com\/blog\/wp-json\/wp\/v2\/posts\/14235"}],"collection":[{"href":"https:\/\/www.visit-ulcinj.com\/blog\/wp-json\/wp\/v2\/posts"}],"about":[{"href":"https:\/\/www.visit-ulcinj.com\/blog\/wp-json\/wp\/v2\/types\/post"}],"author":[{"embeddable":true,"href":"https:\/\/www.visit-ulcinj.com\/blog\/wp-json\/wp\/v2\/users\/1"}],"replies":[{"embeddable":true,"href":"https:\/\/www.visit-ulcinj.com\/blog\/wp-json\/wp\/v2\/comments?post=14235"}],"version-history":[{"count":0,"href":"https:\/\/www.visit-ulcinj.com\/blog\/wp-json\/wp\/v2\/posts\/14235\/revisions"}],"wp:attachment":[{"href":"https:\/\/www.visit-ulcinj.com\/blog\/wp-json\/wp\/v2\/media?parent=14235"}],"wp:term":[{"taxonomy":"category","embeddable":true,"href":"https:\/\/www.visit-ulcinj.com\/blog\/wp-json\/wp\/v2\/categories?post=14235"},{"taxonomy":"post_tag","embeddable":true,"href":"https:\/\/www.visit-ulcinj.com\/blog\/wp-json\/wp\/v2\/tags?post=14235"}],"curies":[{"name":"wp","href":"https:\/\/api.w.org\/{rel}","templated":true}]}}