{"id":14248,"date":"2009-03-14T18:21:01","date_gmt":"2009-03-14T17:21:01","guid":{"rendered":"http:\/\/www.visit-ulcinj.com\/blog\/?p=14248"},"modified":"2009-03-14T18:21:01","modified_gmt":"2009-03-14T17:21:01","slug":"flet-motra-e-arjonit-mes-arjonit-dhe-zhuljetes-nuk-ka-asnje-histori","status":"publish","type":"post","link":"https:\/\/www.visit-ulcinj.com\/blog\/2009\/03\/14\/flet-motra-e-arjonit-mes-arjonit-dhe-zhuljetes-nuk-ka-asnje-histori\/","title":{"rendered":"Flet motra e Arjonit: Mes Arjonit dhe Zhuljetes nuk ka asnje histori"},"content":{"rendered":"<p>\u00a0<\/p>\n<p><strong><a href=\"http:\/\/www.visit-ulcinj.com\/blog\/wp-content\/uploads\/2009\/03\/arjoni-e-motra.jpg\"><img loading=\"lazy\" class=\"alignleft size-full wp-image-14249\" title=\"arjoni-e-motra-big-brother-albania-2\" src=\"http:\/\/www.visit-ulcinj.com\/blog\/wp-content\/uploads\/2009\/03\/arjoni-e-motra.jpg\" alt=\"arjoni-e-motra-big-brother-albania-2\" width=\"250\" height=\"400\" \/><\/a>Si jan\u00eb marr\u00ebdh\u00ebniet e tua me Arjonin?<\/strong><br \/>\nMarr\u00ebdh\u00ebniet e mia me Arjonin<strong>\u00a0<\/strong>jan\u00eb shum\u00eb t\u00eb ngushta. Jemi si mot\u00ebr e v\u00eblla, ashtu edhe shok\u00eb shum\u00eb t\u00eb mir\u00eb. Gjithashtu edhe shoq\u00ebrin\u00eb e kemi t\u00eb p\u00ebrbashk\u00ebt. I besojm\u00eb shum\u00eb nj\u00ebri-tjetrit dhe flasim edhe p\u00ebr problemet tona q\u00eb mund t\u00eb kemi.<br \/>\n<strong>Mund t\u00eb m\u00eb flas\u00ebsh rreth marr\u00ebdh\u00ebnieve q\u00eb kan\u00eb vajzat me Arjonin?<\/strong><br \/>\nArjoni ka pasur dhe ka goxha sukses me vajzat, d.m.th p\u00ebrve\u00e7 faktit q\u00eb \u00ebsht\u00eb bukurosh, ai \u00ebsht\u00eb edhe shum\u00eb i sjellsh\u00ebm me femrat. \u00cbsht\u00eb i shkath\u00ebt dhe arrin t\u2019i b\u00ebj\u00eb p\u00ebr vete. Gjithashtu mundohet t\u00eb b\u00ebj\u00eb maksimumin p\u00ebr t\u00eb qen\u00eb sa m\u00eb korrekt n\u00eb nj\u00eb lidhje.<\/p>\n<p><strong>Si jan\u00eb njohur me Rosel\u00ebn (ish e dashura e Arjonit n\u00eb Itali)?<\/strong><br \/>\nArjoni me Rosel\u00ebn jan\u00eb njohur n\u00eb nj\u00eb mosh\u00eb shum\u00eb t\u00eb re,kur Arjoni ka qen\u00eb rreth 14 vje\u00e7. Marr\u00ebdh\u00ebniet e tyre u konsoliduan m\u00eb tep\u00ebr kur Arjoni ishte rreth 18 vje\u00e7. Ata jan\u00eb njohur n\u00eb atelien\u00eb ton\u00eb q\u00eb kishim n\u00eb<br \/>\nItali dhe t\u00eb them t\u00eb drejt\u00ebn, m\u00eb tep\u00ebr ka qen\u00eb nj\u00eb d\u00ebshir\u00eb e mamas\u00eb, ose nj\u00eb shtys\u00eb e saj q\u00eb Arjoni t\u00eb dilte me Rosel\u00ebn, sepse i dukej vajz\u00eb e sjellshme dhe e k\u00ebndshme. Por vitin e fundit, marr\u00ebdh\u00ebniet mes Arjonit dhe Rosel\u00ebs u ftoh\u00ebn ndjesh\u00ebm dhe m\u00eb tep\u00ebr shkak p\u00ebr k\u00ebt\u00eb ka qen\u00eb edhe puna e Rosel\u00ebs, sepse punon n\u00eb nj\u00eb qend\u00ebr estetike dhe koh\u00ebt e fundit ajo kishte pak koh\u00eb p\u00ebr t\u00eb dal\u00eb, madje edhe telefonatat mes tyre u rralluan shum\u00eb. Gjithsesi Rosela ishte n\u00eb Tiran\u00eb p\u00ebr her\u00eb t\u00eb fundit n\u00eb tetor gjat\u00eb audicionit p\u00ebr hyrjen e Arjonit n\u00eb \u201cBig Brother\u201d. Ata faktikisht jan\u00eb ndar\u00eb, madje edhe Arjoni ia ka shprehur nj\u00eb gj\u00eb t\u00eb till\u00eb Rosel\u00ebs, dhe n\u00ebse ai do t\u00eb pranohej n\u00eb sht\u00ebpin\u00eb e \u201cBig Brother\u201d, lidhja e tyre konsiderohej e p\u00ebrfunduar, sepse atje brenda ai edhe mund t\u00eb dashurohej me ndonj\u00eb vajz\u00eb tjet\u00ebr. Megjithat\u00eb, ata i mbajn\u00eb raportet e mira me nj\u00ebri-tjetrin, n\u00eb m\u00ebnyr\u00eb shoq\u00ebrore. Arjoni dashurin\u00eb e madhe p\u00ebr mendimin tim e ka provuar gjat\u00eb n\u00ebntorit, kur ai u njoh me nj\u00eb vajz\u00eb shqiptare, s\u00ebrish n\u00eb atelien\u00eb ton\u00eb, por k\u00ebsaj radhe n\u00eb Tiran\u00eb. Arjoni n\u00eb k\u00ebt\u00eb lidhje t\u00eb tij t\u00eb re duket me t\u00eb v\u00ebrtet\u00eb shum\u00eb i p\u00ebrfshir\u00eb emocionalisht, duke pritur \u00e7do telefonat\u00eb q\u00eb mund t\u2019i vinte edhe n\u00eb or\u00ebt e vona t\u00eb nat\u00ebs. Emrin e vajz\u00ebs nuk mund ta b\u00ebjm\u00eb publik, p\u00ebr arsye t\u00eb disa nd\u00ebrlikimeve q\u00eb mund t\u2019i sjellim edhe asaj n\u00eb jet\u00ebn personale, sepse ajo \u00ebsht\u00eb person shum\u00eb i njohur dhe shum\u00eb publik. Por Arjoni i ka dedikuar pik\u00ebrisht k\u00ebsaj vajze edhe tatuazhin q\u00eb mban posht\u00eb<br \/>\nqaf\u00ebs, ku jan\u00eb t\u00eb pikturuara dy germa. Pik\u00ebrisht ky tatuazh do t\u00eb thot\u00eb shum\u00eb p\u00ebr Arjonin.<\/p>\n<p><strong>Si e shihni historin\u00eb mes Arjonit dhe Zhuljet\u00ebs brenda sht\u00ebpis\u00eb s\u00eb \u201cBig Brother\u201d?<\/strong><br \/>\nP\u00ebr mendimin tim, nuk ka asnj\u00eb histori mes Arjonit dhe Zhuljet\u00ebs. D.m.th m\u00eb tep\u00ebr duket e interesuar Zhuljeta p\u00ebr Arjonin se sa e kund\u00ebrta. Normal q\u00eb \u00e7dokujt do t\u2019i p\u00eblqente nj\u00eb ledhatim ose t\u00eb ndihej q\u00eb ka v\u00ebmendjen e dikujt, por kurrsesi nuk e shoh si histori e mundshme dashurie.<\/p>\n","protected":false},"excerpt":{"rendered":"<p>\u00a0 Si jan\u00eb marr\u00ebdh\u00ebniet e tua me Arjonin? Marr\u00ebdh\u00ebniet e mia me Arjonin\u00a0jan\u00eb shum\u00eb t\u00eb ngushta. Jemi si mot\u00ebr e v\u00eblla, ashtu edhe shok\u00eb shum\u00eb t\u00eb mir\u00eb. Gjithashtu edhe shoq\u00ebrin\u00eb e kemi t\u00eb p\u00ebrbashk\u00ebt. I besojm\u00eb shum\u00eb nj\u00ebri-tjetrit dhe flasim edhe p\u00ebr problemet tona q\u00eb mund t\u00eb kemi. Mund t\u00eb m\u00eb flas\u00ebsh rreth marr\u00ebdh\u00ebnieve q\u00eb [&hellip;]<\/p>\n","protected":false},"author":1,"featured_media":0,"comment_status":"open","ping_status":"closed","sticky":false,"template":"","format":"standard","meta":{"spay_email":"","jetpack_publicize_message":"","jetpack_is_tweetstorm":false,"jetpack_publicize_feature_enabled":true},"categories":[6502],"tags":[6558,6525,6738,6883,6516,6712,7966,6891,6564,6536],"jetpack_publicize_connections":[],"yoast_head":"<!-- This site is optimized with the Yoast SEO plugin v19.1 - https:\/\/yoast.com\/wordpress\/plugins\/seo\/ -->\n<title>Flet motra e Ajonit: Mes Arjonit dhe Zhuljetes nuk ka asnje histori<\/title>\n<meta name=\"description\" content=\"Flet motra e Ajonit: Mes Arjonit dhe Zhuljetes nuk ka asnje histori\" \/>\n<meta name=\"robots\" content=\"index, follow, max-snippet:-1, max-image-preview:large, max-video-preview:-1\" \/>\n<link rel=\"canonical\" href=\"https:\/\/www.visit-ulcinj.com\/blog\/2009\/03\/14\/flet-motra-e-arjonit-mes-arjonit-dhe-zhuljetes-nuk-ka-asnje-histori\/\" \/>\n<meta property=\"og:locale\" content=\"en_US\" \/>\n<meta property=\"og:type\" content=\"article\" \/>\n<meta property=\"og:title\" content=\"Flet motra e Ajonit: Mes Arjonit dhe Zhuljetes nuk ka asnje histori\" \/>\n<meta property=\"og:description\" content=\"Flet motra e Ajonit: Mes Arjonit dhe Zhuljetes nuk ka asnje histori\" \/>\n<meta property=\"og:url\" content=\"https:\/\/www.visit-ulcinj.com\/blog\/2009\/03\/14\/flet-motra-e-arjonit-mes-arjonit-dhe-zhuljetes-nuk-ka-asnje-histori\/\" \/>\n<meta property=\"og:site_name\" content=\"Lajme nga Ulqini\" \/>\n<meta property=\"article:published_time\" content=\"2009-03-14T17:21:01+00:00\" \/>\n<meta property=\"og:image\" content=\"http:\/\/www.visit-ulcinj.com\/blog\/wp-content\/uploads\/2009\/03\/arjoni-e-motra.jpg\" \/>\n<meta name=\"twitter:label1\" content=\"Written by\" \/>\n\t<meta name=\"twitter:data1\" content=\"ulqini\" \/>\n\t<meta name=\"twitter:label2\" content=\"Est. reading time\" \/>\n\t<meta name=\"twitter:data2\" content=\"3 minutes\" \/>\n<script type=\"application\/ld+json\" class=\"yoast-schema-graph\">{\"@context\":\"https:\/\/schema.org\",\"@graph\":[{\"@type\":\"WebSite\",\"@id\":\"https:\/\/www.visit-ulcinj.com\/blog\/#website\",\"url\":\"https:\/\/www.visit-ulcinj.com\/blog\/\",\"name\":\"Lajme nga Ulqini\",\"description\":\"Lajme,Vijesti,Ulqini,Ulqin,Crna Gora,Mali i Zi\",\"potentialAction\":[{\"@type\":\"SearchAction\",\"target\":{\"@type\":\"EntryPoint\",\"urlTemplate\":\"https:\/\/www.visit-ulcinj.com\/blog\/?s={search_term_string}\"},\"query-input\":\"required name=search_term_string\"}],\"inLanguage\":\"en-US\"},{\"@type\":\"ImageObject\",\"inLanguage\":\"en-US\",\"@id\":\"https:\/\/www.visit-ulcinj.com\/blog\/2009\/03\/14\/flet-motra-e-arjonit-mes-arjonit-dhe-zhuljetes-nuk-ka-asnje-histori\/#primaryimage\",\"url\":\"http:\/\/www.visit-ulcinj.com\/blog\/wp-content\/uploads\/2009\/03\/arjoni-e-motra.jpg\",\"contentUrl\":\"http:\/\/www.visit-ulcinj.com\/blog\/wp-content\/uploads\/2009\/03\/arjoni-e-motra.jpg\"},{\"@type\":\"WebPage\",\"@id\":\"https:\/\/www.visit-ulcinj.com\/blog\/2009\/03\/14\/flet-motra-e-arjonit-mes-arjonit-dhe-zhuljetes-nuk-ka-asnje-histori\/#webpage\",\"url\":\"https:\/\/www.visit-ulcinj.com\/blog\/2009\/03\/14\/flet-motra-e-arjonit-mes-arjonit-dhe-zhuljetes-nuk-ka-asnje-histori\/\",\"name\":\"Flet motra e Ajonit: Mes Arjonit dhe Zhuljetes nuk ka asnje histori\",\"isPartOf\":{\"@id\":\"https:\/\/www.visit-ulcinj.com\/blog\/#website\"},\"primaryImageOfPage\":{\"@id\":\"https:\/\/www.visit-ulcinj.com\/blog\/2009\/03\/14\/flet-motra-e-arjonit-mes-arjonit-dhe-zhuljetes-nuk-ka-asnje-histori\/#primaryimage\"},\"datePublished\":\"2009-03-14T17:21:01+00:00\",\"dateModified\":\"2009-03-14T17:21:01+00:00\",\"author\":{\"@id\":\"https:\/\/www.visit-ulcinj.com\/blog\/#\/schema\/person\/dcab619c614d3038751c63bc2aadc06d\"},\"description\":\"Flet motra e Ajonit: Mes Arjonit dhe Zhuljetes nuk ka asnje histori\",\"breadcrumb\":{\"@id\":\"https:\/\/www.visit-ulcinj.com\/blog\/2009\/03\/14\/flet-motra-e-arjonit-mes-arjonit-dhe-zhuljetes-nuk-ka-asnje-histori\/#breadcrumb\"},\"inLanguage\":\"en-US\",\"potentialAction\":[{\"@type\":\"ReadAction\",\"target\":[\"https:\/\/www.visit-ulcinj.com\/blog\/2009\/03\/14\/flet-motra-e-arjonit-mes-arjonit-dhe-zhuljetes-nuk-ka-asnje-histori\/\"]}]},{\"@type\":\"BreadcrumbList\",\"@id\":\"https:\/\/www.visit-ulcinj.com\/blog\/2009\/03\/14\/flet-motra-e-arjonit-mes-arjonit-dhe-zhuljetes-nuk-ka-asnje-histori\/#breadcrumb\",\"itemListElement\":[{\"@type\":\"ListItem\",\"position\":1,\"name\":\"Flet motra e Arjonit: Mes Arjonit dhe Zhuljetes nuk ka asnje histori\"}]},{\"@type\":\"Person\",\"@id\":\"https:\/\/www.visit-ulcinj.com\/blog\/#\/schema\/person\/dcab619c614d3038751c63bc2aadc06d\",\"name\":\"ulqini\",\"sameAs\":[\"http:\/\/www.visit-ulcinj.com\"],\"url\":\"https:\/\/www.visit-ulcinj.com\/blog\/author\/admin\/\"}]}<\/script>\n<!-- \/ Yoast SEO plugin. -->","yoast_head_json":{"title":"Flet motra e Ajonit: Mes Arjonit dhe Zhuljetes nuk ka asnje histori","description":"Flet motra e Ajonit: Mes Arjonit dhe Zhuljetes nuk ka asnje histori","robots":{"index":"index","follow":"follow","max-snippet":"max-snippet:-1","max-image-preview":"max-image-preview:large","max-video-preview":"max-video-preview:-1"},"canonical":"https:\/\/www.visit-ulcinj.com\/blog\/2009\/03\/14\/flet-motra-e-arjonit-mes-arjonit-dhe-zhuljetes-nuk-ka-asnje-histori\/","og_locale":"en_US","og_type":"article","og_title":"Flet motra e Ajonit: Mes Arjonit dhe Zhuljetes nuk ka asnje histori","og_description":"Flet motra e Ajonit: Mes Arjonit dhe Zhuljetes nuk ka asnje histori","og_url":"https:\/\/www.visit-ulcinj.com\/blog\/2009\/03\/14\/flet-motra-e-arjonit-mes-arjonit-dhe-zhuljetes-nuk-ka-asnje-histori\/","og_site_name":"Lajme nga Ulqini","article_published_time":"2009-03-14T17:21:01+00:00","og_image":[{"url":"http:\/\/www.visit-ulcinj.com\/blog\/wp-content\/uploads\/2009\/03\/arjoni-e-motra.jpg"}],"twitter_misc":{"Written by":"ulqini","Est. reading time":"3 minutes"},"schema":{"@context":"https:\/\/schema.org","@graph":[{"@type":"WebSite","@id":"https:\/\/www.visit-ulcinj.com\/blog\/#website","url":"https:\/\/www.visit-ulcinj.com\/blog\/","name":"Lajme nga Ulqini","description":"Lajme,Vijesti,Ulqini,Ulqin,Crna Gora,Mali i Zi","potentialAction":[{"@type":"SearchAction","target":{"@type":"EntryPoint","urlTemplate":"https:\/\/www.visit-ulcinj.com\/blog\/?s={search_term_string}"},"query-input":"required name=search_term_string"}],"inLanguage":"en-US"},{"@type":"ImageObject","inLanguage":"en-US","@id":"https:\/\/www.visit-ulcinj.com\/blog\/2009\/03\/14\/flet-motra-e-arjonit-mes-arjonit-dhe-zhuljetes-nuk-ka-asnje-histori\/#primaryimage","url":"http:\/\/www.visit-ulcinj.com\/blog\/wp-content\/uploads\/2009\/03\/arjoni-e-motra.jpg","contentUrl":"http:\/\/www.visit-ulcinj.com\/blog\/wp-content\/uploads\/2009\/03\/arjoni-e-motra.jpg"},{"@type":"WebPage","@id":"https:\/\/www.visit-ulcinj.com\/blog\/2009\/03\/14\/flet-motra-e-arjonit-mes-arjonit-dhe-zhuljetes-nuk-ka-asnje-histori\/#webpage","url":"https:\/\/www.visit-ulcinj.com\/blog\/2009\/03\/14\/flet-motra-e-arjonit-mes-arjonit-dhe-zhuljetes-nuk-ka-asnje-histori\/","name":"Flet motra e Ajonit: Mes Arjonit dhe Zhuljetes nuk ka asnje histori","isPartOf":{"@id":"https:\/\/www.visit-ulcinj.com\/blog\/#website"},"primaryImageOfPage":{"@id":"https:\/\/www.visit-ulcinj.com\/blog\/2009\/03\/14\/flet-motra-e-arjonit-mes-arjonit-dhe-zhuljetes-nuk-ka-asnje-histori\/#primaryimage"},"datePublished":"2009-03-14T17:21:01+00:00","dateModified":"2009-03-14T17:21:01+00:00","author":{"@id":"https:\/\/www.visit-ulcinj.com\/blog\/#\/schema\/person\/dcab619c614d3038751c63bc2aadc06d"},"description":"Flet motra e Ajonit: Mes Arjonit dhe Zhuljetes nuk ka asnje histori","breadcrumb":{"@id":"https:\/\/www.visit-ulcinj.com\/blog\/2009\/03\/14\/flet-motra-e-arjonit-mes-arjonit-dhe-zhuljetes-nuk-ka-asnje-histori\/#breadcrumb"},"inLanguage":"en-US","potentialAction":[{"@type":"ReadAction","target":["https:\/\/www.visit-ulcinj.com\/blog\/2009\/03\/14\/flet-motra-e-arjonit-mes-arjonit-dhe-zhuljetes-nuk-ka-asnje-histori\/"]}]},{"@type":"BreadcrumbList","@id":"https:\/\/www.visit-ulcinj.com\/blog\/2009\/03\/14\/flet-motra-e-arjonit-mes-arjonit-dhe-zhuljetes-nuk-ka-asnje-histori\/#breadcrumb","itemListElement":[{"@type":"ListItem","position":1,"name":"Flet motra e Arjonit: Mes Arjonit dhe Zhuljetes nuk ka asnje histori"}]},{"@type":"Person","@id":"https:\/\/www.visit-ulcinj.com\/blog\/#\/schema\/person\/dcab619c614d3038751c63bc2aadc06d","name":"ulqini","sameAs":["http:\/\/www.visit-ulcinj.com"],"url":"https:\/\/www.visit-ulcinj.com\/blog\/author\/admin\/"}]}},"jetpack_featured_media_url":"","jetpack_sharing_enabled":true,"jetpack_shortlink":"https:\/\/wp.me\/pe6lTn-3HO","_links":{"self":[{"href":"https:\/\/www.visit-ulcinj.com\/blog\/wp-json\/wp\/v2\/posts\/14248"}],"collection":[{"href":"https:\/\/www.visit-ulcinj.com\/blog\/wp-json\/wp\/v2\/posts"}],"about":[{"href":"https:\/\/www.visit-ulcinj.com\/blog\/wp-json\/wp\/v2\/types\/post"}],"author":[{"embeddable":true,"href":"https:\/\/www.visit-ulcinj.com\/blog\/wp-json\/wp\/v2\/users\/1"}],"replies":[{"embeddable":true,"href":"https:\/\/www.visit-ulcinj.com\/blog\/wp-json\/wp\/v2\/comments?post=14248"}],"version-history":[{"count":0,"href":"https:\/\/www.visit-ulcinj.com\/blog\/wp-json\/wp\/v2\/posts\/14248\/revisions"}],"wp:attachment":[{"href":"https:\/\/www.visit-ulcinj.com\/blog\/wp-json\/wp\/v2\/media?parent=14248"}],"wp:term":[{"taxonomy":"category","embeddable":true,"href":"https:\/\/www.visit-ulcinj.com\/blog\/wp-json\/wp\/v2\/categories?post=14248"},{"taxonomy":"post_tag","embeddable":true,"href":"https:\/\/www.visit-ulcinj.com\/blog\/wp-json\/wp\/v2\/tags?post=14248"}],"curies":[{"name":"wp","href":"https:\/\/api.w.org\/{rel}","templated":true}]}}