{"id":1425,"date":"2008-04-26T13:10:44","date_gmt":"2008-04-26T18:10:44","guid":{"rendered":"http:\/\/www.visit-ulcinj.com\/blog\/?p=1425"},"modified":"2008-04-26T13:10:44","modified_gmt":"2008-04-26T18:10:44","slug":"direktor-policijske-akademije-razgovarao-sa-gradonacelnikom-ulcinja","status":"publish","type":"post","link":"https:\/\/www.visit-ulcinj.com\/blog\/2008\/04\/26\/direktor-policijske-akademije-razgovarao-sa-gradonacelnikom-ulcinja\/","title":{"rendered":"Direktor policijske akademije razgovarao sa gradona?elnikom Ulcinja"},"content":{"rendered":"<p><a href=\"http:\/\/www.visit-ulcinj.com\/blog\/wp-content\/uploads\/2008\/04\/direktor-policijske-akademije-zivko-sipcic.jpg\"><img loading=\"lazy\" class=\"alignleft attachment wp-att-1426\" style=\"float: left;\" src=\"http:\/\/www.visit-ulcinj.com\/blog\/wp-content\/uploads\/2008\/04\/direktor-policijske-akademije-zivko-sipcic.thumbnail.jpg\" alt=\"Direktor Policijske akademije \u017divko \u0160ip?i?\" width=\"200\" height=\"131\" \/><\/a><strong>Na\u0161a vrata su svima otvorena<\/strong><br \/>\nUlcinj &#8211; Direktor Policijske akademije \u017divko \u0160ip?i? sa saradnicima boravio je ju?e u Ulcinju gdje je sa gradona?elnikom Gzimom Hajdinagom razgovarao o mogu?nostima i animiranju omladine albanske nacionalnosti na upis u tu ustanovu.<br \/>\n\u0160ip?i? je konstatovao da do sada nije bilo interesovanja te populacije i istakao da su glavni uslovi za upis na akademiju ispunjavanje op\u0161tih uslova, odgovaraju?e psiho-fizi?ke sposobnosti i uspje\u0161no polaganje ispita.<br \/>\nKako je saop\u0161teno iz kabineta gradona?elnika, Hajdinaga je pozdravio inicijativu i ponovio zahtjev za uklju?ivanje omladine albanske nacionalnosti, ne samo u policijske redove ve? i na rukovode?a mjesta u policiji.<br \/>\n&#8211; Hajdinaga je spreman da pomogne u podsticanju omladine na upis u policijsku akademiju, za koju ?e konkurs biti otvoren 12. maja &#8211; pi\u0161e u saop\u0161tenju.<br \/>\nNakon razgovara sa Hajdinagom, \u0160ip?i? se u Domu kulture sastao sa ulcinjskim srednjo\u0161kolcima kojima je prezentovao uslove za upis i \u0161kolovanje na Akademiji u Danilovgradu.<br \/>\n<strong>S.A.<br \/>\nVijesti<\/strong><\/p>\n","protected":false},"excerpt":{"rendered":"<p><img loading=\"lazy\" class=\"alignleft attachment wp-att-1426\" style=\"float: left;\" src=\"http:\/\/www.visit-ulcinj.com\/blog\/wp-content\/uploads\/2008\/04\/direktor-policijske-akademije-zivko-sipcic.thumbnail.jpg\" alt=\"Direktor Policijske akademije \u017divko \u0160ip?i?\" width=\"140\" height=\"140\" \/><\/p>\n","protected":false},"author":1,"featured_media":0,"comment_status":"open","ping_status":"closed","sticky":false,"template":"","format":"standard","meta":{"spay_email":"","jetpack_publicize_message":"","jetpack_is_tweetstorm":false,"jetpack_publicize_feature_enabled":true},"categories":[1,11,12],"tags":[2779,2780,2781,2778],"jetpack_publicize_connections":[],"yoast_head":"<!-- This site is optimized with the Yoast SEO plugin v19.1 - https:\/\/yoast.com\/wordpress\/plugins\/seo\/ -->\n<title>Direktor policijske akademije razgovarao sa gradona?elnikom Ulcinja - Lajme nga Ulqini<\/title>\n<meta name=\"robots\" content=\"index, follow, max-snippet:-1, max-image-preview:large, max-video-preview:-1\" \/>\n<link rel=\"canonical\" href=\"https:\/\/www.visit-ulcinj.com\/blog\/2008\/04\/26\/direktor-policijske-akademije-razgovarao-sa-gradonacelnikom-ulcinja\/\" \/>\n<meta property=\"og:locale\" content=\"en_US\" \/>\n<meta property=\"og:type\" content=\"article\" \/>\n<meta property=\"og:title\" content=\"Direktor policijske akademije razgovarao sa gradona?elnikom Ulcinja - Lajme nga Ulqini\" \/>\n<meta property=\"og:url\" content=\"https:\/\/www.visit-ulcinj.com\/blog\/2008\/04\/26\/direktor-policijske-akademije-razgovarao-sa-gradonacelnikom-ulcinja\/\" \/>\n<meta property=\"og:site_name\" content=\"Lajme nga Ulqini\" \/>\n<meta property=\"article:published_time\" content=\"2008-04-26T18:10:44+00:00\" \/>\n<meta property=\"og:image\" content=\"http:\/\/www.visit-ulcinj.com\/blog\/wp-content\/uploads\/2008\/04\/direktor-policijske-akademije-zivko-sipcic.thumbnail.jpg\" \/>\n<meta name=\"twitter:label1\" content=\"Written by\" \/>\n\t<meta name=\"twitter:data1\" content=\"ulqini\" \/>\n\t<meta name=\"twitter:label2\" content=\"Est. reading time\" \/>\n\t<meta name=\"twitter:data2\" content=\"1 minute\" \/>\n<script type=\"application\/ld+json\" class=\"yoast-schema-graph\">{\"@context\":\"https:\/\/schema.org\",\"@graph\":[{\"@type\":\"WebSite\",\"@id\":\"https:\/\/www.visit-ulcinj.com\/blog\/#website\",\"url\":\"https:\/\/www.visit-ulcinj.com\/blog\/\",\"name\":\"Lajme nga Ulqini\",\"description\":\"Lajme,Vijesti,Ulqini,Ulqin,Crna Gora,Mali i Zi\",\"potentialAction\":[{\"@type\":\"SearchAction\",\"target\":{\"@type\":\"EntryPoint\",\"urlTemplate\":\"https:\/\/www.visit-ulcinj.com\/blog\/?s={search_term_string}\"},\"query-input\":\"required name=search_term_string\"}],\"inLanguage\":\"en-US\"},{\"@type\":\"ImageObject\",\"inLanguage\":\"en-US\",\"@id\":\"https:\/\/www.visit-ulcinj.com\/blog\/2008\/04\/26\/direktor-policijske-akademije-razgovarao-sa-gradonacelnikom-ulcinja\/#primaryimage\",\"url\":\"http:\/\/www.visit-ulcinj.com\/blog\/wp-content\/uploads\/2008\/04\/direktor-policijske-akademije-zivko-sipcic.thumbnail.jpg\",\"contentUrl\":\"http:\/\/www.visit-ulcinj.com\/blog\/wp-content\/uploads\/2008\/04\/direktor-policijske-akademije-zivko-sipcic.thumbnail.jpg\"},{\"@type\":\"WebPage\",\"@id\":\"https:\/\/www.visit-ulcinj.com\/blog\/2008\/04\/26\/direktor-policijske-akademije-razgovarao-sa-gradonacelnikom-ulcinja\/#webpage\",\"url\":\"https:\/\/www.visit-ulcinj.com\/blog\/2008\/04\/26\/direktor-policijske-akademije-razgovarao-sa-gradonacelnikom-ulcinja\/\",\"name\":\"Direktor policijske akademije razgovarao sa gradona?elnikom Ulcinja - Lajme nga Ulqini\",\"isPartOf\":{\"@id\":\"https:\/\/www.visit-ulcinj.com\/blog\/#website\"},\"primaryImageOfPage\":{\"@id\":\"https:\/\/www.visit-ulcinj.com\/blog\/2008\/04\/26\/direktor-policijske-akademije-razgovarao-sa-gradonacelnikom-ulcinja\/#primaryimage\"},\"datePublished\":\"2008-04-26T18:10:44+00:00\",\"dateModified\":\"2008-04-26T18:10:44+00:00\",\"author\":{\"@id\":\"https:\/\/www.visit-ulcinj.com\/blog\/#\/schema\/person\/dcab619c614d3038751c63bc2aadc06d\"},\"breadcrumb\":{\"@id\":\"https:\/\/www.visit-ulcinj.com\/blog\/2008\/04\/26\/direktor-policijske-akademije-razgovarao-sa-gradonacelnikom-ulcinja\/#breadcrumb\"},\"inLanguage\":\"en-US\",\"potentialAction\":[{\"@type\":\"ReadAction\",\"target\":[\"https:\/\/www.visit-ulcinj.com\/blog\/2008\/04\/26\/direktor-policijske-akademije-razgovarao-sa-gradonacelnikom-ulcinja\/\"]}]},{\"@type\":\"BreadcrumbList\",\"@id\":\"https:\/\/www.visit-ulcinj.com\/blog\/2008\/04\/26\/direktor-policijske-akademije-razgovarao-sa-gradonacelnikom-ulcinja\/#breadcrumb\",\"itemListElement\":[{\"@type\":\"ListItem\",\"position\":1,\"name\":\"Direktor policijske akademije razgovarao sa gradona?elnikom Ulcinja\"}]},{\"@type\":\"Person\",\"@id\":\"https:\/\/www.visit-ulcinj.com\/blog\/#\/schema\/person\/dcab619c614d3038751c63bc2aadc06d\",\"name\":\"ulqini\",\"sameAs\":[\"http:\/\/www.visit-ulcinj.com\"],\"url\":\"https:\/\/www.visit-ulcinj.com\/blog\/author\/admin\/\"}]}<\/script>\n<!-- \/ Yoast SEO plugin. -->","yoast_head_json":{"title":"Direktor policijske akademije razgovarao sa gradona?elnikom Ulcinja - Lajme nga Ulqini","robots":{"index":"index","follow":"follow","max-snippet":"max-snippet:-1","max-image-preview":"max-image-preview:large","max-video-preview":"max-video-preview:-1"},"canonical":"https:\/\/www.visit-ulcinj.com\/blog\/2008\/04\/26\/direktor-policijske-akademije-razgovarao-sa-gradonacelnikom-ulcinja\/","og_locale":"en_US","og_type":"article","og_title":"Direktor policijske akademije razgovarao sa gradona?elnikom Ulcinja - Lajme nga Ulqini","og_url":"https:\/\/www.visit-ulcinj.com\/blog\/2008\/04\/26\/direktor-policijske-akademije-razgovarao-sa-gradonacelnikom-ulcinja\/","og_site_name":"Lajme nga Ulqini","article_published_time":"2008-04-26T18:10:44+00:00","og_image":[{"url":"http:\/\/www.visit-ulcinj.com\/blog\/wp-content\/uploads\/2008\/04\/direktor-policijske-akademije-zivko-sipcic.thumbnail.jpg"}],"twitter_misc":{"Written by":"ulqini","Est. reading time":"1 minute"},"schema":{"@context":"https:\/\/schema.org","@graph":[{"@type":"WebSite","@id":"https:\/\/www.visit-ulcinj.com\/blog\/#website","url":"https:\/\/www.visit-ulcinj.com\/blog\/","name":"Lajme nga Ulqini","description":"Lajme,Vijesti,Ulqini,Ulqin,Crna Gora,Mali i Zi","potentialAction":[{"@type":"SearchAction","target":{"@type":"EntryPoint","urlTemplate":"https:\/\/www.visit-ulcinj.com\/blog\/?s={search_term_string}"},"query-input":"required name=search_term_string"}],"inLanguage":"en-US"},{"@type":"ImageObject","inLanguage":"en-US","@id":"https:\/\/www.visit-ulcinj.com\/blog\/2008\/04\/26\/direktor-policijske-akademije-razgovarao-sa-gradonacelnikom-ulcinja\/#primaryimage","url":"http:\/\/www.visit-ulcinj.com\/blog\/wp-content\/uploads\/2008\/04\/direktor-policijske-akademije-zivko-sipcic.thumbnail.jpg","contentUrl":"http:\/\/www.visit-ulcinj.com\/blog\/wp-content\/uploads\/2008\/04\/direktor-policijske-akademije-zivko-sipcic.thumbnail.jpg"},{"@type":"WebPage","@id":"https:\/\/www.visit-ulcinj.com\/blog\/2008\/04\/26\/direktor-policijske-akademije-razgovarao-sa-gradonacelnikom-ulcinja\/#webpage","url":"https:\/\/www.visit-ulcinj.com\/blog\/2008\/04\/26\/direktor-policijske-akademije-razgovarao-sa-gradonacelnikom-ulcinja\/","name":"Direktor policijske akademije razgovarao sa gradona?elnikom Ulcinja - Lajme nga Ulqini","isPartOf":{"@id":"https:\/\/www.visit-ulcinj.com\/blog\/#website"},"primaryImageOfPage":{"@id":"https:\/\/www.visit-ulcinj.com\/blog\/2008\/04\/26\/direktor-policijske-akademije-razgovarao-sa-gradonacelnikom-ulcinja\/#primaryimage"},"datePublished":"2008-04-26T18:10:44+00:00","dateModified":"2008-04-26T18:10:44+00:00","author":{"@id":"https:\/\/www.visit-ulcinj.com\/blog\/#\/schema\/person\/dcab619c614d3038751c63bc2aadc06d"},"breadcrumb":{"@id":"https:\/\/www.visit-ulcinj.com\/blog\/2008\/04\/26\/direktor-policijske-akademije-razgovarao-sa-gradonacelnikom-ulcinja\/#breadcrumb"},"inLanguage":"en-US","potentialAction":[{"@type":"ReadAction","target":["https:\/\/www.visit-ulcinj.com\/blog\/2008\/04\/26\/direktor-policijske-akademije-razgovarao-sa-gradonacelnikom-ulcinja\/"]}]},{"@type":"BreadcrumbList","@id":"https:\/\/www.visit-ulcinj.com\/blog\/2008\/04\/26\/direktor-policijske-akademije-razgovarao-sa-gradonacelnikom-ulcinja\/#breadcrumb","itemListElement":[{"@type":"ListItem","position":1,"name":"Direktor policijske akademije razgovarao sa gradona?elnikom Ulcinja"}]},{"@type":"Person","@id":"https:\/\/www.visit-ulcinj.com\/blog\/#\/schema\/person\/dcab619c614d3038751c63bc2aadc06d","name":"ulqini","sameAs":["http:\/\/www.visit-ulcinj.com"],"url":"https:\/\/www.visit-ulcinj.com\/blog\/author\/admin\/"}]}},"jetpack_featured_media_url":"","jetpack_sharing_enabled":true,"jetpack_shortlink":"https:\/\/wp.me\/pe6lTn-mZ","_links":{"self":[{"href":"https:\/\/www.visit-ulcinj.com\/blog\/wp-json\/wp\/v2\/posts\/1425"}],"collection":[{"href":"https:\/\/www.visit-ulcinj.com\/blog\/wp-json\/wp\/v2\/posts"}],"about":[{"href":"https:\/\/www.visit-ulcinj.com\/blog\/wp-json\/wp\/v2\/types\/post"}],"author":[{"embeddable":true,"href":"https:\/\/www.visit-ulcinj.com\/blog\/wp-json\/wp\/v2\/users\/1"}],"replies":[{"embeddable":true,"href":"https:\/\/www.visit-ulcinj.com\/blog\/wp-json\/wp\/v2\/comments?post=1425"}],"version-history":[{"count":0,"href":"https:\/\/www.visit-ulcinj.com\/blog\/wp-json\/wp\/v2\/posts\/1425\/revisions"}],"wp:attachment":[{"href":"https:\/\/www.visit-ulcinj.com\/blog\/wp-json\/wp\/v2\/media?parent=1425"}],"wp:term":[{"taxonomy":"category","embeddable":true,"href":"https:\/\/www.visit-ulcinj.com\/blog\/wp-json\/wp\/v2\/categories?post=1425"},{"taxonomy":"post_tag","embeddable":true,"href":"https:\/\/www.visit-ulcinj.com\/blog\/wp-json\/wp\/v2\/tags?post=1425"}],"curies":[{"name":"wp","href":"https:\/\/api.w.org\/{rel}","templated":true}]}}