{"id":14251,"date":"2009-03-14T18:24:48","date_gmt":"2009-03-14T17:24:48","guid":{"rendered":"http:\/\/www.visit-ulcinj.com\/blog\/?p=14251"},"modified":"2009-03-14T18:24:48","modified_gmt":"2009-03-14T17:24:48","slug":"qetsori-kerkon-te-fitoje-me-cdo-kusht","status":"publish","type":"post","link":"https:\/\/www.visit-ulcinj.com\/blog\/2009\/03\/14\/qetsori-kerkon-te-fitoje-me-cdo-kusht\/","title":{"rendered":"Qetsori &#8211; K\u00ebrkon t\u00eb fitoj\u00eb me \u00e7do kusht"},"content":{"rendered":"<p><a href=\"http:\/\/www.visit-ulcinj.com\/blog\/wp-content\/uploads\/2009\/03\/qetsori-bba.jpg\"><img loading=\"lazy\" class=\"alignleft size-full wp-image-14252\" title=\"qetsori-bba-big-brother-albania-2\" src=\"http:\/\/www.visit-ulcinj.com\/blog\/wp-content\/uploads\/2009\/03\/qetsori-bba.jpg\" alt=\"qetsori-bba-big-brother-albania-2\" width=\"440\" height=\"559\" \/><\/a>Q\u00eb \u00ebsht\u00eb nj\u00eb njeri me d\u00ebshir\u00ebn e madhe t\u00eb protagonizmit edhe n\u00eb situatat m\u00eb banale, kjo nuk ka dashur shum\u00eb t\u00eb kuptohet mbi karakterin e Qetsorit. N\u00eb or\u00ebt e vona t\u00eb q\u00ebndrimit n\u00eb verand\u00ebn e sht\u00ebpis\u00eb s\u00eb \u201cBig Brother 2\u201d, Qetsori, me nota t\u00eb forta nervozizmi, i \u00ebsht\u00eb qar\u00eb Pavlinit mbi nivelin e konkurrent\u00ebve. Banori 33-vje\u00e7ar nga Dukati i shikon banor\u00ebt e tjer\u00eb t\u00eb sht\u00ebpis\u00eb s\u00eb \u201cBig Brother 2\u201d si shum\u00eb pasiv\u00eb dhe t\u00eb qull\u00ebt. Ai \u00ebsht\u00eb i mendimit se ata nuk duhet t\u00eb rrin\u00eb t\u00eb t\u00ebrhequr, por me patjet\u00ebr duhet t\u00eb marrin pjes\u00eb n\u00eb loj\u00eb. Qetsori pretendon se banor\u00ebt nuk mund t\u00eb ken\u00eb m\u00ebnyr\u00ebn e tyre t\u00eb loj\u00ebs, por nj\u00eblloj si ai, duhet t\u00eb debatojn\u00eb koh\u00eb e pa koh\u00eb dhe t\u00eb jen\u00eb aktiv\u00eb. Konkurrenti q\u00eb p\u00ebr dy jav\u00eb ishte kryefamiljari i sht\u00ebpis\u00eb m\u00eb<br \/>\nt\u00eb p\u00ebrgjuar n\u00eb Shqip\u00ebri, u shpreh se pjesa m\u00eb e madhe e banor\u00ebve e kan\u00eb mendjen t\u00eb mbushin barkun<br \/>\nme buk\u00eb dhe, nga ana tjet\u00ebr, hiqen sikur t\u00eb jen\u00eb rritur n\u00eb Paris. N\u00eb k\u00ebt\u00eb moment shfryrjeje, Qetsori nuk e fshehu faktin se inatin e kishte sidomos me Bjodrin, q\u00eb sipas tij, n\u00ebse publiku do ta nxirrte fitues, ai vet\u00eb do t\u00eb \u201chidhej nga kalaja\u201d.\u00a0<\/p>\n<p>Nuk e dim\u00eb sa seriozisht e ka pasur dhe n\u00ebse do ishte aq i vendosur sa ta b\u00ebnte v\u00ebrtet, por, n\u00eb fund, Qetsori, ka deklaruar se n\u00ebse banor\u00ebt nuk b\u00ebhen m\u00eb aktiv\u00eb dhe interesant\u00eb, ai do ta l\u00ebr\u00eb loj\u00ebn dhe do t\u00eb dal\u00eb nga sht\u00ebpia.<\/p>\n","protected":false},"excerpt":{"rendered":"<p>Q\u00eb \u00ebsht\u00eb nj\u00eb njeri me d\u00ebshir\u00ebn e madhe t\u00eb protagonizmit edhe n\u00eb situatat m\u00eb banale, kjo nuk ka dashur shum\u00eb t\u00eb kuptohet mbi karakterin e Qetsorit. N\u00eb or\u00ebt e vona t\u00eb q\u00ebndrimit n\u00eb verand\u00ebn e sht\u00ebpis\u00eb s\u00eb \u201cBig Brother 2\u201d, Qetsori, me nota t\u00eb forta nervozizmi, i \u00ebsht\u00eb qar\u00eb Pavlinit mbi nivelin e konkurrent\u00ebve. Banori [&hellip;]<\/p>\n","protected":false},"author":1,"featured_media":0,"comment_status":"open","ping_status":"closed","sticky":false,"template":"","format":"standard","meta":{"spay_email":"","jetpack_publicize_message":"","jetpack_is_tweetstorm":false,"jetpack_publicize_feature_enabled":true},"categories":[6502],"tags":[5057,6506,6516,6712,7129,7967,6900,6891,6693,6887],"jetpack_publicize_connections":[],"yoast_head":"<!-- This site is optimized with the Yoast SEO plugin v19.1 - https:\/\/yoast.com\/wordpress\/plugins\/seo\/ -->\n<title>Qetsori - K\u00c3\u00abrkon t\u00c3\u00ab fitoj\u00c3\u00ab me \u00c3\u00a7do kusht | Big Brother Albania 2<\/title>\n<meta name=\"description\" content=\"Big Brother Albania - Q\u00c3\u00ab \u00c3\u00absht\u00c3\u00ab nj\u00c3\u00ab njeri me d\u00c3\u00abshir\u00c3\u00abn e madhe t\u00c3\u00ab protagonizmit edhe n\u00c3\u00ab situatat m\u00c3\u00ab banale, kjo nuk ka dashur shum\u00c3\u00ab t\u00c3\u00ab kuptohet mbi karakterin e Qetsorit\" \/>\n<meta name=\"robots\" content=\"index, follow, max-snippet:-1, max-image-preview:large, max-video-preview:-1\" \/>\n<link rel=\"canonical\" href=\"https:\/\/www.visit-ulcinj.com\/blog\/2009\/03\/14\/qetsori-kerkon-te-fitoje-me-cdo-kusht\/\" \/>\n<meta property=\"og:locale\" content=\"en_US\" \/>\n<meta property=\"og:type\" content=\"article\" \/>\n<meta property=\"og:title\" content=\"Qetsori - K\u00c3\u00abrkon t\u00c3\u00ab fitoj\u00c3\u00ab me \u00c3\u00a7do kusht | Big Brother Albania 2\" \/>\n<meta property=\"og:description\" content=\"Big Brother Albania - Q\u00c3\u00ab \u00c3\u00absht\u00c3\u00ab nj\u00c3\u00ab njeri me d\u00c3\u00abshir\u00c3\u00abn e madhe t\u00c3\u00ab protagonizmit edhe n\u00c3\u00ab situatat m\u00c3\u00ab banale, kjo nuk ka dashur shum\u00c3\u00ab t\u00c3\u00ab kuptohet mbi karakterin e Qetsorit\" \/>\n<meta property=\"og:url\" content=\"https:\/\/www.visit-ulcinj.com\/blog\/2009\/03\/14\/qetsori-kerkon-te-fitoje-me-cdo-kusht\/\" \/>\n<meta property=\"og:site_name\" content=\"Lajme nga Ulqini\" \/>\n<meta property=\"article:published_time\" content=\"2009-03-14T17:24:48+00:00\" \/>\n<meta property=\"og:image\" content=\"http:\/\/www.visit-ulcinj.com\/blog\/wp-content\/uploads\/2009\/03\/qetsori-bba.jpg\" \/>\n<meta name=\"twitter:label1\" content=\"Written by\" \/>\n\t<meta name=\"twitter:data1\" content=\"ulqini\" \/>\n\t<meta name=\"twitter:label2\" content=\"Est. reading time\" \/>\n\t<meta name=\"twitter:data2\" content=\"1 minute\" \/>\n<script type=\"application\/ld+json\" class=\"yoast-schema-graph\">{\"@context\":\"https:\/\/schema.org\",\"@graph\":[{\"@type\":\"WebSite\",\"@id\":\"https:\/\/www.visit-ulcinj.com\/blog\/#website\",\"url\":\"https:\/\/www.visit-ulcinj.com\/blog\/\",\"name\":\"Lajme nga Ulqini\",\"description\":\"Lajme,Vijesti,Ulqini,Ulqin,Crna Gora,Mali i Zi\",\"potentialAction\":[{\"@type\":\"SearchAction\",\"target\":{\"@type\":\"EntryPoint\",\"urlTemplate\":\"https:\/\/www.visit-ulcinj.com\/blog\/?s={search_term_string}\"},\"query-input\":\"required name=search_term_string\"}],\"inLanguage\":\"en-US\"},{\"@type\":\"ImageObject\",\"inLanguage\":\"en-US\",\"@id\":\"https:\/\/www.visit-ulcinj.com\/blog\/2009\/03\/14\/qetsori-kerkon-te-fitoje-me-cdo-kusht\/#primaryimage\",\"url\":\"http:\/\/www.visit-ulcinj.com\/blog\/wp-content\/uploads\/2009\/03\/qetsori-bba.jpg\",\"contentUrl\":\"http:\/\/www.visit-ulcinj.com\/blog\/wp-content\/uploads\/2009\/03\/qetsori-bba.jpg\"},{\"@type\":\"WebPage\",\"@id\":\"https:\/\/www.visit-ulcinj.com\/blog\/2009\/03\/14\/qetsori-kerkon-te-fitoje-me-cdo-kusht\/#webpage\",\"url\":\"https:\/\/www.visit-ulcinj.com\/blog\/2009\/03\/14\/qetsori-kerkon-te-fitoje-me-cdo-kusht\/\",\"name\":\"Qetsori - K\u00c3\u00abrkon t\u00c3\u00ab fitoj\u00c3\u00ab me \u00c3\u00a7do kusht | Big Brother Albania 2\",\"isPartOf\":{\"@id\":\"https:\/\/www.visit-ulcinj.com\/blog\/#website\"},\"primaryImageOfPage\":{\"@id\":\"https:\/\/www.visit-ulcinj.com\/blog\/2009\/03\/14\/qetsori-kerkon-te-fitoje-me-cdo-kusht\/#primaryimage\"},\"datePublished\":\"2009-03-14T17:24:48+00:00\",\"dateModified\":\"2009-03-14T17:24:48+00:00\",\"author\":{\"@id\":\"https:\/\/www.visit-ulcinj.com\/blog\/#\/schema\/person\/dcab619c614d3038751c63bc2aadc06d\"},\"description\":\"Big Brother Albania - Q\u00c3\u00ab \u00c3\u00absht\u00c3\u00ab nj\u00c3\u00ab njeri me d\u00c3\u00abshir\u00c3\u00abn e madhe t\u00c3\u00ab protagonizmit edhe n\u00c3\u00ab situatat m\u00c3\u00ab banale, kjo nuk ka dashur shum\u00c3\u00ab t\u00c3\u00ab kuptohet mbi karakterin e Qetsorit\",\"breadcrumb\":{\"@id\":\"https:\/\/www.visit-ulcinj.com\/blog\/2009\/03\/14\/qetsori-kerkon-te-fitoje-me-cdo-kusht\/#breadcrumb\"},\"inLanguage\":\"en-US\",\"potentialAction\":[{\"@type\":\"ReadAction\",\"target\":[\"https:\/\/www.visit-ulcinj.com\/blog\/2009\/03\/14\/qetsori-kerkon-te-fitoje-me-cdo-kusht\/\"]}]},{\"@type\":\"BreadcrumbList\",\"@id\":\"https:\/\/www.visit-ulcinj.com\/blog\/2009\/03\/14\/qetsori-kerkon-te-fitoje-me-cdo-kusht\/#breadcrumb\",\"itemListElement\":[{\"@type\":\"ListItem\",\"position\":1,\"name\":\"Qetsori &#8211; K\u00ebrkon t\u00eb fitoj\u00eb me \u00e7do kusht\"}]},{\"@type\":\"Person\",\"@id\":\"https:\/\/www.visit-ulcinj.com\/blog\/#\/schema\/person\/dcab619c614d3038751c63bc2aadc06d\",\"name\":\"ulqini\",\"sameAs\":[\"http:\/\/www.visit-ulcinj.com\"],\"url\":\"https:\/\/www.visit-ulcinj.com\/blog\/author\/admin\/\"}]}<\/script>\n<!-- \/ Yoast SEO plugin. -->","yoast_head_json":{"title":"Qetsori - K\u00c3\u00abrkon t\u00c3\u00ab fitoj\u00c3\u00ab me \u00c3\u00a7do kusht | Big Brother Albania 2","description":"Big Brother Albania - Q\u00c3\u00ab \u00c3\u00absht\u00c3\u00ab nj\u00c3\u00ab njeri me d\u00c3\u00abshir\u00c3\u00abn e madhe t\u00c3\u00ab protagonizmit edhe n\u00c3\u00ab situatat m\u00c3\u00ab banale, kjo nuk ka dashur shum\u00c3\u00ab t\u00c3\u00ab kuptohet mbi karakterin e Qetsorit","robots":{"index":"index","follow":"follow","max-snippet":"max-snippet:-1","max-image-preview":"max-image-preview:large","max-video-preview":"max-video-preview:-1"},"canonical":"https:\/\/www.visit-ulcinj.com\/blog\/2009\/03\/14\/qetsori-kerkon-te-fitoje-me-cdo-kusht\/","og_locale":"en_US","og_type":"article","og_title":"Qetsori - K\u00c3\u00abrkon t\u00c3\u00ab fitoj\u00c3\u00ab me \u00c3\u00a7do kusht | Big Brother Albania 2","og_description":"Big Brother Albania - Q\u00c3\u00ab \u00c3\u00absht\u00c3\u00ab nj\u00c3\u00ab njeri me d\u00c3\u00abshir\u00c3\u00abn e madhe t\u00c3\u00ab protagonizmit edhe n\u00c3\u00ab situatat m\u00c3\u00ab banale, kjo nuk ka dashur shum\u00c3\u00ab t\u00c3\u00ab kuptohet mbi karakterin e Qetsorit","og_url":"https:\/\/www.visit-ulcinj.com\/blog\/2009\/03\/14\/qetsori-kerkon-te-fitoje-me-cdo-kusht\/","og_site_name":"Lajme nga Ulqini","article_published_time":"2009-03-14T17:24:48+00:00","og_image":[{"url":"http:\/\/www.visit-ulcinj.com\/blog\/wp-content\/uploads\/2009\/03\/qetsori-bba.jpg"}],"twitter_misc":{"Written by":"ulqini","Est. reading time":"1 minute"},"schema":{"@context":"https:\/\/schema.org","@graph":[{"@type":"WebSite","@id":"https:\/\/www.visit-ulcinj.com\/blog\/#website","url":"https:\/\/www.visit-ulcinj.com\/blog\/","name":"Lajme nga Ulqini","description":"Lajme,Vijesti,Ulqini,Ulqin,Crna Gora,Mali i Zi","potentialAction":[{"@type":"SearchAction","target":{"@type":"EntryPoint","urlTemplate":"https:\/\/www.visit-ulcinj.com\/blog\/?s={search_term_string}"},"query-input":"required name=search_term_string"}],"inLanguage":"en-US"},{"@type":"ImageObject","inLanguage":"en-US","@id":"https:\/\/www.visit-ulcinj.com\/blog\/2009\/03\/14\/qetsori-kerkon-te-fitoje-me-cdo-kusht\/#primaryimage","url":"http:\/\/www.visit-ulcinj.com\/blog\/wp-content\/uploads\/2009\/03\/qetsori-bba.jpg","contentUrl":"http:\/\/www.visit-ulcinj.com\/blog\/wp-content\/uploads\/2009\/03\/qetsori-bba.jpg"},{"@type":"WebPage","@id":"https:\/\/www.visit-ulcinj.com\/blog\/2009\/03\/14\/qetsori-kerkon-te-fitoje-me-cdo-kusht\/#webpage","url":"https:\/\/www.visit-ulcinj.com\/blog\/2009\/03\/14\/qetsori-kerkon-te-fitoje-me-cdo-kusht\/","name":"Qetsori - K\u00c3\u00abrkon t\u00c3\u00ab fitoj\u00c3\u00ab me \u00c3\u00a7do kusht | Big Brother Albania 2","isPartOf":{"@id":"https:\/\/www.visit-ulcinj.com\/blog\/#website"},"primaryImageOfPage":{"@id":"https:\/\/www.visit-ulcinj.com\/blog\/2009\/03\/14\/qetsori-kerkon-te-fitoje-me-cdo-kusht\/#primaryimage"},"datePublished":"2009-03-14T17:24:48+00:00","dateModified":"2009-03-14T17:24:48+00:00","author":{"@id":"https:\/\/www.visit-ulcinj.com\/blog\/#\/schema\/person\/dcab619c614d3038751c63bc2aadc06d"},"description":"Big Brother Albania - Q\u00c3\u00ab \u00c3\u00absht\u00c3\u00ab nj\u00c3\u00ab njeri me d\u00c3\u00abshir\u00c3\u00abn e madhe t\u00c3\u00ab protagonizmit edhe n\u00c3\u00ab situatat m\u00c3\u00ab banale, kjo nuk ka dashur shum\u00c3\u00ab t\u00c3\u00ab kuptohet mbi karakterin e Qetsorit","breadcrumb":{"@id":"https:\/\/www.visit-ulcinj.com\/blog\/2009\/03\/14\/qetsori-kerkon-te-fitoje-me-cdo-kusht\/#breadcrumb"},"inLanguage":"en-US","potentialAction":[{"@type":"ReadAction","target":["https:\/\/www.visit-ulcinj.com\/blog\/2009\/03\/14\/qetsori-kerkon-te-fitoje-me-cdo-kusht\/"]}]},{"@type":"BreadcrumbList","@id":"https:\/\/www.visit-ulcinj.com\/blog\/2009\/03\/14\/qetsori-kerkon-te-fitoje-me-cdo-kusht\/#breadcrumb","itemListElement":[{"@type":"ListItem","position":1,"name":"Qetsori &#8211; K\u00ebrkon t\u00eb fitoj\u00eb me \u00e7do kusht"}]},{"@type":"Person","@id":"https:\/\/www.visit-ulcinj.com\/blog\/#\/schema\/person\/dcab619c614d3038751c63bc2aadc06d","name":"ulqini","sameAs":["http:\/\/www.visit-ulcinj.com"],"url":"https:\/\/www.visit-ulcinj.com\/blog\/author\/admin\/"}]}},"jetpack_featured_media_url":"","jetpack_sharing_enabled":true,"jetpack_shortlink":"https:\/\/wp.me\/pe6lTn-3HR","_links":{"self":[{"href":"https:\/\/www.visit-ulcinj.com\/blog\/wp-json\/wp\/v2\/posts\/14251"}],"collection":[{"href":"https:\/\/www.visit-ulcinj.com\/blog\/wp-json\/wp\/v2\/posts"}],"about":[{"href":"https:\/\/www.visit-ulcinj.com\/blog\/wp-json\/wp\/v2\/types\/post"}],"author":[{"embeddable":true,"href":"https:\/\/www.visit-ulcinj.com\/blog\/wp-json\/wp\/v2\/users\/1"}],"replies":[{"embeddable":true,"href":"https:\/\/www.visit-ulcinj.com\/blog\/wp-json\/wp\/v2\/comments?post=14251"}],"version-history":[{"count":0,"href":"https:\/\/www.visit-ulcinj.com\/blog\/wp-json\/wp\/v2\/posts\/14251\/revisions"}],"wp:attachment":[{"href":"https:\/\/www.visit-ulcinj.com\/blog\/wp-json\/wp\/v2\/media?parent=14251"}],"wp:term":[{"taxonomy":"category","embeddable":true,"href":"https:\/\/www.visit-ulcinj.com\/blog\/wp-json\/wp\/v2\/categories?post=14251"},{"taxonomy":"post_tag","embeddable":true,"href":"https:\/\/www.visit-ulcinj.com\/blog\/wp-json\/wp\/v2\/tags?post=14251"}],"curies":[{"name":"wp","href":"https:\/\/api.w.org\/{rel}","templated":true}]}}