{"id":1427,"date":"2008-04-27T12:26:20","date_gmt":"2008-04-27T17:26:20","guid":{"rendered":"http:\/\/www.visit-ulcinj.com\/blog\/?p=1427"},"modified":"2008-04-27T12:31:24","modified_gmt":"2008-04-27T17:31:24","slug":"1427","status":"publish","type":"post","link":"https:\/\/www.visit-ulcinj.com\/blog\/2008\/04\/27\/1427\/","title":{"rendered":"Postpavar\u00ebsia, Mali i Zi zbulon turizmin luksoz"},"content":{"rendered":"<p><a href=\"http:\/\/www.visit-ulcinj.com\/blog\/wp-content\/uploads\/2008\/03\/copakabana.jpg\"><img loading=\"lazy\" class=\"alignleft attachment wp-att-842\" style=\"float: left;\" src=\"http:\/\/www.visit-ulcinj.com\/blog\/wp-content\/uploads\/2008\/03\/copakabana.thumbnail.jpg\" alt=\"Copakabana Beach_Ulcinj\" width=\"200\" height=\"150\" \/><\/a>ULQIN- Dy vjet pas shk\u00ebputjes nga Serbia, Mali i Zi vendos t\u00eb shnd\u00ebrroj\u00eb plazhet e tij n\u00eb qendra t\u00eb r\u00ebnd\u00ebsishme turistike p\u00ebr t&#8217;i dh\u00ebn\u00eb nj\u00eb zhvillim t\u00eb m\u00ebtejsh\u00ebm aktivitetit turistik, si nj\u00eb nd\u00ebr treguesit kryesor\u00eb t\u00eb zhvillimit t\u00eb tij ekonomik. T\u00eb pakt\u00ebn gjasht\u00eb qendra t\u00eb tilla do t\u00eb nd\u00ebrtohen nga investitor\u00ebt e huaj, kryesisht n\u00eb pjes\u00ebn jugore. Ministria e Ekonomis\u00eb dhe Zhvillimit, u b\u00ebri thirrje investitor\u00ebve t\u00eb huaj p\u00ebr investime n\u00eb plazhin e madh\u00eb&#8221;Velika Plaza&#8221; pran\u00eb qytetit t\u00eb Ulqinit. &#8220;Zhvillimi n\u00eb &#8220;Velika Plaza&#8221; dhe i qendrave t\u00eb tjera turistike n\u00eb brigjet e Malit t\u00eb Zi, do t\u00eb ket\u00eb rol kryesor n\u00eb zhvillimin ekonomik afatgjat\u00eb t\u00eb tij dhe mund t\u00eb sjell\u00eb ndryshime t\u00eb m\u00ebdha n\u00eb t\u00eb ardhmen ekonomike t\u00eb vendit&#8221;, &#8211; thekson ministri Branimir Gvozdenovi\u00e7. Ministri shpreson se ky projekt do t\u00eb p\u00ebrmir\u00ebsonte infrastruktur\u00ebn n\u00eb Mal t\u00eb Zi; rrug\u00eb, energji, furnizim me uj\u00eb t\u00eb pijsh\u00ebm, meq\u00eb ende nuk jan\u00eb n\u00eb nivelin e duhur p\u00ebr t&#8217;iu p\u00ebrgjigjur k\u00ebrkesave t\u00eb turist\u00ebve. Fal\u00eb turizmit, ekonomia malazeze u rrit afro shtat\u00eb p\u00ebr qind vitin e kaluar. &#8220;Ekonomia ka njohur nj\u00eb rritje t\u00eb konsiderueshme pas shk\u00ebputjes nga Serbia, rezultatet jan\u00eb t\u00eb pabesueshme&#8221;, &#8211; thot\u00eb Vaso Radovi\u00e7, p\u00ebrfaq\u00ebsuesi i Bashkis\u00eb s\u00eb Ulqinit, ku shqiptar\u00ebt p\u00ebrb\u00ebjn\u00eb 80 p\u00ebr qind t\u00eb popullsis\u00eb. Megjith\u00ebse banor\u00ebt e Ulqinit mendojn\u00eb se nd\u00ebrtimi i hoteleve luksoze n\u00eb qytetin e tyre sjell<a href=\"http:\/\/www.visit-ulcinj.com\/blog\/wp-content\/uploads\/2008\/04\/vaso-radovic_dps.jpg\"><img loading=\"lazy\" class=\"alignright attachment wp-att-1428\" style=\"float: right;\" src=\"http:\/\/www.visit-ulcinj.com\/blog\/wp-content\/uploads\/2008\/04\/vaso-radovic_dps.thumbnail.jpg\" alt=\"Vaso Radovic\" width=\"183\" height=\"169\" \/><\/a> p\u00ebrfitime, ata dyshojn\u00eb se disa investitor\u00eb nuk do t\u00eb respektojn\u00eb planet rregulluese. &#8220;Qeveria duhet t\u00eb luaj\u00eb rolin e nd\u00ebrmjet\u00ebsit mes investitor\u00ebve dhe administrat\u00ebs lokale, n\u00eb m\u00ebnyr\u00eb q\u00eb kjo pjes\u00eb e bregdetit t\u00eb mos d\u00ebmtohet nga nd\u00ebrtimet pa leje&#8221;, &#8211; tha Radovi\u00e7. Vendi fqinj bregdetar, Mali i Zi, \u00ebsht\u00eb nj\u00eb prej zonave m\u00eb t\u00eb preferuara p\u00ebr turizmin veror n\u00eb rajonin e Ballkanit. Autoritetet kan\u00eb vendosur t\u00eb rrisin investimet p\u00ebr t\u00eb t\u00ebrhequr sa m\u00eb shum\u00eb turist\u00eb dhe pushues gjat\u00eb k\u00ebsaj vere, dukle rivalizuar k\u00ebshtu vendet fqinje q\u00eb gjithashtu p\u00ebrpiqen t\u00eb t\u00ebrheqin vizitor\u00ebt gjat\u00eb stin\u00ebs s\u00eb pushimeve.<\/p>\n<p><strong>(Balkanweb)<\/strong><\/p>\n<!-- vimeo error: not a vimeo video -->\n","protected":false},"excerpt":{"rendered":"<p><img loading=\"lazy\" class=\"alignleft attachment wp-att-842\" style=\"float: left;\" src=\"http:\/\/www.visit-ulcinj.com\/blog\/wp-content\/uploads\/2008\/03\/copakabana.thumbnail.jpg\" alt=\"Copakabana Beach_Ulcinj\" width=\"140\" height=\"140\" \/><\/p>\n","protected":false},"author":1,"featured_media":0,"comment_status":"open","ping_status":"closed","sticky":false,"template":"","format":"standard","meta":{"spay_email":"","jetpack_publicize_message":"","jetpack_is_tweetstorm":false,"jetpack_publicize_feature_enabled":true},"categories":[12,15],"tags":[95,2211,200,18,543,2782,265],"jetpack_publicize_connections":[],"yoast_head":"<!-- This site is optimized with the Yoast SEO plugin v19.1 - https:\/\/yoast.com\/wordpress\/plugins\/seo\/ -->\n<title>Postpavar\u00ebsia, Mali i Zi zbulon turizmin luksoz - Lajme nga Ulqini<\/title>\n<meta name=\"robots\" content=\"index, follow, max-snippet:-1, max-image-preview:large, max-video-preview:-1\" \/>\n<link rel=\"canonical\" href=\"https:\/\/www.visit-ulcinj.com\/blog\/2008\/04\/27\/1427\/\" \/>\n<meta property=\"og:locale\" content=\"en_US\" \/>\n<meta property=\"og:type\" content=\"article\" \/>\n<meta property=\"og:title\" content=\"Postpavar\u00ebsia, Mali i Zi zbulon turizmin luksoz - Lajme nga Ulqini\" \/>\n<meta property=\"og:url\" content=\"https:\/\/www.visit-ulcinj.com\/blog\/2008\/04\/27\/1427\/\" \/>\n<meta property=\"og:site_name\" content=\"Lajme nga Ulqini\" \/>\n<meta property=\"article:published_time\" content=\"2008-04-27T17:26:20+00:00\" \/>\n<meta property=\"article:modified_time\" content=\"2008-04-27T17:31:24+00:00\" \/>\n<meta property=\"og:image\" content=\"http:\/\/www.visit-ulcinj.com\/blog\/wp-content\/uploads\/2008\/03\/copakabana.thumbnail.jpg\" \/>\n<meta name=\"twitter:label1\" content=\"Written by\" \/>\n\t<meta name=\"twitter:data1\" content=\"ulqini\" \/>\n\t<meta name=\"twitter:label2\" content=\"Est. reading time\" \/>\n\t<meta name=\"twitter:data2\" content=\"2 minutes\" \/>\n<script type=\"application\/ld+json\" class=\"yoast-schema-graph\">{\"@context\":\"https:\/\/schema.org\",\"@graph\":[{\"@type\":\"WebSite\",\"@id\":\"https:\/\/www.visit-ulcinj.com\/blog\/#website\",\"url\":\"https:\/\/www.visit-ulcinj.com\/blog\/\",\"name\":\"Lajme nga Ulqini\",\"description\":\"Lajme,Vijesti,Ulqini,Ulqin,Crna Gora,Mali i Zi\",\"potentialAction\":[{\"@type\":\"SearchAction\",\"target\":{\"@type\":\"EntryPoint\",\"urlTemplate\":\"https:\/\/www.visit-ulcinj.com\/blog\/?s={search_term_string}\"},\"query-input\":\"required name=search_term_string\"}],\"inLanguage\":\"en-US\"},{\"@type\":\"ImageObject\",\"inLanguage\":\"en-US\",\"@id\":\"https:\/\/www.visit-ulcinj.com\/blog\/2008\/04\/27\/1427\/#primaryimage\",\"url\":\"http:\/\/www.visit-ulcinj.com\/blog\/wp-content\/uploads\/2008\/03\/copakabana.thumbnail.jpg\",\"contentUrl\":\"http:\/\/www.visit-ulcinj.com\/blog\/wp-content\/uploads\/2008\/03\/copakabana.thumbnail.jpg\"},{\"@type\":\"WebPage\",\"@id\":\"https:\/\/www.visit-ulcinj.com\/blog\/2008\/04\/27\/1427\/#webpage\",\"url\":\"https:\/\/www.visit-ulcinj.com\/blog\/2008\/04\/27\/1427\/\",\"name\":\"Postpavar\u00ebsia, Mali i Zi zbulon turizmin luksoz - Lajme nga Ulqini\",\"isPartOf\":{\"@id\":\"https:\/\/www.visit-ulcinj.com\/blog\/#website\"},\"primaryImageOfPage\":{\"@id\":\"https:\/\/www.visit-ulcinj.com\/blog\/2008\/04\/27\/1427\/#primaryimage\"},\"datePublished\":\"2008-04-27T17:26:20+00:00\",\"dateModified\":\"2008-04-27T17:31:24+00:00\",\"author\":{\"@id\":\"https:\/\/www.visit-ulcinj.com\/blog\/#\/schema\/person\/dcab619c614d3038751c63bc2aadc06d\"},\"breadcrumb\":{\"@id\":\"https:\/\/www.visit-ulcinj.com\/blog\/2008\/04\/27\/1427\/#breadcrumb\"},\"inLanguage\":\"en-US\",\"potentialAction\":[{\"@type\":\"ReadAction\",\"target\":[\"https:\/\/www.visit-ulcinj.com\/blog\/2008\/04\/27\/1427\/\"]}]},{\"@type\":\"BreadcrumbList\",\"@id\":\"https:\/\/www.visit-ulcinj.com\/blog\/2008\/04\/27\/1427\/#breadcrumb\",\"itemListElement\":[{\"@type\":\"ListItem\",\"position\":1,\"name\":\"Postpavar\u00ebsia, Mali i Zi zbulon turizmin luksoz\"}]},{\"@type\":\"Person\",\"@id\":\"https:\/\/www.visit-ulcinj.com\/blog\/#\/schema\/person\/dcab619c614d3038751c63bc2aadc06d\",\"name\":\"ulqini\",\"sameAs\":[\"http:\/\/www.visit-ulcinj.com\"],\"url\":\"https:\/\/www.visit-ulcinj.com\/blog\/author\/admin\/\"}]}<\/script>\n<!-- \/ Yoast SEO plugin. -->","yoast_head_json":{"title":"Postpavar\u00ebsia, Mali i Zi zbulon turizmin luksoz - Lajme nga Ulqini","robots":{"index":"index","follow":"follow","max-snippet":"max-snippet:-1","max-image-preview":"max-image-preview:large","max-video-preview":"max-video-preview:-1"},"canonical":"https:\/\/www.visit-ulcinj.com\/blog\/2008\/04\/27\/1427\/","og_locale":"en_US","og_type":"article","og_title":"Postpavar\u00ebsia, Mali i Zi zbulon turizmin luksoz - Lajme nga Ulqini","og_url":"https:\/\/www.visit-ulcinj.com\/blog\/2008\/04\/27\/1427\/","og_site_name":"Lajme nga Ulqini","article_published_time":"2008-04-27T17:26:20+00:00","article_modified_time":"2008-04-27T17:31:24+00:00","og_image":[{"url":"http:\/\/www.visit-ulcinj.com\/blog\/wp-content\/uploads\/2008\/03\/copakabana.thumbnail.jpg"}],"twitter_misc":{"Written by":"ulqini","Est. reading time":"2 minutes"},"schema":{"@context":"https:\/\/schema.org","@graph":[{"@type":"WebSite","@id":"https:\/\/www.visit-ulcinj.com\/blog\/#website","url":"https:\/\/www.visit-ulcinj.com\/blog\/","name":"Lajme nga Ulqini","description":"Lajme,Vijesti,Ulqini,Ulqin,Crna Gora,Mali i Zi","potentialAction":[{"@type":"SearchAction","target":{"@type":"EntryPoint","urlTemplate":"https:\/\/www.visit-ulcinj.com\/blog\/?s={search_term_string}"},"query-input":"required name=search_term_string"}],"inLanguage":"en-US"},{"@type":"ImageObject","inLanguage":"en-US","@id":"https:\/\/www.visit-ulcinj.com\/blog\/2008\/04\/27\/1427\/#primaryimage","url":"http:\/\/www.visit-ulcinj.com\/blog\/wp-content\/uploads\/2008\/03\/copakabana.thumbnail.jpg","contentUrl":"http:\/\/www.visit-ulcinj.com\/blog\/wp-content\/uploads\/2008\/03\/copakabana.thumbnail.jpg"},{"@type":"WebPage","@id":"https:\/\/www.visit-ulcinj.com\/blog\/2008\/04\/27\/1427\/#webpage","url":"https:\/\/www.visit-ulcinj.com\/blog\/2008\/04\/27\/1427\/","name":"Postpavar\u00ebsia, Mali i Zi zbulon turizmin luksoz - Lajme nga Ulqini","isPartOf":{"@id":"https:\/\/www.visit-ulcinj.com\/blog\/#website"},"primaryImageOfPage":{"@id":"https:\/\/www.visit-ulcinj.com\/blog\/2008\/04\/27\/1427\/#primaryimage"},"datePublished":"2008-04-27T17:26:20+00:00","dateModified":"2008-04-27T17:31:24+00:00","author":{"@id":"https:\/\/www.visit-ulcinj.com\/blog\/#\/schema\/person\/dcab619c614d3038751c63bc2aadc06d"},"breadcrumb":{"@id":"https:\/\/www.visit-ulcinj.com\/blog\/2008\/04\/27\/1427\/#breadcrumb"},"inLanguage":"en-US","potentialAction":[{"@type":"ReadAction","target":["https:\/\/www.visit-ulcinj.com\/blog\/2008\/04\/27\/1427\/"]}]},{"@type":"BreadcrumbList","@id":"https:\/\/www.visit-ulcinj.com\/blog\/2008\/04\/27\/1427\/#breadcrumb","itemListElement":[{"@type":"ListItem","position":1,"name":"Postpavar\u00ebsia, Mali i Zi zbulon turizmin luksoz"}]},{"@type":"Person","@id":"https:\/\/www.visit-ulcinj.com\/blog\/#\/schema\/person\/dcab619c614d3038751c63bc2aadc06d","name":"ulqini","sameAs":["http:\/\/www.visit-ulcinj.com"],"url":"https:\/\/www.visit-ulcinj.com\/blog\/author\/admin\/"}]}},"jetpack_featured_media_url":"","jetpack_sharing_enabled":true,"jetpack_shortlink":"https:\/\/wp.me\/se6lTn-1427","_links":{"self":[{"href":"https:\/\/www.visit-ulcinj.com\/blog\/wp-json\/wp\/v2\/posts\/1427"}],"collection":[{"href":"https:\/\/www.visit-ulcinj.com\/blog\/wp-json\/wp\/v2\/posts"}],"about":[{"href":"https:\/\/www.visit-ulcinj.com\/blog\/wp-json\/wp\/v2\/types\/post"}],"author":[{"embeddable":true,"href":"https:\/\/www.visit-ulcinj.com\/blog\/wp-json\/wp\/v2\/users\/1"}],"replies":[{"embeddable":true,"href":"https:\/\/www.visit-ulcinj.com\/blog\/wp-json\/wp\/v2\/comments?post=1427"}],"version-history":[{"count":0,"href":"https:\/\/www.visit-ulcinj.com\/blog\/wp-json\/wp\/v2\/posts\/1427\/revisions"}],"wp:attachment":[{"href":"https:\/\/www.visit-ulcinj.com\/blog\/wp-json\/wp\/v2\/media?parent=1427"}],"wp:term":[{"taxonomy":"category","embeddable":true,"href":"https:\/\/www.visit-ulcinj.com\/blog\/wp-json\/wp\/v2\/categories?post=1427"},{"taxonomy":"post_tag","embeddable":true,"href":"https:\/\/www.visit-ulcinj.com\/blog\/wp-json\/wp\/v2\/tags?post=1427"}],"curies":[{"name":"wp","href":"https:\/\/api.w.org\/{rel}","templated":true}]}}