{"id":1432,"date":"2008-04-28T11:18:04","date_gmt":"2008-04-28T16:18:04","guid":{"rendered":"http:\/\/www.visit-ulcinj.com\/blog\/?p=1432"},"modified":"2008-04-29T02:10:32","modified_gmt":"2008-04-29T07:10:32","slug":"ferhat-dinoshamajidata-ideale-per-njohjen-e-kosoves-nga-mali-i-zi","status":"publish","type":"post","link":"https:\/\/www.visit-ulcinj.com\/blog\/2008\/04\/28\/ferhat-dinoshamajidata-ideale-per-njohjen-e-kosoves-nga-mali-i-zi\/","title":{"rendered":"Ferhat Dinosha:Maji,data ideale p\u00ebr njohjen e Kosov\u00ebs nga Mali i Zi"},"content":{"rendered":"<p><img loading=\"lazy\" class=\"alignleft\" style=\"float: left;\" src=\"http:\/\/www.telegrafi.com\/fo\/rajon\/f.0428022551840_m.jpg\" alt=\"ferhat dinosha\" width=\"210\" height=\"210\" \/>Kryetari i Unionit Demokratik t\u00eb Shqiptar\u00ebve, Ferhat Dinosha konsideron se Mali i Zi do t\u00eb duhej q\u00eb n\u00eb muajin maj t\u00eb njoh\u00eb pavar\u00ebsin\u00eb e Kosov\u00ebs, p\u00ebr shkak t\u00eb simbolik\u00ebs q\u00eb ka ky muaj p\u00ebr vet\u00eb Malin e Zi.<br \/>\nAi pret q\u00eb pushteti malazias do t\u00eb ndjek\u00eb q\u00ebndrimin e Bashkimit Evropian dhe t\u00eb Shteteve t\u00eb Bashkuara t\u00eb Amerik\u00ebs.<br \/>\n\u201cMendoj se maji do t\u00eb ishte dat\u00eb e duhur edhe p\u00ebr shkak t\u00eb faktit se sigurisht k\u00ebt\u00eb vit nuk do t\u00eb ket\u00eb zgjedhje parlamentare n\u00eb Mal t\u00eb Zi, andaj nuk do t\u00eb ishte mir\u00eb t\u00eb ngarkojm\u00eb at\u00eb q\u00eb na pret vitin e ardhsh\u00ebm edhe me \u00e7\u00ebshtjen e Kosov\u00ebs\u201d, ka deklaruar Dinosha n\u00eb nj\u00eb intervist\u00eb p\u00ebr gazet\u00ebn \u201cVijesti\u201d.<a href=\"http:\/\/www.visit-ulcinj.com\/blog\/wp-content\/uploads\/2008\/02\/thaci_dinosha.jpg\"><img loading=\"lazy\" class=\"alignright attachment wp-att-543\" style=\"float: right;\" src=\"http:\/\/www.visit-ulcinj.com\/blog\/wp-content\/uploads\/2008\/02\/thaci_dinosha.thumbnail.jpg\" alt=\"Tha\u00e7i_Dinosha\" width=\"200\" height=\"121\" \/><\/a><br \/>\nPos k\u00ebsaj, sipas tij, Mali i Zi me shpejt\u00ebsi po definohet si kandidat serioz p\u00ebr integrimet evropiane dhe euro-atlantike, nd\u00ebrsa nj\u00eb prej kushteve \u00ebsht\u00eb edhe raporti q\u00eb ka ky shtet ndaj pavar\u00ebsis\u00eb s\u00eb Kosov\u00ebs.<br \/>\nAi po ashtu ka vler\u00ebsuar se n\u00eb nj\u00eb faz\u00eb interesi m\u00eb i madh mund t\u00eb jete q\u00eb Mali i Zi t\u00eb njoh\u00eb Kosov\u00ebn sesa Kosova t\u00eb njihet nga Mali i Zi.<br \/>\n<strong> \/Telegrafi\/<\/strong><\/p>\n<!-- vimeo error: not a vimeo video -->\n","protected":false},"excerpt":{"rendered":"<p><img loading=\"lazy\" class=\"alignleft\" style=\"float: left;\" src=\"http:\/\/www.telegrafi.com\/fo\/rajon\/f.0428022551840_m.jpg\" alt=\"ferhat dinosha\" width=\"140\" height=\"140\" \/><\/p>\n","protected":false},"author":1,"featured_media":0,"comment_status":"open","ping_status":"closed","sticky":false,"template":"","format":"standard","meta":{"spay_email":"","jetpack_publicize_message":"","jetpack_is_tweetstorm":false,"jetpack_publicize_feature_enabled":true},"categories":[6,14,12],"tags":[2790,97,2789,95,2792,2791,240,1388],"jetpack_publicize_connections":[],"yoast_head":"<!-- This site is optimized with the Yoast SEO plugin v19.1 - https:\/\/yoast.com\/wordpress\/plugins\/seo\/ -->\n<title>Ferhat Dinosha:Maji,data ideale p\u00ebr njohjen e Kosov\u00ebs nga Mali i Zi - Lajme nga Ulqini<\/title>\n<meta name=\"robots\" content=\"index, follow, max-snippet:-1, max-image-preview:large, max-video-preview:-1\" \/>\n<link rel=\"canonical\" href=\"https:\/\/www.visit-ulcinj.com\/blog\/2008\/04\/28\/ferhat-dinoshamajidata-ideale-per-njohjen-e-kosoves-nga-mali-i-zi\/\" \/>\n<meta property=\"og:locale\" content=\"en_US\" \/>\n<meta property=\"og:type\" content=\"article\" \/>\n<meta property=\"og:title\" content=\"Ferhat Dinosha:Maji,data ideale p\u00ebr njohjen e Kosov\u00ebs nga Mali i Zi - Lajme nga Ulqini\" \/>\n<meta property=\"og:url\" content=\"https:\/\/www.visit-ulcinj.com\/blog\/2008\/04\/28\/ferhat-dinoshamajidata-ideale-per-njohjen-e-kosoves-nga-mali-i-zi\/\" \/>\n<meta property=\"og:site_name\" content=\"Lajme nga Ulqini\" \/>\n<meta property=\"article:published_time\" content=\"2008-04-28T16:18:04+00:00\" \/>\n<meta property=\"article:modified_time\" content=\"2008-04-29T07:10:32+00:00\" \/>\n<meta property=\"og:image\" content=\"http:\/\/www.telegrafi.com\/fo\/rajon\/f.0428022551840_m.jpg\" \/>\n<meta name=\"twitter:label1\" content=\"Written by\" \/>\n\t<meta name=\"twitter:data1\" content=\"ulqini\" \/>\n\t<meta name=\"twitter:label2\" content=\"Est. reading time\" \/>\n\t<meta name=\"twitter:data2\" content=\"1 minute\" \/>\n<script type=\"application\/ld+json\" class=\"yoast-schema-graph\">{\"@context\":\"https:\/\/schema.org\",\"@graph\":[{\"@type\":\"WebSite\",\"@id\":\"https:\/\/www.visit-ulcinj.com\/blog\/#website\",\"url\":\"https:\/\/www.visit-ulcinj.com\/blog\/\",\"name\":\"Lajme nga Ulqini\",\"description\":\"Lajme,Vijesti,Ulqini,Ulqin,Crna Gora,Mali i Zi\",\"potentialAction\":[{\"@type\":\"SearchAction\",\"target\":{\"@type\":\"EntryPoint\",\"urlTemplate\":\"https:\/\/www.visit-ulcinj.com\/blog\/?s={search_term_string}\"},\"query-input\":\"required name=search_term_string\"}],\"inLanguage\":\"en-US\"},{\"@type\":\"ImageObject\",\"inLanguage\":\"en-US\",\"@id\":\"https:\/\/www.visit-ulcinj.com\/blog\/2008\/04\/28\/ferhat-dinoshamajidata-ideale-per-njohjen-e-kosoves-nga-mali-i-zi\/#primaryimage\",\"url\":\"http:\/\/www.telegrafi.com\/fo\/rajon\/f.0428022551840_m.jpg\",\"contentUrl\":\"http:\/\/www.telegrafi.com\/fo\/rajon\/f.0428022551840_m.jpg\"},{\"@type\":\"WebPage\",\"@id\":\"https:\/\/www.visit-ulcinj.com\/blog\/2008\/04\/28\/ferhat-dinoshamajidata-ideale-per-njohjen-e-kosoves-nga-mali-i-zi\/#webpage\",\"url\":\"https:\/\/www.visit-ulcinj.com\/blog\/2008\/04\/28\/ferhat-dinoshamajidata-ideale-per-njohjen-e-kosoves-nga-mali-i-zi\/\",\"name\":\"Ferhat Dinosha:Maji,data ideale p\u00ebr njohjen e Kosov\u00ebs nga Mali i Zi - Lajme nga Ulqini\",\"isPartOf\":{\"@id\":\"https:\/\/www.visit-ulcinj.com\/blog\/#website\"},\"primaryImageOfPage\":{\"@id\":\"https:\/\/www.visit-ulcinj.com\/blog\/2008\/04\/28\/ferhat-dinoshamajidata-ideale-per-njohjen-e-kosoves-nga-mali-i-zi\/#primaryimage\"},\"datePublished\":\"2008-04-28T16:18:04+00:00\",\"dateModified\":\"2008-04-29T07:10:32+00:00\",\"author\":{\"@id\":\"https:\/\/www.visit-ulcinj.com\/blog\/#\/schema\/person\/dcab619c614d3038751c63bc2aadc06d\"},\"breadcrumb\":{\"@id\":\"https:\/\/www.visit-ulcinj.com\/blog\/2008\/04\/28\/ferhat-dinoshamajidata-ideale-per-njohjen-e-kosoves-nga-mali-i-zi\/#breadcrumb\"},\"inLanguage\":\"en-US\",\"potentialAction\":[{\"@type\":\"ReadAction\",\"target\":[\"https:\/\/www.visit-ulcinj.com\/blog\/2008\/04\/28\/ferhat-dinoshamajidata-ideale-per-njohjen-e-kosoves-nga-mali-i-zi\/\"]}]},{\"@type\":\"BreadcrumbList\",\"@id\":\"https:\/\/www.visit-ulcinj.com\/blog\/2008\/04\/28\/ferhat-dinoshamajidata-ideale-per-njohjen-e-kosoves-nga-mali-i-zi\/#breadcrumb\",\"itemListElement\":[{\"@type\":\"ListItem\",\"position\":1,\"name\":\"Ferhat Dinosha:Maji,data ideale p\u00ebr njohjen e Kosov\u00ebs nga Mali i Zi\"}]},{\"@type\":\"Person\",\"@id\":\"https:\/\/www.visit-ulcinj.com\/blog\/#\/schema\/person\/dcab619c614d3038751c63bc2aadc06d\",\"name\":\"ulqini\",\"sameAs\":[\"http:\/\/www.visit-ulcinj.com\"],\"url\":\"https:\/\/www.visit-ulcinj.com\/blog\/author\/admin\/\"}]}<\/script>\n<!-- \/ Yoast SEO plugin. -->","yoast_head_json":{"title":"Ferhat Dinosha:Maji,data ideale p\u00ebr njohjen e Kosov\u00ebs nga Mali i Zi - Lajme nga Ulqini","robots":{"index":"index","follow":"follow","max-snippet":"max-snippet:-1","max-image-preview":"max-image-preview:large","max-video-preview":"max-video-preview:-1"},"canonical":"https:\/\/www.visit-ulcinj.com\/blog\/2008\/04\/28\/ferhat-dinoshamajidata-ideale-per-njohjen-e-kosoves-nga-mali-i-zi\/","og_locale":"en_US","og_type":"article","og_title":"Ferhat Dinosha:Maji,data ideale p\u00ebr njohjen e Kosov\u00ebs nga Mali i Zi - Lajme nga Ulqini","og_url":"https:\/\/www.visit-ulcinj.com\/blog\/2008\/04\/28\/ferhat-dinoshamajidata-ideale-per-njohjen-e-kosoves-nga-mali-i-zi\/","og_site_name":"Lajme nga Ulqini","article_published_time":"2008-04-28T16:18:04+00:00","article_modified_time":"2008-04-29T07:10:32+00:00","og_image":[{"url":"http:\/\/www.telegrafi.com\/fo\/rajon\/f.0428022551840_m.jpg"}],"twitter_misc":{"Written by":"ulqini","Est. reading time":"1 minute"},"schema":{"@context":"https:\/\/schema.org","@graph":[{"@type":"WebSite","@id":"https:\/\/www.visit-ulcinj.com\/blog\/#website","url":"https:\/\/www.visit-ulcinj.com\/blog\/","name":"Lajme nga Ulqini","description":"Lajme,Vijesti,Ulqini,Ulqin,Crna Gora,Mali i Zi","potentialAction":[{"@type":"SearchAction","target":{"@type":"EntryPoint","urlTemplate":"https:\/\/www.visit-ulcinj.com\/blog\/?s={search_term_string}"},"query-input":"required name=search_term_string"}],"inLanguage":"en-US"},{"@type":"ImageObject","inLanguage":"en-US","@id":"https:\/\/www.visit-ulcinj.com\/blog\/2008\/04\/28\/ferhat-dinoshamajidata-ideale-per-njohjen-e-kosoves-nga-mali-i-zi\/#primaryimage","url":"http:\/\/www.telegrafi.com\/fo\/rajon\/f.0428022551840_m.jpg","contentUrl":"http:\/\/www.telegrafi.com\/fo\/rajon\/f.0428022551840_m.jpg"},{"@type":"WebPage","@id":"https:\/\/www.visit-ulcinj.com\/blog\/2008\/04\/28\/ferhat-dinoshamajidata-ideale-per-njohjen-e-kosoves-nga-mali-i-zi\/#webpage","url":"https:\/\/www.visit-ulcinj.com\/blog\/2008\/04\/28\/ferhat-dinoshamajidata-ideale-per-njohjen-e-kosoves-nga-mali-i-zi\/","name":"Ferhat Dinosha:Maji,data ideale p\u00ebr njohjen e Kosov\u00ebs nga Mali i Zi - Lajme nga Ulqini","isPartOf":{"@id":"https:\/\/www.visit-ulcinj.com\/blog\/#website"},"primaryImageOfPage":{"@id":"https:\/\/www.visit-ulcinj.com\/blog\/2008\/04\/28\/ferhat-dinoshamajidata-ideale-per-njohjen-e-kosoves-nga-mali-i-zi\/#primaryimage"},"datePublished":"2008-04-28T16:18:04+00:00","dateModified":"2008-04-29T07:10:32+00:00","author":{"@id":"https:\/\/www.visit-ulcinj.com\/blog\/#\/schema\/person\/dcab619c614d3038751c63bc2aadc06d"},"breadcrumb":{"@id":"https:\/\/www.visit-ulcinj.com\/blog\/2008\/04\/28\/ferhat-dinoshamajidata-ideale-per-njohjen-e-kosoves-nga-mali-i-zi\/#breadcrumb"},"inLanguage":"en-US","potentialAction":[{"@type":"ReadAction","target":["https:\/\/www.visit-ulcinj.com\/blog\/2008\/04\/28\/ferhat-dinoshamajidata-ideale-per-njohjen-e-kosoves-nga-mali-i-zi\/"]}]},{"@type":"BreadcrumbList","@id":"https:\/\/www.visit-ulcinj.com\/blog\/2008\/04\/28\/ferhat-dinoshamajidata-ideale-per-njohjen-e-kosoves-nga-mali-i-zi\/#breadcrumb","itemListElement":[{"@type":"ListItem","position":1,"name":"Ferhat Dinosha:Maji,data ideale p\u00ebr njohjen e Kosov\u00ebs nga Mali i Zi"}]},{"@type":"Person","@id":"https:\/\/www.visit-ulcinj.com\/blog\/#\/schema\/person\/dcab619c614d3038751c63bc2aadc06d","name":"ulqini","sameAs":["http:\/\/www.visit-ulcinj.com"],"url":"https:\/\/www.visit-ulcinj.com\/blog\/author\/admin\/"}]}},"jetpack_featured_media_url":"","jetpack_sharing_enabled":true,"jetpack_shortlink":"https:\/\/wp.me\/pe6lTn-n6","_links":{"self":[{"href":"https:\/\/www.visit-ulcinj.com\/blog\/wp-json\/wp\/v2\/posts\/1432"}],"collection":[{"href":"https:\/\/www.visit-ulcinj.com\/blog\/wp-json\/wp\/v2\/posts"}],"about":[{"href":"https:\/\/www.visit-ulcinj.com\/blog\/wp-json\/wp\/v2\/types\/post"}],"author":[{"embeddable":true,"href":"https:\/\/www.visit-ulcinj.com\/blog\/wp-json\/wp\/v2\/users\/1"}],"replies":[{"embeddable":true,"href":"https:\/\/www.visit-ulcinj.com\/blog\/wp-json\/wp\/v2\/comments?post=1432"}],"version-history":[{"count":0,"href":"https:\/\/www.visit-ulcinj.com\/blog\/wp-json\/wp\/v2\/posts\/1432\/revisions"}],"wp:attachment":[{"href":"https:\/\/www.visit-ulcinj.com\/blog\/wp-json\/wp\/v2\/media?parent=1432"}],"wp:term":[{"taxonomy":"category","embeddable":true,"href":"https:\/\/www.visit-ulcinj.com\/blog\/wp-json\/wp\/v2\/categories?post=1432"},{"taxonomy":"post_tag","embeddable":true,"href":"https:\/\/www.visit-ulcinj.com\/blog\/wp-json\/wp\/v2\/tags?post=1432"}],"curies":[{"name":"wp","href":"https:\/\/api.w.org\/{rel}","templated":true}]}}