{"id":14330,"date":"2009-03-15T20:05:02","date_gmt":"2009-03-15T19:05:02","guid":{"rendered":"http:\/\/www.visit-ulcinj.com\/blog\/?p=14330"},"modified":"2009-03-15T20:05:02","modified_gmt":"2009-03-15T19:05:02","slug":"parashikohet-qe-britney-spears-te-kendoje-sivjet-ne-mal-te-zi","status":"publish","type":"post","link":"https:\/\/www.visit-ulcinj.com\/blog\/2009\/03\/15\/parashikohet-qe-britney-spears-te-kendoje-sivjet-ne-mal-te-zi\/","title":{"rendered":"Parashikohet q\u00eb Britney Spears  t\u00eb k\u00ebndoj\u00eb sivjet n\u00eb Mal t\u00eb Zi"},"content":{"rendered":"<p><a href=\"http:\/\/www.visit-ulcinj.com\/blog\/wp-content\/uploads\/2009\/03\/britney-spears5.jpg\"><img loading=\"lazy\" class=\"alignleft size-full wp-image-14331\" title=\"britney-spears5\" src=\"http:\/\/www.visit-ulcinj.com\/blog\/wp-content\/uploads\/2009\/03\/britney-spears5.jpg\" alt=\"britney-spears5\" width=\"570\" height=\"400\" \/><\/a>Bisedimet me menaxher\u00ebt e Britney Spearsit do t\u00eb\u00a0 zgasin disa muaj, nd\u00ebrsa p\u00ebr interpretim jan\u00eb marr\u00eb vesh p\u00ebr nj\u00eb \u00e7mimin prej m\u00eb s\u00eb disa\u00a0 milion\u00eb euro.N\u00ebse iu besohet mediave malazeze,k\u00ebt\u00eb ver\u00eb Britney Spears do t\u00eb interpretoj\u00eb n\u00eb Budva n\u00eb plazhin Jaz. Lajmin p\u00ebr ardhjen e mundshme t\u00eb pop-mbret\u00ebresh\u00ebs n\u00eb Mal t\u00eb Zi u paraqit paranj\u00eb nj\u00eb dite n\u00eb gazet\u00ebn Vijesti, megjithat\u00eb at\u00ebkoh\u00eb organizator\u00ebt ende nuk ishin t\u00eb sigurt se a do t\u00eb jen\u00eb t\u00eb suksessh\u00ebm bisedat me menaxhmentin e saj.Gazeta ditore malazeze \u2018Vijesti\u2019 mori v\u00ebrtetimin se marr\u00ebveshja \u00ebsht\u00eb arrit dhe se k\u00ebt\u00eb ver\u00eb Britney Spears do t\u00eb k\u00ebndoj\u00eb n\u00eb plazhin e njohur budvan Jaz..Rolin ky\u00e7 n\u00eb bisedime e kishte Svetozar Maroviq, n\u00ebnkryetar i Partis\u00eb Demokratike t\u00eb Socialist\u00ebve dhe ish-kryetari i Unionit Serbi-Mali i Zi.<br \/>\nDuke iu fal\u00ebnderuar lidhjeve t\u00eb tij, ai do arriti t\u00eb bind ekipin menaxherialt\u00eb Britney Spearsit q\u00eb ta pranojn\u00eb ofert\u00ebn nga Budva.<br \/>\nKoncerti do t\u00eb duhej t\u00eb mbahej kah fundi i gushtit apo n\u00eb jav\u00ebn e par\u00eb t\u00eb shtatorit.Vitin e kaluar n\u00eb t\u00eb nj\u00ebjtin plazh\u00a0 Maroviq arriti t\u00eb sillte bendin legjendar The Rolling Stones,Madon\u00ebn,Tina Tarner,e shum k\u00ebngtar t\u00eb famsh\u00ebm botror.Kurse The Rolling Stones ,gj\u00eb q\u00eb ishte interpretimi i par\u00eb i ndonj\u00eb ylli nd\u00ebrkomb\u00ebtar n\u00eb Malin e Zi t\u00eb pavarur. Bisedimet me menaxher\u00ebt e\u00a0 Britney Spearsit do t\u00eb zgasin disa muaj, nd\u00ebrsa p\u00ebr interpretim jan\u00eb marr\u00eb vesh p\u00ebr \u00e7mimin prej m\u00eb s\u00eb paku disa milion\u00eb euro.Pas dyshimeve t\u00eb m\u00ebdha,edhe k\u00ebt\u00eb vit Britney Spears do t\u00eb filloj\u00eb turneun e saj t\u00eb madh e.Emri \u00ebsht\u00eb i lidhur me vitin n\u00eb t\u00eb cilin pop-mbret\u00ebresha e kremton\u00a0 pun\u00ebn e suksesshme n\u00eb sken\u00ebn muzikore.<\/p>\n<p><strong>Lajme nga Ulqini<\/strong><\/p>\n<p><!--Dailymotion error: bad or missing ID--><strong><br \/>\n<\/strong><\/p>\n","protected":false},"excerpt":{"rendered":"<p>Bisedimet me menaxher\u00ebt e Britney Spearsit do t\u00eb\u00a0 zgasin disa muaj, nd\u00ebrsa p\u00ebr interpretim jan\u00eb marr\u00eb vesh p\u00ebr nj\u00eb \u00e7mimin prej m\u00eb s\u00eb disa\u00a0 milion\u00eb euro.N\u00ebse iu besohet mediave malazeze,k\u00ebt\u00eb ver\u00eb Britney Spears do t\u00eb interpretoj\u00eb n\u00eb Budva n\u00eb plazhin Jaz. Lajmin p\u00ebr ardhjen e mundshme t\u00eb pop-mbret\u00ebresh\u00ebs n\u00eb Mal t\u00eb Zi u paraqit paranj\u00eb [&hellip;]<\/p>\n","protected":false},"author":1,"featured_media":0,"comment_status":"open","ping_status":"closed","sticky":false,"template":"","format":"standard","meta":{"spay_email":"","jetpack_publicize_message":"","jetpack_is_tweetstorm":false,"jetpack_publicize_feature_enabled":true},"categories":[1],"tags":[7999,7997,7998,8000,7995,4247,7996,8001],"jetpack_publicize_connections":[],"yoast_head":"<!-- This site is optimized with the Yoast SEO plugin v19.1 - https:\/\/yoast.com\/wordpress\/plugins\/seo\/ -->\n<title>Parashikohet q\u00eb Britney Spears t\u00eb k\u00ebndoj\u00eb sivjet n\u00eb Mal t\u00eb Zi - Lajme nga Ulqini<\/title>\n<meta name=\"description\" content=\"Bisedimet me menaxher\u00ebt e Britney Spearsit do t\u00eb\u00a0 zgasin disa muaj, nd\u00ebrsa p\u00ebr interpretim jan\u00eb marr\u00eb vesh p\u00ebr nj\u00eb \u00e7mimin prej m\u00eb s\u00eb disa\u00a0 milion\u00eb\" \/>\n<meta name=\"robots\" content=\"index, follow, max-snippet:-1, max-image-preview:large, max-video-preview:-1\" \/>\n<link rel=\"canonical\" href=\"https:\/\/www.visit-ulcinj.com\/blog\/2009\/03\/15\/parashikohet-qe-britney-spears-te-kendoje-sivjet-ne-mal-te-zi\/\" \/>\n<meta property=\"og:locale\" content=\"en_US\" \/>\n<meta property=\"og:type\" content=\"article\" \/>\n<meta property=\"og:title\" content=\"Parashikohet q\u00eb Britney Spears t\u00eb k\u00ebndoj\u00eb sivjet n\u00eb Mal t\u00eb Zi - Lajme nga Ulqini\" \/>\n<meta property=\"og:description\" content=\"Bisedimet me menaxher\u00ebt e Britney Spearsit do t\u00eb\u00a0 zgasin disa muaj, nd\u00ebrsa p\u00ebr interpretim jan\u00eb marr\u00eb vesh p\u00ebr nj\u00eb \u00e7mimin prej m\u00eb s\u00eb disa\u00a0 milion\u00eb\" \/>\n<meta property=\"og:url\" content=\"https:\/\/www.visit-ulcinj.com\/blog\/2009\/03\/15\/parashikohet-qe-britney-spears-te-kendoje-sivjet-ne-mal-te-zi\/\" \/>\n<meta property=\"og:site_name\" content=\"Lajme nga Ulqini\" \/>\n<meta property=\"article:published_time\" content=\"2009-03-15T19:05:02+00:00\" \/>\n<meta property=\"og:image\" content=\"http:\/\/www.visit-ulcinj.com\/blog\/wp-content\/uploads\/2009\/03\/britney-spears5.jpg\" \/>\n<meta name=\"twitter:label1\" content=\"Written by\" \/>\n\t<meta name=\"twitter:data1\" content=\"ulqini\" \/>\n\t<meta name=\"twitter:label2\" content=\"Est. reading time\" \/>\n\t<meta name=\"twitter:data2\" content=\"2 minutes\" \/>\n<script type=\"application\/ld+json\" class=\"yoast-schema-graph\">{\"@context\":\"https:\/\/schema.org\",\"@graph\":[{\"@type\":\"WebSite\",\"@id\":\"https:\/\/www.visit-ulcinj.com\/blog\/#website\",\"url\":\"https:\/\/www.visit-ulcinj.com\/blog\/\",\"name\":\"Lajme nga Ulqini\",\"description\":\"Lajme,Vijesti,Ulqini,Ulqin,Crna Gora,Mali i Zi\",\"potentialAction\":[{\"@type\":\"SearchAction\",\"target\":{\"@type\":\"EntryPoint\",\"urlTemplate\":\"https:\/\/www.visit-ulcinj.com\/blog\/?s={search_term_string}\"},\"query-input\":\"required name=search_term_string\"}],\"inLanguage\":\"en-US\"},{\"@type\":\"ImageObject\",\"inLanguage\":\"en-US\",\"@id\":\"https:\/\/www.visit-ulcinj.com\/blog\/2009\/03\/15\/parashikohet-qe-britney-spears-te-kendoje-sivjet-ne-mal-te-zi\/#primaryimage\",\"url\":\"http:\/\/www.visit-ulcinj.com\/blog\/wp-content\/uploads\/2009\/03\/britney-spears5.jpg\",\"contentUrl\":\"http:\/\/www.visit-ulcinj.com\/blog\/wp-content\/uploads\/2009\/03\/britney-spears5.jpg\"},{\"@type\":\"WebPage\",\"@id\":\"https:\/\/www.visit-ulcinj.com\/blog\/2009\/03\/15\/parashikohet-qe-britney-spears-te-kendoje-sivjet-ne-mal-te-zi\/#webpage\",\"url\":\"https:\/\/www.visit-ulcinj.com\/blog\/2009\/03\/15\/parashikohet-qe-britney-spears-te-kendoje-sivjet-ne-mal-te-zi\/\",\"name\":\"Parashikohet q\u00eb Britney Spears t\u00eb k\u00ebndoj\u00eb sivjet n\u00eb Mal t\u00eb Zi - Lajme nga Ulqini\",\"isPartOf\":{\"@id\":\"https:\/\/www.visit-ulcinj.com\/blog\/#website\"},\"primaryImageOfPage\":{\"@id\":\"https:\/\/www.visit-ulcinj.com\/blog\/2009\/03\/15\/parashikohet-qe-britney-spears-te-kendoje-sivjet-ne-mal-te-zi\/#primaryimage\"},\"datePublished\":\"2009-03-15T19:05:02+00:00\",\"dateModified\":\"2009-03-15T19:05:02+00:00\",\"author\":{\"@id\":\"https:\/\/www.visit-ulcinj.com\/blog\/#\/schema\/person\/dcab619c614d3038751c63bc2aadc06d\"},\"description\":\"Bisedimet me menaxher\u00ebt e Britney Spearsit do t\u00eb\u00a0 zgasin disa muaj, nd\u00ebrsa p\u00ebr interpretim jan\u00eb marr\u00eb vesh p\u00ebr nj\u00eb \u00e7mimin prej m\u00eb s\u00eb disa\u00a0 milion\u00eb\",\"breadcrumb\":{\"@id\":\"https:\/\/www.visit-ulcinj.com\/blog\/2009\/03\/15\/parashikohet-qe-britney-spears-te-kendoje-sivjet-ne-mal-te-zi\/#breadcrumb\"},\"inLanguage\":\"en-US\",\"potentialAction\":[{\"@type\":\"ReadAction\",\"target\":[\"https:\/\/www.visit-ulcinj.com\/blog\/2009\/03\/15\/parashikohet-qe-britney-spears-te-kendoje-sivjet-ne-mal-te-zi\/\"]}]},{\"@type\":\"BreadcrumbList\",\"@id\":\"https:\/\/www.visit-ulcinj.com\/blog\/2009\/03\/15\/parashikohet-qe-britney-spears-te-kendoje-sivjet-ne-mal-te-zi\/#breadcrumb\",\"itemListElement\":[{\"@type\":\"ListItem\",\"position\":1,\"name\":\"Parashikohet q\u00eb Britney Spears t\u00eb k\u00ebndoj\u00eb sivjet n\u00eb Mal t\u00eb Zi\"}]},{\"@type\":\"Person\",\"@id\":\"https:\/\/www.visit-ulcinj.com\/blog\/#\/schema\/person\/dcab619c614d3038751c63bc2aadc06d\",\"name\":\"ulqini\",\"sameAs\":[\"http:\/\/www.visit-ulcinj.com\"],\"url\":\"https:\/\/www.visit-ulcinj.com\/blog\/author\/admin\/\"}]}<\/script>\n<!-- \/ Yoast SEO plugin. -->","yoast_head_json":{"title":"Parashikohet q\u00eb Britney Spears t\u00eb k\u00ebndoj\u00eb sivjet n\u00eb Mal t\u00eb Zi - Lajme nga Ulqini","description":"Bisedimet me menaxher\u00ebt e Britney Spearsit do t\u00eb\u00a0 zgasin disa muaj, nd\u00ebrsa p\u00ebr interpretim jan\u00eb marr\u00eb vesh p\u00ebr nj\u00eb \u00e7mimin prej m\u00eb s\u00eb disa\u00a0 milion\u00eb","robots":{"index":"index","follow":"follow","max-snippet":"max-snippet:-1","max-image-preview":"max-image-preview:large","max-video-preview":"max-video-preview:-1"},"canonical":"https:\/\/www.visit-ulcinj.com\/blog\/2009\/03\/15\/parashikohet-qe-britney-spears-te-kendoje-sivjet-ne-mal-te-zi\/","og_locale":"en_US","og_type":"article","og_title":"Parashikohet q\u00eb Britney Spears t\u00eb k\u00ebndoj\u00eb sivjet n\u00eb Mal t\u00eb Zi - Lajme nga Ulqini","og_description":"Bisedimet me menaxher\u00ebt e Britney Spearsit do t\u00eb\u00a0 zgasin disa muaj, nd\u00ebrsa p\u00ebr interpretim jan\u00eb marr\u00eb vesh p\u00ebr nj\u00eb \u00e7mimin prej m\u00eb s\u00eb disa\u00a0 milion\u00eb","og_url":"https:\/\/www.visit-ulcinj.com\/blog\/2009\/03\/15\/parashikohet-qe-britney-spears-te-kendoje-sivjet-ne-mal-te-zi\/","og_site_name":"Lajme nga Ulqini","article_published_time":"2009-03-15T19:05:02+00:00","og_image":[{"url":"http:\/\/www.visit-ulcinj.com\/blog\/wp-content\/uploads\/2009\/03\/britney-spears5.jpg"}],"twitter_misc":{"Written by":"ulqini","Est. reading time":"2 minutes"},"schema":{"@context":"https:\/\/schema.org","@graph":[{"@type":"WebSite","@id":"https:\/\/www.visit-ulcinj.com\/blog\/#website","url":"https:\/\/www.visit-ulcinj.com\/blog\/","name":"Lajme nga Ulqini","description":"Lajme,Vijesti,Ulqini,Ulqin,Crna Gora,Mali i Zi","potentialAction":[{"@type":"SearchAction","target":{"@type":"EntryPoint","urlTemplate":"https:\/\/www.visit-ulcinj.com\/blog\/?s={search_term_string}"},"query-input":"required name=search_term_string"}],"inLanguage":"en-US"},{"@type":"ImageObject","inLanguage":"en-US","@id":"https:\/\/www.visit-ulcinj.com\/blog\/2009\/03\/15\/parashikohet-qe-britney-spears-te-kendoje-sivjet-ne-mal-te-zi\/#primaryimage","url":"http:\/\/www.visit-ulcinj.com\/blog\/wp-content\/uploads\/2009\/03\/britney-spears5.jpg","contentUrl":"http:\/\/www.visit-ulcinj.com\/blog\/wp-content\/uploads\/2009\/03\/britney-spears5.jpg"},{"@type":"WebPage","@id":"https:\/\/www.visit-ulcinj.com\/blog\/2009\/03\/15\/parashikohet-qe-britney-spears-te-kendoje-sivjet-ne-mal-te-zi\/#webpage","url":"https:\/\/www.visit-ulcinj.com\/blog\/2009\/03\/15\/parashikohet-qe-britney-spears-te-kendoje-sivjet-ne-mal-te-zi\/","name":"Parashikohet q\u00eb Britney Spears t\u00eb k\u00ebndoj\u00eb sivjet n\u00eb Mal t\u00eb Zi - Lajme nga Ulqini","isPartOf":{"@id":"https:\/\/www.visit-ulcinj.com\/blog\/#website"},"primaryImageOfPage":{"@id":"https:\/\/www.visit-ulcinj.com\/blog\/2009\/03\/15\/parashikohet-qe-britney-spears-te-kendoje-sivjet-ne-mal-te-zi\/#primaryimage"},"datePublished":"2009-03-15T19:05:02+00:00","dateModified":"2009-03-15T19:05:02+00:00","author":{"@id":"https:\/\/www.visit-ulcinj.com\/blog\/#\/schema\/person\/dcab619c614d3038751c63bc2aadc06d"},"description":"Bisedimet me menaxher\u00ebt e Britney Spearsit do t\u00eb\u00a0 zgasin disa muaj, nd\u00ebrsa p\u00ebr interpretim jan\u00eb marr\u00eb vesh p\u00ebr nj\u00eb \u00e7mimin prej m\u00eb s\u00eb disa\u00a0 milion\u00eb","breadcrumb":{"@id":"https:\/\/www.visit-ulcinj.com\/blog\/2009\/03\/15\/parashikohet-qe-britney-spears-te-kendoje-sivjet-ne-mal-te-zi\/#breadcrumb"},"inLanguage":"en-US","potentialAction":[{"@type":"ReadAction","target":["https:\/\/www.visit-ulcinj.com\/blog\/2009\/03\/15\/parashikohet-qe-britney-spears-te-kendoje-sivjet-ne-mal-te-zi\/"]}]},{"@type":"BreadcrumbList","@id":"https:\/\/www.visit-ulcinj.com\/blog\/2009\/03\/15\/parashikohet-qe-britney-spears-te-kendoje-sivjet-ne-mal-te-zi\/#breadcrumb","itemListElement":[{"@type":"ListItem","position":1,"name":"Parashikohet q\u00eb Britney Spears t\u00eb k\u00ebndoj\u00eb sivjet n\u00eb Mal t\u00eb Zi"}]},{"@type":"Person","@id":"https:\/\/www.visit-ulcinj.com\/blog\/#\/schema\/person\/dcab619c614d3038751c63bc2aadc06d","name":"ulqini","sameAs":["http:\/\/www.visit-ulcinj.com"],"url":"https:\/\/www.visit-ulcinj.com\/blog\/author\/admin\/"}]}},"jetpack_featured_media_url":"","jetpack_sharing_enabled":true,"jetpack_shortlink":"https:\/\/wp.me\/pe6lTn-3J8","_links":{"self":[{"href":"https:\/\/www.visit-ulcinj.com\/blog\/wp-json\/wp\/v2\/posts\/14330"}],"collection":[{"href":"https:\/\/www.visit-ulcinj.com\/blog\/wp-json\/wp\/v2\/posts"}],"about":[{"href":"https:\/\/www.visit-ulcinj.com\/blog\/wp-json\/wp\/v2\/types\/post"}],"author":[{"embeddable":true,"href":"https:\/\/www.visit-ulcinj.com\/blog\/wp-json\/wp\/v2\/users\/1"}],"replies":[{"embeddable":true,"href":"https:\/\/www.visit-ulcinj.com\/blog\/wp-json\/wp\/v2\/comments?post=14330"}],"version-history":[{"count":0,"href":"https:\/\/www.visit-ulcinj.com\/blog\/wp-json\/wp\/v2\/posts\/14330\/revisions"}],"wp:attachment":[{"href":"https:\/\/www.visit-ulcinj.com\/blog\/wp-json\/wp\/v2\/media?parent=14330"}],"wp:term":[{"taxonomy":"category","embeddable":true,"href":"https:\/\/www.visit-ulcinj.com\/blog\/wp-json\/wp\/v2\/categories?post=14330"},{"taxonomy":"post_tag","embeddable":true,"href":"https:\/\/www.visit-ulcinj.com\/blog\/wp-json\/wp\/v2\/tags?post=14330"}],"curies":[{"name":"wp","href":"https:\/\/api.w.org\/{rel}","templated":true}]}}