{"id":14338,"date":"2009-03-15T20:34:49","date_gmt":"2009-03-15T19:34:49","guid":{"rendered":"http:\/\/www.visit-ulcinj.com\/blog\/?p=14338"},"modified":"2009-03-15T20:34:49","modified_gmt":"2009-03-15T19:34:49","slug":"ndahet-lorik-cana-me-zana-krasniqin","status":"publish","type":"post","link":"https:\/\/www.visit-ulcinj.com\/blog\/2009\/03\/15\/ndahet-lorik-cana-me-zana-krasniqin\/","title":{"rendered":"Ndahet Lorik Cana me Zana Krasniqin?"},"content":{"rendered":"<p><a href=\"http:\/\/www.visit-ulcinj.com\/blog\/wp-content\/uploads\/2009\/03\/lorik-cana_zana-krasniqi.jpg\"><img loading=\"lazy\" class=\"alignleft size-full wp-image-14339\" title=\"lorik-cana_zana-krasniqi\" src=\"http:\/\/www.visit-ulcinj.com\/blog\/wp-content\/uploads\/2009\/03\/lorik-cana_zana-krasniqi.jpg\" alt=\"lorik-cana_zana-krasniqi\" width=\"570\" height=\"400\" \/><\/a>Tabloidi shqiptar\u00eb, Panorama, ka lajm\u00ebruar q\u00eb jan\u00eb ndar\u00eb modelja e njohur kosovare Zana Krasniqi me futbollistin e komb\u00ebtares shqiptare Lorik Cana.<br \/>\nQ\u00eb n\u00eb fillim kan\u00eb qarkulluar thashetheme q\u00eb \u00e7ifti kishte kaluar nat\u00ebn e Vitit t\u00eb Ri s\u00eb bashku me Lorikun n\u00eb Paris t\u00eb Franc\u00ebs. Por, sipas tabloidit, thuhet se Loriku nuk ka pritur gjat\u00eb, por menj\u00ebher\u00eb pasi i ka dh\u00ebn\u00eb fund lidhjes me Zana Krasniqin, \u00ebsht\u00eb par\u00eb i<br \/>\nshoq\u00ebruar nga nj\u00eb modele braziliane me emrin Alisia.<br \/>\nKoh\u00ebt e fundit Zana Krasniqi ka qen\u00eb e ftuar n\u00eb programin \u201cGame Over\u201d dhe kur e kan\u00eb pyetur p\u00ebr jet\u00ebn private ajo \u00ebsht\u00eb p\u00ebrgjigjur: \u201cT\u00eb dashur kam por nuk jam e lidhur\u201d.<br \/>\nPor, ajo q\u00eb \u00ebsht\u00eb e \u00e7uditshme \u00ebsht\u00eb se Zana ende nuk ka larguar nga faqja e saj e facebook-ut fotot me Lorikun dhe si duket edhe kjo \u00ebsht\u00eb nj\u00eb thashetheme e Panoram\u00ebs, e cila nj\u00eb jav\u00eb m\u00eb par\u00eb kishte shkruar po ashtu se Zanfina Ismajli ka t\u00eb dashur t\u00eb ri, gj\u00eb t\u00eb cil\u00ebn e ka demantuar vet\u00eb k\u00ebng\u00ebtarja Ismajli.<\/p>\n<p><strong>Panorama Plus<\/strong><\/p>\n","protected":false},"excerpt":{"rendered":"<p>Tabloidi shqiptar\u00eb, Panorama, ka lajm\u00ebruar q\u00eb jan\u00eb ndar\u00eb modelja e njohur kosovare Zana Krasniqi me futbollistin e komb\u00ebtares shqiptare Lorik Cana. Q\u00eb n\u00eb fillim kan\u00eb qarkulluar thashetheme q\u00eb \u00e7ifti kishte kaluar nat\u00ebn e Vitit t\u00eb Ri s\u00eb bashku me Lorikun n\u00eb Paris t\u00eb Franc\u00ebs. Por, sipas tabloidit, thuhet se Loriku nuk ka pritur gjat\u00eb, por [&hellip;]<\/p>\n","protected":false},"author":1,"featured_media":0,"comment_status":"open","ping_status":"closed","sticky":false,"template":"","format":"standard","meta":{"spay_email":"","jetpack_publicize_message":"","jetpack_is_tweetstorm":false,"jetpack_publicize_feature_enabled":true},"categories":[1],"tags":[8008,8007,8009,8010],"jetpack_publicize_connections":[],"yoast_head":"<!-- This site is optimized with the Yoast SEO plugin v19.1 - https:\/\/yoast.com\/wordpress\/plugins\/seo\/ -->\n<title>Ndahet Lorik Cana me Zana Krasniqin? - Lajme nga Ulqini<\/title>\n<meta name=\"description\" content=\"Tabloidi shqiptar\u00eb, Panorama, ka lajm\u00ebruar q\u00eb jan\u00eb ndar\u00eb modelja e njohur kosovare Zana Krasniqi me futbollistin e komb\u00ebtares shqiptare Lorik Cana. Q\u00eb n\u00eb\" \/>\n<meta name=\"robots\" content=\"index, follow, max-snippet:-1, max-image-preview:large, max-video-preview:-1\" \/>\n<link rel=\"canonical\" href=\"https:\/\/www.visit-ulcinj.com\/blog\/2009\/03\/15\/ndahet-lorik-cana-me-zana-krasniqin\/\" \/>\n<meta property=\"og:locale\" content=\"en_US\" \/>\n<meta property=\"og:type\" content=\"article\" \/>\n<meta property=\"og:title\" content=\"Ndahet Lorik Cana me Zana Krasniqin? - Lajme nga Ulqini\" \/>\n<meta property=\"og:description\" content=\"Tabloidi shqiptar\u00eb, Panorama, ka lajm\u00ebruar q\u00eb jan\u00eb ndar\u00eb modelja e njohur kosovare Zana Krasniqi me futbollistin e komb\u00ebtares shqiptare Lorik Cana. Q\u00eb n\u00eb\" \/>\n<meta property=\"og:url\" content=\"https:\/\/www.visit-ulcinj.com\/blog\/2009\/03\/15\/ndahet-lorik-cana-me-zana-krasniqin\/\" \/>\n<meta property=\"og:site_name\" content=\"Lajme nga Ulqini\" \/>\n<meta property=\"article:published_time\" content=\"2009-03-15T19:34:49+00:00\" \/>\n<meta property=\"og:image\" content=\"http:\/\/www.visit-ulcinj.com\/blog\/wp-content\/uploads\/2009\/03\/lorik-cana_zana-krasniqi.jpg\" \/>\n<meta name=\"twitter:label1\" content=\"Written by\" \/>\n\t<meta name=\"twitter:data1\" content=\"ulqini\" \/>\n\t<meta name=\"twitter:label2\" content=\"Est. reading time\" \/>\n\t<meta name=\"twitter:data2\" content=\"1 minute\" \/>\n<script type=\"application\/ld+json\" class=\"yoast-schema-graph\">{\"@context\":\"https:\/\/schema.org\",\"@graph\":[{\"@type\":\"WebSite\",\"@id\":\"https:\/\/www.visit-ulcinj.com\/blog\/#website\",\"url\":\"https:\/\/www.visit-ulcinj.com\/blog\/\",\"name\":\"Lajme nga Ulqini\",\"description\":\"Lajme,Vijesti,Ulqini,Ulqin,Crna Gora,Mali i Zi\",\"potentialAction\":[{\"@type\":\"SearchAction\",\"target\":{\"@type\":\"EntryPoint\",\"urlTemplate\":\"https:\/\/www.visit-ulcinj.com\/blog\/?s={search_term_string}\"},\"query-input\":\"required name=search_term_string\"}],\"inLanguage\":\"en-US\"},{\"@type\":\"ImageObject\",\"inLanguage\":\"en-US\",\"@id\":\"https:\/\/www.visit-ulcinj.com\/blog\/2009\/03\/15\/ndahet-lorik-cana-me-zana-krasniqin\/#primaryimage\",\"url\":\"http:\/\/www.visit-ulcinj.com\/blog\/wp-content\/uploads\/2009\/03\/lorik-cana_zana-krasniqi.jpg\",\"contentUrl\":\"http:\/\/www.visit-ulcinj.com\/blog\/wp-content\/uploads\/2009\/03\/lorik-cana_zana-krasniqi.jpg\"},{\"@type\":\"WebPage\",\"@id\":\"https:\/\/www.visit-ulcinj.com\/blog\/2009\/03\/15\/ndahet-lorik-cana-me-zana-krasniqin\/#webpage\",\"url\":\"https:\/\/www.visit-ulcinj.com\/blog\/2009\/03\/15\/ndahet-lorik-cana-me-zana-krasniqin\/\",\"name\":\"Ndahet Lorik Cana me Zana Krasniqin? - Lajme nga Ulqini\",\"isPartOf\":{\"@id\":\"https:\/\/www.visit-ulcinj.com\/blog\/#website\"},\"primaryImageOfPage\":{\"@id\":\"https:\/\/www.visit-ulcinj.com\/blog\/2009\/03\/15\/ndahet-lorik-cana-me-zana-krasniqin\/#primaryimage\"},\"datePublished\":\"2009-03-15T19:34:49+00:00\",\"dateModified\":\"2009-03-15T19:34:49+00:00\",\"author\":{\"@id\":\"https:\/\/www.visit-ulcinj.com\/blog\/#\/schema\/person\/dcab619c614d3038751c63bc2aadc06d\"},\"description\":\"Tabloidi shqiptar\u00eb, Panorama, ka lajm\u00ebruar q\u00eb jan\u00eb ndar\u00eb modelja e njohur kosovare Zana Krasniqi me futbollistin e komb\u00ebtares shqiptare Lorik Cana. Q\u00eb n\u00eb\",\"breadcrumb\":{\"@id\":\"https:\/\/www.visit-ulcinj.com\/blog\/2009\/03\/15\/ndahet-lorik-cana-me-zana-krasniqin\/#breadcrumb\"},\"inLanguage\":\"en-US\",\"potentialAction\":[{\"@type\":\"ReadAction\",\"target\":[\"https:\/\/www.visit-ulcinj.com\/blog\/2009\/03\/15\/ndahet-lorik-cana-me-zana-krasniqin\/\"]}]},{\"@type\":\"BreadcrumbList\",\"@id\":\"https:\/\/www.visit-ulcinj.com\/blog\/2009\/03\/15\/ndahet-lorik-cana-me-zana-krasniqin\/#breadcrumb\",\"itemListElement\":[{\"@type\":\"ListItem\",\"position\":1,\"name\":\"Ndahet Lorik Cana me Zana Krasniqin?\"}]},{\"@type\":\"Person\",\"@id\":\"https:\/\/www.visit-ulcinj.com\/blog\/#\/schema\/person\/dcab619c614d3038751c63bc2aadc06d\",\"name\":\"ulqini\",\"sameAs\":[\"http:\/\/www.visit-ulcinj.com\"],\"url\":\"https:\/\/www.visit-ulcinj.com\/blog\/author\/admin\/\"}]}<\/script>\n<!-- \/ Yoast SEO plugin. -->","yoast_head_json":{"title":"Ndahet Lorik Cana me Zana Krasniqin? - Lajme nga Ulqini","description":"Tabloidi shqiptar\u00eb, Panorama, ka lajm\u00ebruar q\u00eb jan\u00eb ndar\u00eb modelja e njohur kosovare Zana Krasniqi me futbollistin e komb\u00ebtares shqiptare Lorik Cana. Q\u00eb n\u00eb","robots":{"index":"index","follow":"follow","max-snippet":"max-snippet:-1","max-image-preview":"max-image-preview:large","max-video-preview":"max-video-preview:-1"},"canonical":"https:\/\/www.visit-ulcinj.com\/blog\/2009\/03\/15\/ndahet-lorik-cana-me-zana-krasniqin\/","og_locale":"en_US","og_type":"article","og_title":"Ndahet Lorik Cana me Zana Krasniqin? - Lajme nga Ulqini","og_description":"Tabloidi shqiptar\u00eb, Panorama, ka lajm\u00ebruar q\u00eb jan\u00eb ndar\u00eb modelja e njohur kosovare Zana Krasniqi me futbollistin e komb\u00ebtares shqiptare Lorik Cana. Q\u00eb n\u00eb","og_url":"https:\/\/www.visit-ulcinj.com\/blog\/2009\/03\/15\/ndahet-lorik-cana-me-zana-krasniqin\/","og_site_name":"Lajme nga Ulqini","article_published_time":"2009-03-15T19:34:49+00:00","og_image":[{"url":"http:\/\/www.visit-ulcinj.com\/blog\/wp-content\/uploads\/2009\/03\/lorik-cana_zana-krasniqi.jpg"}],"twitter_misc":{"Written by":"ulqini","Est. reading time":"1 minute"},"schema":{"@context":"https:\/\/schema.org","@graph":[{"@type":"WebSite","@id":"https:\/\/www.visit-ulcinj.com\/blog\/#website","url":"https:\/\/www.visit-ulcinj.com\/blog\/","name":"Lajme nga Ulqini","description":"Lajme,Vijesti,Ulqini,Ulqin,Crna Gora,Mali i Zi","potentialAction":[{"@type":"SearchAction","target":{"@type":"EntryPoint","urlTemplate":"https:\/\/www.visit-ulcinj.com\/blog\/?s={search_term_string}"},"query-input":"required name=search_term_string"}],"inLanguage":"en-US"},{"@type":"ImageObject","inLanguage":"en-US","@id":"https:\/\/www.visit-ulcinj.com\/blog\/2009\/03\/15\/ndahet-lorik-cana-me-zana-krasniqin\/#primaryimage","url":"http:\/\/www.visit-ulcinj.com\/blog\/wp-content\/uploads\/2009\/03\/lorik-cana_zana-krasniqi.jpg","contentUrl":"http:\/\/www.visit-ulcinj.com\/blog\/wp-content\/uploads\/2009\/03\/lorik-cana_zana-krasniqi.jpg"},{"@type":"WebPage","@id":"https:\/\/www.visit-ulcinj.com\/blog\/2009\/03\/15\/ndahet-lorik-cana-me-zana-krasniqin\/#webpage","url":"https:\/\/www.visit-ulcinj.com\/blog\/2009\/03\/15\/ndahet-lorik-cana-me-zana-krasniqin\/","name":"Ndahet Lorik Cana me Zana Krasniqin? - Lajme nga Ulqini","isPartOf":{"@id":"https:\/\/www.visit-ulcinj.com\/blog\/#website"},"primaryImageOfPage":{"@id":"https:\/\/www.visit-ulcinj.com\/blog\/2009\/03\/15\/ndahet-lorik-cana-me-zana-krasniqin\/#primaryimage"},"datePublished":"2009-03-15T19:34:49+00:00","dateModified":"2009-03-15T19:34:49+00:00","author":{"@id":"https:\/\/www.visit-ulcinj.com\/blog\/#\/schema\/person\/dcab619c614d3038751c63bc2aadc06d"},"description":"Tabloidi shqiptar\u00eb, Panorama, ka lajm\u00ebruar q\u00eb jan\u00eb ndar\u00eb modelja e njohur kosovare Zana Krasniqi me futbollistin e komb\u00ebtares shqiptare Lorik Cana. Q\u00eb n\u00eb","breadcrumb":{"@id":"https:\/\/www.visit-ulcinj.com\/blog\/2009\/03\/15\/ndahet-lorik-cana-me-zana-krasniqin\/#breadcrumb"},"inLanguage":"en-US","potentialAction":[{"@type":"ReadAction","target":["https:\/\/www.visit-ulcinj.com\/blog\/2009\/03\/15\/ndahet-lorik-cana-me-zana-krasniqin\/"]}]},{"@type":"BreadcrumbList","@id":"https:\/\/www.visit-ulcinj.com\/blog\/2009\/03\/15\/ndahet-lorik-cana-me-zana-krasniqin\/#breadcrumb","itemListElement":[{"@type":"ListItem","position":1,"name":"Ndahet Lorik Cana me Zana Krasniqin?"}]},{"@type":"Person","@id":"https:\/\/www.visit-ulcinj.com\/blog\/#\/schema\/person\/dcab619c614d3038751c63bc2aadc06d","name":"ulqini","sameAs":["http:\/\/www.visit-ulcinj.com"],"url":"https:\/\/www.visit-ulcinj.com\/blog\/author\/admin\/"}]}},"jetpack_featured_media_url":"","jetpack_sharing_enabled":true,"jetpack_shortlink":"https:\/\/wp.me\/pe6lTn-3Jg","_links":{"self":[{"href":"https:\/\/www.visit-ulcinj.com\/blog\/wp-json\/wp\/v2\/posts\/14338"}],"collection":[{"href":"https:\/\/www.visit-ulcinj.com\/blog\/wp-json\/wp\/v2\/posts"}],"about":[{"href":"https:\/\/www.visit-ulcinj.com\/blog\/wp-json\/wp\/v2\/types\/post"}],"author":[{"embeddable":true,"href":"https:\/\/www.visit-ulcinj.com\/blog\/wp-json\/wp\/v2\/users\/1"}],"replies":[{"embeddable":true,"href":"https:\/\/www.visit-ulcinj.com\/blog\/wp-json\/wp\/v2\/comments?post=14338"}],"version-history":[{"count":0,"href":"https:\/\/www.visit-ulcinj.com\/blog\/wp-json\/wp\/v2\/posts\/14338\/revisions"}],"wp:attachment":[{"href":"https:\/\/www.visit-ulcinj.com\/blog\/wp-json\/wp\/v2\/media?parent=14338"}],"wp:term":[{"taxonomy":"category","embeddable":true,"href":"https:\/\/www.visit-ulcinj.com\/blog\/wp-json\/wp\/v2\/categories?post=14338"},{"taxonomy":"post_tag","embeddable":true,"href":"https:\/\/www.visit-ulcinj.com\/blog\/wp-json\/wp\/v2\/tags?post=14338"}],"curies":[{"name":"wp","href":"https:\/\/api.w.org\/{rel}","templated":true}]}}