{"id":1435,"date":"2008-04-28T11:51:16","date_gmt":"2008-04-28T16:51:16","guid":{"rendered":"http:\/\/www.visit-ulcinj.com\/blog\/?p=1435"},"modified":"2008-04-28T13:55:26","modified_gmt":"2008-04-28T18:55:26","slug":"radha-e-plazhit-te-madh-te-ulqinit","status":"publish","type":"post","link":"https:\/\/www.visit-ulcinj.com\/blog\/2008\/04\/28\/radha-e-plazhit-te-madh-te-ulqinit\/","title":{"rendered":"Radha e Plazhit t\u00eb Madh t\u00eb Ulqinit"},"content":{"rendered":"<p><a href=\"http:\/\/www.visit-ulcinj.com\/blog\/wp-content\/uploads\/2008\/04\/velika-plaza1.jpg\"><img loading=\"lazy\" class=\"alignleft attachment wp-att-1342\" style=\"float: left;\" src=\"http:\/\/www.visit-ulcinj.com\/blog\/wp-content\/uploads\/2008\/04\/velika-plaza1.thumbnail.jpg\" alt=\"velika plaza1\" width=\"200\" height=\"134\" \/><\/a>Plazhit t\u00eb Madh t\u00eb Ulqinit do t&#8217;i ndryshoj\u00eb shum\u00eb shpejt pamja.Qeveria malazeze ka ftuar p\u00ebr t\u00eb investuar n\u00eb k\u00ebt\u00eb pjes\u00eb investitor\u00ebt e fuqish\u00ebm bot\u00ebror\u00eb.Pas investimeve t\u00eb m\u00ebdha n\u00eb pjes\u00ebt e tjera t\u00eb bregdetit, qeveria malazeze i ka hedhur syt\u00eb nga Ulqini. Ajo \u00ebsht\u00eb n\u00eb k\u00ebrkim t\u00eb investitor\u00ebve q\u00eb<br \/>\ndo ta shnd\u00ebrronin Plazhin e Madh n\u00eb pushimore t\u00eb klasit bot\u00ebror. &#8220;Zhvillimi i Plazhit t\u00eb Madh dhe lokacioneve t\u00eb tjera n\u00eb bregdetin e Malit t\u00eb Zi&#8230; mund t\u00eb ndryshojn\u00eb komplet t\u00eb ardhmen ekonomike p\u00ebr vendin ton\u00eb&#8221;, ka konstatuar Ministria e Turizmit e Malit t\u00eb Zi, p\u00ebr agjencin\u00eb franceze t\u00eb lajmeve, AFP. &#8220;Investimet n\u00eb k\u00ebt\u00eb sektor mund t\u00eb jen\u00eb butoni i bumit ekonomik q\u00eb ne po presim&#8221;, ka vler\u00ebsuar kjo ministri n\u00eb p\u00ebrgjigjet d\u00ebrguar AFP-s\u00eb. Mali i Zi, q\u00eb nga<br \/>\nndarja prej Serbis\u00eb, p\u00ebrmes referendumit historik para dy vjet\u00ebsh, ka qen\u00eb ekonomia m\u00eb dinamike e Ballkanit, me nj\u00eb rritje t\u00eb brutoproduktit vendor prej m\u00eb tep\u00ebr se 7 p\u00ebr qind vet\u00ebm gjat\u00eb vitit t\u00eb fundit.Dhe kjo rritje \u00ebsht\u00eb mund\u00ebsuar pik\u00ebrisht nga turizmi, duke t\u00ebrhequr m\u00eb tep\u00ebr se 1 miliard euro investime<br \/>\nt\u00eb jashtme direkte vet\u00ebm gjat\u00eb vitit 2007. Kjo ka b\u00ebr\u00eb q\u00eb papun\u00ebsia t\u00eb bjer\u00eb n\u00eb 11.6 p\u00ebr qind nga 14.6 p\u00ebr qind, sa ishte nj\u00eb vit m\u00eb her\u00ebt. Kjo ka tejkaluar<br \/>\nedhe parashikimet qeveritare.Malin e Zi e vizituan 1.13 milion turist\u00eb gjat\u00eb vitit t\u00eb kaluar, 19 p\u00ebr qind m\u00eb tep\u00ebr se nj\u00eb vit m\u00eb her\u00ebt. Sipas Ministris\u00eb s\u00eb Turizmit t\u00eb k\u00ebtij vendi, trageti pas pavar\u00ebsis\u00eb ishte n\u00eb 900 mij\u00eb turist\u00eb.Interesi i kompanive t\u00eb huaja n\u00eb projektet si Plazh i Madh, t\u00eb cilin Ministria e vler\u00ebson n\u00eb disa miliard\u00eb euro,nuk po zbehet pavar\u00ebsisht tensionet rreth fqinjit t\u00eb saj, Kosov\u00ebs.&#8221;Ekonomia n\u00eb m\u00ebnyr\u00eb<a href=\"http:\/\/www.visit-ulcinj.com\/blog\/wp-content\/uploads\/2008\/04\/vaso-radovic_dps.jpg\"><img loading=\"lazy\" class=\"alignright attachment wp-att-1428\" style=\"float: right;\" src=\"http:\/\/www.visit-ulcinj.com\/blog\/wp-content\/uploads\/2008\/04\/vaso-radovic_dps.thumbnail.jpg\" alt=\"Vaso Radovic\" width=\"200\" height=\"185\" \/><\/a> drastike \u00ebsht\u00eb ngritur pas pavar\u00ebsis\u00eb,efektet kan\u00eb qen\u00eb t\u00eb pabesueshme&#8221;, ka th\u00ebn\u00eb p\u00ebr AFP Vaso Radovi\u00e7, sekretar i Ulqinit p\u00ebr Ekonomi dhe zhvillim.Plazhi i Madh, sipas tij, ka qen\u00eb nj\u00eb potencial enorm p\u00ebr Ulqinin, q\u00eb krahasuar me pjes\u00ebt e tjera t\u00eb bregdetit \u00ebsht\u00eb nj\u00eb rajon i shkretuar,ku shqiptar\u00ebt etnik\u00eb p\u00ebrb\u00ebjn\u00eb 80 p\u00ebr qind t\u00eb 22 mij\u00eb banor\u00ebve. Por, projektit t\u00eb Plazhit t\u00eb Madh i kan\u00eb dal\u00eb edhe probleme, p\u00ebr shkak se nd\u00ebrtimet e m\u00ebdha mund t\u00eb ken\u00eb impakt n\u00eb ambient. N\u00eb nj\u00eb ftes\u00eb, Mali i Zi ka k\u00ebrkuar investitor\u00eb me eksperienc\u00eb nd\u00ebrkomb\u00ebtare dhe me resurse t\u00eb m\u00ebdha financiare&#8230;p\u00ebr t&#8217;u siguruar se zhvillimi i k\u00ebsaj pjese t\u00eb ve\u00e7ant\u00eb do t\u00eb b\u00ebhet n\u00eb m\u00ebnyr\u00eb t\u00eb q\u00ebndrueshme ekonomike dhe ambientale. Por, organizatat joqeveritare frik\u00ebsohen se nd\u00ebrtimet do t\u00eb dalin jasht\u00eb kontrollit si n\u00eb Budv\u00eb,qyteti bregdetar malazez, i njohur p\u00ebr kafe baret e zhurmshme, t\u00eb ngjitura me nj\u00ebra-tjetr\u00ebn.Plazhi i Madh \u00ebsht\u00eb sht\u00ebpi e shum\u00eb specieve t\u00eb rralla t\u00eb bot\u00ebs s\u00eb eg\u00ebr dhe bim\u00ebve. Por,ato rrezikohet t\u00eb zhduken p\u00ebr shkak t\u00eb pun\u00ebve ilegale. (AFP)<br \/>\n<strong><br \/>\nGazeta Express\u00eb<\/strong><\/p>\n<!-- vimeo error: not a vimeo video -->\n","protected":false},"excerpt":{"rendered":"<p><img loading=\"lazy\" class=\"alignleft attachment wp-att-1342\" style=\"float: left;\" src=\"http:\/\/www.visit-ulcinj.com\/blog\/wp-content\/uploads\/2008\/04\/velika-plaza1.thumbnail.jpg\" alt=\"velika plaza1\" width=\"140\" height=\"140\" \/><\/p>\n","protected":false},"author":1,"featured_media":0,"comment_status":"open","ping_status":"closed","sticky":false,"template":"","format":"standard","meta":{"spay_email":"","jetpack_publicize_message":"","jetpack_is_tweetstorm":false,"jetpack_publicize_feature_enabled":true},"categories":[12,15],"tags":[2796,95,2211,2798,2797,200,18,543,2782],"jetpack_publicize_connections":[],"yoast_head":"<!-- This site is optimized with the Yoast SEO plugin v19.1 - https:\/\/yoast.com\/wordpress\/plugins\/seo\/ -->\n<title>Radha e Plazhit t\u00eb Madh t\u00eb Ulqinit - Lajme nga Ulqini<\/title>\n<meta name=\"robots\" content=\"index, follow, max-snippet:-1, max-image-preview:large, max-video-preview:-1\" \/>\n<link rel=\"canonical\" href=\"https:\/\/www.visit-ulcinj.com\/blog\/2008\/04\/28\/radha-e-plazhit-te-madh-te-ulqinit\/\" \/>\n<meta property=\"og:locale\" content=\"en_US\" \/>\n<meta property=\"og:type\" content=\"article\" \/>\n<meta property=\"og:title\" content=\"Radha e Plazhit t\u00eb Madh t\u00eb Ulqinit - Lajme nga Ulqini\" \/>\n<meta property=\"og:url\" content=\"https:\/\/www.visit-ulcinj.com\/blog\/2008\/04\/28\/radha-e-plazhit-te-madh-te-ulqinit\/\" \/>\n<meta property=\"og:site_name\" content=\"Lajme nga Ulqini\" \/>\n<meta property=\"article:published_time\" content=\"2008-04-28T16:51:16+00:00\" \/>\n<meta property=\"article:modified_time\" content=\"2008-04-28T18:55:26+00:00\" \/>\n<meta property=\"og:image\" content=\"http:\/\/www.visit-ulcinj.com\/blog\/wp-content\/uploads\/2008\/04\/velika-plaza1.thumbnail.jpg\" \/>\n<meta name=\"twitter:label1\" content=\"Written by\" \/>\n\t<meta name=\"twitter:data1\" content=\"ulqini\" \/>\n\t<meta name=\"twitter:label2\" content=\"Est. reading time\" \/>\n\t<meta name=\"twitter:data2\" content=\"3 minutes\" \/>\n<script type=\"application\/ld+json\" class=\"yoast-schema-graph\">{\"@context\":\"https:\/\/schema.org\",\"@graph\":[{\"@type\":\"WebSite\",\"@id\":\"https:\/\/www.visit-ulcinj.com\/blog\/#website\",\"url\":\"https:\/\/www.visit-ulcinj.com\/blog\/\",\"name\":\"Lajme nga Ulqini\",\"description\":\"Lajme,Vijesti,Ulqini,Ulqin,Crna Gora,Mali i Zi\",\"potentialAction\":[{\"@type\":\"SearchAction\",\"target\":{\"@type\":\"EntryPoint\",\"urlTemplate\":\"https:\/\/www.visit-ulcinj.com\/blog\/?s={search_term_string}\"},\"query-input\":\"required name=search_term_string\"}],\"inLanguage\":\"en-US\"},{\"@type\":\"ImageObject\",\"inLanguage\":\"en-US\",\"@id\":\"https:\/\/www.visit-ulcinj.com\/blog\/2008\/04\/28\/radha-e-plazhit-te-madh-te-ulqinit\/#primaryimage\",\"url\":\"http:\/\/www.visit-ulcinj.com\/blog\/wp-content\/uploads\/2008\/04\/velika-plaza1.thumbnail.jpg\",\"contentUrl\":\"http:\/\/www.visit-ulcinj.com\/blog\/wp-content\/uploads\/2008\/04\/velika-plaza1.thumbnail.jpg\"},{\"@type\":\"WebPage\",\"@id\":\"https:\/\/www.visit-ulcinj.com\/blog\/2008\/04\/28\/radha-e-plazhit-te-madh-te-ulqinit\/#webpage\",\"url\":\"https:\/\/www.visit-ulcinj.com\/blog\/2008\/04\/28\/radha-e-plazhit-te-madh-te-ulqinit\/\",\"name\":\"Radha e Plazhit t\u00eb Madh t\u00eb Ulqinit - Lajme nga Ulqini\",\"isPartOf\":{\"@id\":\"https:\/\/www.visit-ulcinj.com\/blog\/#website\"},\"primaryImageOfPage\":{\"@id\":\"https:\/\/www.visit-ulcinj.com\/blog\/2008\/04\/28\/radha-e-plazhit-te-madh-te-ulqinit\/#primaryimage\"},\"datePublished\":\"2008-04-28T16:51:16+00:00\",\"dateModified\":\"2008-04-28T18:55:26+00:00\",\"author\":{\"@id\":\"https:\/\/www.visit-ulcinj.com\/blog\/#\/schema\/person\/dcab619c614d3038751c63bc2aadc06d\"},\"breadcrumb\":{\"@id\":\"https:\/\/www.visit-ulcinj.com\/blog\/2008\/04\/28\/radha-e-plazhit-te-madh-te-ulqinit\/#breadcrumb\"},\"inLanguage\":\"en-US\",\"potentialAction\":[{\"@type\":\"ReadAction\",\"target\":[\"https:\/\/www.visit-ulcinj.com\/blog\/2008\/04\/28\/radha-e-plazhit-te-madh-te-ulqinit\/\"]}]},{\"@type\":\"BreadcrumbList\",\"@id\":\"https:\/\/www.visit-ulcinj.com\/blog\/2008\/04\/28\/radha-e-plazhit-te-madh-te-ulqinit\/#breadcrumb\",\"itemListElement\":[{\"@type\":\"ListItem\",\"position\":1,\"name\":\"Radha e Plazhit t\u00eb Madh t\u00eb Ulqinit\"}]},{\"@type\":\"Person\",\"@id\":\"https:\/\/www.visit-ulcinj.com\/blog\/#\/schema\/person\/dcab619c614d3038751c63bc2aadc06d\",\"name\":\"ulqini\",\"sameAs\":[\"http:\/\/www.visit-ulcinj.com\"],\"url\":\"https:\/\/www.visit-ulcinj.com\/blog\/author\/admin\/\"}]}<\/script>\n<!-- \/ Yoast SEO plugin. -->","yoast_head_json":{"title":"Radha e Plazhit t\u00eb Madh t\u00eb Ulqinit - Lajme nga Ulqini","robots":{"index":"index","follow":"follow","max-snippet":"max-snippet:-1","max-image-preview":"max-image-preview:large","max-video-preview":"max-video-preview:-1"},"canonical":"https:\/\/www.visit-ulcinj.com\/blog\/2008\/04\/28\/radha-e-plazhit-te-madh-te-ulqinit\/","og_locale":"en_US","og_type":"article","og_title":"Radha e Plazhit t\u00eb Madh t\u00eb Ulqinit - Lajme nga Ulqini","og_url":"https:\/\/www.visit-ulcinj.com\/blog\/2008\/04\/28\/radha-e-plazhit-te-madh-te-ulqinit\/","og_site_name":"Lajme nga Ulqini","article_published_time":"2008-04-28T16:51:16+00:00","article_modified_time":"2008-04-28T18:55:26+00:00","og_image":[{"url":"http:\/\/www.visit-ulcinj.com\/blog\/wp-content\/uploads\/2008\/04\/velika-plaza1.thumbnail.jpg"}],"twitter_misc":{"Written by":"ulqini","Est. reading time":"3 minutes"},"schema":{"@context":"https:\/\/schema.org","@graph":[{"@type":"WebSite","@id":"https:\/\/www.visit-ulcinj.com\/blog\/#website","url":"https:\/\/www.visit-ulcinj.com\/blog\/","name":"Lajme nga Ulqini","description":"Lajme,Vijesti,Ulqini,Ulqin,Crna Gora,Mali i Zi","potentialAction":[{"@type":"SearchAction","target":{"@type":"EntryPoint","urlTemplate":"https:\/\/www.visit-ulcinj.com\/blog\/?s={search_term_string}"},"query-input":"required name=search_term_string"}],"inLanguage":"en-US"},{"@type":"ImageObject","inLanguage":"en-US","@id":"https:\/\/www.visit-ulcinj.com\/blog\/2008\/04\/28\/radha-e-plazhit-te-madh-te-ulqinit\/#primaryimage","url":"http:\/\/www.visit-ulcinj.com\/blog\/wp-content\/uploads\/2008\/04\/velika-plaza1.thumbnail.jpg","contentUrl":"http:\/\/www.visit-ulcinj.com\/blog\/wp-content\/uploads\/2008\/04\/velika-plaza1.thumbnail.jpg"},{"@type":"WebPage","@id":"https:\/\/www.visit-ulcinj.com\/blog\/2008\/04\/28\/radha-e-plazhit-te-madh-te-ulqinit\/#webpage","url":"https:\/\/www.visit-ulcinj.com\/blog\/2008\/04\/28\/radha-e-plazhit-te-madh-te-ulqinit\/","name":"Radha e Plazhit t\u00eb Madh t\u00eb Ulqinit - Lajme nga Ulqini","isPartOf":{"@id":"https:\/\/www.visit-ulcinj.com\/blog\/#website"},"primaryImageOfPage":{"@id":"https:\/\/www.visit-ulcinj.com\/blog\/2008\/04\/28\/radha-e-plazhit-te-madh-te-ulqinit\/#primaryimage"},"datePublished":"2008-04-28T16:51:16+00:00","dateModified":"2008-04-28T18:55:26+00:00","author":{"@id":"https:\/\/www.visit-ulcinj.com\/blog\/#\/schema\/person\/dcab619c614d3038751c63bc2aadc06d"},"breadcrumb":{"@id":"https:\/\/www.visit-ulcinj.com\/blog\/2008\/04\/28\/radha-e-plazhit-te-madh-te-ulqinit\/#breadcrumb"},"inLanguage":"en-US","potentialAction":[{"@type":"ReadAction","target":["https:\/\/www.visit-ulcinj.com\/blog\/2008\/04\/28\/radha-e-plazhit-te-madh-te-ulqinit\/"]}]},{"@type":"BreadcrumbList","@id":"https:\/\/www.visit-ulcinj.com\/blog\/2008\/04\/28\/radha-e-plazhit-te-madh-te-ulqinit\/#breadcrumb","itemListElement":[{"@type":"ListItem","position":1,"name":"Radha e Plazhit t\u00eb Madh t\u00eb Ulqinit"}]},{"@type":"Person","@id":"https:\/\/www.visit-ulcinj.com\/blog\/#\/schema\/person\/dcab619c614d3038751c63bc2aadc06d","name":"ulqini","sameAs":["http:\/\/www.visit-ulcinj.com"],"url":"https:\/\/www.visit-ulcinj.com\/blog\/author\/admin\/"}]}},"jetpack_featured_media_url":"","jetpack_sharing_enabled":true,"jetpack_shortlink":"https:\/\/wp.me\/pe6lTn-n9","_links":{"self":[{"href":"https:\/\/www.visit-ulcinj.com\/blog\/wp-json\/wp\/v2\/posts\/1435"}],"collection":[{"href":"https:\/\/www.visit-ulcinj.com\/blog\/wp-json\/wp\/v2\/posts"}],"about":[{"href":"https:\/\/www.visit-ulcinj.com\/blog\/wp-json\/wp\/v2\/types\/post"}],"author":[{"embeddable":true,"href":"https:\/\/www.visit-ulcinj.com\/blog\/wp-json\/wp\/v2\/users\/1"}],"replies":[{"embeddable":true,"href":"https:\/\/www.visit-ulcinj.com\/blog\/wp-json\/wp\/v2\/comments?post=1435"}],"version-history":[{"count":0,"href":"https:\/\/www.visit-ulcinj.com\/blog\/wp-json\/wp\/v2\/posts\/1435\/revisions"}],"wp:attachment":[{"href":"https:\/\/www.visit-ulcinj.com\/blog\/wp-json\/wp\/v2\/media?parent=1435"}],"wp:term":[{"taxonomy":"category","embeddable":true,"href":"https:\/\/www.visit-ulcinj.com\/blog\/wp-json\/wp\/v2\/categories?post=1435"},{"taxonomy":"post_tag","embeddable":true,"href":"https:\/\/www.visit-ulcinj.com\/blog\/wp-json\/wp\/v2\/tags?post=1435"}],"curies":[{"name":"wp","href":"https:\/\/api.w.org\/{rel}","templated":true}]}}