{"id":14356,"date":"2009-03-16T18:47:34","date_gmt":"2009-03-16T17:47:34","guid":{"rendered":"http:\/\/www.visit-ulcinj.com\/blog\/?p=14356"},"modified":"2009-03-18T13:54:33","modified_gmt":"2009-03-18T12:54:33","slug":"shqiptaret-kurre-me-teper-te-percare-ne-mal-te-zi","status":"publish","type":"post","link":"https:\/\/www.visit-ulcinj.com\/blog\/2009\/03\/16\/shqiptaret-kurre-me-teper-te-percare-ne-mal-te-zi\/","title":{"rendered":"Shqiptar\u00ebt kurr\u00eb m\u00eb tep\u00ebr t\u00eb p\u00ebr\u00e7ar\u00eb n\u00eb Mal t\u00eb Zi"},"content":{"rendered":"<p><strong><a href=\"http:\/\/www.visit-ulcinj.com\/blog\/wp-content\/uploads\/2009\/03\/karriga-per-partit-shqiptare-ne-mal-te-zi.jpg\"><img loading=\"lazy\" class=\"alignleft size-full wp-image-14357\" title=\"karriga-per-partit-shqiptare-ne-mal-te-zi\" src=\"http:\/\/www.visit-ulcinj.com\/blog\/wp-content\/uploads\/2009\/03\/karriga-per-partit-shqiptare-ne-mal-te-zi.jpg\" alt=\"karriga-per-partit-shqiptare-ne-mal-te-zi\" width=\"570\" height=\"768\" \/><\/a>Partit\u00eb shqiptare dhe zgjedhjet e ardhshme parlamentare<\/strong><\/p>\n<p>Kan\u00eb mbetur edhe m\u00eb pak se nj\u00ebzet dit\u00eb deri n\u00eb zgjedhjet e parakohshme parlamentare t\u00eb 29 marsit. \u00c7far\u00eb \u00ebsht\u00eb pasqyra e sken\u00ebs politike shqiptare n\u00eb prag t\u00eb zgjedhjeve? E mjerueshme! Ndon\u00ebse, varet si p\u00ebr k\u00eb! \u00cbsht\u00eb gj\u00eb reale t\u00eb pritet q\u00eb disa nga subjektet politike ta v\u00ebrtetojn\u00eb pozit\u00ebn stabile n\u00eb trupin e tyre votues (UDSH), disa t\u00eb tjer\u00eb me siguri do t\u00eb sh\u00ebnojn\u00eb rritje t\u00eb m\u00ebtejshme t\u00eb trupit votues (Forca e Re Demokratike) n\u00eb trev\u00ebn ku jan\u00eb subjekt politik autokton (Ulqini). P\u00ebr t\u00eb gjith\u00eb t\u00eb tjer\u00ebt, k\u00ebto zgjedhje jan\u00eb prov\u00eb e cila do t\u00eb vendos\u00eb p\u00ebr mbijetes\u00ebn e tyre t\u00eb m\u00ebtejshme n\u00eb sken\u00ebn politike.<\/p>\n<p><strong>Ku \u00ebsht\u00eb vendi i Mal\u00ebsis\u00eb?<\/strong><\/p>\n<p>Termeti m\u00eb i madh ka ndodhur n\u00eb Mal\u00ebsi pas shembjes s\u00eb Alternativ\u00ebs Shqiptare, partis\u00eb m\u00eb t\u00eb fort\u00eb n\u00eb zgjedhjet e 2006, me 2600 vota. Pas shembjes s\u00eb ASH-s\u00eb, t\u00eb dy rrymat insistojn\u00eb se jan\u00eb bart\u00ebse t\u00eb emrit dhe ides\u00eb s\u00eb ASH \u2013 s\u00eb burimore. Dy lista: n\u00eb nj\u00eb an\u00eb \u00ebsht\u00eb lista e koalicionit \u201cPerspektiva\u201d (pjesa e ish-ASH- it n\u00eb koalicion me disa subjekte politike minore nga Ulqini) dhe, n\u00eb an\u00ebn tjet\u00ebr, koalicioni i partis\u00eb e cila ka vazhduar ta mbaj\u00eb k\u00ebt\u00eb em\u00ebr (ASH), n\u00eb aleanc\u00eb parazgjedhore me Lidhjen Demokratike dhe List\u00ebn p\u00ebr Tuzin. N\u00eb zgjedhjet e ardhshme k\u00ebto do t\u00eb jen\u00eb kund\u00ebrshtar\u00eb t\u00eb drejtp\u00ebrdrejt\u00eb.<\/p>\n<p>\u00c7far\u00eb \u00ebsht\u00eb vendi i Mal\u00ebsis\u00eb n\u00eb k\u00ebto zgjedhje? Duhet t\u00eb konstatoj se gjendja duket e mjerueshme.\u00c7ka nuk \u00ebsht\u00eb n\u00eb rregull k\u00ebtu? Nj\u00eb krah i ish an\u00ebtar\u00ebve t\u00eb K\u00ebshillit Qendror t\u00eb ASH \u2013s\u00eb, gjendet n\u00eb listen e \u201cPerspektiv\u00ebs\u201d Lideri i deritash\u00ebm i Alternativ\u00ebs Shqiptare, dhe deputeti n\u00eb Kuvendin e Malit t\u00eb Zi, Vasel Sinishtaj, gjendet i dyti n\u00eb k\u00ebt\u00eb list\u00eb zgjedhore, pas Amir Hollajt. Kur e kam par\u00eb p\u00ebr t\u00eb paren her\u00eb n\u00eb media k\u00ebt\u00eb list\u00eb nuk kam mundur ta p\u00ebrmbaj\u00eb p\u00ebrshtypjen shokante. Sepse, \u00ebsht\u00eb nonsens q\u00eb Sinishtaj i cili duke i prir\u00eb listes s\u00eb ASH &#8211; it n\u00eb zgjedhjet e shtatorit 2006, ka marr\u00eb 2600 vota, jo vet\u00ebm q\u00eb ka hyr\u00eb n\u00eb aleanc\u00eb parazgjedhore me subjekte politike anonime, por, \u00ebsht\u00eb i dyti n\u00eb list\u00eb. \u00cbsht\u00eb v\u00ebshtir\u00eb q\u00eb n\u00eb mesin ton\u00eb t\u00eb vog\u00ebl t\u00eb shkruash p\u00ebr pesh\u00ebn politike t\u00eb personaliteteve, sepse, rrezikon q\u00eb kjo t\u00eb keqkuptohet nga politikan\u00ebt tan\u00eb t\u00eb cil\u00ebt ushtrojn\u00eb nj\u00eb profesion publik, nd\u00ebrsa, n\u00eb an\u00ebn tjet\u00ebr, nuk durojn\u00eb kritik\u00eb, por, fakt \u00ebsht\u00eb se ish lideri i ASH \u2013it, Sinishtaj, nuk ka guxuar ta devalvoj\u00eb veten duke hyr\u00eb i dyti n\u00eb list\u00eb pas personit i cili nuk ka pesh\u00eb t\u00eb r\u00ebnd\u00ebsishme si faktor politik. As krahu tjet\u00ebr i Alternativ\u00ebs burimore, me bart\u00ebsin e list\u00ebs Nik Gjeloshajn, nuk del n\u00eb zgjedhje n\u00eb m\u00ebnyr\u00eb t\u00eb pavarur, por, n\u00eb aleanc\u00eb me Lidhjen Demokratike.<\/p>\n<p><strong><\/p>\n<p>A ka mundur t\u00eb evitohet kjo situat\u00eb?<\/strong><\/p>\n<p>Natyrisht, se po. Kur n\u00eb nj\u00eb parti paraqiten fraksionet e papajtueshme, nga k\u00ebto fraksione formohen partit\u00eb e reja. Sepse, \u00ebsht\u00eb vet\u00ebm humbje kohe dhe derdhje e kot\u00eb e energjis\u00eb n\u00ebse problemet fshehen dhe realiteti zbukurohet para opinionit t\u00eb gjer\u00eb p\u00ebr ta krijuar p\u00ebrshtypjen se \u00e7do gj\u00eb \u00ebsht\u00eb n\u00eb rregull.. Ky \u00ebsht\u00eb mentaliteti mesjetar lindor i cili duhet braktisur nj\u00ebher\u00eb e p\u00ebrgjithmon\u00eb. Sa m\u00eb heret q\u00eb identifikohet problemi, \u00ebsht\u00eb m\u00eb mir\u00eb p\u00ebr vet subjektin (subjektet) politike. K\u00ebshtu, s\u00eb paku, ndodh n\u00eb vendet e demokracis\u00eb qytetare. N\u00eb vend t\u00eb k\u00ebsaj ka ndodhur q\u00eb kapaciteti politik i cili \u00ebsht\u00eb akumuluar n\u00eb ASH si fituese t\u00eb zgjedhjeve lokale t\u00eb 2006, t\u00eb shterret n\u00eb rrymime brenda partis\u00eb. \u00c7far\u00eb do t\u00eb jen\u00eb pasojat e k\u00ebsaj shterrjeje, do t\u00eb tregojn\u00eb zgjedhjet e ardhshme.<\/p>\n<p><strong>Koalicioni brenda Mal\u00ebsis\u00eb?<\/strong><\/p>\n<p>T\u00eb kishte ekzistuar nj\u00eb men\u00e7uri politike, sot ka mundur n\u00eb Mal\u00ebsi t\u00eb ekzistoj\u00eb nj\u00eb koalicion i fort\u00eb, i p\u00ebrb\u00ebr\u00eb nga dy subjekte m\u00eb t\u00eb forta politike, n\u00eb k\u00ebt\u00eb trev\u00eb, ASH dhe UDSH. Nuk do t\u00eb kishte qen\u00eb e nevojshme q\u00eb ky t\u00eb ishte doemos koalicion parazgjedhor. Por, ka mundur t\u00eb punohet konkretisht n\u00eb drejtim t\u00eb nj\u00eb vizioni t\u00eb ardhsh\u00ebm p\u00ebr ardhm\u00ebrin\u00eb e Mal\u00ebsis\u00eb prosperuese dhe proeuropiane. Nuk \u00ebsht\u00eb dashur k\u00ebtu t\u00eb kihet frik\u00eb nga profilet specifike t\u00eb secil\u00ebs prej k\u00ebtyre dy partive, sepse, kudo n\u00eb bot\u00eb, subjektet politike i kan\u00eb identitetet e tyre politike me t\u00eb cil\u00ebt ve\u00e7ohen nga nj\u00ebri tjetri, por, kjo nuk u pengon q\u00eb t\u00eb ken\u00eb relacione normale dhe t\u00eb hyjn\u00eb n\u00eb koalicione stabile. Sepse, punojn\u00eb n\u00eb r\u00eb miren e p\u00ebrbashk\u00ebt. A nuk ka mundur t\u00eb arrihet nj\u00eb gj\u00eb e till\u00eb edhe n\u00eb nj\u00eb trev\u00eb t\u00eb vog\u00ebl \u00e7far\u00eb \u00ebsht\u00eb Mal\u00ebsia?<\/p>\n<p><strong><\/p>\n<p>Xhoana M. Perkaj<\/p>\n<p><a title=\"link\" href=\"xhoanaperkaj@yahoo.com\" target=\"_blank\">xhoanaperkaj@yahoo.com<\/a><\/p>\n<p>Koha Javore<\/strong><\/p>\n<p><strong><!--YouTube Error: bad URL entered--><br \/>\n<\/strong><\/p>\n","protected":false},"excerpt":{"rendered":"<p>Partit\u00eb shqiptare dhe zgjedhjet e ardhshme parlamentare Kan\u00eb mbetur edhe m\u00eb pak se nj\u00ebzet dit\u00eb deri n\u00eb zgjedhjet e parakohshme parlamentare t\u00eb 29 marsit. \u00c7far\u00eb \u00ebsht\u00eb pasqyra e sken\u00ebs politike shqiptare n\u00eb prag t\u00eb zgjedhjeve? E mjerueshme! Ndon\u00ebse, varet si p\u00ebr k\u00eb! \u00cbsht\u00eb gj\u00eb reale t\u00eb pritet q\u00eb disa nga subjektet politike ta v\u00ebrtetojn\u00eb pozit\u00ebn [&hellip;]<\/p>\n","protected":false},"author":1,"featured_media":0,"comment_status":"open","ping_status":"closed","sticky":false,"template":"","format":"standard","meta":{"spay_email":"","jetpack_publicize_message":"","jetpack_is_tweetstorm":false,"jetpack_publicize_feature_enabled":true},"categories":[6],"tags":[690,8014,874,688,95,1877,8013,2394,200,18],"jetpack_publicize_connections":[],"yoast_head":"<!-- This site is optimized with the Yoast SEO plugin v19.1 - https:\/\/yoast.com\/wordpress\/plugins\/seo\/ -->\n<title>Shqiptar\u00ebt kurr\u00eb m\u00eb tep\u00ebr t\u00eb p\u00ebr\u00e7ar\u00eb n\u00eb Mal t\u00eb Zi - Lajme nga Ulqini<\/title>\n<meta name=\"description\" content=\"Partit\u00eb shqiptare dhe zgjedhjet e ardhshme parlamentare Kan\u00eb mbetur edhe m\u00eb pak se nj\u00ebzet dit\u00eb deri n\u00eb zgjedhjet e parakohshme parlamentare t\u00eb 29 marsit.\" \/>\n<meta name=\"robots\" content=\"index, follow, max-snippet:-1, max-image-preview:large, max-video-preview:-1\" \/>\n<link rel=\"canonical\" href=\"https:\/\/www.visit-ulcinj.com\/blog\/2009\/03\/16\/shqiptaret-kurre-me-teper-te-percare-ne-mal-te-zi\/\" \/>\n<meta property=\"og:locale\" content=\"en_US\" \/>\n<meta property=\"og:type\" content=\"article\" \/>\n<meta property=\"og:title\" content=\"Shqiptar\u00ebt kurr\u00eb m\u00eb tep\u00ebr t\u00eb p\u00ebr\u00e7ar\u00eb n\u00eb Mal t\u00eb Zi - Lajme nga Ulqini\" \/>\n<meta property=\"og:description\" content=\"Partit\u00eb shqiptare dhe zgjedhjet e ardhshme parlamentare Kan\u00eb mbetur edhe m\u00eb pak se nj\u00ebzet dit\u00eb deri n\u00eb zgjedhjet e parakohshme parlamentare t\u00eb 29 marsit.\" \/>\n<meta property=\"og:url\" content=\"https:\/\/www.visit-ulcinj.com\/blog\/2009\/03\/16\/shqiptaret-kurre-me-teper-te-percare-ne-mal-te-zi\/\" \/>\n<meta property=\"og:site_name\" content=\"Lajme nga Ulqini\" \/>\n<meta property=\"article:published_time\" content=\"2009-03-16T17:47:34+00:00\" \/>\n<meta property=\"article:modified_time\" content=\"2009-03-18T12:54:33+00:00\" \/>\n<meta property=\"og:image\" content=\"http:\/\/www.visit-ulcinj.com\/blog\/wp-content\/uploads\/2009\/03\/karriga-per-partit-shqiptare-ne-mal-te-zi.jpg\" \/>\n<meta name=\"twitter:label1\" content=\"Written by\" \/>\n\t<meta name=\"twitter:data1\" content=\"ulqini\" \/>\n\t<meta name=\"twitter:label2\" content=\"Est. reading time\" \/>\n\t<meta name=\"twitter:data2\" content=\"4 minutes\" \/>\n<script type=\"application\/ld+json\" class=\"yoast-schema-graph\">{\"@context\":\"https:\/\/schema.org\",\"@graph\":[{\"@type\":\"WebSite\",\"@id\":\"https:\/\/www.visit-ulcinj.com\/blog\/#website\",\"url\":\"https:\/\/www.visit-ulcinj.com\/blog\/\",\"name\":\"Lajme nga Ulqini\",\"description\":\"Lajme,Vijesti,Ulqini,Ulqin,Crna Gora,Mali i Zi\",\"potentialAction\":[{\"@type\":\"SearchAction\",\"target\":{\"@type\":\"EntryPoint\",\"urlTemplate\":\"https:\/\/www.visit-ulcinj.com\/blog\/?s={search_term_string}\"},\"query-input\":\"required name=search_term_string\"}],\"inLanguage\":\"en-US\"},{\"@type\":\"ImageObject\",\"inLanguage\":\"en-US\",\"@id\":\"https:\/\/www.visit-ulcinj.com\/blog\/2009\/03\/16\/shqiptaret-kurre-me-teper-te-percare-ne-mal-te-zi\/#primaryimage\",\"url\":\"http:\/\/www.visit-ulcinj.com\/blog\/wp-content\/uploads\/2009\/03\/karriga-per-partit-shqiptare-ne-mal-te-zi.jpg\",\"contentUrl\":\"http:\/\/www.visit-ulcinj.com\/blog\/wp-content\/uploads\/2009\/03\/karriga-per-partit-shqiptare-ne-mal-te-zi.jpg\"},{\"@type\":\"WebPage\",\"@id\":\"https:\/\/www.visit-ulcinj.com\/blog\/2009\/03\/16\/shqiptaret-kurre-me-teper-te-percare-ne-mal-te-zi\/#webpage\",\"url\":\"https:\/\/www.visit-ulcinj.com\/blog\/2009\/03\/16\/shqiptaret-kurre-me-teper-te-percare-ne-mal-te-zi\/\",\"name\":\"Shqiptar\u00ebt kurr\u00eb m\u00eb tep\u00ebr t\u00eb p\u00ebr\u00e7ar\u00eb n\u00eb Mal t\u00eb Zi - Lajme nga Ulqini\",\"isPartOf\":{\"@id\":\"https:\/\/www.visit-ulcinj.com\/blog\/#website\"},\"primaryImageOfPage\":{\"@id\":\"https:\/\/www.visit-ulcinj.com\/blog\/2009\/03\/16\/shqiptaret-kurre-me-teper-te-percare-ne-mal-te-zi\/#primaryimage\"},\"datePublished\":\"2009-03-16T17:47:34+00:00\",\"dateModified\":\"2009-03-18T12:54:33+00:00\",\"author\":{\"@id\":\"https:\/\/www.visit-ulcinj.com\/blog\/#\/schema\/person\/dcab619c614d3038751c63bc2aadc06d\"},\"description\":\"Partit\u00eb shqiptare dhe zgjedhjet e ardhshme parlamentare Kan\u00eb mbetur edhe m\u00eb pak se nj\u00ebzet dit\u00eb deri n\u00eb zgjedhjet e parakohshme parlamentare t\u00eb 29 marsit.\",\"breadcrumb\":{\"@id\":\"https:\/\/www.visit-ulcinj.com\/blog\/2009\/03\/16\/shqiptaret-kurre-me-teper-te-percare-ne-mal-te-zi\/#breadcrumb\"},\"inLanguage\":\"en-US\",\"potentialAction\":[{\"@type\":\"ReadAction\",\"target\":[\"https:\/\/www.visit-ulcinj.com\/blog\/2009\/03\/16\/shqiptaret-kurre-me-teper-te-percare-ne-mal-te-zi\/\"]}]},{\"@type\":\"BreadcrumbList\",\"@id\":\"https:\/\/www.visit-ulcinj.com\/blog\/2009\/03\/16\/shqiptaret-kurre-me-teper-te-percare-ne-mal-te-zi\/#breadcrumb\",\"itemListElement\":[{\"@type\":\"ListItem\",\"position\":1,\"name\":\"Shqiptar\u00ebt kurr\u00eb m\u00eb tep\u00ebr t\u00eb p\u00ebr\u00e7ar\u00eb n\u00eb Mal t\u00eb Zi\"}]},{\"@type\":\"Person\",\"@id\":\"https:\/\/www.visit-ulcinj.com\/blog\/#\/schema\/person\/dcab619c614d3038751c63bc2aadc06d\",\"name\":\"ulqini\",\"sameAs\":[\"http:\/\/www.visit-ulcinj.com\"],\"url\":\"https:\/\/www.visit-ulcinj.com\/blog\/author\/admin\/\"}]}<\/script>\n<!-- \/ Yoast SEO plugin. -->","yoast_head_json":{"title":"Shqiptar\u00ebt kurr\u00eb m\u00eb tep\u00ebr t\u00eb p\u00ebr\u00e7ar\u00eb n\u00eb Mal t\u00eb Zi - Lajme nga Ulqini","description":"Partit\u00eb shqiptare dhe zgjedhjet e ardhshme parlamentare Kan\u00eb mbetur edhe m\u00eb pak se nj\u00ebzet dit\u00eb deri n\u00eb zgjedhjet e parakohshme parlamentare t\u00eb 29 marsit.","robots":{"index":"index","follow":"follow","max-snippet":"max-snippet:-1","max-image-preview":"max-image-preview:large","max-video-preview":"max-video-preview:-1"},"canonical":"https:\/\/www.visit-ulcinj.com\/blog\/2009\/03\/16\/shqiptaret-kurre-me-teper-te-percare-ne-mal-te-zi\/","og_locale":"en_US","og_type":"article","og_title":"Shqiptar\u00ebt kurr\u00eb m\u00eb tep\u00ebr t\u00eb p\u00ebr\u00e7ar\u00eb n\u00eb Mal t\u00eb Zi - Lajme nga Ulqini","og_description":"Partit\u00eb shqiptare dhe zgjedhjet e ardhshme parlamentare Kan\u00eb mbetur edhe m\u00eb pak se nj\u00ebzet dit\u00eb deri n\u00eb zgjedhjet e parakohshme parlamentare t\u00eb 29 marsit.","og_url":"https:\/\/www.visit-ulcinj.com\/blog\/2009\/03\/16\/shqiptaret-kurre-me-teper-te-percare-ne-mal-te-zi\/","og_site_name":"Lajme nga Ulqini","article_published_time":"2009-03-16T17:47:34+00:00","article_modified_time":"2009-03-18T12:54:33+00:00","og_image":[{"url":"http:\/\/www.visit-ulcinj.com\/blog\/wp-content\/uploads\/2009\/03\/karriga-per-partit-shqiptare-ne-mal-te-zi.jpg"}],"twitter_misc":{"Written by":"ulqini","Est. reading time":"4 minutes"},"schema":{"@context":"https:\/\/schema.org","@graph":[{"@type":"WebSite","@id":"https:\/\/www.visit-ulcinj.com\/blog\/#website","url":"https:\/\/www.visit-ulcinj.com\/blog\/","name":"Lajme nga Ulqini","description":"Lajme,Vijesti,Ulqini,Ulqin,Crna Gora,Mali i Zi","potentialAction":[{"@type":"SearchAction","target":{"@type":"EntryPoint","urlTemplate":"https:\/\/www.visit-ulcinj.com\/blog\/?s={search_term_string}"},"query-input":"required name=search_term_string"}],"inLanguage":"en-US"},{"@type":"ImageObject","inLanguage":"en-US","@id":"https:\/\/www.visit-ulcinj.com\/blog\/2009\/03\/16\/shqiptaret-kurre-me-teper-te-percare-ne-mal-te-zi\/#primaryimage","url":"http:\/\/www.visit-ulcinj.com\/blog\/wp-content\/uploads\/2009\/03\/karriga-per-partit-shqiptare-ne-mal-te-zi.jpg","contentUrl":"http:\/\/www.visit-ulcinj.com\/blog\/wp-content\/uploads\/2009\/03\/karriga-per-partit-shqiptare-ne-mal-te-zi.jpg"},{"@type":"WebPage","@id":"https:\/\/www.visit-ulcinj.com\/blog\/2009\/03\/16\/shqiptaret-kurre-me-teper-te-percare-ne-mal-te-zi\/#webpage","url":"https:\/\/www.visit-ulcinj.com\/blog\/2009\/03\/16\/shqiptaret-kurre-me-teper-te-percare-ne-mal-te-zi\/","name":"Shqiptar\u00ebt kurr\u00eb m\u00eb tep\u00ebr t\u00eb p\u00ebr\u00e7ar\u00eb n\u00eb Mal t\u00eb Zi - Lajme nga Ulqini","isPartOf":{"@id":"https:\/\/www.visit-ulcinj.com\/blog\/#website"},"primaryImageOfPage":{"@id":"https:\/\/www.visit-ulcinj.com\/blog\/2009\/03\/16\/shqiptaret-kurre-me-teper-te-percare-ne-mal-te-zi\/#primaryimage"},"datePublished":"2009-03-16T17:47:34+00:00","dateModified":"2009-03-18T12:54:33+00:00","author":{"@id":"https:\/\/www.visit-ulcinj.com\/blog\/#\/schema\/person\/dcab619c614d3038751c63bc2aadc06d"},"description":"Partit\u00eb shqiptare dhe zgjedhjet e ardhshme parlamentare Kan\u00eb mbetur edhe m\u00eb pak se nj\u00ebzet dit\u00eb deri n\u00eb zgjedhjet e parakohshme parlamentare t\u00eb 29 marsit.","breadcrumb":{"@id":"https:\/\/www.visit-ulcinj.com\/blog\/2009\/03\/16\/shqiptaret-kurre-me-teper-te-percare-ne-mal-te-zi\/#breadcrumb"},"inLanguage":"en-US","potentialAction":[{"@type":"ReadAction","target":["https:\/\/www.visit-ulcinj.com\/blog\/2009\/03\/16\/shqiptaret-kurre-me-teper-te-percare-ne-mal-te-zi\/"]}]},{"@type":"BreadcrumbList","@id":"https:\/\/www.visit-ulcinj.com\/blog\/2009\/03\/16\/shqiptaret-kurre-me-teper-te-percare-ne-mal-te-zi\/#breadcrumb","itemListElement":[{"@type":"ListItem","position":1,"name":"Shqiptar\u00ebt kurr\u00eb m\u00eb tep\u00ebr t\u00eb p\u00ebr\u00e7ar\u00eb n\u00eb Mal t\u00eb Zi"}]},{"@type":"Person","@id":"https:\/\/www.visit-ulcinj.com\/blog\/#\/schema\/person\/dcab619c614d3038751c63bc2aadc06d","name":"ulqini","sameAs":["http:\/\/www.visit-ulcinj.com"],"url":"https:\/\/www.visit-ulcinj.com\/blog\/author\/admin\/"}]}},"jetpack_featured_media_url":"","jetpack_sharing_enabled":true,"jetpack_shortlink":"https:\/\/wp.me\/pe6lTn-3Jy","_links":{"self":[{"href":"https:\/\/www.visit-ulcinj.com\/blog\/wp-json\/wp\/v2\/posts\/14356"}],"collection":[{"href":"https:\/\/www.visit-ulcinj.com\/blog\/wp-json\/wp\/v2\/posts"}],"about":[{"href":"https:\/\/www.visit-ulcinj.com\/blog\/wp-json\/wp\/v2\/types\/post"}],"author":[{"embeddable":true,"href":"https:\/\/www.visit-ulcinj.com\/blog\/wp-json\/wp\/v2\/users\/1"}],"replies":[{"embeddable":true,"href":"https:\/\/www.visit-ulcinj.com\/blog\/wp-json\/wp\/v2\/comments?post=14356"}],"version-history":[{"count":0,"href":"https:\/\/www.visit-ulcinj.com\/blog\/wp-json\/wp\/v2\/posts\/14356\/revisions"}],"wp:attachment":[{"href":"https:\/\/www.visit-ulcinj.com\/blog\/wp-json\/wp\/v2\/media?parent=14356"}],"wp:term":[{"taxonomy":"category","embeddable":true,"href":"https:\/\/www.visit-ulcinj.com\/blog\/wp-json\/wp\/v2\/categories?post=14356"},{"taxonomy":"post_tag","embeddable":true,"href":"https:\/\/www.visit-ulcinj.com\/blog\/wp-json\/wp\/v2\/tags?post=14356"}],"curies":[{"name":"wp","href":"https:\/\/api.w.org\/{rel}","templated":true}]}}