{"id":14359,"date":"2009-03-16T19:08:55","date_gmt":"2009-03-16T18:08:55","guid":{"rendered":"http:\/\/www.visit-ulcinj.com\/blog\/?p=14359"},"modified":"2009-03-18T13:53:02","modified_gmt":"2009-03-18T12:53:02","slug":"grindjet-e-brendshme-brenda-shqiptareve","status":"publish","type":"post","link":"https:\/\/www.visit-ulcinj.com\/blog\/2009\/03\/16\/grindjet-e-brendshme-brenda-shqiptareve\/","title":{"rendered":"Grindjet e brendshme br\u00ebnda shqiptar\u00ebve"},"content":{"rendered":"<p><a href=\"http:\/\/www.visit-ulcinj.com\/blog\/wp-content\/uploads\/2009\/03\/retorika-e-partive-shqiptare-ne-mal-te-zi.jpg\"><img loading=\"lazy\" class=\"alignleft size-full wp-image-14360\" title=\"retorika-e-partive-shqiptare-ne-mal-te-zi\" src=\"http:\/\/www.visit-ulcinj.com\/blog\/wp-content\/uploads\/2009\/03\/retorika-e-partive-shqiptare-ne-mal-te-zi.jpg\" alt=\"retorika-e-partive-shqiptare-ne-mal-te-zi\" width=\"570\" height=\"375\" \/><\/a>Thon\u00eb se \u201cs\u2019ka trim q\u00eb t\u00eb mos ket\u00eb r\u00ebn\u00eb prej kali e s\u2019ka kal\u00eb q\u00eb t\u00eb mos ket\u00eb z\u00ebn\u00eb n\u00eb thumb!\u201d Puna \u00ebsht\u00eb q\u00eb pasi t\u00eb jesh rr\u00ebzuar, t\u00eb dish t\u00eb ngrihesh e p\u00ebrs\u00ebri t\u00eb vish n\u00eb vete.<\/p>\n<p>Tani q\u00eb gj\u00ebrat jan\u00eb qart\u00ebsuar rreth asaj se sa koalicione e parti politike do t\u00eb dalin n\u00eb zgjedhjet e parakohshme parlamentare, p\u00ebr ne shqiptar\u00ebt n\u00eb Mal t\u00eb Zi duket se jemi t\u00eb prirur p\u00ebr debakle. \u00c7dokund, n\u00eb \u00e7do ndej\u00eb heton vet\u00ebm urrejtje ndaj nj\u00ebri-tjetrit, e akumuluar kjo me propagand\u00ebn e b\u00ebr\u00eb nga ata q\u00eb do t\u00eb duhej t\u00eb ishin nism\u00ebtar\u00eb t\u00eb s\u00eb mir\u00ebs, t\u00eb asaj q\u00eb sjell bashkim e prosperitet p\u00ebr shqiptar\u00ebt. Vet\u00eb m\u00ebnyra e paraqitjes s\u00eb subjekteve shqiptare p\u00ebr t\u00eb dalur n\u00eb zgjedhje t\u00eb b\u00ebn t\u00eb pyes\u00ebsh veten, si ka mund\u00ebsi q\u00eb jemi katandisur k\u00ebshtu? Jemi b\u00ebr\u00eb t\u00eb paduruesh\u00ebm ndaj nj\u00ebri-tjetrit, duke sulmuar secilin q\u00eb nuk \u00ebsht\u00eb n\u00eb nj\u00eb mendje me ne, duke ofenduar kund\u00ebrshtar\u00ebt politik\u00eb edhe p\u00ebr jet\u00ebn private, shkall\u00ebn e aft\u00ebsis\u00eb profesionale, m\u00ebnyr\u00ebn e veprimit politik e \u00e7far\u00eb jo, vet\u00ebm e vet\u00ebm p\u00ebr ta paraqitur veten si engjuj, n\u00eb nj\u00eb koh\u00eb kur ose nuk din\u00eb se jan\u00eb zhdukur nga skena politike, ose para se ta kuptojn\u00eb k\u00ebt\u00eb hidhen e k\u00ebrcejn\u00eb si peshku pa uj\u00eb. T\u00eb rr\u00ebmosh p\u00ebr t\u00eb m\u00ebsuar t\u00eb metat e tjetrit, \u00ebsht\u00eb paturp\u00ebsi, ta p\u00ebrfol\u00ebsh at\u00eb majtas e djathtas \u00ebsht\u00eb ves i pafalsh\u00ebm p\u00ebr ata q\u00eb pretendojn\u00eb se jan\u00eb n\u00eb sh\u00ebrbim t\u00eb popullit.Tani k\u00ebtu nuk kalon dit\u00eb e t\u00eb mos d\u00ebgjosh deklaratat e tyre apo shkrimet n\u00eb media nga m\u00eb t\u00eb ndryshmet nga ata q\u00eb kan\u00eb mbetur pa parti, q\u00eb nuk i pranon askush, ata q\u00eb po i japin \u00e7do dit\u00eb e m\u00eb shum\u00eb profesionit t\u00eb vet politik \u201cnatyr\u00eb matrapazi\u201d, pa qen\u00eb t\u00eb vet\u00ebdijsh\u00ebm p\u00ebr t\u00eb kuptuar at\u00eb th\u00ebnien: \u201c\u00e7ka t\u2019i b\u00ebsh tjetrit, do ta p\u00ebrjetosh vet\u00eb\u201d. Kjo \u00ebsht\u00eb logjik\u00eb e tyre politike, k\u00ebshtu jan\u00eb t\u00eb prirur nga natyra, nga vlerat q\u00eb kan\u00eb n\u00eb vetvete duke menduar se me deklarata e pun\u00eb t\u00eb b\u00ebra mund t\u00eb realizojn\u00eb aspiratat dhe ambicjet e veta politike. Kjo logjik\u00eb u shfaqet si dukuri dhe vazhdon t\u2019u mbush\u00eb mendjen se k\u00ebshtu mund t\u00eb veprohet n\u00eb shoq\u00ebri pa harruar se kan\u00eb marr\u00eb fund, ose jan\u00eb duke u likuiduar. Pun\u00ebt e tyre t\u00eb ngritura mbi g\u00ebnjeshtra dhe st\u00ebmadhime t\u00eb dukurive negative duket se jan\u00eb shembur si nj\u00eb \u00ebnd\u00ebrr e hidhur dhe nj\u00eb ilzion i p\u00ebrmalluar!<\/p>\n<p>Kjo m\u00ebnyr\u00eb e veprimit politik t\u00eb tyre kur edhe br\u00ebnda nj\u00eb subjekti politik paraqiten t\u00eb ndar\u00eb me lista zgjedhore t\u00eb b\u00ebn\u00eb t\u00eb mendosh se dikush\u00ebt-k\u00ebrrkush\u00ebt shfryt\u00ebzojn\u00eb momentin p\u00ebr t\u2019u ngritur me merita t\u00eb huaja, pa pasur mas\u00ebn pas vetit. T\u00eb m\u00eb besohet se un\u00eb nuk jam p\u00ebr konfrontime br\u00ebnda subjekteve shqiptare e as br\u00ebnda nj\u00eb subjekti politik, at\u00ebher\u00eb pse na ndodh\u00eb kjo neve n\u00ebse nuk punojm\u00eb p\u00ebr shkat\u00ebrrim e p\u00ebrcarje brenda vet\u00ebs? Hileqar\u00ebt me pun\u00ebt e tyre tin\u00ebzare b\u00ebjn\u00eb nj\u00ebmij\u00eb dallavere p\u00ebr t\u00eb mbajtur poste e karriga t\u00eb cilat duket se nuk do t\u2019i mbajn\u00eb edhe shum\u00eb koh\u00eb. K\u00ebta bashibuzuk\u00eb vazhdojn\u00eb t\u00eb shesin mend kudo e me k\u00ebdo p\u00ebr t\u00eb arritur maj\u00ebn politike duke harruar se atje n\u00eb baz\u00eb kan\u00eb nj\u00eb mas\u00eb t\u00eb sh\u00ebndosh\u00eb q\u00eb do ti detyrojn\u00eb ata t\u00eb ulin gishtat e demokracis\u00eb p\u00ebr t\u00eb mos manipuluar m\u00eb me vot\u00ebn e sovranit. P\u00ebr ta ky \u00ebsht\u00eb nj\u00eb fakt i hidhur, ndaj shrohet pyetja: \u00e7far\u00eb e keqe i kanoset komunitetit t\u00eb k\u00ebtush\u00ebm nga k\u00ebta individ\u00eb q\u00eb nuk zgjedhin mjete p\u00ebr diskreditimin e njer\u00ebzve, p\u00ebr ofendimin q\u00eb u b\u00ebjn\u00eb t\u00eb tjer\u00ebve e duke n\u00ebn\u00e7muar k\u00ebdo pa zgjedhur mjete? Asgj\u00eb tjet\u00ebr, p\u00ebrvec se lakmia p\u00ebr t\u00eb qen\u00eb n\u00eb piedestal t\u00eb politik\u00ebs ditore e duke u sjellur me t\u00eb tjer\u00ebt sikur ata t\u00eb mos ishin pjes\u00eb e t\u00eb nj\u00ebjtit komb, pa pasur respekt e dinjitet ndaj t\u00eb tjer\u00ebve p\u00ebrdorin ofendime q\u00eb nuk i \u201cha pazari\u201d. Nga deklaratat dhe shkrimet e tyre njeriu nuk ka se si t\u00eb mos d\u00ebshprohet, megjithat\u00eb ne jemi m\u00ebsuar tashm\u00eb t\u2019i duam t\u00eb tjer\u00ebt kur vdesin e kurrsesi sa jemi gjall\u00eb. K\u00ebta mjeran\u00eb politik\u00eb q\u00eb shohin zi cdo gj\u00eb e \u00e7dok\u00eb q\u00eb mendon ndryshe pa pasur merita, duke u b\u00ebr\u00eb shembull tipik i s\u00eb keqes, merren me shpifje e mashtrime t\u00eb opinionit t\u00eb k\u00ebtush\u00ebm.<\/p>\n<p>Ky popull \u00ebsht\u00eb lodhur nga ata q\u00eb duan t\u00eb manipulojn\u00eb me votuesit duke u munduar ta bindin at\u00eb se pa ta do t\u00eb shkat\u00ebrrohet cdo gj\u00eb. E si zakonisht k\u00ebta me deklaratat e veta mundohen t\u00eb ulin imazhin e kund\u00ebrshtar\u00ebve t\u00eb tjer\u00eb p\u00ebr t\u2019u gjetur atyre \u201cqime n\u00eb vez\u00eb\u201d. Kjo betej br\u00ebnda shqiptar\u00ebve t\u00eb k\u00ebtuesh\u00ebm duket se nuk ka fund, k\u00ebt\u00eb do ta hetojm\u00eb at\u00ebher\u00eb kur t\u00eb ham\u00eb nj\u00ebri-tjetrin! P\u00ebr k\u00ebt\u00eb duhet l\u00ebn\u00eb anash mentalitetin ballkanik p\u00ebr t\u00eb m\u00ebnjanuar t\u00eb af\u00ebrmit e njer\u00ebs apo pal\u00ebs tjet\u00ebr, ndaj votuesi k\u00ebt\u00eb mund ta b\u00ebj\u00eb duke marr\u00eb pjes\u00eb n\u00eb votime n\u00eb m\u00ebnyr\u00eb masive p\u00ebr ta kuptuar k\u00ebta politikan\u00eb se ne nga Ballkani duhet t\u00eb shkojm\u00eb n\u00eb Evrop\u00eb.<\/p>\n<p><strong>Shaban Peraj<\/p>\n<p>Koha Javore<\/strong><\/p>\n<p><strong><!--YouTube Error: bad URL entered--><br \/>\n<\/strong><\/p>\n","protected":false},"excerpt":{"rendered":"<p>Thon\u00eb se \u201cs\u2019ka trim q\u00eb t\u00eb mos ket\u00eb r\u00ebn\u00eb prej kali e s\u2019ka kal\u00eb q\u00eb t\u00eb mos ket\u00eb z\u00ebn\u00eb n\u00eb thumb!\u201d Puna \u00ebsht\u00eb q\u00eb pasi t\u00eb jesh rr\u00ebzuar, t\u00eb dish t\u00eb ngrihesh e p\u00ebrs\u00ebri t\u00eb vish n\u00eb vete. Tani q\u00eb gj\u00ebrat jan\u00eb qart\u00ebsuar rreth asaj se sa koalicione e parti politike do t\u00eb dalin n\u00eb [&hellip;]<\/p>\n","protected":false},"author":1,"featured_media":0,"comment_status":"open","ping_status":"closed","sticky":false,"template":"","format":"standard","meta":{"spay_email":"","jetpack_publicize_message":"","jetpack_is_tweetstorm":false,"jetpack_publicize_feature_enabled":true},"categories":[6],"tags":[8015,92,2450,201,200,18],"jetpack_publicize_connections":[],"yoast_head":"<!-- This site is optimized with the Yoast SEO plugin v19.1 - https:\/\/yoast.com\/wordpress\/plugins\/seo\/ -->\n<title>Grindjet e brendshme br\u00ebnda shqiptar\u00ebve - Lajme nga Ulqini<\/title>\n<meta name=\"description\" content=\"Thon\u00eb se \u201cs\u2019ka trim q\u00eb t\u00eb mos ket\u00eb r\u00ebn\u00eb prej kali e s\u2019ka kal\u00eb q\u00eb t\u00eb mos ket\u00eb z\u00ebn\u00eb n\u00eb thumb!\u201d Puna \u00ebsht\u00eb q\u00eb pasi t\u00eb jesh rr\u00ebzuar, t\u00eb dish t\u00eb ngrihesh e\" \/>\n<meta name=\"robots\" content=\"index, follow, max-snippet:-1, max-image-preview:large, max-video-preview:-1\" \/>\n<link rel=\"canonical\" href=\"https:\/\/www.visit-ulcinj.com\/blog\/2009\/03\/16\/grindjet-e-brendshme-brenda-shqiptareve\/\" \/>\n<meta property=\"og:locale\" content=\"en_US\" \/>\n<meta property=\"og:type\" content=\"article\" \/>\n<meta property=\"og:title\" content=\"Grindjet e brendshme br\u00ebnda shqiptar\u00ebve - Lajme nga Ulqini\" \/>\n<meta property=\"og:description\" content=\"Thon\u00eb se \u201cs\u2019ka trim q\u00eb t\u00eb mos ket\u00eb r\u00ebn\u00eb prej kali e s\u2019ka kal\u00eb q\u00eb t\u00eb mos ket\u00eb z\u00ebn\u00eb n\u00eb thumb!\u201d Puna \u00ebsht\u00eb q\u00eb pasi t\u00eb jesh rr\u00ebzuar, t\u00eb dish t\u00eb ngrihesh e\" \/>\n<meta property=\"og:url\" content=\"https:\/\/www.visit-ulcinj.com\/blog\/2009\/03\/16\/grindjet-e-brendshme-brenda-shqiptareve\/\" \/>\n<meta property=\"og:site_name\" content=\"Lajme nga Ulqini\" \/>\n<meta property=\"article:published_time\" content=\"2009-03-16T18:08:55+00:00\" \/>\n<meta property=\"article:modified_time\" content=\"2009-03-18T12:53:02+00:00\" \/>\n<meta property=\"og:image\" content=\"http:\/\/www.visit-ulcinj.com\/blog\/wp-content\/uploads\/2009\/03\/retorika-e-partive-shqiptare-ne-mal-te-zi.jpg\" \/>\n<meta name=\"twitter:label1\" content=\"Written by\" \/>\n\t<meta name=\"twitter:data1\" content=\"ulqini\" \/>\n\t<meta name=\"twitter:label2\" content=\"Est. reading time\" \/>\n\t<meta name=\"twitter:data2\" content=\"5 minutes\" \/>\n<script type=\"application\/ld+json\" class=\"yoast-schema-graph\">{\"@context\":\"https:\/\/schema.org\",\"@graph\":[{\"@type\":\"WebSite\",\"@id\":\"https:\/\/www.visit-ulcinj.com\/blog\/#website\",\"url\":\"https:\/\/www.visit-ulcinj.com\/blog\/\",\"name\":\"Lajme nga Ulqini\",\"description\":\"Lajme,Vijesti,Ulqini,Ulqin,Crna Gora,Mali i Zi\",\"potentialAction\":[{\"@type\":\"SearchAction\",\"target\":{\"@type\":\"EntryPoint\",\"urlTemplate\":\"https:\/\/www.visit-ulcinj.com\/blog\/?s={search_term_string}\"},\"query-input\":\"required name=search_term_string\"}],\"inLanguage\":\"en-US\"},{\"@type\":\"ImageObject\",\"inLanguage\":\"en-US\",\"@id\":\"https:\/\/www.visit-ulcinj.com\/blog\/2009\/03\/16\/grindjet-e-brendshme-brenda-shqiptareve\/#primaryimage\",\"url\":\"https:\/\/www.visit-ulcinj.com\/blog\/wp-content\/uploads\/2009\/03\/retorika-e-partive-shqiptare-ne-mal-te-zi.jpg\",\"contentUrl\":\"https:\/\/www.visit-ulcinj.com\/blog\/wp-content\/uploads\/2009\/03\/retorika-e-partive-shqiptare-ne-mal-te-zi.jpg\",\"width\":\"1024\",\"height\":\"555\"},{\"@type\":\"WebPage\",\"@id\":\"https:\/\/www.visit-ulcinj.com\/blog\/2009\/03\/16\/grindjet-e-brendshme-brenda-shqiptareve\/#webpage\",\"url\":\"https:\/\/www.visit-ulcinj.com\/blog\/2009\/03\/16\/grindjet-e-brendshme-brenda-shqiptareve\/\",\"name\":\"Grindjet e brendshme br\u00ebnda shqiptar\u00ebve - Lajme nga Ulqini\",\"isPartOf\":{\"@id\":\"https:\/\/www.visit-ulcinj.com\/blog\/#website\"},\"primaryImageOfPage\":{\"@id\":\"https:\/\/www.visit-ulcinj.com\/blog\/2009\/03\/16\/grindjet-e-brendshme-brenda-shqiptareve\/#primaryimage\"},\"datePublished\":\"2009-03-16T18:08:55+00:00\",\"dateModified\":\"2009-03-18T12:53:02+00:00\",\"author\":{\"@id\":\"https:\/\/www.visit-ulcinj.com\/blog\/#\/schema\/person\/dcab619c614d3038751c63bc2aadc06d\"},\"description\":\"Thon\u00eb se \u201cs\u2019ka trim q\u00eb t\u00eb mos ket\u00eb r\u00ebn\u00eb prej kali e s\u2019ka kal\u00eb q\u00eb t\u00eb mos ket\u00eb z\u00ebn\u00eb n\u00eb thumb!\u201d Puna \u00ebsht\u00eb q\u00eb pasi t\u00eb jesh rr\u00ebzuar, t\u00eb dish t\u00eb ngrihesh e\",\"breadcrumb\":{\"@id\":\"https:\/\/www.visit-ulcinj.com\/blog\/2009\/03\/16\/grindjet-e-brendshme-brenda-shqiptareve\/#breadcrumb\"},\"inLanguage\":\"en-US\",\"potentialAction\":[{\"@type\":\"ReadAction\",\"target\":[\"https:\/\/www.visit-ulcinj.com\/blog\/2009\/03\/16\/grindjet-e-brendshme-brenda-shqiptareve\/\"]}]},{\"@type\":\"BreadcrumbList\",\"@id\":\"https:\/\/www.visit-ulcinj.com\/blog\/2009\/03\/16\/grindjet-e-brendshme-brenda-shqiptareve\/#breadcrumb\",\"itemListElement\":[{\"@type\":\"ListItem\",\"position\":1,\"name\":\"Grindjet e brendshme br\u00ebnda shqiptar\u00ebve\"}]},{\"@type\":\"Person\",\"@id\":\"https:\/\/www.visit-ulcinj.com\/blog\/#\/schema\/person\/dcab619c614d3038751c63bc2aadc06d\",\"name\":\"ulqini\",\"sameAs\":[\"http:\/\/www.visit-ulcinj.com\"],\"url\":\"https:\/\/www.visit-ulcinj.com\/blog\/author\/admin\/\"}]}<\/script>\n<!-- \/ Yoast SEO plugin. -->","yoast_head_json":{"title":"Grindjet e brendshme br\u00ebnda shqiptar\u00ebve - Lajme nga Ulqini","description":"Thon\u00eb se \u201cs\u2019ka trim q\u00eb t\u00eb mos ket\u00eb r\u00ebn\u00eb prej kali e s\u2019ka kal\u00eb q\u00eb t\u00eb mos ket\u00eb z\u00ebn\u00eb n\u00eb thumb!\u201d Puna \u00ebsht\u00eb q\u00eb pasi t\u00eb jesh rr\u00ebzuar, t\u00eb dish t\u00eb ngrihesh e","robots":{"index":"index","follow":"follow","max-snippet":"max-snippet:-1","max-image-preview":"max-image-preview:large","max-video-preview":"max-video-preview:-1"},"canonical":"https:\/\/www.visit-ulcinj.com\/blog\/2009\/03\/16\/grindjet-e-brendshme-brenda-shqiptareve\/","og_locale":"en_US","og_type":"article","og_title":"Grindjet e brendshme br\u00ebnda shqiptar\u00ebve - Lajme nga Ulqini","og_description":"Thon\u00eb se \u201cs\u2019ka trim q\u00eb t\u00eb mos ket\u00eb r\u00ebn\u00eb prej kali e s\u2019ka kal\u00eb q\u00eb t\u00eb mos ket\u00eb z\u00ebn\u00eb n\u00eb thumb!\u201d Puna \u00ebsht\u00eb q\u00eb pasi t\u00eb jesh rr\u00ebzuar, t\u00eb dish t\u00eb ngrihesh e","og_url":"https:\/\/www.visit-ulcinj.com\/blog\/2009\/03\/16\/grindjet-e-brendshme-brenda-shqiptareve\/","og_site_name":"Lajme nga Ulqini","article_published_time":"2009-03-16T18:08:55+00:00","article_modified_time":"2009-03-18T12:53:02+00:00","og_image":[{"url":"http:\/\/www.visit-ulcinj.com\/blog\/wp-content\/uploads\/2009\/03\/retorika-e-partive-shqiptare-ne-mal-te-zi.jpg"}],"twitter_misc":{"Written by":"ulqini","Est. reading time":"5 minutes"},"schema":{"@context":"https:\/\/schema.org","@graph":[{"@type":"WebSite","@id":"https:\/\/www.visit-ulcinj.com\/blog\/#website","url":"https:\/\/www.visit-ulcinj.com\/blog\/","name":"Lajme nga Ulqini","description":"Lajme,Vijesti,Ulqini,Ulqin,Crna Gora,Mali i Zi","potentialAction":[{"@type":"SearchAction","target":{"@type":"EntryPoint","urlTemplate":"https:\/\/www.visit-ulcinj.com\/blog\/?s={search_term_string}"},"query-input":"required name=search_term_string"}],"inLanguage":"en-US"},{"@type":"ImageObject","inLanguage":"en-US","@id":"https:\/\/www.visit-ulcinj.com\/blog\/2009\/03\/16\/grindjet-e-brendshme-brenda-shqiptareve\/#primaryimage","url":"https:\/\/www.visit-ulcinj.com\/blog\/wp-content\/uploads\/2009\/03\/retorika-e-partive-shqiptare-ne-mal-te-zi.jpg","contentUrl":"https:\/\/www.visit-ulcinj.com\/blog\/wp-content\/uploads\/2009\/03\/retorika-e-partive-shqiptare-ne-mal-te-zi.jpg","width":"1024","height":"555"},{"@type":"WebPage","@id":"https:\/\/www.visit-ulcinj.com\/blog\/2009\/03\/16\/grindjet-e-brendshme-brenda-shqiptareve\/#webpage","url":"https:\/\/www.visit-ulcinj.com\/blog\/2009\/03\/16\/grindjet-e-brendshme-brenda-shqiptareve\/","name":"Grindjet e brendshme br\u00ebnda shqiptar\u00ebve - Lajme nga Ulqini","isPartOf":{"@id":"https:\/\/www.visit-ulcinj.com\/blog\/#website"},"primaryImageOfPage":{"@id":"https:\/\/www.visit-ulcinj.com\/blog\/2009\/03\/16\/grindjet-e-brendshme-brenda-shqiptareve\/#primaryimage"},"datePublished":"2009-03-16T18:08:55+00:00","dateModified":"2009-03-18T12:53:02+00:00","author":{"@id":"https:\/\/www.visit-ulcinj.com\/blog\/#\/schema\/person\/dcab619c614d3038751c63bc2aadc06d"},"description":"Thon\u00eb se \u201cs\u2019ka trim q\u00eb t\u00eb mos ket\u00eb r\u00ebn\u00eb prej kali e s\u2019ka kal\u00eb q\u00eb t\u00eb mos ket\u00eb z\u00ebn\u00eb n\u00eb thumb!\u201d Puna \u00ebsht\u00eb q\u00eb pasi t\u00eb jesh rr\u00ebzuar, t\u00eb dish t\u00eb ngrihesh e","breadcrumb":{"@id":"https:\/\/www.visit-ulcinj.com\/blog\/2009\/03\/16\/grindjet-e-brendshme-brenda-shqiptareve\/#breadcrumb"},"inLanguage":"en-US","potentialAction":[{"@type":"ReadAction","target":["https:\/\/www.visit-ulcinj.com\/blog\/2009\/03\/16\/grindjet-e-brendshme-brenda-shqiptareve\/"]}]},{"@type":"BreadcrumbList","@id":"https:\/\/www.visit-ulcinj.com\/blog\/2009\/03\/16\/grindjet-e-brendshme-brenda-shqiptareve\/#breadcrumb","itemListElement":[{"@type":"ListItem","position":1,"name":"Grindjet e brendshme br\u00ebnda shqiptar\u00ebve"}]},{"@type":"Person","@id":"https:\/\/www.visit-ulcinj.com\/blog\/#\/schema\/person\/dcab619c614d3038751c63bc2aadc06d","name":"ulqini","sameAs":["http:\/\/www.visit-ulcinj.com"],"url":"https:\/\/www.visit-ulcinj.com\/blog\/author\/admin\/"}]}},"jetpack_featured_media_url":"","jetpack_sharing_enabled":true,"jetpack_shortlink":"https:\/\/wp.me\/pe6lTn-3JB","_links":{"self":[{"href":"https:\/\/www.visit-ulcinj.com\/blog\/wp-json\/wp\/v2\/posts\/14359"}],"collection":[{"href":"https:\/\/www.visit-ulcinj.com\/blog\/wp-json\/wp\/v2\/posts"}],"about":[{"href":"https:\/\/www.visit-ulcinj.com\/blog\/wp-json\/wp\/v2\/types\/post"}],"author":[{"embeddable":true,"href":"https:\/\/www.visit-ulcinj.com\/blog\/wp-json\/wp\/v2\/users\/1"}],"replies":[{"embeddable":true,"href":"https:\/\/www.visit-ulcinj.com\/blog\/wp-json\/wp\/v2\/comments?post=14359"}],"version-history":[{"count":0,"href":"https:\/\/www.visit-ulcinj.com\/blog\/wp-json\/wp\/v2\/posts\/14359\/revisions"}],"wp:attachment":[{"href":"https:\/\/www.visit-ulcinj.com\/blog\/wp-json\/wp\/v2\/media?parent=14359"}],"wp:term":[{"taxonomy":"category","embeddable":true,"href":"https:\/\/www.visit-ulcinj.com\/blog\/wp-json\/wp\/v2\/categories?post=14359"},{"taxonomy":"post_tag","embeddable":true,"href":"https:\/\/www.visit-ulcinj.com\/blog\/wp-json\/wp\/v2\/tags?post=14359"}],"curies":[{"name":"wp","href":"https:\/\/api.w.org\/{rel}","templated":true}]}}