{"id":14365,"date":"2009-03-16T20:50:13","date_gmt":"2009-03-16T19:50:13","guid":{"rendered":"http:\/\/www.visit-ulcinj.com\/blog\/?p=14365"},"modified":"2009-03-22T19:29:46","modified_gmt":"2009-03-22T18:29:46","slug":"kush-do-t%e2%80%99i-perfaqesoje-shqiptaret-ne-parlamentin-e-malit-te-zi","status":"publish","type":"post","link":"https:\/\/www.visit-ulcinj.com\/blog\/2009\/03\/16\/kush-do-t%e2%80%99i-perfaqesoje-shqiptaret-ne-parlamentin-e-malit-te-zi\/","title":{"rendered":"Video &#8211; Genci Nimanbegu, bart\u00ebs i List\u00ebs p\u00ebr deputet\u00eb  Forca \u2013 Nazif Cungu"},"content":{"rendered":"<p><a href=\"http:\/\/www.visit-ulcinj.com\/blog\/wp-content\/uploads\/2009\/03\/nova-demokratska-snaga-forca_genci-nimanbegu.png\"><img loading=\"lazy\" class=\"alignleft size-full wp-image-14325\" title=\"nova-demokratska-snaga-forca_genci-nimanbegu\" src=\"http:\/\/www.visit-ulcinj.com\/blog\/wp-content\/uploads\/2009\/03\/nova-demokratska-snaga-forca_genci-nimanbegu.png\" alt=\"nova-demokratska-snaga-forca_genci-nimanbegu\" width=\"570\" height=\"240\" \/><\/a><strong><\/strong><\/p>\n<p><strong>Kush do t\u2019i p\u00ebrfaq\u00ebsoj\u00eb shqiptar\u00ebt<\/strong><\/p>\n<p><strong>B\u00ebhen t\u00eb ditura koalicionet dhe partit\u00eb q\u00eb do t\u00eb garojn\u00eb n\u00eb nj\u00ebsin\u00eb e ve\u00e7ant\u00eb zgjedhore me shumic\u00eb shqiptare<br \/>\n1. \u00c7far\u00eb prisni nga k\u00ebto zgjedhje parlamentare?<br \/>\n2. Pse duhet t\u2019Ju votojn\u00eb shqiptar\u00ebt?<br \/>\n3. Cila \u00ebsht\u00eb p\u00ebrpar\u00ebsia Juaj n\u00eb krahasim me bart\u00ebsit e listave t\u00eb tjera p\u00ebr deputet\u00eb q\u00eb garojn\u00eb n\u00eb nj\u00ebsin\u00eb zgjedhore me shumic\u00eb shqiptare?<\/strong><\/p>\n<p><strong>Genci Nimanbegu, bart\u00ebs i List\u00ebs p\u00ebr deputet\u00eb i FORCA-s \u2013 Nazif Cungu<\/strong><\/p>\n<p>1. Ne n\u00eb k\u00ebto zgjedhje parlamentare presim q\u00eb votuesi shqiptar t\u00eb jet\u00eb nd\u00ebrgjegj\u00ebsuar dhe ta ket\u00eb kuptuar mir\u00eb q\u00eb partit\u00eb politike shqiptare q\u00eb kan\u00eb pasur pushtet deri tani jan\u00eb provuar tashm\u00eb, jan\u00eb shterruar dhe e kan\u00eb d\u00ebshmuar mjaft her\u00eb q\u00eb nuk jan\u00eb t\u00eb afta t\u2019i japin p\u00ebrgjigje elektoratit dhe t\u00eb p\u00ebrmir\u00ebsojn\u00eb gjendjen e popullsis\u00eb. Ato jan\u00eb shterruar dhe nuk jan\u00eb rigjeneruar prej koh\u00ebsh, jan\u00eb b\u00ebr\u00eb pron\u00eb private e lider\u00ebve t\u00eb tyre, nuk kan\u00eb demokraci t\u00eb brendshme dhe nuk prodhojn\u00eb asnj\u00eb platform\u00eb apo program p\u00ebr t\u00eb zgjidhur \u00e7\u00ebshtjet q\u00eb kan\u00eb r\u00ebnd\u00ebsi p\u00ebr shqiptar\u00ebt. Ne mendojm\u00eb se k\u00ebto jan\u00eb zgjedhjet e ndryshimit dhe se votuesi k\u00ebrkon rotacionin duke na dh\u00ebn\u00eb neve t\u00eb Forc\u00ebs shansin q\u00eb t\u00eb provohemi me p\u00ebrgjegj\u00ebsi.<br \/>\nForca e Re Demokratike gjat\u00eb k\u00ebsaj periudhe \u00ebsht\u00eb forcuar edhe m\u00eb tej, ka zgjeruar ndjesh\u00ebm an\u00ebtar\u00ebsin\u00eb edhe pse nuk kemi qen\u00eb n\u00eb pushtet e nuk kemi futur njer\u00ebz n\u00eb pun\u00eb apo nuk kemi dh\u00ebn\u00eb tendera sikurse b\u00ebjn\u00eb partit\u00eb e tjera p\u00ebr t\u00eb marr\u00eb mb\u00ebshtetje publike.<br \/>\nPrandaj k\u00ebto zgjedhje do t\u00eb v\u00ebrtetojn\u00eb se e drejta, ideali, cil\u00ebsia ka p\u00ebr t\u00eb triumfuar.<\/p>\n<p>2. Un\u00eb besoj se ne p\u00ebrfaq\u00ebsojm\u00eb m\u00eb mir\u00eb interesat e shqiptar\u00ebve, nuk kemi b\u00ebr\u00eb ndonj\u00ebher\u00eb kompromis me pushtetin n\u00eb kurriz t\u00eb interesit t\u00eb votuesve. Ne jo vet\u00ebm kemi integritet e nuk jemi p\u00ebrlyer, por kemi n\u00eb parti kuadro t\u00eb shquar, t\u00eb cil\u00ebt e kan\u00eb d\u00ebshmuar veten si profesionist\u00eb t\u00eb zot\u00eb n\u00eb fushat e tyre dhe politik\u00ebn nuk e kan\u00eb zanat t\u00eb tyre t\u00eb par\u00eb, mund ta sigurojn\u00eb jet\u00ebn edhe pa t\u00eb. Ata nuk e shohin politik\u00ebn si mund\u00ebsi p\u00ebr ta mjelur dhe shfryt\u00ebzuar, por e shohin si vokacion, si nj\u00eb mision, si nj\u00eb mjet t\u00eb domosdosh\u00ebm p\u00ebr t\u00eb siguruar nj\u00eb t\u00eb ardhme m\u00eb t\u00eb mir\u00eb p\u00ebr f\u00ebmij\u00ebt. Gjithashtu Forca ka an\u00ebtar\u00ebsi t\u00eb larmishme duke patur njer\u00ebz nga shoq\u00ebria civile, bota e biznesit, bota akademike e mbi t\u00eb gjitha shum\u00eb t\u00eb rinj, me energji dhe entuziaz\u00ebm. An\u00ebtar\u00ebt tan\u00eb jan\u00eb t\u00eb t\u00eb gjitha krahinave dhe p\u00ebrkat\u00ebsive fetare dhe ne funksionojm\u00eb me demokraci t\u00eb brendshme e jo si t\u00eb tjer\u00ebt. Por mbi t\u00eb gjitha un\u00eb mendoj se shqiptar\u00ebt duhet ta votojn\u00eb Forc\u00ebn sepse ne nuk kemi vet\u00ebm vullnetin e mir\u00eb, integritetin dhe ndershm\u00ebrin\u00eb, si dhe kuadrot e aft\u00eb p\u00ebr t\u00eb qeverisur m\u00eb mir\u00eb, por edhe sepse ne kemi vizion, kemi platform\u00eb dhe projekt t\u00eb qart\u00eb me ide dhe veprime p\u00ebr t\u00eb p\u00ebrmir\u00ebsuar gjendjen e shqiptar\u00ebve k\u00ebtu.<\/p>\n<p>3. P\u00ebrpar\u00ebsia ime ndaj t\u00eb tjer\u00ebve \u00ebsht\u00eb se un\u00eb nuk vij k\u00ebtu thjesht si individ, por vij t\u00eb p\u00ebrfaq\u00ebsohem si pjes\u00eb e nj\u00eb ekipi m\u00eb t\u00eb gjer\u00eb kuadrosh. Dhe ajo q\u00eb \u00ebsht\u00eb m\u00eb e r\u00ebnd\u00ebsishme, un\u00eb do sh\u00ebrbej si z\u00ebri i disa q\u00ebllimeve fisnike q\u00eb synojn\u00eb kat\u00ebr integrime.<br \/>\nS\u00eb pari mes nesh, ne si Forc\u00eb duam t\u00eb eliminojm\u00eb p\u00ebr\u00e7arjen krahinore, fetare dhe politike q\u00eb ka lul\u00ebzuar mes shqiptar\u00ebve gj\u00eb q\u00eb e kemi d\u00ebshmuar edhe me p\u00ebrpjekjet e palodhura tona p\u00ebr t\u00eb mund\u00ebsuar nj\u00eb koalicion t\u00eb gjer\u00eb shqiptar dhe p\u00ebr t\u00eb mund\u00ebsuar pajtimin e fraksioneve t\u00eb ndryshme brenda partive t\u00eb tjera shqiptare si Alternativa dhe Aleanca.<br \/>\nS\u00eb dyti, ne duam t\u00eb rrisim integrimin me viset e tjera t\u00eb banuara me shqiptar\u00eb, duke shtuar bashk\u00ebpunimin dhe lidhjen me t\u00eb gjith\u00eb bashk\u00ebkomb\u00ebsit.<br \/>\nS\u00eb treti, ne duam t\u00eb integrohemi m\u00eb mir\u00eb me pjes\u00ebn tjet\u00ebr t\u00eb Malit t\u00eb Zi n\u00eb m\u00ebnyr\u00eb q\u00eb shqiptar\u00ebt t\u00eb mos diskriminohen m\u00eb n\u00eb k\u00ebt\u00eb shtet dhe z\u00ebri i tyre t\u00eb d\u00ebgjohet fort\u00eb n\u00eb Podgoric\u00eb.<br \/>\nS\u00eb kat\u00ebrti, ne do kontribuojm\u00eb p\u00ebr p\u00ebrshpejtimin e integrimit evropian pasi vet\u00ebm brenda Evrop\u00ebs ne do kemi standarde t\u00eb larta jete dhe do g\u00ebzojm\u00eb respektimin e plot\u00eb t\u00eb identitetit ton\u00eb komb\u00ebtar. Ne mendojm\u00eb se ashtu sikurse pjes\u00ebmarrja e shqiptar\u00ebve n\u00eb referendumin p\u00ebr pavar\u00ebsi ishte vendimtare p\u00ebr krijimin e Malit t\u00eb Zi, kontributi i shqiptar\u00ebve do t\u00eb jet\u00eb i r\u00ebnd\u00ebsish\u00ebm edhe p\u00ebr t\u00eb realizuar integrimin euro-atlantik t\u00eb shtetit ton\u00eb.<\/p>\n<p><strong>Koha Javore<\/strong><\/p>\n<p>[flv width=&#8221;570&#8243; height=&#8221;375&#8243;]http:\/\/forca.me\/images\/stories\/videos\/FORCA_promo.flv[\/flv]<\/p>\n","protected":false},"excerpt":{"rendered":"<p>Kush do t\u2019i p\u00ebrfaq\u00ebsoj\u00eb shqiptar\u00ebt B\u00ebhen t\u00eb ditura koalicionet dhe partit\u00eb q\u00eb do t\u00eb garojn\u00eb n\u00eb nj\u00ebsin\u00eb e ve\u00e7ant\u00eb zgjedhore me shumic\u00eb shqiptare 1. \u00c7far\u00eb prisni nga k\u00ebto zgjedhje parlamentare? 2. Pse duhet t\u2019Ju votojn\u00eb shqiptar\u00ebt? 3. Cila \u00ebsht\u00eb p\u00ebrpar\u00ebsia Juaj n\u00eb krahasim me bart\u00ebsit e listave t\u00eb tjera p\u00ebr deputet\u00eb q\u00eb garojn\u00eb n\u00eb nj\u00ebsin\u00eb [&hellip;]<\/p>\n","protected":false},"author":1,"featured_media":0,"comment_status":"open","ping_status":"closed","sticky":false,"template":"","format":"standard","meta":{"spay_email":"","jetpack_publicize_message":"","jetpack_is_tweetstorm":false,"jetpack_publicize_feature_enabled":true},"categories":[5],"tags":[8025,117,8026,1073,8024],"jetpack_publicize_connections":[],"yoast_head":"<!-- This site is optimized with the Yoast SEO plugin v19.1 - https:\/\/yoast.com\/wordpress\/plugins\/seo\/ -->\n<title>Video - Genci Nimanbegu, bart\u00ebs i List\u00ebs p\u00ebr deputet\u00eb Forca \u2013 Nazif Cungu - Lajme nga Ulqini<\/title>\n<meta name=\"description\" content=\"Kush do t\u2019i p\u00ebrfaq\u00ebsoj\u00eb shqiptar\u00ebt B\u00ebhen t\u00eb ditura koalicionet dhe partit\u00eb q\u00eb do t\u00eb garojn\u00eb n\u00eb nj\u00ebsin\u00eb e ve\u00e7ant\u00eb zgjedhore me shumic\u00eb shqiptare 1. \u00c7far\u00eb\" \/>\n<meta name=\"robots\" content=\"index, follow, max-snippet:-1, max-image-preview:large, max-video-preview:-1\" \/>\n<link rel=\"canonical\" href=\"https:\/\/www.visit-ulcinj.com\/blog\/2009\/03\/16\/kush-do-t\u2019i-perfaqesoje-shqiptaret-ne-parlamentin-e-malit-te-zi\/\" \/>\n<meta property=\"og:locale\" content=\"en_US\" \/>\n<meta property=\"og:type\" content=\"article\" \/>\n<meta property=\"og:title\" content=\"Video - Genci Nimanbegu, bart\u00ebs i List\u00ebs p\u00ebr deputet\u00eb Forca \u2013 Nazif Cungu - Lajme nga Ulqini\" \/>\n<meta property=\"og:description\" content=\"Kush do t\u2019i p\u00ebrfaq\u00ebsoj\u00eb shqiptar\u00ebt B\u00ebhen t\u00eb ditura koalicionet dhe partit\u00eb q\u00eb do t\u00eb garojn\u00eb n\u00eb nj\u00ebsin\u00eb e ve\u00e7ant\u00eb zgjedhore me shumic\u00eb shqiptare 1. \u00c7far\u00eb\" \/>\n<meta property=\"og:url\" content=\"https:\/\/www.visit-ulcinj.com\/blog\/2009\/03\/16\/kush-do-t\u2019i-perfaqesoje-shqiptaret-ne-parlamentin-e-malit-te-zi\/\" \/>\n<meta property=\"og:site_name\" content=\"Lajme nga Ulqini\" \/>\n<meta property=\"article:published_time\" content=\"2009-03-16T19:50:13+00:00\" \/>\n<meta property=\"article:modified_time\" content=\"2009-03-22T18:29:46+00:00\" \/>\n<meta property=\"og:image\" content=\"http:\/\/www.visit-ulcinj.com\/blog\/wp-content\/uploads\/2009\/03\/nova-demokratska-snaga-forca_genci-nimanbegu.png\" \/>\n<meta name=\"twitter:label1\" content=\"Written by\" \/>\n\t<meta name=\"twitter:data1\" content=\"ulqini\" \/>\n\t<meta name=\"twitter:label2\" content=\"Est. reading time\" \/>\n\t<meta name=\"twitter:data2\" content=\"4 minutes\" \/>\n<script type=\"application\/ld+json\" class=\"yoast-schema-graph\">{\"@context\":\"https:\/\/schema.org\",\"@graph\":[{\"@type\":\"WebSite\",\"@id\":\"https:\/\/www.visit-ulcinj.com\/blog\/#website\",\"url\":\"https:\/\/www.visit-ulcinj.com\/blog\/\",\"name\":\"Lajme nga Ulqini\",\"description\":\"Lajme,Vijesti,Ulqini,Ulqin,Crna Gora,Mali i Zi\",\"potentialAction\":[{\"@type\":\"SearchAction\",\"target\":{\"@type\":\"EntryPoint\",\"urlTemplate\":\"https:\/\/www.visit-ulcinj.com\/blog\/?s={search_term_string}\"},\"query-input\":\"required name=search_term_string\"}],\"inLanguage\":\"en-US\"},{\"@type\":\"ImageObject\",\"inLanguage\":\"en-US\",\"@id\":\"https:\/\/www.visit-ulcinj.com\/blog\/2009\/03\/16\/kush-do-t%e2%80%99i-perfaqesoje-shqiptaret-ne-parlamentin-e-malit-te-zi\/#primaryimage\",\"url\":\"https:\/\/www.visit-ulcinj.com\/blog\/wp-content\/uploads\/2009\/03\/nova-demokratska-snaga-forca_genci-nimanbegu.png\",\"contentUrl\":\"https:\/\/www.visit-ulcinj.com\/blog\/wp-content\/uploads\/2009\/03\/nova-demokratska-snaga-forca_genci-nimanbegu.png\",\"width\":\"990\",\"height\":\"240\"},{\"@type\":\"WebPage\",\"@id\":\"https:\/\/www.visit-ulcinj.com\/blog\/2009\/03\/16\/kush-do-t%e2%80%99i-perfaqesoje-shqiptaret-ne-parlamentin-e-malit-te-zi\/#webpage\",\"url\":\"https:\/\/www.visit-ulcinj.com\/blog\/2009\/03\/16\/kush-do-t%e2%80%99i-perfaqesoje-shqiptaret-ne-parlamentin-e-malit-te-zi\/\",\"name\":\"Video - Genci Nimanbegu, bart\u00ebs i List\u00ebs p\u00ebr deputet\u00eb Forca \u2013 Nazif Cungu - Lajme nga Ulqini\",\"isPartOf\":{\"@id\":\"https:\/\/www.visit-ulcinj.com\/blog\/#website\"},\"primaryImageOfPage\":{\"@id\":\"https:\/\/www.visit-ulcinj.com\/blog\/2009\/03\/16\/kush-do-t%e2%80%99i-perfaqesoje-shqiptaret-ne-parlamentin-e-malit-te-zi\/#primaryimage\"},\"datePublished\":\"2009-03-16T19:50:13+00:00\",\"dateModified\":\"2009-03-22T18:29:46+00:00\",\"author\":{\"@id\":\"https:\/\/www.visit-ulcinj.com\/blog\/#\/schema\/person\/dcab619c614d3038751c63bc2aadc06d\"},\"description\":\"Kush do t\u2019i p\u00ebrfaq\u00ebsoj\u00eb shqiptar\u00ebt B\u00ebhen t\u00eb ditura koalicionet dhe partit\u00eb q\u00eb do t\u00eb garojn\u00eb n\u00eb nj\u00ebsin\u00eb e ve\u00e7ant\u00eb zgjedhore me shumic\u00eb shqiptare 1. \u00c7far\u00eb\",\"breadcrumb\":{\"@id\":\"https:\/\/www.visit-ulcinj.com\/blog\/2009\/03\/16\/kush-do-t%e2%80%99i-perfaqesoje-shqiptaret-ne-parlamentin-e-malit-te-zi\/#breadcrumb\"},\"inLanguage\":\"en-US\",\"potentialAction\":[{\"@type\":\"ReadAction\",\"target\":[\"https:\/\/www.visit-ulcinj.com\/blog\/2009\/03\/16\/kush-do-t%e2%80%99i-perfaqesoje-shqiptaret-ne-parlamentin-e-malit-te-zi\/\"]}]},{\"@type\":\"BreadcrumbList\",\"@id\":\"https:\/\/www.visit-ulcinj.com\/blog\/2009\/03\/16\/kush-do-t%e2%80%99i-perfaqesoje-shqiptaret-ne-parlamentin-e-malit-te-zi\/#breadcrumb\",\"itemListElement\":[{\"@type\":\"ListItem\",\"position\":1,\"name\":\"Video &#8211; Genci Nimanbegu, bart\u00ebs i List\u00ebs p\u00ebr deputet\u00eb Forca \u2013 Nazif Cungu\"}]},{\"@type\":\"Person\",\"@id\":\"https:\/\/www.visit-ulcinj.com\/blog\/#\/schema\/person\/dcab619c614d3038751c63bc2aadc06d\",\"name\":\"ulqini\",\"sameAs\":[\"http:\/\/www.visit-ulcinj.com\"],\"url\":\"https:\/\/www.visit-ulcinj.com\/blog\/author\/admin\/\"}]}<\/script>\n<!-- \/ Yoast SEO plugin. -->","yoast_head_json":{"title":"Video - Genci Nimanbegu, bart\u00ebs i List\u00ebs p\u00ebr deputet\u00eb Forca \u2013 Nazif Cungu - Lajme nga Ulqini","description":"Kush do t\u2019i p\u00ebrfaq\u00ebsoj\u00eb shqiptar\u00ebt B\u00ebhen t\u00eb ditura koalicionet dhe partit\u00eb q\u00eb do t\u00eb garojn\u00eb n\u00eb nj\u00ebsin\u00eb e ve\u00e7ant\u00eb zgjedhore me shumic\u00eb shqiptare 1. \u00c7far\u00eb","robots":{"index":"index","follow":"follow","max-snippet":"max-snippet:-1","max-image-preview":"max-image-preview:large","max-video-preview":"max-video-preview:-1"},"canonical":"https:\/\/www.visit-ulcinj.com\/blog\/2009\/03\/16\/kush-do-t\u2019i-perfaqesoje-shqiptaret-ne-parlamentin-e-malit-te-zi\/","og_locale":"en_US","og_type":"article","og_title":"Video - Genci Nimanbegu, bart\u00ebs i List\u00ebs p\u00ebr deputet\u00eb Forca \u2013 Nazif Cungu - Lajme nga Ulqini","og_description":"Kush do t\u2019i p\u00ebrfaq\u00ebsoj\u00eb shqiptar\u00ebt B\u00ebhen t\u00eb ditura koalicionet dhe partit\u00eb q\u00eb do t\u00eb garojn\u00eb n\u00eb nj\u00ebsin\u00eb e ve\u00e7ant\u00eb zgjedhore me shumic\u00eb shqiptare 1. \u00c7far\u00eb","og_url":"https:\/\/www.visit-ulcinj.com\/blog\/2009\/03\/16\/kush-do-t\u2019i-perfaqesoje-shqiptaret-ne-parlamentin-e-malit-te-zi\/","og_site_name":"Lajme nga Ulqini","article_published_time":"2009-03-16T19:50:13+00:00","article_modified_time":"2009-03-22T18:29:46+00:00","og_image":[{"url":"http:\/\/www.visit-ulcinj.com\/blog\/wp-content\/uploads\/2009\/03\/nova-demokratska-snaga-forca_genci-nimanbegu.png"}],"twitter_misc":{"Written by":"ulqini","Est. reading time":"4 minutes"},"schema":{"@context":"https:\/\/schema.org","@graph":[{"@type":"WebSite","@id":"https:\/\/www.visit-ulcinj.com\/blog\/#website","url":"https:\/\/www.visit-ulcinj.com\/blog\/","name":"Lajme nga Ulqini","description":"Lajme,Vijesti,Ulqini,Ulqin,Crna Gora,Mali i Zi","potentialAction":[{"@type":"SearchAction","target":{"@type":"EntryPoint","urlTemplate":"https:\/\/www.visit-ulcinj.com\/blog\/?s={search_term_string}"},"query-input":"required name=search_term_string"}],"inLanguage":"en-US"},{"@type":"ImageObject","inLanguage":"en-US","@id":"https:\/\/www.visit-ulcinj.com\/blog\/2009\/03\/16\/kush-do-t%e2%80%99i-perfaqesoje-shqiptaret-ne-parlamentin-e-malit-te-zi\/#primaryimage","url":"https:\/\/www.visit-ulcinj.com\/blog\/wp-content\/uploads\/2009\/03\/nova-demokratska-snaga-forca_genci-nimanbegu.png","contentUrl":"https:\/\/www.visit-ulcinj.com\/blog\/wp-content\/uploads\/2009\/03\/nova-demokratska-snaga-forca_genci-nimanbegu.png","width":"990","height":"240"},{"@type":"WebPage","@id":"https:\/\/www.visit-ulcinj.com\/blog\/2009\/03\/16\/kush-do-t%e2%80%99i-perfaqesoje-shqiptaret-ne-parlamentin-e-malit-te-zi\/#webpage","url":"https:\/\/www.visit-ulcinj.com\/blog\/2009\/03\/16\/kush-do-t%e2%80%99i-perfaqesoje-shqiptaret-ne-parlamentin-e-malit-te-zi\/","name":"Video - Genci Nimanbegu, bart\u00ebs i List\u00ebs p\u00ebr deputet\u00eb Forca \u2013 Nazif Cungu - Lajme nga Ulqini","isPartOf":{"@id":"https:\/\/www.visit-ulcinj.com\/blog\/#website"},"primaryImageOfPage":{"@id":"https:\/\/www.visit-ulcinj.com\/blog\/2009\/03\/16\/kush-do-t%e2%80%99i-perfaqesoje-shqiptaret-ne-parlamentin-e-malit-te-zi\/#primaryimage"},"datePublished":"2009-03-16T19:50:13+00:00","dateModified":"2009-03-22T18:29:46+00:00","author":{"@id":"https:\/\/www.visit-ulcinj.com\/blog\/#\/schema\/person\/dcab619c614d3038751c63bc2aadc06d"},"description":"Kush do t\u2019i p\u00ebrfaq\u00ebsoj\u00eb shqiptar\u00ebt B\u00ebhen t\u00eb ditura koalicionet dhe partit\u00eb q\u00eb do t\u00eb garojn\u00eb n\u00eb nj\u00ebsin\u00eb e ve\u00e7ant\u00eb zgjedhore me shumic\u00eb shqiptare 1. \u00c7far\u00eb","breadcrumb":{"@id":"https:\/\/www.visit-ulcinj.com\/blog\/2009\/03\/16\/kush-do-t%e2%80%99i-perfaqesoje-shqiptaret-ne-parlamentin-e-malit-te-zi\/#breadcrumb"},"inLanguage":"en-US","potentialAction":[{"@type":"ReadAction","target":["https:\/\/www.visit-ulcinj.com\/blog\/2009\/03\/16\/kush-do-t%e2%80%99i-perfaqesoje-shqiptaret-ne-parlamentin-e-malit-te-zi\/"]}]},{"@type":"BreadcrumbList","@id":"https:\/\/www.visit-ulcinj.com\/blog\/2009\/03\/16\/kush-do-t%e2%80%99i-perfaqesoje-shqiptaret-ne-parlamentin-e-malit-te-zi\/#breadcrumb","itemListElement":[{"@type":"ListItem","position":1,"name":"Video &#8211; Genci Nimanbegu, bart\u00ebs i List\u00ebs p\u00ebr deputet\u00eb Forca \u2013 Nazif Cungu"}]},{"@type":"Person","@id":"https:\/\/www.visit-ulcinj.com\/blog\/#\/schema\/person\/dcab619c614d3038751c63bc2aadc06d","name":"ulqini","sameAs":["http:\/\/www.visit-ulcinj.com"],"url":"https:\/\/www.visit-ulcinj.com\/blog\/author\/admin\/"}]}},"jetpack_featured_media_url":"","jetpack_sharing_enabled":true,"jetpack_shortlink":"https:\/\/wp.me\/pe6lTn-3JH","_links":{"self":[{"href":"https:\/\/www.visit-ulcinj.com\/blog\/wp-json\/wp\/v2\/posts\/14365"}],"collection":[{"href":"https:\/\/www.visit-ulcinj.com\/blog\/wp-json\/wp\/v2\/posts"}],"about":[{"href":"https:\/\/www.visit-ulcinj.com\/blog\/wp-json\/wp\/v2\/types\/post"}],"author":[{"embeddable":true,"href":"https:\/\/www.visit-ulcinj.com\/blog\/wp-json\/wp\/v2\/users\/1"}],"replies":[{"embeddable":true,"href":"https:\/\/www.visit-ulcinj.com\/blog\/wp-json\/wp\/v2\/comments?post=14365"}],"version-history":[{"count":0,"href":"https:\/\/www.visit-ulcinj.com\/blog\/wp-json\/wp\/v2\/posts\/14365\/revisions"}],"wp:attachment":[{"href":"https:\/\/www.visit-ulcinj.com\/blog\/wp-json\/wp\/v2\/media?parent=14365"}],"wp:term":[{"taxonomy":"category","embeddable":true,"href":"https:\/\/www.visit-ulcinj.com\/blog\/wp-json\/wp\/v2\/categories?post=14365"},{"taxonomy":"post_tag","embeddable":true,"href":"https:\/\/www.visit-ulcinj.com\/blog\/wp-json\/wp\/v2\/tags?post=14365"}],"curies":[{"name":"wp","href":"https:\/\/api.w.org\/{rel}","templated":true}]}}