{"id":14367,"date":"2009-03-16T21:09:36","date_gmt":"2009-03-16T20:09:36","guid":{"rendered":"http:\/\/www.visit-ulcinj.com\/blog\/?p=14367"},"modified":"2009-03-16T21:09:36","modified_gmt":"2009-03-16T20:09:36","slug":"ali-rexha-bartes-i-listes-per-deputete-i-partise-se-prosperitetit-demokratik","status":"publish","type":"post","link":"https:\/\/www.visit-ulcinj.com\/blog\/2009\/03\/16\/ali-rexha-bartes-i-listes-per-deputete-i-partise-se-prosperitetit-demokratik\/","title":{"rendered":"Ali Rexha, bart\u00ebs i List\u00ebs p\u00ebr deputet\u00eb i Partis\u00eb s\u00eb Prosperitetit Demokratik"},"content":{"rendered":"<p><a href=\"http:\/\/www.visit-ulcinj.com\/blog\/wp-content\/uploads\/2009\/03\/ali-rexha-per-deputet-i-ppd_se.jpg\"><img loading=\"lazy\" class=\"alignleft size-full wp-image-14368\" title=\"ali-rexha-per-deputet-i-ppd_se\" src=\"http:\/\/www.visit-ulcinj.com\/blog\/wp-content\/uploads\/2009\/03\/ali-rexha-per-deputet-i-ppd_se.jpg\" alt=\"ali-rexha-per-deputet-i-ppd_se\" width=\"570\" height=\"400\" \/><\/a>1. Ndryshe nga zgjedhjet e deritashme, pres q\u00eb premtimet e dh\u00ebna, disa bile edhe t\u00eb p\u00ebrs\u00ebritura gjithmon\u00eb para zgjedhjeve, k\u00ebsaj radhe t\u00eb plot\u00ebsohen. Pres q\u00eb t\u00eb drejtat e pakicave, n\u00eb ve\u00e7anti t\u00eb shqiptar\u00ebve, t\u00eb garantuara me ligjet dhe konventat evropiane dhe t\u00eb p\u00ebrfshira n\u00eb Kushtetut\u00ebn e Malit t\u00eb Zi si nj\u00eb nga kushtet kryesore p\u00ebr pranimin e Malit t\u00eb Zi n\u00eb Bashkimin Evropian, t\u00eb jet\u00ebsohen n\u00eb t\u00ebr\u00ebsi. Pres q\u00eb k\u00ebto t\u00eb drejta t\u00eb garantuara, si e drejta e identitetit, e drejta e p\u00ebrdorimit t\u00eb gjuh\u00ebs amtare dhe simboleve komb\u00ebtare n\u00eb jet\u00ebn private, publike dhe zyrtare, e drejta p\u00ebr zhvillim dhe ruajtje t\u00eb kultur\u00ebs dhe tradit\u00ebs, t\u00eb drejta t\u00eb ve\u00e7anta n\u00eb fush\u00ebn e shkollimit, e drejta n\u00eb pjes\u00ebmarrje efikase n\u00eb jet\u00ebn shoq\u00ebrore dhe kontakte e bashk\u00ebpunim nd\u00ebrkomb\u00ebtar e shum\u00eb t\u00eb tjera, t\u00eb mos mbeten vet\u00ebm shkronja t\u00eb thata n\u00eb Kushtetut\u00eb t\u00eb cilat p\u00ebrdoren p\u00ebr t\u00eb bindur opinionin nd\u00ebrkomb\u00ebtar se ato ekzistojn\u00eb sipas nevoj\u00ebs.<br \/>\nVet\u00ebm me jet\u00ebsimin e t\u00ebr\u00ebsish\u00ebm t\u00eb k\u00ebtyre t\u00eb drejtave, edhe shqiptar\u00ebt mund t\u00eb ecin kryelart\u00eb n\u00eb mesin e t\u00eb barabart\u00ebve.<\/p>\n<p>2. Jemi d\u00ebshmitar\u00eb se shqiptar\u00ebve kurr\u00eb nuk u ka munguar dhe nuk do t\u2019u mungoj\u00eb patriotizmi. Por, gjithashtu jemi d\u00ebshmitar\u00eb se shqiptar\u00ebt dita-dit\u00ebs po vet\u00ebdij\u00ebsohen dhe po e kuptojn\u00eb se vet\u00ebm patriotizmi, pa nj\u00eb politik\u00eb me vizion t\u00eb qart\u00eb, e mb\u00ebshtetur me nj\u00eb mir\u00ebqenie ekonomike, nuk mjafton p\u00ebr t\u2019u integruar n\u00eb rrjedhat bashk\u00ebkohore. Lista e PPD-s\u00eb ku t\u00eb gjitha ndasit\u00eb shqiptare jan\u00eb t\u00eb harmonizuara, ku jan\u00eb g\u00ebrshetuar p\u00ebrvoja me energjin\u00eb rinore, ku femr\u00ebs i \u00ebsht\u00eb dh\u00ebn\u00eb nj\u00eb hap\u00ebsir\u00eb e gjer\u00eb veprimi, premton plot\u00ebsimin e k\u00ebrkesave dhe nevojave t\u00eb shumta t\u00eb shqiptar\u00ebve n\u00eb Mal t\u00eb Zi.<br \/>\nKoha do ta d\u00ebshmoj\u00eb se emri i t\u00eb zgjedhurve n\u00eb list\u00ebn e PPD-s\u00eb nuk \u00ebsht\u00eb v\u00ebn\u00eb sa p\u00ebr t\u00eb figuruar, por t\u00eb gjith\u00eb ata t\u00eb zgjedhur jan\u00eb t\u00eb vullnetsh\u00ebm dhe kan\u00eb elan p\u00ebr t\u00eb punuar p\u00ebr t\u00eb mir\u00ebn e kombit.<\/p>\n<p>3. Personalisht i njoh t\u00eb gjith\u00eb t\u00eb kandiduarit dhe bart\u00ebsit e listave t\u00eb partive shqiptare n\u00eb k\u00ebto zgjedhje. P\u00ebrpar\u00ebsia ime n\u00eb krahasim me disa nga kandidat\u00ebt e tjer\u00eb \u00ebsht\u00eb risia q\u00eb sjell nj\u00eb imazh t\u00eb ri politik n\u00eb sken\u00ebn politike t\u00eb Malit t\u00eb Zi, nga nj\u00ebra an\u00eb, dhe p\u00ebrvoja ime shum\u00ebvje\u00e7are n\u00eb organizatat m\u00eb eminente nd\u00ebrkombetare, n\u00eb Mal t\u00eb Zi, n\u00eb rajon dhe n\u00ebp\u00ebr bot\u00eb, nga ana tjet\u00ebr.<br \/>\nN\u00eb \u00e7do m\u00ebnyr\u00eb jam munduar t\u00eb kontribuoj edhe at\u00ebher\u00eb p\u00ebr vendlindjen dhe popullin tim ndon\u00ebse nuk kam pasur asnj\u00eb interes p\u00ebr pozit\u00eb politike. At\u00eb se \u00e7\u2019kam b\u00ebr\u00eb e din\u00eb mir\u00eb udh\u00ebheq\u00ebsit e institucioneve shkollore e publike n\u00eb Ulqin, n\u00eb An\u00eb t\u00eb Malit, Kraj\u00eb, Shtoj dhe shum\u00eb komuna t\u00eb tjera n\u00eb Mal t\u00eb Zi, por p\u00ebr t\u00eb respektuar hap\u00ebsir\u00ebn q\u00eb ma keni rezervuar, nuk po i ceki nj\u00eb nga nj\u00eb. E ndjej si obligim q\u00eb k\u00ebt\u00eb p\u00ebrvoj\u00eb t\u00eb p\u00ebrfituar ta shfryt\u00ebzoj p\u00ebr prosperitetin e popullit tim.<br \/>\nN\u00eb fund m\u00eb lejoni t\u2019u d\u00ebshiroj t\u00eb gjith\u00eb kandidat\u00ebve fushat\u00eb t\u00eb mbar\u00eb, t\u00eb qet\u00eb dhe t\u00eb ndershme..<\/p>\n<p><strong>Koha Javore<\/strong><\/p>\n","protected":false},"excerpt":{"rendered":"<p>1. Ndryshe nga zgjedhjet e deritashme, pres q\u00eb premtimet e dh\u00ebna, disa bile edhe t\u00eb p\u00ebrs\u00ebritura gjithmon\u00eb para zgjedhjeve, k\u00ebsaj radhe t\u00eb plot\u00ebsohen. Pres q\u00eb t\u00eb drejtat e pakicave, n\u00eb ve\u00e7anti t\u00eb shqiptar\u00ebve, t\u00eb garantuara me ligjet dhe konventat evropiane dhe t\u00eb p\u00ebrfshira n\u00eb Kushtetut\u00ebn e Malit t\u00eb Zi si nj\u00eb nga kushtet kryesore p\u00ebr [&hellip;]<\/p>\n","protected":false},"author":1,"featured_media":0,"comment_status":"open","ping_status":"closed","sticky":false,"template":"","format":"standard","meta":{"spay_email":"","jetpack_publicize_message":"","jetpack_is_tweetstorm":false,"jetpack_publicize_feature_enabled":true},"categories":[12],"tags":[8027,212,8028,214,3928,5922,2083,213,201,200,18],"jetpack_publicize_connections":[],"yoast_head":"<!-- This site is optimized with the Yoast SEO plugin v19.1 - https:\/\/yoast.com\/wordpress\/plugins\/seo\/ -->\n<title>Ali Rexha, bart\u00ebs i List\u00ebs p\u00ebr deputet\u00eb i Partis\u00eb s\u00eb Prosperitetit Demokratik - Lajme nga Ulqini<\/title>\n<meta name=\"description\" content=\"1. Ndryshe nga zgjedhjet e deritashme, pres q\u00eb premtimet e dh\u00ebna, disa bile edhe t\u00eb p\u00ebrs\u00ebritura gjithmon\u00eb para zgjedhjeve, k\u00ebsaj radhe t\u00eb plot\u00ebsohen. Pres\" \/>\n<meta name=\"robots\" content=\"index, follow, max-snippet:-1, max-image-preview:large, max-video-preview:-1\" \/>\n<link rel=\"canonical\" href=\"https:\/\/www.visit-ulcinj.com\/blog\/2009\/03\/16\/ali-rexha-bartes-i-listes-per-deputete-i-partise-se-prosperitetit-demokratik\/\" \/>\n<meta property=\"og:locale\" content=\"en_US\" \/>\n<meta property=\"og:type\" content=\"article\" \/>\n<meta property=\"og:title\" content=\"Ali Rexha, bart\u00ebs i List\u00ebs p\u00ebr deputet\u00eb i Partis\u00eb s\u00eb Prosperitetit Demokratik - Lajme nga Ulqini\" \/>\n<meta property=\"og:description\" content=\"1. Ndryshe nga zgjedhjet e deritashme, pres q\u00eb premtimet e dh\u00ebna, disa bile edhe t\u00eb p\u00ebrs\u00ebritura gjithmon\u00eb para zgjedhjeve, k\u00ebsaj radhe t\u00eb plot\u00ebsohen. Pres\" \/>\n<meta property=\"og:url\" content=\"https:\/\/www.visit-ulcinj.com\/blog\/2009\/03\/16\/ali-rexha-bartes-i-listes-per-deputete-i-partise-se-prosperitetit-demokratik\/\" \/>\n<meta property=\"og:site_name\" content=\"Lajme nga Ulqini\" \/>\n<meta property=\"article:published_time\" content=\"2009-03-16T20:09:36+00:00\" \/>\n<meta property=\"og:image\" content=\"http:\/\/www.visit-ulcinj.com\/blog\/wp-content\/uploads\/2009\/03\/ali-rexha-per-deputet-i-ppd_se.jpg\" \/>\n<meta name=\"twitter:label1\" content=\"Written by\" \/>\n\t<meta name=\"twitter:data1\" content=\"ulqini\" \/>\n\t<meta name=\"twitter:label2\" content=\"Est. reading time\" \/>\n\t<meta name=\"twitter:data2\" content=\"3 minutes\" \/>\n<script type=\"application\/ld+json\" class=\"yoast-schema-graph\">{\"@context\":\"https:\/\/schema.org\",\"@graph\":[{\"@type\":\"WebSite\",\"@id\":\"https:\/\/www.visit-ulcinj.com\/blog\/#website\",\"url\":\"https:\/\/www.visit-ulcinj.com\/blog\/\",\"name\":\"Lajme nga Ulqini\",\"description\":\"Lajme,Vijesti,Ulqini,Ulqin,Crna Gora,Mali i Zi\",\"potentialAction\":[{\"@type\":\"SearchAction\",\"target\":{\"@type\":\"EntryPoint\",\"urlTemplate\":\"https:\/\/www.visit-ulcinj.com\/blog\/?s={search_term_string}\"},\"query-input\":\"required name=search_term_string\"}],\"inLanguage\":\"en-US\"},{\"@type\":\"ImageObject\",\"inLanguage\":\"en-US\",\"@id\":\"https:\/\/www.visit-ulcinj.com\/blog\/2009\/03\/16\/ali-rexha-bartes-i-listes-per-deputete-i-partise-se-prosperitetit-demokratik\/#primaryimage\",\"url\":\"https:\/\/www.visit-ulcinj.com\/blog\/wp-content\/uploads\/2009\/03\/ali-rexha-per-deputet-i-ppd_se.jpg\",\"contentUrl\":\"https:\/\/www.visit-ulcinj.com\/blog\/wp-content\/uploads\/2009\/03\/ali-rexha-per-deputet-i-ppd_se.jpg\",\"width\":\"1024\",\"height\":\"512\"},{\"@type\":\"WebPage\",\"@id\":\"https:\/\/www.visit-ulcinj.com\/blog\/2009\/03\/16\/ali-rexha-bartes-i-listes-per-deputete-i-partise-se-prosperitetit-demokratik\/#webpage\",\"url\":\"https:\/\/www.visit-ulcinj.com\/blog\/2009\/03\/16\/ali-rexha-bartes-i-listes-per-deputete-i-partise-se-prosperitetit-demokratik\/\",\"name\":\"Ali Rexha, bart\u00ebs i List\u00ebs p\u00ebr deputet\u00eb i Partis\u00eb s\u00eb Prosperitetit Demokratik - Lajme nga Ulqini\",\"isPartOf\":{\"@id\":\"https:\/\/www.visit-ulcinj.com\/blog\/#website\"},\"primaryImageOfPage\":{\"@id\":\"https:\/\/www.visit-ulcinj.com\/blog\/2009\/03\/16\/ali-rexha-bartes-i-listes-per-deputete-i-partise-se-prosperitetit-demokratik\/#primaryimage\"},\"datePublished\":\"2009-03-16T20:09:36+00:00\",\"dateModified\":\"2009-03-16T20:09:36+00:00\",\"author\":{\"@id\":\"https:\/\/www.visit-ulcinj.com\/blog\/#\/schema\/person\/dcab619c614d3038751c63bc2aadc06d\"},\"description\":\"1. Ndryshe nga zgjedhjet e deritashme, pres q\u00eb premtimet e dh\u00ebna, disa bile edhe t\u00eb p\u00ebrs\u00ebritura gjithmon\u00eb para zgjedhjeve, k\u00ebsaj radhe t\u00eb plot\u00ebsohen. Pres\",\"breadcrumb\":{\"@id\":\"https:\/\/www.visit-ulcinj.com\/blog\/2009\/03\/16\/ali-rexha-bartes-i-listes-per-deputete-i-partise-se-prosperitetit-demokratik\/#breadcrumb\"},\"inLanguage\":\"en-US\",\"potentialAction\":[{\"@type\":\"ReadAction\",\"target\":[\"https:\/\/www.visit-ulcinj.com\/blog\/2009\/03\/16\/ali-rexha-bartes-i-listes-per-deputete-i-partise-se-prosperitetit-demokratik\/\"]}]},{\"@type\":\"BreadcrumbList\",\"@id\":\"https:\/\/www.visit-ulcinj.com\/blog\/2009\/03\/16\/ali-rexha-bartes-i-listes-per-deputete-i-partise-se-prosperitetit-demokratik\/#breadcrumb\",\"itemListElement\":[{\"@type\":\"ListItem\",\"position\":1,\"name\":\"Ali Rexha, bart\u00ebs i List\u00ebs p\u00ebr deputet\u00eb i Partis\u00eb s\u00eb Prosperitetit Demokratik\"}]},{\"@type\":\"Person\",\"@id\":\"https:\/\/www.visit-ulcinj.com\/blog\/#\/schema\/person\/dcab619c614d3038751c63bc2aadc06d\",\"name\":\"ulqini\",\"sameAs\":[\"http:\/\/www.visit-ulcinj.com\"],\"url\":\"https:\/\/www.visit-ulcinj.com\/blog\/author\/admin\/\"}]}<\/script>\n<!-- \/ Yoast SEO plugin. -->","yoast_head_json":{"title":"Ali Rexha, bart\u00ebs i List\u00ebs p\u00ebr deputet\u00eb i Partis\u00eb s\u00eb Prosperitetit Demokratik - Lajme nga Ulqini","description":"1. Ndryshe nga zgjedhjet e deritashme, pres q\u00eb premtimet e dh\u00ebna, disa bile edhe t\u00eb p\u00ebrs\u00ebritura gjithmon\u00eb para zgjedhjeve, k\u00ebsaj radhe t\u00eb plot\u00ebsohen. Pres","robots":{"index":"index","follow":"follow","max-snippet":"max-snippet:-1","max-image-preview":"max-image-preview:large","max-video-preview":"max-video-preview:-1"},"canonical":"https:\/\/www.visit-ulcinj.com\/blog\/2009\/03\/16\/ali-rexha-bartes-i-listes-per-deputete-i-partise-se-prosperitetit-demokratik\/","og_locale":"en_US","og_type":"article","og_title":"Ali Rexha, bart\u00ebs i List\u00ebs p\u00ebr deputet\u00eb i Partis\u00eb s\u00eb Prosperitetit Demokratik - Lajme nga Ulqini","og_description":"1. Ndryshe nga zgjedhjet e deritashme, pres q\u00eb premtimet e dh\u00ebna, disa bile edhe t\u00eb p\u00ebrs\u00ebritura gjithmon\u00eb para zgjedhjeve, k\u00ebsaj radhe t\u00eb plot\u00ebsohen. Pres","og_url":"https:\/\/www.visit-ulcinj.com\/blog\/2009\/03\/16\/ali-rexha-bartes-i-listes-per-deputete-i-partise-se-prosperitetit-demokratik\/","og_site_name":"Lajme nga Ulqini","article_published_time":"2009-03-16T20:09:36+00:00","og_image":[{"url":"http:\/\/www.visit-ulcinj.com\/blog\/wp-content\/uploads\/2009\/03\/ali-rexha-per-deputet-i-ppd_se.jpg"}],"twitter_misc":{"Written by":"ulqini","Est. reading time":"3 minutes"},"schema":{"@context":"https:\/\/schema.org","@graph":[{"@type":"WebSite","@id":"https:\/\/www.visit-ulcinj.com\/blog\/#website","url":"https:\/\/www.visit-ulcinj.com\/blog\/","name":"Lajme nga Ulqini","description":"Lajme,Vijesti,Ulqini,Ulqin,Crna Gora,Mali i Zi","potentialAction":[{"@type":"SearchAction","target":{"@type":"EntryPoint","urlTemplate":"https:\/\/www.visit-ulcinj.com\/blog\/?s={search_term_string}"},"query-input":"required name=search_term_string"}],"inLanguage":"en-US"},{"@type":"ImageObject","inLanguage":"en-US","@id":"https:\/\/www.visit-ulcinj.com\/blog\/2009\/03\/16\/ali-rexha-bartes-i-listes-per-deputete-i-partise-se-prosperitetit-demokratik\/#primaryimage","url":"https:\/\/www.visit-ulcinj.com\/blog\/wp-content\/uploads\/2009\/03\/ali-rexha-per-deputet-i-ppd_se.jpg","contentUrl":"https:\/\/www.visit-ulcinj.com\/blog\/wp-content\/uploads\/2009\/03\/ali-rexha-per-deputet-i-ppd_se.jpg","width":"1024","height":"512"},{"@type":"WebPage","@id":"https:\/\/www.visit-ulcinj.com\/blog\/2009\/03\/16\/ali-rexha-bartes-i-listes-per-deputete-i-partise-se-prosperitetit-demokratik\/#webpage","url":"https:\/\/www.visit-ulcinj.com\/blog\/2009\/03\/16\/ali-rexha-bartes-i-listes-per-deputete-i-partise-se-prosperitetit-demokratik\/","name":"Ali Rexha, bart\u00ebs i List\u00ebs p\u00ebr deputet\u00eb i Partis\u00eb s\u00eb Prosperitetit Demokratik - Lajme nga Ulqini","isPartOf":{"@id":"https:\/\/www.visit-ulcinj.com\/blog\/#website"},"primaryImageOfPage":{"@id":"https:\/\/www.visit-ulcinj.com\/blog\/2009\/03\/16\/ali-rexha-bartes-i-listes-per-deputete-i-partise-se-prosperitetit-demokratik\/#primaryimage"},"datePublished":"2009-03-16T20:09:36+00:00","dateModified":"2009-03-16T20:09:36+00:00","author":{"@id":"https:\/\/www.visit-ulcinj.com\/blog\/#\/schema\/person\/dcab619c614d3038751c63bc2aadc06d"},"description":"1. Ndryshe nga zgjedhjet e deritashme, pres q\u00eb premtimet e dh\u00ebna, disa bile edhe t\u00eb p\u00ebrs\u00ebritura gjithmon\u00eb para zgjedhjeve, k\u00ebsaj radhe t\u00eb plot\u00ebsohen. Pres","breadcrumb":{"@id":"https:\/\/www.visit-ulcinj.com\/blog\/2009\/03\/16\/ali-rexha-bartes-i-listes-per-deputete-i-partise-se-prosperitetit-demokratik\/#breadcrumb"},"inLanguage":"en-US","potentialAction":[{"@type":"ReadAction","target":["https:\/\/www.visit-ulcinj.com\/blog\/2009\/03\/16\/ali-rexha-bartes-i-listes-per-deputete-i-partise-se-prosperitetit-demokratik\/"]}]},{"@type":"BreadcrumbList","@id":"https:\/\/www.visit-ulcinj.com\/blog\/2009\/03\/16\/ali-rexha-bartes-i-listes-per-deputete-i-partise-se-prosperitetit-demokratik\/#breadcrumb","itemListElement":[{"@type":"ListItem","position":1,"name":"Ali Rexha, bart\u00ebs i List\u00ebs p\u00ebr deputet\u00eb i Partis\u00eb s\u00eb Prosperitetit Demokratik"}]},{"@type":"Person","@id":"https:\/\/www.visit-ulcinj.com\/blog\/#\/schema\/person\/dcab619c614d3038751c63bc2aadc06d","name":"ulqini","sameAs":["http:\/\/www.visit-ulcinj.com"],"url":"https:\/\/www.visit-ulcinj.com\/blog\/author\/admin\/"}]}},"jetpack_featured_media_url":"","jetpack_sharing_enabled":true,"jetpack_shortlink":"https:\/\/wp.me\/pe6lTn-3JJ","_links":{"self":[{"href":"https:\/\/www.visit-ulcinj.com\/blog\/wp-json\/wp\/v2\/posts\/14367"}],"collection":[{"href":"https:\/\/www.visit-ulcinj.com\/blog\/wp-json\/wp\/v2\/posts"}],"about":[{"href":"https:\/\/www.visit-ulcinj.com\/blog\/wp-json\/wp\/v2\/types\/post"}],"author":[{"embeddable":true,"href":"https:\/\/www.visit-ulcinj.com\/blog\/wp-json\/wp\/v2\/users\/1"}],"replies":[{"embeddable":true,"href":"https:\/\/www.visit-ulcinj.com\/blog\/wp-json\/wp\/v2\/comments?post=14367"}],"version-history":[{"count":0,"href":"https:\/\/www.visit-ulcinj.com\/blog\/wp-json\/wp\/v2\/posts\/14367\/revisions"}],"wp:attachment":[{"href":"https:\/\/www.visit-ulcinj.com\/blog\/wp-json\/wp\/v2\/media?parent=14367"}],"wp:term":[{"taxonomy":"category","embeddable":true,"href":"https:\/\/www.visit-ulcinj.com\/blog\/wp-json\/wp\/v2\/categories?post=14367"},{"taxonomy":"post_tag","embeddable":true,"href":"https:\/\/www.visit-ulcinj.com\/blog\/wp-json\/wp\/v2\/tags?post=14367"}],"curies":[{"name":"wp","href":"https:\/\/api.w.org\/{rel}","templated":true}]}}