{"id":1437,"date":"2008-04-28T13:18:05","date_gmt":"2008-04-28T18:18:05","guid":{"rendered":"http:\/\/www.visit-ulcinj.com\/blog\/?p=1437"},"modified":"2008-04-29T03:23:25","modified_gmt":"2008-04-29T08:23:25","slug":"mali-i-zi-dhe-shqiperia-edhe-nje-hap-me-prane","status":"publish","type":"post","link":"https:\/\/www.visit-ulcinj.com\/blog\/2008\/04\/28\/mali-i-zi-dhe-shqiperia-edhe-nje-hap-me-prane\/","title":{"rendered":"Mali i Zi dhe Shqip\u00ebria, edhe nj\u00eb hap m\u00eb pran\u00eb"},"content":{"rendered":"<p><a href=\"http:\/\/www.visit-ulcinj.com\/blog\/wp-content\/uploads\/2008\/04\/berisha-gjukanovic-sukubin-_muriqan.jpg\"><img loading=\"lazy\" class=\"alignleft attachment wp-att-1344\" style=\"float: left;\" src=\"http:\/\/www.visit-ulcinj.com\/blog\/wp-content\/uploads\/2008\/04\/berisha-gjukanovic-sukubin-_muriqan.thumbnail.jpg\" alt=\"Berisha-gjukanovic-sukubin _muriqan\" width=\"200\" height=\"118\" \/><\/a> <a title=\"Berisha-gjukanovic-sukubin _muriqan\" href=\"http:\/\/www.voanews.com\/albanian\/figleaf\/wmafilegenerate.cfm?filepath=http%3A%2F%2Fwww%2Evoanews%2Ecom%2Fmediaassets%2Falbanian%2F2008%5F04%2FVideo%2Fwmv%2FMuriqani%5FBerisha%5FGjukanovic%5F04212008%2Dvb%2Ewmv\" target=\"_blank\">Berisha-Gjukanoviq Video<\/a><a title=\"Berisha-gjukanovic-sukubin _muriqan\" href=\"http:\/\/www.voanews.com\/albanian\/figleaf\/wmafilegenerate.cfm?filepath=http%3A%2F%2Fwww%2Evoanews%2Ecom%2Fmediaassets%2Falbanian%2F2008%5F04%2FVideo%2Fwmv%2FMuriqani%5FBerisha%5FGjukanovic%5F04212008%2Dvb%2Ewmv\" target=\"_blank\"><img loading=\"lazy\" src=\"http:\/\/www.balkanweb.com\/sitev4\/images\/video_link.gif\" border=\"0\" alt=\"Version multimedial i ketij lajmi\" width=\"22\" height=\"15\" \/><\/a>Nd\u00ebrtimi i godin\u00ebs s\u00eb p\u00ebrbashk\u00ebt realizohet me ndihm\u00ebn e nj\u00eb donacioni prej 1.1 milion eurosh t\u00eb akorduara nga Bashkimi Europian n\u00eb kuad\u00ebr t\u00eb programit CARDS dhe \u00ebsht\u00eb pika e par\u00eb e p\u00ebrbashk\u00ebt e k\u00ebtij lloji n\u00eb Ballkanin Per\u00ebndimor.<br \/>\nMe vendosjen e dy tullave me flamujt e shteteve t\u00eb tyre, kryeministri i Malit t\u00eb Zi, Millo Gjukanoviq dhe kryeministri shqiptar, Sali Berisha, p\u00ebruruan t\u00eb h\u00ebn\u00ebn fillimin e punimeve p\u00ebr nd\u00ebrtimin e pik\u00ebs s\u00eb p\u00ebrbashk\u00ebt kufitare Sukubin\u00eb &#8211; Muriqan.<br \/>\nNd\u00ebrtimi i godin\u00ebs s\u00eb p\u00ebrbashk\u00ebt realizohet me ndihm\u00ebn e nj\u00eb donacioni prej 1.1 milion eurosh t\u00eb akorduara nga Bashkimi Europian n\u00eb kuad\u00ebr t\u00eb programit CARDS dhe \u00ebsht\u00eb pika e par\u00eb e p\u00ebrbashk\u00ebt e k\u00ebtij lloji n\u00eb Ballkanin Per\u00ebndimor.<br \/>\nKryeministri Gjukanoviq n\u00eb fjal\u00ebn e tij ka th\u00ebn\u00eb se n\u00eb shkurt t\u00eb vitit t\u00eb ardhsh\u00ebm, kur parashikohet p\u00ebrfundimi i objektit, &#8220;n\u00eb k\u00ebt\u00eb vend do t\u00eb jet\u00eb pika kufitare m\u00eb moderne dhe m\u00eb efikase n\u00eb Ballkanin Per\u00ebndimor&#8221;.<br \/>\nAi ka fal\u00ebnderuar Komisionin Europian p\u00ebr ndihm\u00ebn e ofruar n\u00eb realizimin e k\u00ebtij projekti q\u00eb do t\u00eb realizohet me pjes\u00ebmarrjen e qeverive t\u00eb Malit t\u00eb Zi dhe Shqip\u00ebris\u00eb.<br \/>\n&#8220;Kjo nuk \u00ebsht\u00eb e rast\u00ebsishme, por nj\u00eb mir\u00ebnjohje e madhe p\u00ebr bot\u00ebkuptimin ton\u00eb t\u00eb p\u00ebrbashk\u00ebt t\u00eb vlerave civilizuese europiane dhe perspektiv\u00ebn e p\u00ebrbashk\u00ebt europiane dhe euroatlantike&#8221;, ka th\u00ebn\u00eb Gjukanoviq.<br \/>\nAi ka theksuar se menaxhimi i kufirit \u00ebsht\u00eb pjes\u00eb e sistemit t\u00eb p\u00ebrgjithsh\u00ebm t\u00eb siguris\u00eb s\u00eb Malit t\u00eb Zi dhe nj\u00ebra nd\u00ebr detyrat strategjike dhe t\u00eb p\u00ebrhershme t\u00eb qeveris\u00eb.<a href=\"http:\/\/www.visit-ulcinj.com\/blog\/wp-content\/uploads\/2008\/04\/berisha-gjukanovic_muriqan-sukobine.jpg\"><img loading=\"lazy\" class=\"alignright attachment wp-att-1348\" style=\"float: right;\" src=\"http:\/\/www.visit-ulcinj.com\/blog\/wp-content\/uploads\/2008\/04\/berisha-gjukanovic_muriqan-sukobine.thumbnail.jpg\" alt=\"berisha-gjukanovic_Muriqan - Sukobin\u00eb,\" width=\"200\" height=\"147\" \/><\/a><br \/>\n&#8220;Nuk duhet t\u00eb harrojm\u00eb se kufijt\u00eb, p\u00ebrve\u00e7 q\u00eb duhet t\u00eb jen\u00eb t\u00eb sigurt, duhet t\u00eb jen\u00eb edhe t\u00eb hapur p\u00ebr qarkullimin e lir\u00eb t\u00eb njer\u00ebzve, mallrave dhe kapitalit&#8221;, ka th\u00ebn\u00eb kryeministri i Malit t\u00eb Zi.<br \/>\nSipas Gjukanoviqit, pika e p\u00ebrbashk\u00ebt kufitare nd\u00ebrmjet Malit t\u00eb Zi dhe Shqip\u00ebris\u00eb do t\u00eb thjeshtoj\u00eb procedur\u00ebn e kontrollit kufitar nd\u00ebrmjet dy vendeve, do t\u00eb leht\u00ebsoj\u00eb jet\u00ebn e qytetar\u00ebve, do t\u00eb forcoj\u00eb besimin reciprok, por edhe do tzi kontribuoj\u00eb luft\u00ebs kund\u00ebr krimit nd\u00ebrkufitar dhe parandalimit t\u00eb migrimit ilegal.<br \/>\nAi ka deklaruar se puna n\u00eb t\u00eb nj\u00ebjt\u00ebn godin\u00eb do t\u00eb avancoj\u00eb edhe m\u00eb tep\u00ebr bashk\u00ebpunimin dhe miq\u00ebsin\u00eb, jo vet\u00ebm t\u00eb t\u00eb pun\u00ebsuarve n\u00eb sh\u00ebrbimet e ndryshme t\u00eb t\u00eb dy vendeve, por edhe nd\u00ebrmjet popujve dhe shteteve.<br \/>\n&#8220;Arritja e standardeve europiane n\u00eb menaxhimin e kufijve do t\u00eb p\u00ebrshpejtoj\u00eb nd\u00ebr t\u00eb tjera liberalizimin e regjimit t\u00eb vizave me BE-n\u00eb&#8221;, ka th\u00ebn\u00eb kryeministri malazez.<br \/>\nGjukanoviq ka shtuar se Mali i Zi g\u00ebzohet ndaj \u00e7do suksesi t\u00eb fqinj\u00ebve t\u00eb tij.<br \/>\n&#8220;Fqinj\u00ebsia e mir\u00eb \u00ebsht\u00eb rekomandim p\u00ebr q\u00ebllimet tona p\u00ebrfundimtare strategjike, por ne nuk e b\u00ebjm\u00eb k\u00ebt\u00eb q\u00eb tzi p\u00eblqejm\u00eb kujtdoqoft\u00eb n\u00eb Europ\u00eb dhe bot\u00eb&#8221;, ka th\u00ebn\u00eb ai.<br \/>\nNga ana tjet\u00ebr, kryeministri i Republik\u00ebs s\u00eb Shqip\u00ebris\u00eb, Sali Berisha, n\u00eb fjal\u00ebn e tij p\u00ebrsh\u00ebndet\u00ebse u shpreh se inaugurimi i pik\u00ebs s\u00eb p\u00ebrbashk\u00ebt kufitare p\u00ebrb\u00ebn nj\u00eb simbol v\u00ebrtet t\u00eb madh, jo vet\u00ebm p\u00ebr Shqip\u00ebrin\u00eb dhe Malin e Zi, por p\u00ebr t\u00eb gjith\u00eb rajonin.<br \/>\n&#8220;Sot, ne inaugurojm\u00eb themelet e nj\u00eb nd\u00ebrtese e cila mish\u00ebron n\u00eb m\u00ebnyr\u00eb t\u00eb shk\u00eblqyer vullnetin e p\u00ebrbashk\u00ebt t\u00eb qeverive t\u00eb dy vendeve tona p\u00ebr t\u00eb bashk\u00ebpunuar n\u00eb nj\u00eb mir\u00ebbesim t\u00eb plot\u00eb. D\u00ebshmon vullnetin ton\u00eb p\u00ebr t\u00eb ngritur dhe nd\u00ebrtuar nj\u00eb miq\u00ebsi dhe bashk\u00ebpunim t\u00eb shk\u00eblqyer midis dy vendeve. Gjithashtu, d\u00ebshmon vullnetin e nj\u00eb vizioni t\u00eb p\u00ebrbashk\u00ebt p\u00ebr t\u00eb ardhmen ton\u00eb evropiane&#8221;, u shpreh ai.<br \/>\nKryeministri shqiptar ka th\u00ebn\u00eb se Shqip\u00ebria i konsideron shum\u00eb t\u00eb r\u00ebnd\u00ebsishme marr\u00ebdh\u00ebniet me fqinjin e tij verior, Malin e Zi.<br \/>\n&#8220;Qeveria \u00ebsht\u00eb e vendosur t\u00eb b\u00ebj\u00eb \u00e7do p\u00ebrpjekje q\u00eb k\u00ebto marr\u00ebdh\u00ebnie t\u00eb shk\u00eblqyera t\u00eb njohin nj\u00eb bashk\u00ebpunim t\u00eb pand\u00ebrprer\u00eb, n\u00eb interesin m\u00eb t\u00eb mir\u00eb dhe n\u00eb tradit\u00ebn m\u00eb t\u00eb shk\u00eblqyer t\u00eb dy vendeve tona. Shfryt\u00ebzoj rastin q\u00eb t\u00eb shpreh admirimin tim p\u00ebr progresin e madh q\u00eb ka b\u00ebr\u00eb Mali i Zi, progres nga i cili p\u00ebrfitojn\u00eb jo vet\u00ebm qytetar\u00ebt e k\u00ebtij vendi, por p\u00ebrfitojn\u00eb dhe qytetar\u00ebt e fqinj\u00ebve t\u00eb tij&#8221;, ka th\u00ebn\u00eb Berisha.<br \/>\nSipas tij, nd\u00ebrtimi i k\u00ebsaj pike kalimi do t\u00eb krijoj\u00eb leht\u00ebsi edhe p\u00ebr zhvillimin e turizmit t\u00eb dy vendeve.<br \/>\n<img loading=\"lazy\" class=\"alignleft\" style=\"float: left;\" src=\"http:\/\/www.kohajavore.cg.yu\/slike\/1209369146.jpg\" alt=\"Berisha-gjukanovic-sukubin _muriqan\" width=\"280\" height=\"193\" \/>&#8220;Kjo pik\u00eb do t\u00eb krijoj\u00eb leht\u00ebsit\u00eb m\u00eb maksimale, n\u00eb m\u00ebnyr\u00eb q\u00eb turist\u00ebt t\u00eb kalojn\u00eb nga brigjet e Malit t\u00eb Zi n\u00eb brigjet e Shqip\u00ebris\u00eb dhe anasjelltas&#8221;, u shpreh Berisha.<br \/>\nKryeministri Berisha shprehu fal\u00ebnderime dhe mir\u00ebnjohje t\u00eb ve\u00e7ant\u00eb p\u00ebr Komisionin Evropian, q\u00eb akordoi fondin p\u00ebr nd\u00ebrtimin e k\u00ebsaj pike t\u00eb p\u00ebrbashk\u00ebt t\u00eb kontrollit doganor dhe policor.<br \/>\n&#8220;Edhe nj\u00eb her\u00eb, ju fal\u00ebnderoj, Ambasador Lohan, p\u00ebr k\u00ebt\u00eb dhurat\u00eb shum\u00eb t\u00eb \u00e7muar q\u00eb i b\u00ebni t\u00eb dy kombeve dhe jam i sigurt q\u00eb ky standard, q\u00eb \u00ebsht\u00eb nj\u00eb standard i arrir\u00eb evropian, do t\u00eb njoh\u00eb p\u00ebrhapje n\u00eb pika t\u00eb tjera kufitare t\u00eb Ballkanit Per\u00ebndimor&#8221;, u shpreh kryeministri shqiptar duke iu drejtuar Ambasadorit t\u00eb Komisionit Europian n\u00eb Tiran\u00eb, Helmuth Lohan.<br \/>\nN\u00eb ceremoni kan\u00eb folur edhe shefat e Delegacionit t\u00eb Komisionit Europian n\u00eb Podgoric\u00eb dhe Tiran\u00eb, ambasador\u00ebt Leopold Maurer dhe Helmuth Lohan, nd\u00ebrsa t\u00eb pranish\u00ebm kan\u00eb qen\u00eb edhe ministra t\u00eb qeverive t\u00eb t\u00eb dy vendeve, p\u00ebrfaq\u00ebsues t\u00eb trupit diplomatik, p\u00ebrfaq\u00ebsues t\u00eb pushteteve vendore t\u00eb Shkodr\u00ebs dhe Ulqinit, etj.<br \/>\nPika kufitare Sukubin\u00eb &#8211; Muriqan \u00ebsht\u00eb hapur n\u00eb maj t\u00eb vitit 2002.<\/p>\n<p><strong>I. Kallaba<br \/>\nKOHA JAVORE<\/strong><\/p>\n","protected":false},"excerpt":{"rendered":"<p><img loading=\"lazy\" class=\"alignleft attachment wp-att-1344\" style=\"float: left;\" src=\"http:\/\/www.visit-ulcinj.com\/blog\/wp-content\/uploads\/2008\/04\/berisha-gjukanovic-sukubin-_muriqan.thumbnail.jpg\" alt=\"Berisha-gjukanovic-sukubin _muriqan\" width=\"140\" height=\"140\" \/><\/p>\n","protected":false},"author":1,"featured_media":0,"comment_status":"open","ping_status":"closed","sticky":false,"template":"","format":"standard","meta":{"spay_email":"","jetpack_publicize_message":"","jetpack_is_tweetstorm":false,"jetpack_publicize_feature_enabled":true},"categories":[6,14,12],"tags":[2802,2668,2805,2806,2801,2803,2800,2804],"jetpack_publicize_connections":[],"yoast_head":"<!-- This site is optimized with the Yoast SEO plugin v19.1 - https:\/\/yoast.com\/wordpress\/plugins\/seo\/ -->\n<title>Mali i Zi dhe Shqip\u00ebria, edhe nj\u00eb hap m\u00eb pran\u00eb - Lajme nga Ulqini<\/title>\n<meta name=\"robots\" content=\"index, follow, max-snippet:-1, max-image-preview:large, max-video-preview:-1\" \/>\n<link rel=\"canonical\" href=\"https:\/\/www.visit-ulcinj.com\/blog\/2008\/04\/28\/mali-i-zi-dhe-shqiperia-edhe-nje-hap-me-prane\/\" \/>\n<meta property=\"og:locale\" content=\"en_US\" \/>\n<meta property=\"og:type\" content=\"article\" \/>\n<meta property=\"og:title\" content=\"Mali i Zi dhe Shqip\u00ebria, edhe nj\u00eb hap m\u00eb pran\u00eb - Lajme nga Ulqini\" \/>\n<meta property=\"og:url\" content=\"https:\/\/www.visit-ulcinj.com\/blog\/2008\/04\/28\/mali-i-zi-dhe-shqiperia-edhe-nje-hap-me-prane\/\" \/>\n<meta property=\"og:site_name\" content=\"Lajme nga Ulqini\" \/>\n<meta property=\"article:published_time\" content=\"2008-04-28T18:18:05+00:00\" \/>\n<meta property=\"article:modified_time\" content=\"2008-04-29T08:23:25+00:00\" \/>\n<meta property=\"og:image\" content=\"http:\/\/www.visit-ulcinj.com\/blog\/wp-content\/uploads\/2008\/04\/berisha-gjukanovic-sukubin-_muriqan.thumbnail.jpg\" \/>\n<meta name=\"twitter:label1\" content=\"Written by\" \/>\n\t<meta name=\"twitter:data1\" content=\"ulqini\" \/>\n\t<meta name=\"twitter:label2\" content=\"Est. reading time\" \/>\n\t<meta name=\"twitter:data2\" content=\"5 minutes\" \/>\n<script type=\"application\/ld+json\" class=\"yoast-schema-graph\">{\"@context\":\"https:\/\/schema.org\",\"@graph\":[{\"@type\":\"WebSite\",\"@id\":\"https:\/\/www.visit-ulcinj.com\/blog\/#website\",\"url\":\"https:\/\/www.visit-ulcinj.com\/blog\/\",\"name\":\"Lajme nga Ulqini\",\"description\":\"Lajme,Vijesti,Ulqini,Ulqin,Crna Gora,Mali i Zi\",\"potentialAction\":[{\"@type\":\"SearchAction\",\"target\":{\"@type\":\"EntryPoint\",\"urlTemplate\":\"https:\/\/www.visit-ulcinj.com\/blog\/?s={search_term_string}\"},\"query-input\":\"required name=search_term_string\"}],\"inLanguage\":\"en-US\"},{\"@type\":\"ImageObject\",\"inLanguage\":\"en-US\",\"@id\":\"https:\/\/www.visit-ulcinj.com\/blog\/2008\/04\/28\/mali-i-zi-dhe-shqiperia-edhe-nje-hap-me-prane\/#primaryimage\",\"url\":\"http:\/\/www.visit-ulcinj.com\/blog\/wp-content\/uploads\/2008\/04\/berisha-gjukanovic-sukubin-_muriqan.thumbnail.jpg\",\"contentUrl\":\"http:\/\/www.visit-ulcinj.com\/blog\/wp-content\/uploads\/2008\/04\/berisha-gjukanovic-sukubin-_muriqan.thumbnail.jpg\"},{\"@type\":\"WebPage\",\"@id\":\"https:\/\/www.visit-ulcinj.com\/blog\/2008\/04\/28\/mali-i-zi-dhe-shqiperia-edhe-nje-hap-me-prane\/#webpage\",\"url\":\"https:\/\/www.visit-ulcinj.com\/blog\/2008\/04\/28\/mali-i-zi-dhe-shqiperia-edhe-nje-hap-me-prane\/\",\"name\":\"Mali i Zi dhe Shqip\u00ebria, edhe nj\u00eb hap m\u00eb pran\u00eb - Lajme nga Ulqini\",\"isPartOf\":{\"@id\":\"https:\/\/www.visit-ulcinj.com\/blog\/#website\"},\"primaryImageOfPage\":{\"@id\":\"https:\/\/www.visit-ulcinj.com\/blog\/2008\/04\/28\/mali-i-zi-dhe-shqiperia-edhe-nje-hap-me-prane\/#primaryimage\"},\"datePublished\":\"2008-04-28T18:18:05+00:00\",\"dateModified\":\"2008-04-29T08:23:25+00:00\",\"author\":{\"@id\":\"https:\/\/www.visit-ulcinj.com\/blog\/#\/schema\/person\/dcab619c614d3038751c63bc2aadc06d\"},\"breadcrumb\":{\"@id\":\"https:\/\/www.visit-ulcinj.com\/blog\/2008\/04\/28\/mali-i-zi-dhe-shqiperia-edhe-nje-hap-me-prane\/#breadcrumb\"},\"inLanguage\":\"en-US\",\"potentialAction\":[{\"@type\":\"ReadAction\",\"target\":[\"https:\/\/www.visit-ulcinj.com\/blog\/2008\/04\/28\/mali-i-zi-dhe-shqiperia-edhe-nje-hap-me-prane\/\"]}]},{\"@type\":\"BreadcrumbList\",\"@id\":\"https:\/\/www.visit-ulcinj.com\/blog\/2008\/04\/28\/mali-i-zi-dhe-shqiperia-edhe-nje-hap-me-prane\/#breadcrumb\",\"itemListElement\":[{\"@type\":\"ListItem\",\"position\":1,\"name\":\"Mali i Zi dhe Shqip\u00ebria, edhe nj\u00eb hap m\u00eb pran\u00eb\"}]},{\"@type\":\"Person\",\"@id\":\"https:\/\/www.visit-ulcinj.com\/blog\/#\/schema\/person\/dcab619c614d3038751c63bc2aadc06d\",\"name\":\"ulqini\",\"sameAs\":[\"http:\/\/www.visit-ulcinj.com\"],\"url\":\"https:\/\/www.visit-ulcinj.com\/blog\/author\/admin\/\"}]}<\/script>\n<!-- \/ Yoast SEO plugin. -->","yoast_head_json":{"title":"Mali i Zi dhe Shqip\u00ebria, edhe nj\u00eb hap m\u00eb pran\u00eb - Lajme nga Ulqini","robots":{"index":"index","follow":"follow","max-snippet":"max-snippet:-1","max-image-preview":"max-image-preview:large","max-video-preview":"max-video-preview:-1"},"canonical":"https:\/\/www.visit-ulcinj.com\/blog\/2008\/04\/28\/mali-i-zi-dhe-shqiperia-edhe-nje-hap-me-prane\/","og_locale":"en_US","og_type":"article","og_title":"Mali i Zi dhe Shqip\u00ebria, edhe nj\u00eb hap m\u00eb pran\u00eb - Lajme nga Ulqini","og_url":"https:\/\/www.visit-ulcinj.com\/blog\/2008\/04\/28\/mali-i-zi-dhe-shqiperia-edhe-nje-hap-me-prane\/","og_site_name":"Lajme nga Ulqini","article_published_time":"2008-04-28T18:18:05+00:00","article_modified_time":"2008-04-29T08:23:25+00:00","og_image":[{"url":"http:\/\/www.visit-ulcinj.com\/blog\/wp-content\/uploads\/2008\/04\/berisha-gjukanovic-sukubin-_muriqan.thumbnail.jpg"}],"twitter_misc":{"Written by":"ulqini","Est. reading time":"5 minutes"},"schema":{"@context":"https:\/\/schema.org","@graph":[{"@type":"WebSite","@id":"https:\/\/www.visit-ulcinj.com\/blog\/#website","url":"https:\/\/www.visit-ulcinj.com\/blog\/","name":"Lajme nga Ulqini","description":"Lajme,Vijesti,Ulqini,Ulqin,Crna Gora,Mali i Zi","potentialAction":[{"@type":"SearchAction","target":{"@type":"EntryPoint","urlTemplate":"https:\/\/www.visit-ulcinj.com\/blog\/?s={search_term_string}"},"query-input":"required name=search_term_string"}],"inLanguage":"en-US"},{"@type":"ImageObject","inLanguage":"en-US","@id":"https:\/\/www.visit-ulcinj.com\/blog\/2008\/04\/28\/mali-i-zi-dhe-shqiperia-edhe-nje-hap-me-prane\/#primaryimage","url":"http:\/\/www.visit-ulcinj.com\/blog\/wp-content\/uploads\/2008\/04\/berisha-gjukanovic-sukubin-_muriqan.thumbnail.jpg","contentUrl":"http:\/\/www.visit-ulcinj.com\/blog\/wp-content\/uploads\/2008\/04\/berisha-gjukanovic-sukubin-_muriqan.thumbnail.jpg"},{"@type":"WebPage","@id":"https:\/\/www.visit-ulcinj.com\/blog\/2008\/04\/28\/mali-i-zi-dhe-shqiperia-edhe-nje-hap-me-prane\/#webpage","url":"https:\/\/www.visit-ulcinj.com\/blog\/2008\/04\/28\/mali-i-zi-dhe-shqiperia-edhe-nje-hap-me-prane\/","name":"Mali i Zi dhe Shqip\u00ebria, edhe nj\u00eb hap m\u00eb pran\u00eb - Lajme nga Ulqini","isPartOf":{"@id":"https:\/\/www.visit-ulcinj.com\/blog\/#website"},"primaryImageOfPage":{"@id":"https:\/\/www.visit-ulcinj.com\/blog\/2008\/04\/28\/mali-i-zi-dhe-shqiperia-edhe-nje-hap-me-prane\/#primaryimage"},"datePublished":"2008-04-28T18:18:05+00:00","dateModified":"2008-04-29T08:23:25+00:00","author":{"@id":"https:\/\/www.visit-ulcinj.com\/blog\/#\/schema\/person\/dcab619c614d3038751c63bc2aadc06d"},"breadcrumb":{"@id":"https:\/\/www.visit-ulcinj.com\/blog\/2008\/04\/28\/mali-i-zi-dhe-shqiperia-edhe-nje-hap-me-prane\/#breadcrumb"},"inLanguage":"en-US","potentialAction":[{"@type":"ReadAction","target":["https:\/\/www.visit-ulcinj.com\/blog\/2008\/04\/28\/mali-i-zi-dhe-shqiperia-edhe-nje-hap-me-prane\/"]}]},{"@type":"BreadcrumbList","@id":"https:\/\/www.visit-ulcinj.com\/blog\/2008\/04\/28\/mali-i-zi-dhe-shqiperia-edhe-nje-hap-me-prane\/#breadcrumb","itemListElement":[{"@type":"ListItem","position":1,"name":"Mali i Zi dhe Shqip\u00ebria, edhe nj\u00eb hap m\u00eb pran\u00eb"}]},{"@type":"Person","@id":"https:\/\/www.visit-ulcinj.com\/blog\/#\/schema\/person\/dcab619c614d3038751c63bc2aadc06d","name":"ulqini","sameAs":["http:\/\/www.visit-ulcinj.com"],"url":"https:\/\/www.visit-ulcinj.com\/blog\/author\/admin\/"}]}},"jetpack_featured_media_url":"","jetpack_sharing_enabled":true,"jetpack_shortlink":"https:\/\/wp.me\/pe6lTn-nb","_links":{"self":[{"href":"https:\/\/www.visit-ulcinj.com\/blog\/wp-json\/wp\/v2\/posts\/1437"}],"collection":[{"href":"https:\/\/www.visit-ulcinj.com\/blog\/wp-json\/wp\/v2\/posts"}],"about":[{"href":"https:\/\/www.visit-ulcinj.com\/blog\/wp-json\/wp\/v2\/types\/post"}],"author":[{"embeddable":true,"href":"https:\/\/www.visit-ulcinj.com\/blog\/wp-json\/wp\/v2\/users\/1"}],"replies":[{"embeddable":true,"href":"https:\/\/www.visit-ulcinj.com\/blog\/wp-json\/wp\/v2\/comments?post=1437"}],"version-history":[{"count":0,"href":"https:\/\/www.visit-ulcinj.com\/blog\/wp-json\/wp\/v2\/posts\/1437\/revisions"}],"wp:attachment":[{"href":"https:\/\/www.visit-ulcinj.com\/blog\/wp-json\/wp\/v2\/media?parent=1437"}],"wp:term":[{"taxonomy":"category","embeddable":true,"href":"https:\/\/www.visit-ulcinj.com\/blog\/wp-json\/wp\/v2\/categories?post=1437"},{"taxonomy":"post_tag","embeddable":true,"href":"https:\/\/www.visit-ulcinj.com\/blog\/wp-json\/wp\/v2\/tags?post=1437"}],"curies":[{"name":"wp","href":"https:\/\/api.w.org\/{rel}","templated":true}]}}