{"id":14379,"date":"2009-03-17T10:19:02","date_gmt":"2009-03-17T09:19:02","guid":{"rendered":"http:\/\/www.visit-ulcinj.com\/blog\/?p=14379"},"modified":"2009-03-17T10:19:02","modified_gmt":"2009-03-17T09:19:02","slug":"arjon-kur-te-dal-do-flas-me-roselen","status":"publish","type":"post","link":"https:\/\/www.visit-ulcinj.com\/blog\/2009\/03\/17\/arjon-kur-te-dal-do-flas-me-roselen\/","title":{"rendered":"Arjon: Kur t\u00eb dal, do flas me Rosel\u00ebn!"},"content":{"rendered":"<p><a href=\"http:\/\/www.visit-ulcinj.com\/blog\/wp-content\/uploads\/2009\/03\/arjoni2.jpg\"><img loading=\"lazy\" class=\"alignleft size-full wp-image-14380\" title=\"arjoni-big-broter-albania-2\" src=\"http:\/\/www.visit-ulcinj.com\/blog\/wp-content\/uploads\/2009\/03\/arjoni2.jpg\" alt=\"arjoni-big-broter-albania-2\" width=\"300\" height=\"205\" \/><\/a>14\/03\/09 21:11<\/p>\n<p>Arjoni ka th\u00ebn\u00eb q\u00eb femrat me t\u00eb bien shum\u00eb shpejt n\u00eb dashuri, dhe d\u00ebshiron t\u00eb jet\u00eb i qart\u00eb me to. Gjat\u00eb spetaklit, Arjoni komentoi disa foto me ish t\u00eb dashur\u00ebn e tij Rosel\u00ebn. Ai tha q\u00eb ajo cfar\u00eb i b\u00ebnte p\u00ebrshtypje n\u00eb ato foto ishte buz\u00ebqeshja, pasi ka kaluar momente shum\u00eb t\u00eb bukura me t\u00eb. Arbana e fton Arjonin t\u00eb b\u00ebj nj\u00eb videomesazh p\u00ebr nj\u00eb person q\u00eb ai d\u00ebshironte. Arjoni i thot\u00eb q\u00eb nuk ka ndonj\u00eb person t\u00eb vecant\u00eb q\u00eb do donte t`i d\u00ebrgonte mesazh, nd\u00ebrsa n\u00eb lidhje me Rosel\u00ebn ai thot\u00eb q\u00eb i ka b\u00ebr\u00eb gj\u00ebrat e qarta para se ai t\u00eb hynte. Ai thot\u00eb:-\u201cKur t\u00eb dal, do flas me Rosel\u00ebn!&#8221;<\/p>\n","protected":false},"excerpt":{"rendered":"<p>14\/03\/09 21:11 Arjoni ka th\u00ebn\u00eb q\u00eb femrat me t\u00eb bien shum\u00eb shpejt n\u00eb dashuri, dhe d\u00ebshiron t\u00eb jet\u00eb i qart\u00eb me to. Gjat\u00eb spetaklit, Arjoni komentoi disa foto me ish t\u00eb dashur\u00ebn e tij Rosel\u00ebn. Ai tha q\u00eb ajo cfar\u00eb i b\u00ebnte p\u00ebrshtypje n\u00eb ato foto ishte buz\u00ebqeshja, pasi ka kaluar momente shum\u00eb t\u00eb bukura [&hellip;]<\/p>\n","protected":false},"author":1,"featured_media":0,"comment_status":"open","ping_status":"closed","sticky":false,"template":"","format":"standard","meta":{"spay_email":"","jetpack_publicize_message":"","jetpack_is_tweetstorm":false,"jetpack_publicize_feature_enabled":true},"categories":[6502],"tags":[6525,6883,6516,6712,8031,8030,6891],"jetpack_publicize_connections":[],"yoast_head":"<!-- This site is optimized with the Yoast SEO plugin v19.1 - https:\/\/yoast.com\/wordpress\/plugins\/seo\/ -->\n<title>Arjon: Kur t\u00c3\u00ab dal, do flas me Rosel\u00c3\u00abn! | Big Brother Albania 2<\/title>\n<meta name=\"description\" content=\"Big Brother Albania 2 - Arjoni ka th\u00c3\u00abn\u00c3\u00ab q\u00c3\u00ab femrat me t\u00c3\u00ab bien shum\u00c3\u00ab shpejt n\u00c3\u00ab dashuri, dhe d\u00c3\u00abshiron t\u00c3\u00ab jet\u00c3\u00ab i qart\u00c3\u00ab me to.\" \/>\n<meta name=\"robots\" content=\"index, follow, max-snippet:-1, max-image-preview:large, max-video-preview:-1\" \/>\n<link rel=\"canonical\" href=\"https:\/\/www.visit-ulcinj.com\/blog\/2009\/03\/17\/arjon-kur-te-dal-do-flas-me-roselen\/\" \/>\n<meta property=\"og:locale\" content=\"en_US\" \/>\n<meta property=\"og:type\" content=\"article\" \/>\n<meta property=\"og:title\" content=\"Arjon: Kur t\u00c3\u00ab dal, do flas me Rosel\u00c3\u00abn! | Big Brother Albania 2\" \/>\n<meta property=\"og:description\" content=\"Big Brother Albania 2 - Arjoni ka th\u00c3\u00abn\u00c3\u00ab q\u00c3\u00ab femrat me t\u00c3\u00ab bien shum\u00c3\u00ab shpejt n\u00c3\u00ab dashuri, dhe d\u00c3\u00abshiron t\u00c3\u00ab jet\u00c3\u00ab i qart\u00c3\u00ab me to.\" \/>\n<meta property=\"og:url\" content=\"https:\/\/www.visit-ulcinj.com\/blog\/2009\/03\/17\/arjon-kur-te-dal-do-flas-me-roselen\/\" \/>\n<meta property=\"og:site_name\" content=\"Lajme nga Ulqini\" \/>\n<meta property=\"article:published_time\" content=\"2009-03-17T09:19:02+00:00\" \/>\n<meta property=\"og:image\" content=\"http:\/\/www.visit-ulcinj.com\/blog\/wp-content\/uploads\/2009\/03\/arjoni2.jpg\" \/>\n<meta name=\"twitter:label1\" content=\"Written by\" \/>\n\t<meta name=\"twitter:data1\" content=\"ulqini\" \/>\n\t<meta name=\"twitter:label2\" content=\"Est. reading time\" \/>\n\t<meta name=\"twitter:data2\" content=\"1 minute\" \/>\n<script type=\"application\/ld+json\" class=\"yoast-schema-graph\">{\"@context\":\"https:\/\/schema.org\",\"@graph\":[{\"@type\":\"WebSite\",\"@id\":\"https:\/\/www.visit-ulcinj.com\/blog\/#website\",\"url\":\"https:\/\/www.visit-ulcinj.com\/blog\/\",\"name\":\"Lajme nga Ulqini\",\"description\":\"Lajme,Vijesti,Ulqini,Ulqin,Crna Gora,Mali i Zi\",\"potentialAction\":[{\"@type\":\"SearchAction\",\"target\":{\"@type\":\"EntryPoint\",\"urlTemplate\":\"https:\/\/www.visit-ulcinj.com\/blog\/?s={search_term_string}\"},\"query-input\":\"required name=search_term_string\"}],\"inLanguage\":\"en-US\"},{\"@type\":\"ImageObject\",\"inLanguage\":\"en-US\",\"@id\":\"https:\/\/www.visit-ulcinj.com\/blog\/2009\/03\/17\/arjon-kur-te-dal-do-flas-me-roselen\/#primaryimage\",\"url\":\"http:\/\/www.visit-ulcinj.com\/blog\/wp-content\/uploads\/2009\/03\/arjoni2.jpg\",\"contentUrl\":\"http:\/\/www.visit-ulcinj.com\/blog\/wp-content\/uploads\/2009\/03\/arjoni2.jpg\"},{\"@type\":\"WebPage\",\"@id\":\"https:\/\/www.visit-ulcinj.com\/blog\/2009\/03\/17\/arjon-kur-te-dal-do-flas-me-roselen\/#webpage\",\"url\":\"https:\/\/www.visit-ulcinj.com\/blog\/2009\/03\/17\/arjon-kur-te-dal-do-flas-me-roselen\/\",\"name\":\"Arjon: Kur t\u00c3\u00ab dal, do flas me Rosel\u00c3\u00abn! | Big Brother Albania 2\",\"isPartOf\":{\"@id\":\"https:\/\/www.visit-ulcinj.com\/blog\/#website\"},\"primaryImageOfPage\":{\"@id\":\"https:\/\/www.visit-ulcinj.com\/blog\/2009\/03\/17\/arjon-kur-te-dal-do-flas-me-roselen\/#primaryimage\"},\"datePublished\":\"2009-03-17T09:19:02+00:00\",\"dateModified\":\"2009-03-17T09:19:02+00:00\",\"author\":{\"@id\":\"https:\/\/www.visit-ulcinj.com\/blog\/#\/schema\/person\/dcab619c614d3038751c63bc2aadc06d\"},\"description\":\"Big Brother Albania 2 - Arjoni ka th\u00c3\u00abn\u00c3\u00ab q\u00c3\u00ab femrat me t\u00c3\u00ab bien shum\u00c3\u00ab shpejt n\u00c3\u00ab dashuri, dhe d\u00c3\u00abshiron t\u00c3\u00ab jet\u00c3\u00ab i qart\u00c3\u00ab me to.\",\"breadcrumb\":{\"@id\":\"https:\/\/www.visit-ulcinj.com\/blog\/2009\/03\/17\/arjon-kur-te-dal-do-flas-me-roselen\/#breadcrumb\"},\"inLanguage\":\"en-US\",\"potentialAction\":[{\"@type\":\"ReadAction\",\"target\":[\"https:\/\/www.visit-ulcinj.com\/blog\/2009\/03\/17\/arjon-kur-te-dal-do-flas-me-roselen\/\"]}]},{\"@type\":\"BreadcrumbList\",\"@id\":\"https:\/\/www.visit-ulcinj.com\/blog\/2009\/03\/17\/arjon-kur-te-dal-do-flas-me-roselen\/#breadcrumb\",\"itemListElement\":[{\"@type\":\"ListItem\",\"position\":1,\"name\":\"Arjon: Kur t\u00eb dal, do flas me Rosel\u00ebn!\"}]},{\"@type\":\"Person\",\"@id\":\"https:\/\/www.visit-ulcinj.com\/blog\/#\/schema\/person\/dcab619c614d3038751c63bc2aadc06d\",\"name\":\"ulqini\",\"sameAs\":[\"http:\/\/www.visit-ulcinj.com\"],\"url\":\"https:\/\/www.visit-ulcinj.com\/blog\/author\/admin\/\"}]}<\/script>\n<!-- \/ Yoast SEO plugin. -->","yoast_head_json":{"title":"Arjon: Kur t\u00c3\u00ab dal, do flas me Rosel\u00c3\u00abn! | Big Brother Albania 2","description":"Big Brother Albania 2 - Arjoni ka th\u00c3\u00abn\u00c3\u00ab q\u00c3\u00ab femrat me t\u00c3\u00ab bien shum\u00c3\u00ab shpejt n\u00c3\u00ab dashuri, dhe d\u00c3\u00abshiron t\u00c3\u00ab jet\u00c3\u00ab i qart\u00c3\u00ab me to.","robots":{"index":"index","follow":"follow","max-snippet":"max-snippet:-1","max-image-preview":"max-image-preview:large","max-video-preview":"max-video-preview:-1"},"canonical":"https:\/\/www.visit-ulcinj.com\/blog\/2009\/03\/17\/arjon-kur-te-dal-do-flas-me-roselen\/","og_locale":"en_US","og_type":"article","og_title":"Arjon: Kur t\u00c3\u00ab dal, do flas me Rosel\u00c3\u00abn! | Big Brother Albania 2","og_description":"Big Brother Albania 2 - Arjoni ka th\u00c3\u00abn\u00c3\u00ab q\u00c3\u00ab femrat me t\u00c3\u00ab bien shum\u00c3\u00ab shpejt n\u00c3\u00ab dashuri, dhe d\u00c3\u00abshiron t\u00c3\u00ab jet\u00c3\u00ab i qart\u00c3\u00ab me to.","og_url":"https:\/\/www.visit-ulcinj.com\/blog\/2009\/03\/17\/arjon-kur-te-dal-do-flas-me-roselen\/","og_site_name":"Lajme nga Ulqini","article_published_time":"2009-03-17T09:19:02+00:00","og_image":[{"url":"http:\/\/www.visit-ulcinj.com\/blog\/wp-content\/uploads\/2009\/03\/arjoni2.jpg"}],"twitter_misc":{"Written by":"ulqini","Est. reading time":"1 minute"},"schema":{"@context":"https:\/\/schema.org","@graph":[{"@type":"WebSite","@id":"https:\/\/www.visit-ulcinj.com\/blog\/#website","url":"https:\/\/www.visit-ulcinj.com\/blog\/","name":"Lajme nga Ulqini","description":"Lajme,Vijesti,Ulqini,Ulqin,Crna Gora,Mali i Zi","potentialAction":[{"@type":"SearchAction","target":{"@type":"EntryPoint","urlTemplate":"https:\/\/www.visit-ulcinj.com\/blog\/?s={search_term_string}"},"query-input":"required name=search_term_string"}],"inLanguage":"en-US"},{"@type":"ImageObject","inLanguage":"en-US","@id":"https:\/\/www.visit-ulcinj.com\/blog\/2009\/03\/17\/arjon-kur-te-dal-do-flas-me-roselen\/#primaryimage","url":"http:\/\/www.visit-ulcinj.com\/blog\/wp-content\/uploads\/2009\/03\/arjoni2.jpg","contentUrl":"http:\/\/www.visit-ulcinj.com\/blog\/wp-content\/uploads\/2009\/03\/arjoni2.jpg"},{"@type":"WebPage","@id":"https:\/\/www.visit-ulcinj.com\/blog\/2009\/03\/17\/arjon-kur-te-dal-do-flas-me-roselen\/#webpage","url":"https:\/\/www.visit-ulcinj.com\/blog\/2009\/03\/17\/arjon-kur-te-dal-do-flas-me-roselen\/","name":"Arjon: Kur t\u00c3\u00ab dal, do flas me Rosel\u00c3\u00abn! | Big Brother Albania 2","isPartOf":{"@id":"https:\/\/www.visit-ulcinj.com\/blog\/#website"},"primaryImageOfPage":{"@id":"https:\/\/www.visit-ulcinj.com\/blog\/2009\/03\/17\/arjon-kur-te-dal-do-flas-me-roselen\/#primaryimage"},"datePublished":"2009-03-17T09:19:02+00:00","dateModified":"2009-03-17T09:19:02+00:00","author":{"@id":"https:\/\/www.visit-ulcinj.com\/blog\/#\/schema\/person\/dcab619c614d3038751c63bc2aadc06d"},"description":"Big Brother Albania 2 - Arjoni ka th\u00c3\u00abn\u00c3\u00ab q\u00c3\u00ab femrat me t\u00c3\u00ab bien shum\u00c3\u00ab shpejt n\u00c3\u00ab dashuri, dhe d\u00c3\u00abshiron t\u00c3\u00ab jet\u00c3\u00ab i qart\u00c3\u00ab me to.","breadcrumb":{"@id":"https:\/\/www.visit-ulcinj.com\/blog\/2009\/03\/17\/arjon-kur-te-dal-do-flas-me-roselen\/#breadcrumb"},"inLanguage":"en-US","potentialAction":[{"@type":"ReadAction","target":["https:\/\/www.visit-ulcinj.com\/blog\/2009\/03\/17\/arjon-kur-te-dal-do-flas-me-roselen\/"]}]},{"@type":"BreadcrumbList","@id":"https:\/\/www.visit-ulcinj.com\/blog\/2009\/03\/17\/arjon-kur-te-dal-do-flas-me-roselen\/#breadcrumb","itemListElement":[{"@type":"ListItem","position":1,"name":"Arjon: Kur t\u00eb dal, do flas me Rosel\u00ebn!"}]},{"@type":"Person","@id":"https:\/\/www.visit-ulcinj.com\/blog\/#\/schema\/person\/dcab619c614d3038751c63bc2aadc06d","name":"ulqini","sameAs":["http:\/\/www.visit-ulcinj.com"],"url":"https:\/\/www.visit-ulcinj.com\/blog\/author\/admin\/"}]}},"jetpack_featured_media_url":"","jetpack_sharing_enabled":true,"jetpack_shortlink":"https:\/\/wp.me\/pe6lTn-3JV","_links":{"self":[{"href":"https:\/\/www.visit-ulcinj.com\/blog\/wp-json\/wp\/v2\/posts\/14379"}],"collection":[{"href":"https:\/\/www.visit-ulcinj.com\/blog\/wp-json\/wp\/v2\/posts"}],"about":[{"href":"https:\/\/www.visit-ulcinj.com\/blog\/wp-json\/wp\/v2\/types\/post"}],"author":[{"embeddable":true,"href":"https:\/\/www.visit-ulcinj.com\/blog\/wp-json\/wp\/v2\/users\/1"}],"replies":[{"embeddable":true,"href":"https:\/\/www.visit-ulcinj.com\/blog\/wp-json\/wp\/v2\/comments?post=14379"}],"version-history":[{"count":0,"href":"https:\/\/www.visit-ulcinj.com\/blog\/wp-json\/wp\/v2\/posts\/14379\/revisions"}],"wp:attachment":[{"href":"https:\/\/www.visit-ulcinj.com\/blog\/wp-json\/wp\/v2\/media?parent=14379"}],"wp:term":[{"taxonomy":"category","embeddable":true,"href":"https:\/\/www.visit-ulcinj.com\/blog\/wp-json\/wp\/v2\/categories?post=14379"},{"taxonomy":"post_tag","embeddable":true,"href":"https:\/\/www.visit-ulcinj.com\/blog\/wp-json\/wp\/v2\/tags?post=14379"}],"curies":[{"name":"wp","href":"https:\/\/api.w.org\/{rel}","templated":true}]}}