{"id":14386,"date":"2009-03-17T10:30:32","date_gmt":"2009-03-17T09:30:32","guid":{"rendered":"http:\/\/www.visit-ulcinj.com\/blog\/?p=14386"},"modified":"2009-03-17T10:30:32","modified_gmt":"2009-03-17T09:30:32","slug":"zhuljeta-ishte-bukur-qe-isha-me-ju","status":"publish","type":"post","link":"https:\/\/www.visit-ulcinj.com\/blog\/2009\/03\/17\/zhuljeta-ishte-bukur-qe-isha-me-ju\/","title":{"rendered":"Zhuljeta: Ishte bukur q\u00eb isha me ju!"},"content":{"rendered":"<p><em><span class=\"newsdate\"><a href=\"http:\/\/www.visit-ulcinj.com\/blog\/wp-content\/uploads\/2009\/03\/zhuljeta1.jpg\"><img loading=\"lazy\" class=\"alignleft size-full wp-image-14387\" title=\"zhuljeta-big-brother-albania-2\" src=\"http:\/\/www.visit-ulcinj.com\/blog\/wp-content\/uploads\/2009\/03\/zhuljeta1.jpg\" alt=\"zhuljeta-big-brother-albania-2\" width=\"300\" height=\"205\" \/><\/a>14\/03\/09 22:11<\/span><\/em><\/p>\n<p>Kat\u00ebr t\u00eb kandiduarit e jav\u00ebs ishin Lirita, Adelajda, Zhuljeta dhe Qetsori. Publiku jasht\u00eb vendosi q\u00eb personi q\u00eb duhet t\u00eb linte sht\u00ebpin\u00eb e Big Brother duke hequr dor\u00eb nga cmimi prej 70 mij\u00eb eurosh t\u00eb ishte Zhuljeta. Arjoni ishte personi q\u00eb u m\u00ebrzit m\u00eb shum\u00eb nga largimi i saj. Ajo ndahet me banor\u00ebt dhe u thot\u00eb:-\u201cIshte bukur q\u00eb isha me ju!\u201d<\/p>\n","protected":false},"excerpt":{"rendered":"<p>14\/03\/09 22:11 Kat\u00ebr t\u00eb kandiduarit e jav\u00ebs ishin Lirita, Adelajda, Zhuljeta dhe Qetsori. Publiku jasht\u00eb vendosi q\u00eb personi q\u00eb duhet t\u00eb linte sht\u00ebpin\u00eb e Big Brother duke hequr dor\u00eb nga cmimi prej 70 mij\u00eb eurosh t\u00eb ishte Zhuljeta. Arjoni ishte personi q\u00eb u m\u00ebrzit m\u00eb shum\u00eb nga largimi i saj. Ajo ndahet me banor\u00ebt dhe [&hellip;]<\/p>\n","protected":false},"author":1,"featured_media":0,"comment_status":"open","ping_status":"closed","sticky":false,"template":"","format":"standard","meta":{"spay_email":"","jetpack_publicize_message":"","jetpack_is_tweetstorm":false,"jetpack_publicize_feature_enabled":true},"categories":[6502],"tags":[6529,6525,5057,6506,6516,6712,7129,6900,6891,6693,6887,6536],"jetpack_publicize_connections":[],"yoast_head":"<!-- This site is optimized with the Yoast SEO plugin v19.1 - https:\/\/yoast.com\/wordpress\/plugins\/seo\/ -->\n<title>Zhuljeta: Ishte bukur q\u00c3\u00ab isha me ju! | Big Brother Albania 2<\/title>\n<meta name=\"description\" content=\"Big Brother Albania 2 -  Zhuljeta: Ishte bukur q\u00c3\u00ab isha me ju!\" \/>\n<meta name=\"robots\" content=\"index, follow, max-snippet:-1, max-image-preview:large, max-video-preview:-1\" \/>\n<link rel=\"canonical\" href=\"https:\/\/www.visit-ulcinj.com\/blog\/2009\/03\/17\/zhuljeta-ishte-bukur-qe-isha-me-ju\/\" \/>\n<meta property=\"og:locale\" content=\"en_US\" \/>\n<meta property=\"og:type\" content=\"article\" \/>\n<meta property=\"og:title\" content=\"Zhuljeta: Ishte bukur q\u00c3\u00ab isha me ju! | Big Brother Albania 2\" \/>\n<meta property=\"og:description\" content=\"Big Brother Albania 2 -  Zhuljeta: Ishte bukur q\u00c3\u00ab isha me ju!\" \/>\n<meta property=\"og:url\" content=\"https:\/\/www.visit-ulcinj.com\/blog\/2009\/03\/17\/zhuljeta-ishte-bukur-qe-isha-me-ju\/\" \/>\n<meta property=\"og:site_name\" content=\"Lajme nga Ulqini\" \/>\n<meta property=\"article:published_time\" content=\"2009-03-17T09:30:32+00:00\" \/>\n<meta property=\"og:image\" content=\"http:\/\/www.visit-ulcinj.com\/blog\/wp-content\/uploads\/2009\/03\/zhuljeta1.jpg\" \/>\n<meta name=\"twitter:label1\" content=\"Written by\" \/>\n\t<meta name=\"twitter:data1\" content=\"ulqini\" \/>\n<script type=\"application\/ld+json\" class=\"yoast-schema-graph\">{\"@context\":\"https:\/\/schema.org\",\"@graph\":[{\"@type\":\"WebSite\",\"@id\":\"https:\/\/www.visit-ulcinj.com\/blog\/#website\",\"url\":\"https:\/\/www.visit-ulcinj.com\/blog\/\",\"name\":\"Lajme nga Ulqini\",\"description\":\"Lajme,Vijesti,Ulqini,Ulqin,Crna Gora,Mali i Zi\",\"potentialAction\":[{\"@type\":\"SearchAction\",\"target\":{\"@type\":\"EntryPoint\",\"urlTemplate\":\"https:\/\/www.visit-ulcinj.com\/blog\/?s={search_term_string}\"},\"query-input\":\"required name=search_term_string\"}],\"inLanguage\":\"en-US\"},{\"@type\":\"ImageObject\",\"inLanguage\":\"en-US\",\"@id\":\"https:\/\/www.visit-ulcinj.com\/blog\/2009\/03\/17\/zhuljeta-ishte-bukur-qe-isha-me-ju\/#primaryimage\",\"url\":\"http:\/\/www.visit-ulcinj.com\/blog\/wp-content\/uploads\/2009\/03\/zhuljeta1.jpg\",\"contentUrl\":\"http:\/\/www.visit-ulcinj.com\/blog\/wp-content\/uploads\/2009\/03\/zhuljeta1.jpg\"},{\"@type\":\"WebPage\",\"@id\":\"https:\/\/www.visit-ulcinj.com\/blog\/2009\/03\/17\/zhuljeta-ishte-bukur-qe-isha-me-ju\/#webpage\",\"url\":\"https:\/\/www.visit-ulcinj.com\/blog\/2009\/03\/17\/zhuljeta-ishte-bukur-qe-isha-me-ju\/\",\"name\":\"Zhuljeta: Ishte bukur q\u00c3\u00ab isha me ju! | Big Brother Albania 2\",\"isPartOf\":{\"@id\":\"https:\/\/www.visit-ulcinj.com\/blog\/#website\"},\"primaryImageOfPage\":{\"@id\":\"https:\/\/www.visit-ulcinj.com\/blog\/2009\/03\/17\/zhuljeta-ishte-bukur-qe-isha-me-ju\/#primaryimage\"},\"datePublished\":\"2009-03-17T09:30:32+00:00\",\"dateModified\":\"2009-03-17T09:30:32+00:00\",\"author\":{\"@id\":\"https:\/\/www.visit-ulcinj.com\/blog\/#\/schema\/person\/dcab619c614d3038751c63bc2aadc06d\"},\"description\":\"Big Brother Albania 2 - Zhuljeta: Ishte bukur q\u00c3\u00ab isha me ju!\",\"breadcrumb\":{\"@id\":\"https:\/\/www.visit-ulcinj.com\/blog\/2009\/03\/17\/zhuljeta-ishte-bukur-qe-isha-me-ju\/#breadcrumb\"},\"inLanguage\":\"en-US\",\"potentialAction\":[{\"@type\":\"ReadAction\",\"target\":[\"https:\/\/www.visit-ulcinj.com\/blog\/2009\/03\/17\/zhuljeta-ishte-bukur-qe-isha-me-ju\/\"]}]},{\"@type\":\"BreadcrumbList\",\"@id\":\"https:\/\/www.visit-ulcinj.com\/blog\/2009\/03\/17\/zhuljeta-ishte-bukur-qe-isha-me-ju\/#breadcrumb\",\"itemListElement\":[{\"@type\":\"ListItem\",\"position\":1,\"name\":\"Zhuljeta: Ishte bukur q\u00eb isha me ju!\"}]},{\"@type\":\"Person\",\"@id\":\"https:\/\/www.visit-ulcinj.com\/blog\/#\/schema\/person\/dcab619c614d3038751c63bc2aadc06d\",\"name\":\"ulqini\",\"sameAs\":[\"http:\/\/www.visit-ulcinj.com\"],\"url\":\"https:\/\/www.visit-ulcinj.com\/blog\/author\/admin\/\"}]}<\/script>\n<!-- \/ Yoast SEO plugin. -->","yoast_head_json":{"title":"Zhuljeta: Ishte bukur q\u00c3\u00ab isha me ju! | Big Brother Albania 2","description":"Big Brother Albania 2 -  Zhuljeta: Ishte bukur q\u00c3\u00ab isha me ju!","robots":{"index":"index","follow":"follow","max-snippet":"max-snippet:-1","max-image-preview":"max-image-preview:large","max-video-preview":"max-video-preview:-1"},"canonical":"https:\/\/www.visit-ulcinj.com\/blog\/2009\/03\/17\/zhuljeta-ishte-bukur-qe-isha-me-ju\/","og_locale":"en_US","og_type":"article","og_title":"Zhuljeta: Ishte bukur q\u00c3\u00ab isha me ju! | Big Brother Albania 2","og_description":"Big Brother Albania 2 -  Zhuljeta: Ishte bukur q\u00c3\u00ab isha me ju!","og_url":"https:\/\/www.visit-ulcinj.com\/blog\/2009\/03\/17\/zhuljeta-ishte-bukur-qe-isha-me-ju\/","og_site_name":"Lajme nga Ulqini","article_published_time":"2009-03-17T09:30:32+00:00","og_image":[{"url":"http:\/\/www.visit-ulcinj.com\/blog\/wp-content\/uploads\/2009\/03\/zhuljeta1.jpg"}],"twitter_misc":{"Written by":"ulqini"},"schema":{"@context":"https:\/\/schema.org","@graph":[{"@type":"WebSite","@id":"https:\/\/www.visit-ulcinj.com\/blog\/#website","url":"https:\/\/www.visit-ulcinj.com\/blog\/","name":"Lajme nga Ulqini","description":"Lajme,Vijesti,Ulqini,Ulqin,Crna Gora,Mali i Zi","potentialAction":[{"@type":"SearchAction","target":{"@type":"EntryPoint","urlTemplate":"https:\/\/www.visit-ulcinj.com\/blog\/?s={search_term_string}"},"query-input":"required name=search_term_string"}],"inLanguage":"en-US"},{"@type":"ImageObject","inLanguage":"en-US","@id":"https:\/\/www.visit-ulcinj.com\/blog\/2009\/03\/17\/zhuljeta-ishte-bukur-qe-isha-me-ju\/#primaryimage","url":"http:\/\/www.visit-ulcinj.com\/blog\/wp-content\/uploads\/2009\/03\/zhuljeta1.jpg","contentUrl":"http:\/\/www.visit-ulcinj.com\/blog\/wp-content\/uploads\/2009\/03\/zhuljeta1.jpg"},{"@type":"WebPage","@id":"https:\/\/www.visit-ulcinj.com\/blog\/2009\/03\/17\/zhuljeta-ishte-bukur-qe-isha-me-ju\/#webpage","url":"https:\/\/www.visit-ulcinj.com\/blog\/2009\/03\/17\/zhuljeta-ishte-bukur-qe-isha-me-ju\/","name":"Zhuljeta: Ishte bukur q\u00c3\u00ab isha me ju! | Big Brother Albania 2","isPartOf":{"@id":"https:\/\/www.visit-ulcinj.com\/blog\/#website"},"primaryImageOfPage":{"@id":"https:\/\/www.visit-ulcinj.com\/blog\/2009\/03\/17\/zhuljeta-ishte-bukur-qe-isha-me-ju\/#primaryimage"},"datePublished":"2009-03-17T09:30:32+00:00","dateModified":"2009-03-17T09:30:32+00:00","author":{"@id":"https:\/\/www.visit-ulcinj.com\/blog\/#\/schema\/person\/dcab619c614d3038751c63bc2aadc06d"},"description":"Big Brother Albania 2 - Zhuljeta: Ishte bukur q\u00c3\u00ab isha me ju!","breadcrumb":{"@id":"https:\/\/www.visit-ulcinj.com\/blog\/2009\/03\/17\/zhuljeta-ishte-bukur-qe-isha-me-ju\/#breadcrumb"},"inLanguage":"en-US","potentialAction":[{"@type":"ReadAction","target":["https:\/\/www.visit-ulcinj.com\/blog\/2009\/03\/17\/zhuljeta-ishte-bukur-qe-isha-me-ju\/"]}]},{"@type":"BreadcrumbList","@id":"https:\/\/www.visit-ulcinj.com\/blog\/2009\/03\/17\/zhuljeta-ishte-bukur-qe-isha-me-ju\/#breadcrumb","itemListElement":[{"@type":"ListItem","position":1,"name":"Zhuljeta: Ishte bukur q\u00eb isha me ju!"}]},{"@type":"Person","@id":"https:\/\/www.visit-ulcinj.com\/blog\/#\/schema\/person\/dcab619c614d3038751c63bc2aadc06d","name":"ulqini","sameAs":["http:\/\/www.visit-ulcinj.com"],"url":"https:\/\/www.visit-ulcinj.com\/blog\/author\/admin\/"}]}},"jetpack_featured_media_url":"","jetpack_sharing_enabled":true,"jetpack_shortlink":"https:\/\/wp.me\/pe6lTn-3K2","_links":{"self":[{"href":"https:\/\/www.visit-ulcinj.com\/blog\/wp-json\/wp\/v2\/posts\/14386"}],"collection":[{"href":"https:\/\/www.visit-ulcinj.com\/blog\/wp-json\/wp\/v2\/posts"}],"about":[{"href":"https:\/\/www.visit-ulcinj.com\/blog\/wp-json\/wp\/v2\/types\/post"}],"author":[{"embeddable":true,"href":"https:\/\/www.visit-ulcinj.com\/blog\/wp-json\/wp\/v2\/users\/1"}],"replies":[{"embeddable":true,"href":"https:\/\/www.visit-ulcinj.com\/blog\/wp-json\/wp\/v2\/comments?post=14386"}],"version-history":[{"count":0,"href":"https:\/\/www.visit-ulcinj.com\/blog\/wp-json\/wp\/v2\/posts\/14386\/revisions"}],"wp:attachment":[{"href":"https:\/\/www.visit-ulcinj.com\/blog\/wp-json\/wp\/v2\/media?parent=14386"}],"wp:term":[{"taxonomy":"category","embeddable":true,"href":"https:\/\/www.visit-ulcinj.com\/blog\/wp-json\/wp\/v2\/categories?post=14386"},{"taxonomy":"post_tag","embeddable":true,"href":"https:\/\/www.visit-ulcinj.com\/blog\/wp-json\/wp\/v2\/tags?post=14386"}],"curies":[{"name":"wp","href":"https:\/\/api.w.org\/{rel}","templated":true}]}}