{"id":14389,"date":"2009-03-17T10:35:28","date_gmt":"2009-03-17T09:35:28","guid":{"rendered":"http:\/\/www.visit-ulcinj.com\/blog\/?p=14389"},"modified":"2009-03-17T10:35:28","modified_gmt":"2009-03-17T09:35:28","slug":"adi-kryefamiljari","status":"publish","type":"post","link":"https:\/\/www.visit-ulcinj.com\/blog\/2009\/03\/17\/adi-kryefamiljari\/","title":{"rendered":"Adi kryefamiljari"},"content":{"rendered":"<p><em><span class=\"newsdate\"><a href=\"http:\/\/www.visit-ulcinj.com\/blog\/wp-content\/uploads\/2009\/03\/adi-kryefamiljari.jpg\"><img loading=\"lazy\" class=\"alignleft size-full wp-image-14390\" title=\"adi-kryefamiljari\" src=\"http:\/\/www.visit-ulcinj.com\/blog\/wp-content\/uploads\/2009\/03\/adi-kryefamiljari.jpg\" alt=\"adi-kryefamiljari\" width=\"300\" height=\"205\" \/><\/a>14\/03\/09 22:29<\/span><\/em><\/p>\n<p>Big Brother e ka l\u00ebn\u00eb n\u00eb dor\u00ebn e Aid\u00ebs q\u00eb t\u00eb vendos\u00eb kush do t\u00eb jet\u00eb kryefamiljari i sht\u00ebpis\u00eb, dhe n\u00ebse ky person do g\u00ebzonte imunitet. Ajo duhet t\u00eb p\u00ebrzgjidhte nj\u00eb nga djemt\u00eb, pasi vajzat sipas Big Brotherit kan\u00eb q\u00ebn\u00eb m\u00eb t\u00eb favorizuara. Aida ka vendosur q\u00eb kryefamiljari t\u00eb jet\u00eb Adi. Gjithashtu ajo vendosi q\u00eb Adi t\u00eb kishte imunitet ndaj nominimeve. Adi e falenderon Aid\u00ebn p\u00ebr zgjedhjen e saj.<\/p>\n","protected":false},"excerpt":{"rendered":"<p>14\/03\/09 22:29 Big Brother e ka l\u00ebn\u00eb n\u00eb dor\u00ebn e Aid\u00ebs q\u00eb t\u00eb vendos\u00eb kush do t\u00eb jet\u00eb kryefamiljari i sht\u00ebpis\u00eb, dhe n\u00ebse ky person do g\u00ebzonte imunitet. Ajo duhet t\u00eb p\u00ebrzgjidhte nj\u00eb nga djemt\u00eb, pasi vajzat sipas Big Brotherit kan\u00eb q\u00ebn\u00eb m\u00eb t\u00eb favorizuara. Aida ka vendosur q\u00eb kryefamiljari t\u00eb jet\u00eb Adi. Gjithashtu ajo [&hellip;]<\/p>\n","protected":false},"author":1,"featured_media":0,"comment_status":"open","ping_status":"closed","sticky":false,"template":"","format":"standard","meta":{"spay_email":"","jetpack_publicize_message":"","jetpack_is_tweetstorm":false,"jetpack_publicize_feature_enabled":true},"categories":[6502],"tags":[1414,7902,5057,6506,6516,6712,7129,8033,6891,6693,6887],"jetpack_publicize_connections":[],"yoast_head":"<!-- This site is optimized with the Yoast SEO plugin v19.1 - https:\/\/yoast.com\/wordpress\/plugins\/seo\/ -->\n<title>Adi kryefamiljari | Big Brother Albania 2<\/title>\n<meta name=\"description\" content=\"Big Brother Albania 2 - Big Brother e ka l\u00c3\u00abn\u00c3\u00ab n\u00c3\u00ab dor\u00c3\u00abn e Aid\u00c3\u00abs q\u00c3\u00ab t\u00c3\u00ab vendos\u00c3\u00ab kush do t\u00c3\u00ab jet\u00c3\u00ab kryefamiljari i sht\u00c3\u00abpis\u00c3\u00ab, dhe n\u00c3\u00abse ky person do g\u00c3\u00abzonte imunitet\" \/>\n<meta name=\"robots\" content=\"index, follow, max-snippet:-1, max-image-preview:large, max-video-preview:-1\" \/>\n<link rel=\"canonical\" href=\"https:\/\/www.visit-ulcinj.com\/blog\/2009\/03\/17\/adi-kryefamiljari\/\" \/>\n<meta property=\"og:locale\" content=\"en_US\" \/>\n<meta property=\"og:type\" content=\"article\" \/>\n<meta property=\"og:title\" content=\"Adi kryefamiljari | Big Brother Albania 2\" \/>\n<meta property=\"og:description\" content=\"Big Brother Albania 2 - Big Brother e ka l\u00c3\u00abn\u00c3\u00ab n\u00c3\u00ab dor\u00c3\u00abn e Aid\u00c3\u00abs q\u00c3\u00ab t\u00c3\u00ab vendos\u00c3\u00ab kush do t\u00c3\u00ab jet\u00c3\u00ab kryefamiljari i sht\u00c3\u00abpis\u00c3\u00ab, dhe n\u00c3\u00abse ky person do g\u00c3\u00abzonte imunitet\" \/>\n<meta property=\"og:url\" content=\"https:\/\/www.visit-ulcinj.com\/blog\/2009\/03\/17\/adi-kryefamiljari\/\" \/>\n<meta property=\"og:site_name\" content=\"Lajme nga Ulqini\" \/>\n<meta property=\"article:published_time\" content=\"2009-03-17T09:35:28+00:00\" \/>\n<meta property=\"og:image\" content=\"http:\/\/www.visit-ulcinj.com\/blog\/wp-content\/uploads\/2009\/03\/adi-kryefamiljari.jpg\" \/>\n<meta name=\"twitter:label1\" content=\"Written by\" \/>\n\t<meta name=\"twitter:data1\" content=\"ulqini\" \/>\n<script type=\"application\/ld+json\" class=\"yoast-schema-graph\">{\"@context\":\"https:\/\/schema.org\",\"@graph\":[{\"@type\":\"WebSite\",\"@id\":\"https:\/\/www.visit-ulcinj.com\/blog\/#website\",\"url\":\"https:\/\/www.visit-ulcinj.com\/blog\/\",\"name\":\"Lajme nga Ulqini\",\"description\":\"Lajme,Vijesti,Ulqini,Ulqin,Crna Gora,Mali i Zi\",\"potentialAction\":[{\"@type\":\"SearchAction\",\"target\":{\"@type\":\"EntryPoint\",\"urlTemplate\":\"https:\/\/www.visit-ulcinj.com\/blog\/?s={search_term_string}\"},\"query-input\":\"required name=search_term_string\"}],\"inLanguage\":\"en-US\"},{\"@type\":\"ImageObject\",\"inLanguage\":\"en-US\",\"@id\":\"https:\/\/www.visit-ulcinj.com\/blog\/2009\/03\/17\/adi-kryefamiljari\/#primaryimage\",\"url\":\"http:\/\/www.visit-ulcinj.com\/blog\/wp-content\/uploads\/2009\/03\/adi-kryefamiljari.jpg\",\"contentUrl\":\"http:\/\/www.visit-ulcinj.com\/blog\/wp-content\/uploads\/2009\/03\/adi-kryefamiljari.jpg\"},{\"@type\":\"WebPage\",\"@id\":\"https:\/\/www.visit-ulcinj.com\/blog\/2009\/03\/17\/adi-kryefamiljari\/#webpage\",\"url\":\"https:\/\/www.visit-ulcinj.com\/blog\/2009\/03\/17\/adi-kryefamiljari\/\",\"name\":\"Adi kryefamiljari | Big Brother Albania 2\",\"isPartOf\":{\"@id\":\"https:\/\/www.visit-ulcinj.com\/blog\/#website\"},\"primaryImageOfPage\":{\"@id\":\"https:\/\/www.visit-ulcinj.com\/blog\/2009\/03\/17\/adi-kryefamiljari\/#primaryimage\"},\"datePublished\":\"2009-03-17T09:35:28+00:00\",\"dateModified\":\"2009-03-17T09:35:28+00:00\",\"author\":{\"@id\":\"https:\/\/www.visit-ulcinj.com\/blog\/#\/schema\/person\/dcab619c614d3038751c63bc2aadc06d\"},\"description\":\"Big Brother Albania 2 - Big Brother e ka l\u00c3\u00abn\u00c3\u00ab n\u00c3\u00ab dor\u00c3\u00abn e Aid\u00c3\u00abs q\u00c3\u00ab t\u00c3\u00ab vendos\u00c3\u00ab kush do t\u00c3\u00ab jet\u00c3\u00ab kryefamiljari i sht\u00c3\u00abpis\u00c3\u00ab, dhe n\u00c3\u00abse ky person do g\u00c3\u00abzonte imunitet\",\"breadcrumb\":{\"@id\":\"https:\/\/www.visit-ulcinj.com\/blog\/2009\/03\/17\/adi-kryefamiljari\/#breadcrumb\"},\"inLanguage\":\"en-US\",\"potentialAction\":[{\"@type\":\"ReadAction\",\"target\":[\"https:\/\/www.visit-ulcinj.com\/blog\/2009\/03\/17\/adi-kryefamiljari\/\"]}]},{\"@type\":\"BreadcrumbList\",\"@id\":\"https:\/\/www.visit-ulcinj.com\/blog\/2009\/03\/17\/adi-kryefamiljari\/#breadcrumb\",\"itemListElement\":[{\"@type\":\"ListItem\",\"position\":1,\"name\":\"Adi kryefamiljari\"}]},{\"@type\":\"Person\",\"@id\":\"https:\/\/www.visit-ulcinj.com\/blog\/#\/schema\/person\/dcab619c614d3038751c63bc2aadc06d\",\"name\":\"ulqini\",\"sameAs\":[\"http:\/\/www.visit-ulcinj.com\"],\"url\":\"https:\/\/www.visit-ulcinj.com\/blog\/author\/admin\/\"}]}<\/script>\n<!-- \/ Yoast SEO plugin. -->","yoast_head_json":{"title":"Adi kryefamiljari | Big Brother Albania 2","description":"Big Brother Albania 2 - Big Brother e ka l\u00c3\u00abn\u00c3\u00ab n\u00c3\u00ab dor\u00c3\u00abn e Aid\u00c3\u00abs q\u00c3\u00ab t\u00c3\u00ab vendos\u00c3\u00ab kush do t\u00c3\u00ab jet\u00c3\u00ab kryefamiljari i sht\u00c3\u00abpis\u00c3\u00ab, dhe n\u00c3\u00abse ky person do g\u00c3\u00abzonte imunitet","robots":{"index":"index","follow":"follow","max-snippet":"max-snippet:-1","max-image-preview":"max-image-preview:large","max-video-preview":"max-video-preview:-1"},"canonical":"https:\/\/www.visit-ulcinj.com\/blog\/2009\/03\/17\/adi-kryefamiljari\/","og_locale":"en_US","og_type":"article","og_title":"Adi kryefamiljari | Big Brother Albania 2","og_description":"Big Brother Albania 2 - Big Brother e ka l\u00c3\u00abn\u00c3\u00ab n\u00c3\u00ab dor\u00c3\u00abn e Aid\u00c3\u00abs q\u00c3\u00ab t\u00c3\u00ab vendos\u00c3\u00ab kush do t\u00c3\u00ab jet\u00c3\u00ab kryefamiljari i sht\u00c3\u00abpis\u00c3\u00ab, dhe n\u00c3\u00abse ky person do g\u00c3\u00abzonte imunitet","og_url":"https:\/\/www.visit-ulcinj.com\/blog\/2009\/03\/17\/adi-kryefamiljari\/","og_site_name":"Lajme nga Ulqini","article_published_time":"2009-03-17T09:35:28+00:00","og_image":[{"url":"http:\/\/www.visit-ulcinj.com\/blog\/wp-content\/uploads\/2009\/03\/adi-kryefamiljari.jpg"}],"twitter_misc":{"Written by":"ulqini"},"schema":{"@context":"https:\/\/schema.org","@graph":[{"@type":"WebSite","@id":"https:\/\/www.visit-ulcinj.com\/blog\/#website","url":"https:\/\/www.visit-ulcinj.com\/blog\/","name":"Lajme nga Ulqini","description":"Lajme,Vijesti,Ulqini,Ulqin,Crna Gora,Mali i Zi","potentialAction":[{"@type":"SearchAction","target":{"@type":"EntryPoint","urlTemplate":"https:\/\/www.visit-ulcinj.com\/blog\/?s={search_term_string}"},"query-input":"required name=search_term_string"}],"inLanguage":"en-US"},{"@type":"ImageObject","inLanguage":"en-US","@id":"https:\/\/www.visit-ulcinj.com\/blog\/2009\/03\/17\/adi-kryefamiljari\/#primaryimage","url":"http:\/\/www.visit-ulcinj.com\/blog\/wp-content\/uploads\/2009\/03\/adi-kryefamiljari.jpg","contentUrl":"http:\/\/www.visit-ulcinj.com\/blog\/wp-content\/uploads\/2009\/03\/adi-kryefamiljari.jpg"},{"@type":"WebPage","@id":"https:\/\/www.visit-ulcinj.com\/blog\/2009\/03\/17\/adi-kryefamiljari\/#webpage","url":"https:\/\/www.visit-ulcinj.com\/blog\/2009\/03\/17\/adi-kryefamiljari\/","name":"Adi kryefamiljari | Big Brother Albania 2","isPartOf":{"@id":"https:\/\/www.visit-ulcinj.com\/blog\/#website"},"primaryImageOfPage":{"@id":"https:\/\/www.visit-ulcinj.com\/blog\/2009\/03\/17\/adi-kryefamiljari\/#primaryimage"},"datePublished":"2009-03-17T09:35:28+00:00","dateModified":"2009-03-17T09:35:28+00:00","author":{"@id":"https:\/\/www.visit-ulcinj.com\/blog\/#\/schema\/person\/dcab619c614d3038751c63bc2aadc06d"},"description":"Big Brother Albania 2 - Big Brother e ka l\u00c3\u00abn\u00c3\u00ab n\u00c3\u00ab dor\u00c3\u00abn e Aid\u00c3\u00abs q\u00c3\u00ab t\u00c3\u00ab vendos\u00c3\u00ab kush do t\u00c3\u00ab jet\u00c3\u00ab kryefamiljari i sht\u00c3\u00abpis\u00c3\u00ab, dhe n\u00c3\u00abse ky person do g\u00c3\u00abzonte imunitet","breadcrumb":{"@id":"https:\/\/www.visit-ulcinj.com\/blog\/2009\/03\/17\/adi-kryefamiljari\/#breadcrumb"},"inLanguage":"en-US","potentialAction":[{"@type":"ReadAction","target":["https:\/\/www.visit-ulcinj.com\/blog\/2009\/03\/17\/adi-kryefamiljari\/"]}]},{"@type":"BreadcrumbList","@id":"https:\/\/www.visit-ulcinj.com\/blog\/2009\/03\/17\/adi-kryefamiljari\/#breadcrumb","itemListElement":[{"@type":"ListItem","position":1,"name":"Adi kryefamiljari"}]},{"@type":"Person","@id":"https:\/\/www.visit-ulcinj.com\/blog\/#\/schema\/person\/dcab619c614d3038751c63bc2aadc06d","name":"ulqini","sameAs":["http:\/\/www.visit-ulcinj.com"],"url":"https:\/\/www.visit-ulcinj.com\/blog\/author\/admin\/"}]}},"jetpack_featured_media_url":"","jetpack_sharing_enabled":true,"jetpack_shortlink":"https:\/\/wp.me\/pe6lTn-3K5","_links":{"self":[{"href":"https:\/\/www.visit-ulcinj.com\/blog\/wp-json\/wp\/v2\/posts\/14389"}],"collection":[{"href":"https:\/\/www.visit-ulcinj.com\/blog\/wp-json\/wp\/v2\/posts"}],"about":[{"href":"https:\/\/www.visit-ulcinj.com\/blog\/wp-json\/wp\/v2\/types\/post"}],"author":[{"embeddable":true,"href":"https:\/\/www.visit-ulcinj.com\/blog\/wp-json\/wp\/v2\/users\/1"}],"replies":[{"embeddable":true,"href":"https:\/\/www.visit-ulcinj.com\/blog\/wp-json\/wp\/v2\/comments?post=14389"}],"version-history":[{"count":0,"href":"https:\/\/www.visit-ulcinj.com\/blog\/wp-json\/wp\/v2\/posts\/14389\/revisions"}],"wp:attachment":[{"href":"https:\/\/www.visit-ulcinj.com\/blog\/wp-json\/wp\/v2\/media?parent=14389"}],"wp:term":[{"taxonomy":"category","embeddable":true,"href":"https:\/\/www.visit-ulcinj.com\/blog\/wp-json\/wp\/v2\/categories?post=14389"},{"taxonomy":"post_tag","embeddable":true,"href":"https:\/\/www.visit-ulcinj.com\/blog\/wp-json\/wp\/v2\/tags?post=14389"}],"curies":[{"name":"wp","href":"https:\/\/api.w.org\/{rel}","templated":true}]}}