{"id":14395,"date":"2009-03-17T10:43:48","date_gmt":"2009-03-17T09:43:48","guid":{"rendered":"http:\/\/www.visit-ulcinj.com\/blog\/?p=14395"},"modified":"2009-03-17T10:43:48","modified_gmt":"2009-03-17T09:43:48","slug":"big-brother-albania-2-te-nominuarit-e-javes","status":"publish","type":"post","link":"https:\/\/www.visit-ulcinj.com\/blog\/2009\/03\/17\/big-brother-albania-2-te-nominuarit-e-javes\/","title":{"rendered":"Big Brother Albania 2 &#8211; T\u00eb nominuarit e jav\u00ebs"},"content":{"rendered":"<p><em><span class=\"newsdate\">1<a href=\"http:\/\/www.visit-ulcinj.com\/blog\/wp-content\/uploads\/2009\/03\/aida-nominimet-copy.jpg\"><img loading=\"lazy\" class=\"alignleft size-full wp-image-14396\" title=\"aida-nominimet-big-brother-albania-2\" src=\"http:\/\/www.visit-ulcinj.com\/blog\/wp-content\/uploads\/2009\/03\/aida-nominimet-copy.jpg\" alt=\"aida-nominimet-big-brother-albania-2\" width=\"300\" height=\"205\" \/><\/a>4\/03\/09 23:30<\/span><\/em><\/p>\n<p>T\u00eb nominuarit e k\u00ebsaj jave jan\u00eb Aida, Qetsori, Arjoni dhe Mesida.<br \/>\nN\u00eb dhom\u00ebn e rr\u00ebfimit secili prej banor\u00ebve ka dh\u00ebn\u00eb emrat e personave q\u00eb do t\u00eb donte t\u00eb linin sht\u00ebpin\u00eb e Big Brother si dhe arsyet p\u00ebrkat\u00ebse. I shp\u00ebtuar prej tyre ishte vet\u00ebm Adi, t\u00eb cilit Aida duke i l\u00ebn\u00eb rolin e kujdestarit t\u00eb sht\u00ebpis\u00eb i ka dhuruar edhe imunitetin, duke e p\u00ebrjashtuar k\u00ebshtu nga nominimet. P\u00ebr nj\u00eb pjes\u00eb t\u00eb banor\u00ebve, ky moment ka qen\u00eb tep\u00ebr i v\u00ebshtir\u00eb, p\u00ebr shkak t\u00eb miq\u00ebsive q\u00eb kan\u00eb krijuar tashm\u00eb brenda sht\u00ebpis\u00eb, fakt t\u00eb cilin e kan\u00eb cil\u00ebsuar edhe ata vet. N\u00eb p\u00ebrfundim t\u00eb t\u00eb gjitha nominimeve, t\u00eb kandiduarit ishin Aida, Qetsori, Arjoni dhe Mesida. Vet\u00ebm p\u00ebr Mesid\u00ebn, banoren m\u00eb t\u00eb re t\u00eb sht\u00ebpis\u00eb, kjo \u00ebsht\u00eb hera e par\u00eb q\u00eb \u00ebsht\u00eb nominuar, pasi t\u00eb gjith\u00eb t\u00eb tjer\u00ebt e kan\u00eb provuar edhe m\u00eb par\u00eb ndjesin\u00eb e t\u00eb qenit t\u00eb till\u00eb. Pasi Arbana u komunikoi emrat, Aida u ka thn\u00eb me shaka banor\u00ebve t\u00eb tjer\u00eb: \u201cSi s\u2019ju vjen turp! Ngel\u00ebt duke m\u00eb nominuar mua!\u201d<\/p>\n","protected":false},"excerpt":{"rendered":"<p>14\/03\/09 23:30 T\u00eb nominuarit e k\u00ebsaj jave jan\u00eb Aida, Qetsori, Arjoni dhe Mesida. N\u00eb dhom\u00ebn e rr\u00ebfimit secili prej banor\u00ebve ka dh\u00ebn\u00eb emrat e personave q\u00eb do t\u00eb donte t\u00eb linin sht\u00ebpin\u00eb e Big Brother si dhe arsyet p\u00ebrkat\u00ebse. I shp\u00ebtuar prej tyre ishte vet\u00ebm Adi, t\u00eb cilit Aida duke i l\u00ebn\u00eb rolin e kujdestarit [&hellip;]<\/p>\n","protected":false},"author":1,"featured_media":0,"comment_status":"open","ping_status":"closed","sticky":false,"template":"","format":"standard","meta":{"spay_email":"","jetpack_publicize_message":"","jetpack_is_tweetstorm":false,"jetpack_publicize_feature_enabled":true},"categories":[6502],"tags":[6537,6525,6883,6516,6712,7364,6757,8035,6900,6891],"jetpack_publicize_connections":[],"yoast_head":"<!-- This site is optimized with the Yoast SEO plugin v19.1 - https:\/\/yoast.com\/wordpress\/plugins\/seo\/ -->\n<title>Big Brother Albania 2 - T\u00c3\u00ab nominuarit e jav\u00c3\u00abs<\/title>\n<meta name=\"description\" content=\"Big Brother Albania 2 - T\u00c3\u00ab nominuarit e k\u00c3\u00absaj jave jan\u00c3\u00ab Aida, Qetsori, Arjoni dhe Mesida.\" \/>\n<meta name=\"robots\" content=\"index, follow, max-snippet:-1, max-image-preview:large, max-video-preview:-1\" \/>\n<link rel=\"canonical\" href=\"https:\/\/www.visit-ulcinj.com\/blog\/2009\/03\/17\/big-brother-albania-2-te-nominuarit-e-javes\/\" \/>\n<meta property=\"og:locale\" content=\"en_US\" \/>\n<meta property=\"og:type\" content=\"article\" \/>\n<meta property=\"og:title\" content=\"Big Brother Albania 2 - T\u00c3\u00ab nominuarit e jav\u00c3\u00abs\" \/>\n<meta property=\"og:description\" content=\"Big Brother Albania 2 - T\u00c3\u00ab nominuarit e k\u00c3\u00absaj jave jan\u00c3\u00ab Aida, Qetsori, Arjoni dhe Mesida.\" \/>\n<meta property=\"og:url\" content=\"https:\/\/www.visit-ulcinj.com\/blog\/2009\/03\/17\/big-brother-albania-2-te-nominuarit-e-javes\/\" \/>\n<meta property=\"og:site_name\" content=\"Lajme nga Ulqini\" \/>\n<meta property=\"article:published_time\" content=\"2009-03-17T09:43:48+00:00\" \/>\n<meta property=\"og:image\" content=\"http:\/\/www.visit-ulcinj.com\/blog\/wp-content\/uploads\/2009\/03\/aida-nominimet-copy.jpg\" \/>\n<meta name=\"twitter:label1\" content=\"Written by\" \/>\n\t<meta name=\"twitter:data1\" content=\"ulqini\" \/>\n\t<meta name=\"twitter:label2\" content=\"Est. reading time\" \/>\n\t<meta name=\"twitter:data2\" content=\"1 minute\" \/>\n<script type=\"application\/ld+json\" class=\"yoast-schema-graph\">{\"@context\":\"https:\/\/schema.org\",\"@graph\":[{\"@type\":\"WebSite\",\"@id\":\"https:\/\/www.visit-ulcinj.com\/blog\/#website\",\"url\":\"https:\/\/www.visit-ulcinj.com\/blog\/\",\"name\":\"Lajme nga Ulqini\",\"description\":\"Lajme,Vijesti,Ulqini,Ulqin,Crna Gora,Mali i Zi\",\"potentialAction\":[{\"@type\":\"SearchAction\",\"target\":{\"@type\":\"EntryPoint\",\"urlTemplate\":\"https:\/\/www.visit-ulcinj.com\/blog\/?s={search_term_string}\"},\"query-input\":\"required name=search_term_string\"}],\"inLanguage\":\"en-US\"},{\"@type\":\"ImageObject\",\"inLanguage\":\"en-US\",\"@id\":\"https:\/\/www.visit-ulcinj.com\/blog\/2009\/03\/17\/big-brother-albania-2-te-nominuarit-e-javes\/#primaryimage\",\"url\":\"http:\/\/www.visit-ulcinj.com\/blog\/wp-content\/uploads\/2009\/03\/aida-nominimet-copy.jpg\",\"contentUrl\":\"http:\/\/www.visit-ulcinj.com\/blog\/wp-content\/uploads\/2009\/03\/aida-nominimet-copy.jpg\"},{\"@type\":\"WebPage\",\"@id\":\"https:\/\/www.visit-ulcinj.com\/blog\/2009\/03\/17\/big-brother-albania-2-te-nominuarit-e-javes\/#webpage\",\"url\":\"https:\/\/www.visit-ulcinj.com\/blog\/2009\/03\/17\/big-brother-albania-2-te-nominuarit-e-javes\/\",\"name\":\"Big Brother Albania 2 - T\u00c3\u00ab nominuarit e jav\u00c3\u00abs\",\"isPartOf\":{\"@id\":\"https:\/\/www.visit-ulcinj.com\/blog\/#website\"},\"primaryImageOfPage\":{\"@id\":\"https:\/\/www.visit-ulcinj.com\/blog\/2009\/03\/17\/big-brother-albania-2-te-nominuarit-e-javes\/#primaryimage\"},\"datePublished\":\"2009-03-17T09:43:48+00:00\",\"dateModified\":\"2009-03-17T09:43:48+00:00\",\"author\":{\"@id\":\"https:\/\/www.visit-ulcinj.com\/blog\/#\/schema\/person\/dcab619c614d3038751c63bc2aadc06d\"},\"description\":\"Big Brother Albania 2 - T\u00c3\u00ab nominuarit e k\u00c3\u00absaj jave jan\u00c3\u00ab Aida, Qetsori, Arjoni dhe Mesida.\",\"breadcrumb\":{\"@id\":\"https:\/\/www.visit-ulcinj.com\/blog\/2009\/03\/17\/big-brother-albania-2-te-nominuarit-e-javes\/#breadcrumb\"},\"inLanguage\":\"en-US\",\"potentialAction\":[{\"@type\":\"ReadAction\",\"target\":[\"https:\/\/www.visit-ulcinj.com\/blog\/2009\/03\/17\/big-brother-albania-2-te-nominuarit-e-javes\/\"]}]},{\"@type\":\"BreadcrumbList\",\"@id\":\"https:\/\/www.visit-ulcinj.com\/blog\/2009\/03\/17\/big-brother-albania-2-te-nominuarit-e-javes\/#breadcrumb\",\"itemListElement\":[{\"@type\":\"ListItem\",\"position\":1,\"name\":\"Big Brother Albania 2 &#8211; T\u00eb nominuarit e jav\u00ebs\"}]},{\"@type\":\"Person\",\"@id\":\"https:\/\/www.visit-ulcinj.com\/blog\/#\/schema\/person\/dcab619c614d3038751c63bc2aadc06d\",\"name\":\"ulqini\",\"sameAs\":[\"http:\/\/www.visit-ulcinj.com\"],\"url\":\"https:\/\/www.visit-ulcinj.com\/blog\/author\/admin\/\"}]}<\/script>\n<!-- \/ Yoast SEO plugin. -->","yoast_head_json":{"title":"Big Brother Albania 2 - T\u00c3\u00ab nominuarit e jav\u00c3\u00abs","description":"Big Brother Albania 2 - T\u00c3\u00ab nominuarit e k\u00c3\u00absaj jave jan\u00c3\u00ab Aida, Qetsori, Arjoni dhe Mesida.","robots":{"index":"index","follow":"follow","max-snippet":"max-snippet:-1","max-image-preview":"max-image-preview:large","max-video-preview":"max-video-preview:-1"},"canonical":"https:\/\/www.visit-ulcinj.com\/blog\/2009\/03\/17\/big-brother-albania-2-te-nominuarit-e-javes\/","og_locale":"en_US","og_type":"article","og_title":"Big Brother Albania 2 - T\u00c3\u00ab nominuarit e jav\u00c3\u00abs","og_description":"Big Brother Albania 2 - T\u00c3\u00ab nominuarit e k\u00c3\u00absaj jave jan\u00c3\u00ab Aida, Qetsori, Arjoni dhe Mesida.","og_url":"https:\/\/www.visit-ulcinj.com\/blog\/2009\/03\/17\/big-brother-albania-2-te-nominuarit-e-javes\/","og_site_name":"Lajme nga Ulqini","article_published_time":"2009-03-17T09:43:48+00:00","og_image":[{"url":"http:\/\/www.visit-ulcinj.com\/blog\/wp-content\/uploads\/2009\/03\/aida-nominimet-copy.jpg"}],"twitter_misc":{"Written by":"ulqini","Est. reading time":"1 minute"},"schema":{"@context":"https:\/\/schema.org","@graph":[{"@type":"WebSite","@id":"https:\/\/www.visit-ulcinj.com\/blog\/#website","url":"https:\/\/www.visit-ulcinj.com\/blog\/","name":"Lajme nga Ulqini","description":"Lajme,Vijesti,Ulqini,Ulqin,Crna Gora,Mali i Zi","potentialAction":[{"@type":"SearchAction","target":{"@type":"EntryPoint","urlTemplate":"https:\/\/www.visit-ulcinj.com\/blog\/?s={search_term_string}"},"query-input":"required name=search_term_string"}],"inLanguage":"en-US"},{"@type":"ImageObject","inLanguage":"en-US","@id":"https:\/\/www.visit-ulcinj.com\/blog\/2009\/03\/17\/big-brother-albania-2-te-nominuarit-e-javes\/#primaryimage","url":"http:\/\/www.visit-ulcinj.com\/blog\/wp-content\/uploads\/2009\/03\/aida-nominimet-copy.jpg","contentUrl":"http:\/\/www.visit-ulcinj.com\/blog\/wp-content\/uploads\/2009\/03\/aida-nominimet-copy.jpg"},{"@type":"WebPage","@id":"https:\/\/www.visit-ulcinj.com\/blog\/2009\/03\/17\/big-brother-albania-2-te-nominuarit-e-javes\/#webpage","url":"https:\/\/www.visit-ulcinj.com\/blog\/2009\/03\/17\/big-brother-albania-2-te-nominuarit-e-javes\/","name":"Big Brother Albania 2 - T\u00c3\u00ab nominuarit e jav\u00c3\u00abs","isPartOf":{"@id":"https:\/\/www.visit-ulcinj.com\/blog\/#website"},"primaryImageOfPage":{"@id":"https:\/\/www.visit-ulcinj.com\/blog\/2009\/03\/17\/big-brother-albania-2-te-nominuarit-e-javes\/#primaryimage"},"datePublished":"2009-03-17T09:43:48+00:00","dateModified":"2009-03-17T09:43:48+00:00","author":{"@id":"https:\/\/www.visit-ulcinj.com\/blog\/#\/schema\/person\/dcab619c614d3038751c63bc2aadc06d"},"description":"Big Brother Albania 2 - T\u00c3\u00ab nominuarit e k\u00c3\u00absaj jave jan\u00c3\u00ab Aida, Qetsori, Arjoni dhe Mesida.","breadcrumb":{"@id":"https:\/\/www.visit-ulcinj.com\/blog\/2009\/03\/17\/big-brother-albania-2-te-nominuarit-e-javes\/#breadcrumb"},"inLanguage":"en-US","potentialAction":[{"@type":"ReadAction","target":["https:\/\/www.visit-ulcinj.com\/blog\/2009\/03\/17\/big-brother-albania-2-te-nominuarit-e-javes\/"]}]},{"@type":"BreadcrumbList","@id":"https:\/\/www.visit-ulcinj.com\/blog\/2009\/03\/17\/big-brother-albania-2-te-nominuarit-e-javes\/#breadcrumb","itemListElement":[{"@type":"ListItem","position":1,"name":"Big Brother Albania 2 &#8211; T\u00eb nominuarit e jav\u00ebs"}]},{"@type":"Person","@id":"https:\/\/www.visit-ulcinj.com\/blog\/#\/schema\/person\/dcab619c614d3038751c63bc2aadc06d","name":"ulqini","sameAs":["http:\/\/www.visit-ulcinj.com"],"url":"https:\/\/www.visit-ulcinj.com\/blog\/author\/admin\/"}]}},"jetpack_featured_media_url":"","jetpack_sharing_enabled":true,"jetpack_shortlink":"https:\/\/wp.me\/pe6lTn-3Kb","_links":{"self":[{"href":"https:\/\/www.visit-ulcinj.com\/blog\/wp-json\/wp\/v2\/posts\/14395"}],"collection":[{"href":"https:\/\/www.visit-ulcinj.com\/blog\/wp-json\/wp\/v2\/posts"}],"about":[{"href":"https:\/\/www.visit-ulcinj.com\/blog\/wp-json\/wp\/v2\/types\/post"}],"author":[{"embeddable":true,"href":"https:\/\/www.visit-ulcinj.com\/blog\/wp-json\/wp\/v2\/users\/1"}],"replies":[{"embeddable":true,"href":"https:\/\/www.visit-ulcinj.com\/blog\/wp-json\/wp\/v2\/comments?post=14395"}],"version-history":[{"count":0,"href":"https:\/\/www.visit-ulcinj.com\/blog\/wp-json\/wp\/v2\/posts\/14395\/revisions"}],"wp:attachment":[{"href":"https:\/\/www.visit-ulcinj.com\/blog\/wp-json\/wp\/v2\/media?parent=14395"}],"wp:term":[{"taxonomy":"category","embeddable":true,"href":"https:\/\/www.visit-ulcinj.com\/blog\/wp-json\/wp\/v2\/categories?post=14395"},{"taxonomy":"post_tag","embeddable":true,"href":"https:\/\/www.visit-ulcinj.com\/blog\/wp-json\/wp\/v2\/tags?post=14395"}],"curies":[{"name":"wp","href":"https:\/\/api.w.org\/{rel}","templated":true}]}}