{"id":14398,"date":"2009-03-17T10:48:26","date_gmt":"2009-03-17T09:48:26","guid":{"rendered":"http:\/\/www.visit-ulcinj.com\/blog\/?p=14398"},"modified":"2009-03-17T10:48:26","modified_gmt":"2009-03-17T09:48:26","slug":"darka-e-banoreve-big-brother-albania-2","status":"publish","type":"post","link":"https:\/\/www.visit-ulcinj.com\/blog\/2009\/03\/17\/darka-e-banoreve-big-brother-albania-2\/","title":{"rendered":"Darka e banor\u00ebve | Big Brother Albania 2"},"content":{"rendered":"<p><em><span class=\"newsdate\">1<a href=\"http:\/\/www.visit-ulcinj.com\/blog\/wp-content\/uploads\/2009\/03\/darka-e-banoreve.jpg\"><img loading=\"lazy\" class=\"alignleft size-full wp-image-14399\" title=\"darka-e-banoreve-big-brother-albania-2\" src=\"http:\/\/www.visit-ulcinj.com\/blog\/wp-content\/uploads\/2009\/03\/darka-e-banoreve.jpg\" alt=\"darka-e-banoreve-big-brother-albania-2\" width=\"300\" height=\"205\" \/><\/a>4\/03\/09 23:30<\/span><\/em><\/p>\n<p>V\u00ebllai i madh u ka p\u00ebrgatitur banor\u00ebve t\u00eb sht\u00ebpis\u00eb nj\u00eb tjet\u00ebr surpriz\u00eb, nj\u00eb dark\u00eb t\u00eb mrekullueshme me prodhimet e Rozaf\u00ebs, t\u00eb shoq\u00ebruar nga ver\u00ebrat e \u201cVini and Food\u201d dhe gjith\u00e7ka n\u00ebn tingujt e violin\u00ebs s\u00eb mjeshtrit Qerimi. Banor\u00ebt u duk\u00ebn t\u00eb mahnitur e t\u00eb lumtur nga kjo supriz\u00eb. Ata kan\u00eb shijuar dark\u00ebn e kan\u00eb vall\u00ebzuar, pa harruar edhe t\u00eb komplimentojn\u00eb mjeshtrin e violin\u00ebs shqiptare, q\u00eb u ka dhuruar atyre emocione t\u00eb pap\u00ebrs\u00ebritshme.<\/p>\n","protected":false},"excerpt":{"rendered":"<p>14\/03\/09 23:30 V\u00ebllai i madh u ka p\u00ebrgatitur banor\u00ebve t\u00eb sht\u00ebpis\u00eb nj\u00eb tjet\u00ebr surpriz\u00eb, nj\u00eb dark\u00eb t\u00eb mrekullueshme me prodhimet e Rozaf\u00ebs, t\u00eb shoq\u00ebruar nga ver\u00ebrat e \u201cVini and Food\u201d dhe gjith\u00e7ka n\u00ebn tingujt e violin\u00ebs s\u00eb mjeshtrit Qerimi. Banor\u00ebt u duk\u00ebn t\u00eb mahnitur e t\u00eb lumtur nga kjo supriz\u00eb. Ata kan\u00eb shijuar dark\u00ebn e [&hellip;]<\/p>\n","protected":false},"author":1,"featured_media":0,"comment_status":"open","ping_status":"closed","sticky":false,"template":"","format":"standard","meta":{"spay_email":"","jetpack_publicize_message":"","jetpack_is_tweetstorm":false,"jetpack_publicize_feature_enabled":true},"categories":[6502],"tags":[6537,5057,6506,6516,6712,7129,8036,6900,6891,6693,6887,8037],"jetpack_publicize_connections":[],"yoast_head":"<!-- This site is optimized with the Yoast SEO plugin v19.1 - https:\/\/yoast.com\/wordpress\/plugins\/seo\/ -->\n<title>Darka e banor\u00c3\u00abve | Big Brother Albania 2<\/title>\n<meta name=\"description\" content=\"Big Brother Albania 2 - V\u00c3\u00abllai i madh u ka p\u00c3\u00abrgatitur banor\u00c3\u00abve t\u00c3\u00ab sht\u00c3\u00abpis\u00c3\u00ab nj\u00c3\u00ab tjet\u00c3\u00abr surpriz\u00c3\u00ab, nj\u00c3\u00ab dark\u00c3\u00ab t\u00c3\u00ab mrekullueshme me prodhimet e Rozaf\u00c3\u00abs\" \/>\n<meta name=\"robots\" content=\"index, follow, max-snippet:-1, max-image-preview:large, max-video-preview:-1\" \/>\n<link rel=\"canonical\" href=\"https:\/\/www.visit-ulcinj.com\/blog\/2009\/03\/17\/darka-e-banoreve-big-brother-albania-2\/\" \/>\n<meta property=\"og:locale\" content=\"en_US\" \/>\n<meta property=\"og:type\" content=\"article\" \/>\n<meta property=\"og:title\" content=\"Darka e banor\u00c3\u00abve | Big Brother Albania 2\" \/>\n<meta property=\"og:description\" content=\"Big Brother Albania 2 - V\u00c3\u00abllai i madh u ka p\u00c3\u00abrgatitur banor\u00c3\u00abve t\u00c3\u00ab sht\u00c3\u00abpis\u00c3\u00ab nj\u00c3\u00ab tjet\u00c3\u00abr surpriz\u00c3\u00ab, nj\u00c3\u00ab dark\u00c3\u00ab t\u00c3\u00ab mrekullueshme me prodhimet e Rozaf\u00c3\u00abs\" \/>\n<meta property=\"og:url\" content=\"https:\/\/www.visit-ulcinj.com\/blog\/2009\/03\/17\/darka-e-banoreve-big-brother-albania-2\/\" \/>\n<meta property=\"og:site_name\" content=\"Lajme nga Ulqini\" \/>\n<meta property=\"article:published_time\" content=\"2009-03-17T09:48:26+00:00\" \/>\n<meta property=\"og:image\" content=\"http:\/\/www.visit-ulcinj.com\/blog\/wp-content\/uploads\/2009\/03\/darka-e-banoreve.jpg\" \/>\n<meta name=\"twitter:label1\" content=\"Written by\" \/>\n\t<meta name=\"twitter:data1\" content=\"ulqini\" \/>\n<script type=\"application\/ld+json\" class=\"yoast-schema-graph\">{\"@context\":\"https:\/\/schema.org\",\"@graph\":[{\"@type\":\"WebSite\",\"@id\":\"https:\/\/www.visit-ulcinj.com\/blog\/#website\",\"url\":\"https:\/\/www.visit-ulcinj.com\/blog\/\",\"name\":\"Lajme nga Ulqini\",\"description\":\"Lajme,Vijesti,Ulqini,Ulqin,Crna Gora,Mali i Zi\",\"potentialAction\":[{\"@type\":\"SearchAction\",\"target\":{\"@type\":\"EntryPoint\",\"urlTemplate\":\"https:\/\/www.visit-ulcinj.com\/blog\/?s={search_term_string}\"},\"query-input\":\"required name=search_term_string\"}],\"inLanguage\":\"en-US\"},{\"@type\":\"ImageObject\",\"inLanguage\":\"en-US\",\"@id\":\"https:\/\/www.visit-ulcinj.com\/blog\/2009\/03\/17\/darka-e-banoreve-big-brother-albania-2\/#primaryimage\",\"url\":\"http:\/\/www.visit-ulcinj.com\/blog\/wp-content\/uploads\/2009\/03\/darka-e-banoreve.jpg\",\"contentUrl\":\"http:\/\/www.visit-ulcinj.com\/blog\/wp-content\/uploads\/2009\/03\/darka-e-banoreve.jpg\"},{\"@type\":\"WebPage\",\"@id\":\"https:\/\/www.visit-ulcinj.com\/blog\/2009\/03\/17\/darka-e-banoreve-big-brother-albania-2\/#webpage\",\"url\":\"https:\/\/www.visit-ulcinj.com\/blog\/2009\/03\/17\/darka-e-banoreve-big-brother-albania-2\/\",\"name\":\"Darka e banor\u00c3\u00abve | Big Brother Albania 2\",\"isPartOf\":{\"@id\":\"https:\/\/www.visit-ulcinj.com\/blog\/#website\"},\"primaryImageOfPage\":{\"@id\":\"https:\/\/www.visit-ulcinj.com\/blog\/2009\/03\/17\/darka-e-banoreve-big-brother-albania-2\/#primaryimage\"},\"datePublished\":\"2009-03-17T09:48:26+00:00\",\"dateModified\":\"2009-03-17T09:48:26+00:00\",\"author\":{\"@id\":\"https:\/\/www.visit-ulcinj.com\/blog\/#\/schema\/person\/dcab619c614d3038751c63bc2aadc06d\"},\"description\":\"Big Brother Albania 2 - V\u00c3\u00abllai i madh u ka p\u00c3\u00abrgatitur banor\u00c3\u00abve t\u00c3\u00ab sht\u00c3\u00abpis\u00c3\u00ab nj\u00c3\u00ab tjet\u00c3\u00abr surpriz\u00c3\u00ab, nj\u00c3\u00ab dark\u00c3\u00ab t\u00c3\u00ab mrekullueshme me prodhimet e Rozaf\u00c3\u00abs\",\"breadcrumb\":{\"@id\":\"https:\/\/www.visit-ulcinj.com\/blog\/2009\/03\/17\/darka-e-banoreve-big-brother-albania-2\/#breadcrumb\"},\"inLanguage\":\"en-US\",\"potentialAction\":[{\"@type\":\"ReadAction\",\"target\":[\"https:\/\/www.visit-ulcinj.com\/blog\/2009\/03\/17\/darka-e-banoreve-big-brother-albania-2\/\"]}]},{\"@type\":\"BreadcrumbList\",\"@id\":\"https:\/\/www.visit-ulcinj.com\/blog\/2009\/03\/17\/darka-e-banoreve-big-brother-albania-2\/#breadcrumb\",\"itemListElement\":[{\"@type\":\"ListItem\",\"position\":1,\"name\":\"Darka e banor\u00ebve | Big Brother Albania 2\"}]},{\"@type\":\"Person\",\"@id\":\"https:\/\/www.visit-ulcinj.com\/blog\/#\/schema\/person\/dcab619c614d3038751c63bc2aadc06d\",\"name\":\"ulqini\",\"sameAs\":[\"http:\/\/www.visit-ulcinj.com\"],\"url\":\"https:\/\/www.visit-ulcinj.com\/blog\/author\/admin\/\"}]}<\/script>\n<!-- \/ Yoast SEO plugin. -->","yoast_head_json":{"title":"Darka e banor\u00c3\u00abve | Big Brother Albania 2","description":"Big Brother Albania 2 - V\u00c3\u00abllai i madh u ka p\u00c3\u00abrgatitur banor\u00c3\u00abve t\u00c3\u00ab sht\u00c3\u00abpis\u00c3\u00ab nj\u00c3\u00ab tjet\u00c3\u00abr surpriz\u00c3\u00ab, nj\u00c3\u00ab dark\u00c3\u00ab t\u00c3\u00ab mrekullueshme me prodhimet e Rozaf\u00c3\u00abs","robots":{"index":"index","follow":"follow","max-snippet":"max-snippet:-1","max-image-preview":"max-image-preview:large","max-video-preview":"max-video-preview:-1"},"canonical":"https:\/\/www.visit-ulcinj.com\/blog\/2009\/03\/17\/darka-e-banoreve-big-brother-albania-2\/","og_locale":"en_US","og_type":"article","og_title":"Darka e banor\u00c3\u00abve | Big Brother Albania 2","og_description":"Big Brother Albania 2 - V\u00c3\u00abllai i madh u ka p\u00c3\u00abrgatitur banor\u00c3\u00abve t\u00c3\u00ab sht\u00c3\u00abpis\u00c3\u00ab nj\u00c3\u00ab tjet\u00c3\u00abr surpriz\u00c3\u00ab, nj\u00c3\u00ab dark\u00c3\u00ab t\u00c3\u00ab mrekullueshme me prodhimet e Rozaf\u00c3\u00abs","og_url":"https:\/\/www.visit-ulcinj.com\/blog\/2009\/03\/17\/darka-e-banoreve-big-brother-albania-2\/","og_site_name":"Lajme nga Ulqini","article_published_time":"2009-03-17T09:48:26+00:00","og_image":[{"url":"http:\/\/www.visit-ulcinj.com\/blog\/wp-content\/uploads\/2009\/03\/darka-e-banoreve.jpg"}],"twitter_misc":{"Written by":"ulqini"},"schema":{"@context":"https:\/\/schema.org","@graph":[{"@type":"WebSite","@id":"https:\/\/www.visit-ulcinj.com\/blog\/#website","url":"https:\/\/www.visit-ulcinj.com\/blog\/","name":"Lajme nga Ulqini","description":"Lajme,Vijesti,Ulqini,Ulqin,Crna Gora,Mali i Zi","potentialAction":[{"@type":"SearchAction","target":{"@type":"EntryPoint","urlTemplate":"https:\/\/www.visit-ulcinj.com\/blog\/?s={search_term_string}"},"query-input":"required name=search_term_string"}],"inLanguage":"en-US"},{"@type":"ImageObject","inLanguage":"en-US","@id":"https:\/\/www.visit-ulcinj.com\/blog\/2009\/03\/17\/darka-e-banoreve-big-brother-albania-2\/#primaryimage","url":"http:\/\/www.visit-ulcinj.com\/blog\/wp-content\/uploads\/2009\/03\/darka-e-banoreve.jpg","contentUrl":"http:\/\/www.visit-ulcinj.com\/blog\/wp-content\/uploads\/2009\/03\/darka-e-banoreve.jpg"},{"@type":"WebPage","@id":"https:\/\/www.visit-ulcinj.com\/blog\/2009\/03\/17\/darka-e-banoreve-big-brother-albania-2\/#webpage","url":"https:\/\/www.visit-ulcinj.com\/blog\/2009\/03\/17\/darka-e-banoreve-big-brother-albania-2\/","name":"Darka e banor\u00c3\u00abve | Big Brother Albania 2","isPartOf":{"@id":"https:\/\/www.visit-ulcinj.com\/blog\/#website"},"primaryImageOfPage":{"@id":"https:\/\/www.visit-ulcinj.com\/blog\/2009\/03\/17\/darka-e-banoreve-big-brother-albania-2\/#primaryimage"},"datePublished":"2009-03-17T09:48:26+00:00","dateModified":"2009-03-17T09:48:26+00:00","author":{"@id":"https:\/\/www.visit-ulcinj.com\/blog\/#\/schema\/person\/dcab619c614d3038751c63bc2aadc06d"},"description":"Big Brother Albania 2 - V\u00c3\u00abllai i madh u ka p\u00c3\u00abrgatitur banor\u00c3\u00abve t\u00c3\u00ab sht\u00c3\u00abpis\u00c3\u00ab nj\u00c3\u00ab tjet\u00c3\u00abr surpriz\u00c3\u00ab, nj\u00c3\u00ab dark\u00c3\u00ab t\u00c3\u00ab mrekullueshme me prodhimet e Rozaf\u00c3\u00abs","breadcrumb":{"@id":"https:\/\/www.visit-ulcinj.com\/blog\/2009\/03\/17\/darka-e-banoreve-big-brother-albania-2\/#breadcrumb"},"inLanguage":"en-US","potentialAction":[{"@type":"ReadAction","target":["https:\/\/www.visit-ulcinj.com\/blog\/2009\/03\/17\/darka-e-banoreve-big-brother-albania-2\/"]}]},{"@type":"BreadcrumbList","@id":"https:\/\/www.visit-ulcinj.com\/blog\/2009\/03\/17\/darka-e-banoreve-big-brother-albania-2\/#breadcrumb","itemListElement":[{"@type":"ListItem","position":1,"name":"Darka e banor\u00ebve | Big Brother Albania 2"}]},{"@type":"Person","@id":"https:\/\/www.visit-ulcinj.com\/blog\/#\/schema\/person\/dcab619c614d3038751c63bc2aadc06d","name":"ulqini","sameAs":["http:\/\/www.visit-ulcinj.com"],"url":"https:\/\/www.visit-ulcinj.com\/blog\/author\/admin\/"}]}},"jetpack_featured_media_url":"","jetpack_sharing_enabled":true,"jetpack_shortlink":"https:\/\/wp.me\/pe6lTn-3Ke","_links":{"self":[{"href":"https:\/\/www.visit-ulcinj.com\/blog\/wp-json\/wp\/v2\/posts\/14398"}],"collection":[{"href":"https:\/\/www.visit-ulcinj.com\/blog\/wp-json\/wp\/v2\/posts"}],"about":[{"href":"https:\/\/www.visit-ulcinj.com\/blog\/wp-json\/wp\/v2\/types\/post"}],"author":[{"embeddable":true,"href":"https:\/\/www.visit-ulcinj.com\/blog\/wp-json\/wp\/v2\/users\/1"}],"replies":[{"embeddable":true,"href":"https:\/\/www.visit-ulcinj.com\/blog\/wp-json\/wp\/v2\/comments?post=14398"}],"version-history":[{"count":0,"href":"https:\/\/www.visit-ulcinj.com\/blog\/wp-json\/wp\/v2\/posts\/14398\/revisions"}],"wp:attachment":[{"href":"https:\/\/www.visit-ulcinj.com\/blog\/wp-json\/wp\/v2\/media?parent=14398"}],"wp:term":[{"taxonomy":"category","embeddable":true,"href":"https:\/\/www.visit-ulcinj.com\/blog\/wp-json\/wp\/v2\/categories?post=14398"},{"taxonomy":"post_tag","embeddable":true,"href":"https:\/\/www.visit-ulcinj.com\/blog\/wp-json\/wp\/v2\/tags?post=14398"}],"curies":[{"name":"wp","href":"https:\/\/api.w.org\/{rel}","templated":true}]}}