{"id":14408,"date":"2009-03-17T11:13:26","date_gmt":"2009-03-17T10:13:26","guid":{"rendered":"http:\/\/www.visit-ulcinj.com\/blog\/?p=14408"},"modified":"2009-03-17T11:13:26","modified_gmt":"2009-03-17T10:13:26","slug":"adela-une-te-coj-ne-finale","status":"publish","type":"post","link":"https:\/\/www.visit-ulcinj.com\/blog\/2009\/03\/17\/adela-une-te-coj-ne-finale\/","title":{"rendered":"Adela &#8211; Un\u00eb t\u00eb \u00e7oj n\u00eb finale"},"content":{"rendered":"<p><em><span class=\"newsdate\"><a href=\"http:\/\/www.visit-ulcinj.com\/blog\/wp-content\/uploads\/2009\/03\/adidhe-adela.jpg\"><img loading=\"lazy\" class=\"alignleft size-full wp-image-14409\" title=\"adidhe-adela-big-brother-albania-2\" src=\"http:\/\/www.visit-ulcinj.com\/blog\/wp-content\/uploads\/2009\/03\/adidhe-adela.jpg\" alt=\"adidhe-adela-big-brother-albania-2\" width=\"300\" height=\"205\" \/><\/a>15\/03\/09 01:55<\/span><\/em><\/p>\n<p>\u201cUn\u00eb e ndjej me er\u00eb se kush ka nevoj\u00eb t\u00eb dali!\u201d \u2013 i ka th\u00ebn\u00eb Adi Adelajdes. Ai ka shtuar se t\u00eb gjith\u00eb ata, q\u00eb ai kishte d\u00ebshiruar t\u00eb dilnin nga sht\u00ebpia e Big Brother, kishin dal\u00eb. Ai i ka th\u00ebn\u00eb gjithashtu Adel\u00ebs se ajo nuk b\u00ebnte p\u00ebr k\u00ebt\u00eb loj\u00eb, pasi e kishte shum\u00eb t\u00eb v\u00ebshtir\u00eb t\u00eb p\u00ebrballonte emocionet. \u201cA do t\u00eb fitosh?\u201d- e ka pyetur ai Adelajden. Ajo i ka th\u00ebn\u00eb se donte, por nuk fitonte dot duke \u201cua futur\u201d t\u00eb tjer\u00ebve. Ai ka shtuar se po donte e \u00e7onte at\u00eb deri n\u00eb finale.<\/p>\n","protected":false},"excerpt":{"rendered":"<p>15\/03\/09 01:55 \u201cUn\u00eb e ndjej me er\u00eb se kush ka nevoj\u00eb t\u00eb dali!\u201d \u2013 i ka th\u00ebn\u00eb Adi Adelajdes. Ai ka shtuar se t\u00eb gjith\u00eb ata, q\u00eb ai kishte d\u00ebshiruar t\u00eb dilnin nga sht\u00ebpia e Big Brother, kishin dal\u00eb. Ai i ka th\u00ebn\u00eb gjithashtu Adel\u00ebs se ajo nuk b\u00ebnte p\u00ebr k\u00ebt\u00eb loj\u00eb, pasi e kishte [&hellip;]<\/p>\n","protected":false},"author":1,"featured_media":0,"comment_status":"open","ping_status":"closed","sticky":false,"template":"","format":"standard","meta":{"spay_email":"","jetpack_publicize_message":"","jetpack_is_tweetstorm":false,"jetpack_publicize_feature_enabled":true},"categories":[6502],"tags":[6529,1414,8042,7902,6525,6883,6516,6712,6891],"jetpack_publicize_connections":[],"yoast_head":"<!-- This site is optimized with the Yoast SEO plugin v19.1 - https:\/\/yoast.com\/wordpress\/plugins\/seo\/ -->\n<title>Un\u00c3\u00ab t\u00c3\u00ab \u00c3\u00a7oj n\u00c3\u00ab finale! | Big Brother Albania 2<\/title>\n<meta name=\"description\" content=\"Big Brother Albania 2 - Un\u00c3\u00ab e ndjej me er\u00c3\u00ab se kush ka nevoj\u00c3\u00ab t\u00c3\u00ab dali!\u00e2\u20ac\u009d\u00e2\u20ac\u201c i ka th\u00c3\u00abn\u00c3\u00ab Adi Adelajdes.\" \/>\n<meta name=\"robots\" content=\"index, follow, max-snippet:-1, max-image-preview:large, max-video-preview:-1\" \/>\n<link rel=\"canonical\" href=\"https:\/\/www.visit-ulcinj.com\/blog\/2009\/03\/17\/adela-une-te-coj-ne-finale\/\" \/>\n<meta property=\"og:locale\" content=\"en_US\" \/>\n<meta property=\"og:type\" content=\"article\" \/>\n<meta property=\"og:title\" content=\"Un\u00c3\u00ab t\u00c3\u00ab \u00c3\u00a7oj n\u00c3\u00ab finale! | Big Brother Albania 2\" \/>\n<meta property=\"og:description\" content=\"Big Brother Albania 2 - Un\u00c3\u00ab e ndjej me er\u00c3\u00ab se kush ka nevoj\u00c3\u00ab t\u00c3\u00ab dali!\u00e2\u20ac\u009d\u00e2\u20ac\u201c i ka th\u00c3\u00abn\u00c3\u00ab Adi Adelajdes.\" \/>\n<meta property=\"og:url\" content=\"https:\/\/www.visit-ulcinj.com\/blog\/2009\/03\/17\/adela-une-te-coj-ne-finale\/\" \/>\n<meta property=\"og:site_name\" content=\"Lajme nga Ulqini\" \/>\n<meta property=\"article:published_time\" content=\"2009-03-17T10:13:26+00:00\" \/>\n<meta property=\"og:image\" content=\"http:\/\/www.visit-ulcinj.com\/blog\/wp-content\/uploads\/2009\/03\/adidhe-adela.jpg\" \/>\n<meta name=\"twitter:label1\" content=\"Written by\" \/>\n\t<meta name=\"twitter:data1\" content=\"ulqini\" \/>\n\t<meta name=\"twitter:label2\" content=\"Est. reading time\" \/>\n\t<meta name=\"twitter:data2\" content=\"1 minute\" \/>\n<script type=\"application\/ld+json\" class=\"yoast-schema-graph\">{\"@context\":\"https:\/\/schema.org\",\"@graph\":[{\"@type\":\"WebSite\",\"@id\":\"https:\/\/www.visit-ulcinj.com\/blog\/#website\",\"url\":\"https:\/\/www.visit-ulcinj.com\/blog\/\",\"name\":\"Lajme nga Ulqini\",\"description\":\"Lajme,Vijesti,Ulqini,Ulqin,Crna Gora,Mali i Zi\",\"potentialAction\":[{\"@type\":\"SearchAction\",\"target\":{\"@type\":\"EntryPoint\",\"urlTemplate\":\"https:\/\/www.visit-ulcinj.com\/blog\/?s={search_term_string}\"},\"query-input\":\"required name=search_term_string\"}],\"inLanguage\":\"en-US\"},{\"@type\":\"ImageObject\",\"inLanguage\":\"en-US\",\"@id\":\"https:\/\/www.visit-ulcinj.com\/blog\/2009\/03\/17\/adela-une-te-coj-ne-finale\/#primaryimage\",\"url\":\"http:\/\/www.visit-ulcinj.com\/blog\/wp-content\/uploads\/2009\/03\/adidhe-adela.jpg\",\"contentUrl\":\"http:\/\/www.visit-ulcinj.com\/blog\/wp-content\/uploads\/2009\/03\/adidhe-adela.jpg\"},{\"@type\":\"WebPage\",\"@id\":\"https:\/\/www.visit-ulcinj.com\/blog\/2009\/03\/17\/adela-une-te-coj-ne-finale\/#webpage\",\"url\":\"https:\/\/www.visit-ulcinj.com\/blog\/2009\/03\/17\/adela-une-te-coj-ne-finale\/\",\"name\":\"Un\u00c3\u00ab t\u00c3\u00ab \u00c3\u00a7oj n\u00c3\u00ab finale! | Big Brother Albania 2\",\"isPartOf\":{\"@id\":\"https:\/\/www.visit-ulcinj.com\/blog\/#website\"},\"primaryImageOfPage\":{\"@id\":\"https:\/\/www.visit-ulcinj.com\/blog\/2009\/03\/17\/adela-une-te-coj-ne-finale\/#primaryimage\"},\"datePublished\":\"2009-03-17T10:13:26+00:00\",\"dateModified\":\"2009-03-17T10:13:26+00:00\",\"author\":{\"@id\":\"https:\/\/www.visit-ulcinj.com\/blog\/#\/schema\/person\/dcab619c614d3038751c63bc2aadc06d\"},\"description\":\"Big Brother Albania 2 - Un\u00c3\u00ab e ndjej me er\u00c3\u00ab se kush ka nevoj\u00c3\u00ab t\u00c3\u00ab dali!\u00e2\u20ac\u009d\u00e2\u20ac\u201c i ka th\u00c3\u00abn\u00c3\u00ab Adi Adelajdes.\",\"breadcrumb\":{\"@id\":\"https:\/\/www.visit-ulcinj.com\/blog\/2009\/03\/17\/adela-une-te-coj-ne-finale\/#breadcrumb\"},\"inLanguage\":\"en-US\",\"potentialAction\":[{\"@type\":\"ReadAction\",\"target\":[\"https:\/\/www.visit-ulcinj.com\/blog\/2009\/03\/17\/adela-une-te-coj-ne-finale\/\"]}]},{\"@type\":\"BreadcrumbList\",\"@id\":\"https:\/\/www.visit-ulcinj.com\/blog\/2009\/03\/17\/adela-une-te-coj-ne-finale\/#breadcrumb\",\"itemListElement\":[{\"@type\":\"ListItem\",\"position\":1,\"name\":\"Adela &#8211; Un\u00eb t\u00eb \u00e7oj n\u00eb finale\"}]},{\"@type\":\"Person\",\"@id\":\"https:\/\/www.visit-ulcinj.com\/blog\/#\/schema\/person\/dcab619c614d3038751c63bc2aadc06d\",\"name\":\"ulqini\",\"sameAs\":[\"http:\/\/www.visit-ulcinj.com\"],\"url\":\"https:\/\/www.visit-ulcinj.com\/blog\/author\/admin\/\"}]}<\/script>\n<!-- \/ Yoast SEO plugin. -->","yoast_head_json":{"title":"Un\u00c3\u00ab t\u00c3\u00ab \u00c3\u00a7oj n\u00c3\u00ab finale! | Big Brother Albania 2","description":"Big Brother Albania 2 - Un\u00c3\u00ab e ndjej me er\u00c3\u00ab se kush ka nevoj\u00c3\u00ab t\u00c3\u00ab dali!\u00e2\u20ac\u009d\u00e2\u20ac\u201c i ka th\u00c3\u00abn\u00c3\u00ab Adi Adelajdes.","robots":{"index":"index","follow":"follow","max-snippet":"max-snippet:-1","max-image-preview":"max-image-preview:large","max-video-preview":"max-video-preview:-1"},"canonical":"https:\/\/www.visit-ulcinj.com\/blog\/2009\/03\/17\/adela-une-te-coj-ne-finale\/","og_locale":"en_US","og_type":"article","og_title":"Un\u00c3\u00ab t\u00c3\u00ab \u00c3\u00a7oj n\u00c3\u00ab finale! | Big Brother Albania 2","og_description":"Big Brother Albania 2 - Un\u00c3\u00ab e ndjej me er\u00c3\u00ab se kush ka nevoj\u00c3\u00ab t\u00c3\u00ab dali!\u00e2\u20ac\u009d\u00e2\u20ac\u201c i ka th\u00c3\u00abn\u00c3\u00ab Adi Adelajdes.","og_url":"https:\/\/www.visit-ulcinj.com\/blog\/2009\/03\/17\/adela-une-te-coj-ne-finale\/","og_site_name":"Lajme nga Ulqini","article_published_time":"2009-03-17T10:13:26+00:00","og_image":[{"url":"http:\/\/www.visit-ulcinj.com\/blog\/wp-content\/uploads\/2009\/03\/adidhe-adela.jpg"}],"twitter_misc":{"Written by":"ulqini","Est. reading time":"1 minute"},"schema":{"@context":"https:\/\/schema.org","@graph":[{"@type":"WebSite","@id":"https:\/\/www.visit-ulcinj.com\/blog\/#website","url":"https:\/\/www.visit-ulcinj.com\/blog\/","name":"Lajme nga Ulqini","description":"Lajme,Vijesti,Ulqini,Ulqin,Crna Gora,Mali i Zi","potentialAction":[{"@type":"SearchAction","target":{"@type":"EntryPoint","urlTemplate":"https:\/\/www.visit-ulcinj.com\/blog\/?s={search_term_string}"},"query-input":"required name=search_term_string"}],"inLanguage":"en-US"},{"@type":"ImageObject","inLanguage":"en-US","@id":"https:\/\/www.visit-ulcinj.com\/blog\/2009\/03\/17\/adela-une-te-coj-ne-finale\/#primaryimage","url":"http:\/\/www.visit-ulcinj.com\/blog\/wp-content\/uploads\/2009\/03\/adidhe-adela.jpg","contentUrl":"http:\/\/www.visit-ulcinj.com\/blog\/wp-content\/uploads\/2009\/03\/adidhe-adela.jpg"},{"@type":"WebPage","@id":"https:\/\/www.visit-ulcinj.com\/blog\/2009\/03\/17\/adela-une-te-coj-ne-finale\/#webpage","url":"https:\/\/www.visit-ulcinj.com\/blog\/2009\/03\/17\/adela-une-te-coj-ne-finale\/","name":"Un\u00c3\u00ab t\u00c3\u00ab \u00c3\u00a7oj n\u00c3\u00ab finale! | Big Brother Albania 2","isPartOf":{"@id":"https:\/\/www.visit-ulcinj.com\/blog\/#website"},"primaryImageOfPage":{"@id":"https:\/\/www.visit-ulcinj.com\/blog\/2009\/03\/17\/adela-une-te-coj-ne-finale\/#primaryimage"},"datePublished":"2009-03-17T10:13:26+00:00","dateModified":"2009-03-17T10:13:26+00:00","author":{"@id":"https:\/\/www.visit-ulcinj.com\/blog\/#\/schema\/person\/dcab619c614d3038751c63bc2aadc06d"},"description":"Big Brother Albania 2 - Un\u00c3\u00ab e ndjej me er\u00c3\u00ab se kush ka nevoj\u00c3\u00ab t\u00c3\u00ab dali!\u00e2\u20ac\u009d\u00e2\u20ac\u201c i ka th\u00c3\u00abn\u00c3\u00ab Adi Adelajdes.","breadcrumb":{"@id":"https:\/\/www.visit-ulcinj.com\/blog\/2009\/03\/17\/adela-une-te-coj-ne-finale\/#breadcrumb"},"inLanguage":"en-US","potentialAction":[{"@type":"ReadAction","target":["https:\/\/www.visit-ulcinj.com\/blog\/2009\/03\/17\/adela-une-te-coj-ne-finale\/"]}]},{"@type":"BreadcrumbList","@id":"https:\/\/www.visit-ulcinj.com\/blog\/2009\/03\/17\/adela-une-te-coj-ne-finale\/#breadcrumb","itemListElement":[{"@type":"ListItem","position":1,"name":"Adela &#8211; Un\u00eb t\u00eb \u00e7oj n\u00eb finale"}]},{"@type":"Person","@id":"https:\/\/www.visit-ulcinj.com\/blog\/#\/schema\/person\/dcab619c614d3038751c63bc2aadc06d","name":"ulqini","sameAs":["http:\/\/www.visit-ulcinj.com"],"url":"https:\/\/www.visit-ulcinj.com\/blog\/author\/admin\/"}]}},"jetpack_featured_media_url":"","jetpack_sharing_enabled":true,"jetpack_shortlink":"https:\/\/wp.me\/pe6lTn-3Ko","_links":{"self":[{"href":"https:\/\/www.visit-ulcinj.com\/blog\/wp-json\/wp\/v2\/posts\/14408"}],"collection":[{"href":"https:\/\/www.visit-ulcinj.com\/blog\/wp-json\/wp\/v2\/posts"}],"about":[{"href":"https:\/\/www.visit-ulcinj.com\/blog\/wp-json\/wp\/v2\/types\/post"}],"author":[{"embeddable":true,"href":"https:\/\/www.visit-ulcinj.com\/blog\/wp-json\/wp\/v2\/users\/1"}],"replies":[{"embeddable":true,"href":"https:\/\/www.visit-ulcinj.com\/blog\/wp-json\/wp\/v2\/comments?post=14408"}],"version-history":[{"count":0,"href":"https:\/\/www.visit-ulcinj.com\/blog\/wp-json\/wp\/v2\/posts\/14408\/revisions"}],"wp:attachment":[{"href":"https:\/\/www.visit-ulcinj.com\/blog\/wp-json\/wp\/v2\/media?parent=14408"}],"wp:term":[{"taxonomy":"category","embeddable":true,"href":"https:\/\/www.visit-ulcinj.com\/blog\/wp-json\/wp\/v2\/categories?post=14408"},{"taxonomy":"post_tag","embeddable":true,"href":"https:\/\/www.visit-ulcinj.com\/blog\/wp-json\/wp\/v2\/tags?post=14408"}],"curies":[{"name":"wp","href":"https:\/\/api.w.org\/{rel}","templated":true}]}}