{"id":1441,"date":"2008-04-28T14:15:20","date_gmt":"2008-04-28T19:15:20","guid":{"rendered":"http:\/\/www.visit-ulcinj.com\/blog\/?p=1441"},"modified":"2008-04-28T14:17:28","modified_gmt":"2008-04-28T19:17:28","slug":"te-shtunen-ne-ulqin-u-mbajt-kuvendi-i-elektoreve-per-zgjedhjen-e-anetareve-te-keshillit-nacional-te-shqiptareve","status":"publish","type":"post","link":"https:\/\/www.visit-ulcinj.com\/blog\/2008\/04\/28\/te-shtunen-ne-ulqin-u-mbajt-kuvendi-i-elektoreve-per-zgjedhjen-e-anetareve-te-keshillit-nacional-te-shqiptareve\/","title":{"rendered":"T\u00eb shtun\u00ebn n\u00eb Ulqin u mbajt kuvendi i elektor\u00ebve p\u00ebr zgjedhjen e an\u00ebtar\u00ebve t\u00eb k\u00ebshillit nacional t\u00eb shqiptar\u00ebve"},"content":{"rendered":"<p><strong> <\/strong><\/p>\n<p><a href=\"http:\/\/www.visit-ulcinj.com\/blog\/wp-content\/uploads\/2008\/04\/atedheu-na-bashkon1.jpg\"><img loading=\"lazy\" class=\"alignleft attachment wp-att-1400\" style=\"float: left;\" src=\"http:\/\/www.visit-ulcinj.com\/blog\/wp-content\/uploads\/2008\/04\/atedheu-na-bashkon1.thumbnail.jpg\" alt=\" Atdheu na Bashkon \" width=\"200\" height=\"150\" \/><\/a><strong>U zgjodh\u00ebn 15 an\u00ebtar\u00eb<\/strong><br \/>\nUlqin &#8211; Kuvendi i elektor\u00ebve zgjodhi t\u00eb shtun\u00ebn 15 an\u00ebtar\u00ebt q\u00eb do t`i p\u00ebrfaq\u00ebsojn\u00eb n\u00eb t\u00eb ardhmen shqiptar\u00ebt n\u00eb K\u00ebshillin e tyre nacional.<br \/>\nAn\u00ebtar\u00eb t\u00eb K\u00ebshillit Nacional t\u00eb Shqiptar\u00ebve u zgjodh\u00ebn Agron Mehmedi, Ali Gje\u00e7britaj, Daut Ceka, Fadil Kova\u00e7i, Gani Kukaj, Hajrudin Kova\u00e7i, Husein Daciq, Ismail Doda, Mehmet Tafica, Musa Gjokaj, Naser Perasheviq, Palo Dreshaj, Tahir Gjonbalaj, Tahir Tahiri dhe Taip Kurti.<br \/>\nN\u00eb Kuvend mor\u00ebn pjes\u00eb 48 elektor\u00eb nga 49 sa ishin ftuar.<br \/>\nP\u00ebrve\u00e7 15 an\u00ebtar\u00ebve t\u00eb zgjedhur n\u00eb Kuvend, an\u00ebtar\u00eb t\u00eb K\u00ebshilli Nacional t\u00eb Shqiptar\u00ebve n\u00eb baz\u00eb t\u00eb funksionit do t\u00eb jen\u00eb edhe Fuad Nimani, minist\u00ebr p\u00ebr Mbrojtjen e t\u00eb Drejtave t\u00eb Njeriut dhe Pakicave, G\u00ebzim Hajdinaga, kryetar i Komun\u00ebs s\u00eb Ulqinit, Smail Maliq \u00c7unmulaj, kryetar i Komun\u00ebs Urbane t\u00eb Tuzit, Mehmet Bardhi, kryetar dhe deputet i LD n\u00eb MZ, Ferhat Dinosha, kryetar dhe deputet i UDSH-s\u00eb, Amir Hollaj, kryetar i PPD-s\u00eb, Nazif Cungu, kryetar i Forc\u00ebs s\u00eb Re Demokratike &#8211; Forca, Ali Doda, kryetar i BDSH-s\u00eb, deputet\u00ebt e PDS-s\u00eb Omer Axhoviq dhe Luigj Shkreli, deputeti i Alternativ\u00ebs Shqiptare, Vasel Sinishtaj.<br \/>\nAn\u00ebtar\u00eb t\u00eb K\u00ebshillit Nacional Shqiptar do t\u00eb jen\u00eb edhe kryetar\u00ebt e klubeve t\u00eb k\u00ebshilltar\u00ebve n\u00eb Kuvendin e Komun\u00ebs s\u00eb Ulqinit, Hatixha Gjonoviq (UDSH), Kadri Sinani (LD n\u00eb MZ), Kapllan Mu\u00e7aj (PPD) dhe Genci Nimanbegu (Forca), n\u00eb Kuvendin e Komun\u00ebs s\u00eb Plav\u00ebs, Ramo Sinanaj (UDSH) dhe Miftar Balidemaj (LD n\u00eb MZ), dhe n\u00eb Kuvendin e Komun\u00ebs Urbane t\u00eb Tuzit, Fadil Kajoshaj (UDSH), Lindon Gjelaj (ASH) dhe Marash Dedvukaj (LD n\u00eb MZ).<br \/>\nN\u00eb baz\u00eb t\u00eb Ligjit p\u00ebr t\u00eb drejtat dhe lirit\u00eb e pakicave, k\u00ebshillat nacionale do t\u00eb ken\u00eb rol shum\u00eb t\u00eb r\u00ebnd\u00ebsish\u00ebm n\u00eb jet\u00ebn e ardhshme politike n\u00eb fush\u00ebn e p\u00ebrmir\u00ebsimit t\u00eb pozit\u00ebs s\u00eb pakicave n\u00eb shoq\u00ebrin\u00eb e Malit t\u00eb Zi.<br \/>\n<strong>Ismet Kallaba<br \/>\nKOHA JAVORE<\/strong><\/p>\n","protected":false},"excerpt":{"rendered":"<p><img loading=\"lazy\" class=\"alignleft attachment wp-att-1400\" style=\"float: left;\" src=\"http:\/\/www.visit-ulcinj.com\/blog\/wp-content\/uploads\/2008\/04\/atedheu-na-bashkon1.thumbnail.jpg\" alt=\" Atdheu na Bashkon \" width=\"140\" height=\"140\" \/><\/p>\n","protected":false},"author":1,"featured_media":0,"comment_status":"open","ping_status":"closed","sticky":false,"template":"","format":"standard","meta":{"spay_email":"","jetpack_publicize_message":"","jetpack_is_tweetstorm":false,"jetpack_publicize_feature_enabled":true},"categories":[6,12],"tags":[1888,2812,1303,2574,2829,2830,2836,2837,2813,97,106,2576,222,2577,2831,2814,2815,2832,2833,2824,2825,2828,2827,2821,2823,2826,2838,347,2530,2839,2816,2817,118,2834,2840,2818,2835,2822,897,2819,348],"jetpack_publicize_connections":[],"yoast_head":"<!-- This site is optimized with the Yoast SEO plugin v19.1 - https:\/\/yoast.com\/wordpress\/plugins\/seo\/ -->\n<title>T\u00eb shtun\u00ebn n\u00eb Ulqin u mbajt kuvendi i elektor\u00ebve p\u00ebr zgjedhjen e an\u00ebtar\u00ebve t\u00eb k\u00ebshillit nacional t\u00eb shqiptar\u00ebve - Lajme nga Ulqini<\/title>\n<meta name=\"robots\" content=\"index, follow, max-snippet:-1, max-image-preview:large, max-video-preview:-1\" \/>\n<link rel=\"canonical\" href=\"https:\/\/www.visit-ulcinj.com\/blog\/2008\/04\/28\/te-shtunen-ne-ulqin-u-mbajt-kuvendi-i-elektoreve-per-zgjedhjen-e-anetareve-te-keshillit-nacional-te-shqiptareve\/\" \/>\n<meta property=\"og:locale\" content=\"en_US\" \/>\n<meta property=\"og:type\" content=\"article\" \/>\n<meta property=\"og:title\" content=\"T\u00eb shtun\u00ebn n\u00eb Ulqin u mbajt kuvendi i elektor\u00ebve p\u00ebr zgjedhjen e an\u00ebtar\u00ebve t\u00eb k\u00ebshillit nacional t\u00eb shqiptar\u00ebve - Lajme nga Ulqini\" \/>\n<meta property=\"og:url\" content=\"https:\/\/www.visit-ulcinj.com\/blog\/2008\/04\/28\/te-shtunen-ne-ulqin-u-mbajt-kuvendi-i-elektoreve-per-zgjedhjen-e-anetareve-te-keshillit-nacional-te-shqiptareve\/\" \/>\n<meta property=\"og:site_name\" content=\"Lajme nga Ulqini\" \/>\n<meta property=\"article:published_time\" content=\"2008-04-28T19:15:20+00:00\" \/>\n<meta property=\"article:modified_time\" content=\"2008-04-28T19:17:28+00:00\" \/>\n<meta property=\"og:image\" content=\"http:\/\/www.visit-ulcinj.com\/blog\/wp-content\/uploads\/2008\/04\/atedheu-na-bashkon1.thumbnail.jpg\" \/>\n<meta name=\"twitter:label1\" content=\"Written by\" \/>\n\t<meta name=\"twitter:data1\" content=\"ulqini\" \/>\n\t<meta name=\"twitter:label2\" content=\"Est. reading time\" \/>\n\t<meta name=\"twitter:data2\" content=\"2 minutes\" \/>\n<script type=\"application\/ld+json\" class=\"yoast-schema-graph\">{\"@context\":\"https:\/\/schema.org\",\"@graph\":[{\"@type\":\"WebSite\",\"@id\":\"https:\/\/www.visit-ulcinj.com\/blog\/#website\",\"url\":\"https:\/\/www.visit-ulcinj.com\/blog\/\",\"name\":\"Lajme nga Ulqini\",\"description\":\"Lajme,Vijesti,Ulqini,Ulqin,Crna Gora,Mali i Zi\",\"potentialAction\":[{\"@type\":\"SearchAction\",\"target\":{\"@type\":\"EntryPoint\",\"urlTemplate\":\"https:\/\/www.visit-ulcinj.com\/blog\/?s={search_term_string}\"},\"query-input\":\"required name=search_term_string\"}],\"inLanguage\":\"en-US\"},{\"@type\":\"ImageObject\",\"inLanguage\":\"en-US\",\"@id\":\"https:\/\/www.visit-ulcinj.com\/blog\/2008\/04\/28\/te-shtunen-ne-ulqin-u-mbajt-kuvendi-i-elektoreve-per-zgjedhjen-e-anetareve-te-keshillit-nacional-te-shqiptareve\/#primaryimage\",\"url\":\"http:\/\/www.visit-ulcinj.com\/blog\/wp-content\/uploads\/2008\/04\/atedheu-na-bashkon1.thumbnail.jpg\",\"contentUrl\":\"http:\/\/www.visit-ulcinj.com\/blog\/wp-content\/uploads\/2008\/04\/atedheu-na-bashkon1.thumbnail.jpg\"},{\"@type\":\"WebPage\",\"@id\":\"https:\/\/www.visit-ulcinj.com\/blog\/2008\/04\/28\/te-shtunen-ne-ulqin-u-mbajt-kuvendi-i-elektoreve-per-zgjedhjen-e-anetareve-te-keshillit-nacional-te-shqiptareve\/#webpage\",\"url\":\"https:\/\/www.visit-ulcinj.com\/blog\/2008\/04\/28\/te-shtunen-ne-ulqin-u-mbajt-kuvendi-i-elektoreve-per-zgjedhjen-e-anetareve-te-keshillit-nacional-te-shqiptareve\/\",\"name\":\"T\u00eb shtun\u00ebn n\u00eb Ulqin u mbajt kuvendi i elektor\u00ebve p\u00ebr zgjedhjen e an\u00ebtar\u00ebve t\u00eb k\u00ebshillit nacional t\u00eb shqiptar\u00ebve - Lajme nga Ulqini\",\"isPartOf\":{\"@id\":\"https:\/\/www.visit-ulcinj.com\/blog\/#website\"},\"primaryImageOfPage\":{\"@id\":\"https:\/\/www.visit-ulcinj.com\/blog\/2008\/04\/28\/te-shtunen-ne-ulqin-u-mbajt-kuvendi-i-elektoreve-per-zgjedhjen-e-anetareve-te-keshillit-nacional-te-shqiptareve\/#primaryimage\"},\"datePublished\":\"2008-04-28T19:15:20+00:00\",\"dateModified\":\"2008-04-28T19:17:28+00:00\",\"author\":{\"@id\":\"https:\/\/www.visit-ulcinj.com\/blog\/#\/schema\/person\/dcab619c614d3038751c63bc2aadc06d\"},\"breadcrumb\":{\"@id\":\"https:\/\/www.visit-ulcinj.com\/blog\/2008\/04\/28\/te-shtunen-ne-ulqin-u-mbajt-kuvendi-i-elektoreve-per-zgjedhjen-e-anetareve-te-keshillit-nacional-te-shqiptareve\/#breadcrumb\"},\"inLanguage\":\"en-US\",\"potentialAction\":[{\"@type\":\"ReadAction\",\"target\":[\"https:\/\/www.visit-ulcinj.com\/blog\/2008\/04\/28\/te-shtunen-ne-ulqin-u-mbajt-kuvendi-i-elektoreve-per-zgjedhjen-e-anetareve-te-keshillit-nacional-te-shqiptareve\/\"]}]},{\"@type\":\"BreadcrumbList\",\"@id\":\"https:\/\/www.visit-ulcinj.com\/blog\/2008\/04\/28\/te-shtunen-ne-ulqin-u-mbajt-kuvendi-i-elektoreve-per-zgjedhjen-e-anetareve-te-keshillit-nacional-te-shqiptareve\/#breadcrumb\",\"itemListElement\":[{\"@type\":\"ListItem\",\"position\":1,\"name\":\"T\u00eb shtun\u00ebn n\u00eb Ulqin u mbajt kuvendi i elektor\u00ebve p\u00ebr zgjedhjen e an\u00ebtar\u00ebve t\u00eb k\u00ebshillit nacional t\u00eb shqiptar\u00ebve\"}]},{\"@type\":\"Person\",\"@id\":\"https:\/\/www.visit-ulcinj.com\/blog\/#\/schema\/person\/dcab619c614d3038751c63bc2aadc06d\",\"name\":\"ulqini\",\"sameAs\":[\"http:\/\/www.visit-ulcinj.com\"],\"url\":\"https:\/\/www.visit-ulcinj.com\/blog\/author\/admin\/\"}]}<\/script>\n<!-- \/ Yoast SEO plugin. -->","yoast_head_json":{"title":"T\u00eb shtun\u00ebn n\u00eb Ulqin u mbajt kuvendi i elektor\u00ebve p\u00ebr zgjedhjen e an\u00ebtar\u00ebve t\u00eb k\u00ebshillit nacional t\u00eb shqiptar\u00ebve - Lajme nga Ulqini","robots":{"index":"index","follow":"follow","max-snippet":"max-snippet:-1","max-image-preview":"max-image-preview:large","max-video-preview":"max-video-preview:-1"},"canonical":"https:\/\/www.visit-ulcinj.com\/blog\/2008\/04\/28\/te-shtunen-ne-ulqin-u-mbajt-kuvendi-i-elektoreve-per-zgjedhjen-e-anetareve-te-keshillit-nacional-te-shqiptareve\/","og_locale":"en_US","og_type":"article","og_title":"T\u00eb shtun\u00ebn n\u00eb Ulqin u mbajt kuvendi i elektor\u00ebve p\u00ebr zgjedhjen e an\u00ebtar\u00ebve t\u00eb k\u00ebshillit nacional t\u00eb shqiptar\u00ebve - Lajme nga Ulqini","og_url":"https:\/\/www.visit-ulcinj.com\/blog\/2008\/04\/28\/te-shtunen-ne-ulqin-u-mbajt-kuvendi-i-elektoreve-per-zgjedhjen-e-anetareve-te-keshillit-nacional-te-shqiptareve\/","og_site_name":"Lajme nga Ulqini","article_published_time":"2008-04-28T19:15:20+00:00","article_modified_time":"2008-04-28T19:17:28+00:00","og_image":[{"url":"http:\/\/www.visit-ulcinj.com\/blog\/wp-content\/uploads\/2008\/04\/atedheu-na-bashkon1.thumbnail.jpg"}],"twitter_misc":{"Written by":"ulqini","Est. reading time":"2 minutes"},"schema":{"@context":"https:\/\/schema.org","@graph":[{"@type":"WebSite","@id":"https:\/\/www.visit-ulcinj.com\/blog\/#website","url":"https:\/\/www.visit-ulcinj.com\/blog\/","name":"Lajme nga Ulqini","description":"Lajme,Vijesti,Ulqini,Ulqin,Crna Gora,Mali i Zi","potentialAction":[{"@type":"SearchAction","target":{"@type":"EntryPoint","urlTemplate":"https:\/\/www.visit-ulcinj.com\/blog\/?s={search_term_string}"},"query-input":"required name=search_term_string"}],"inLanguage":"en-US"},{"@type":"ImageObject","inLanguage":"en-US","@id":"https:\/\/www.visit-ulcinj.com\/blog\/2008\/04\/28\/te-shtunen-ne-ulqin-u-mbajt-kuvendi-i-elektoreve-per-zgjedhjen-e-anetareve-te-keshillit-nacional-te-shqiptareve\/#primaryimage","url":"http:\/\/www.visit-ulcinj.com\/blog\/wp-content\/uploads\/2008\/04\/atedheu-na-bashkon1.thumbnail.jpg","contentUrl":"http:\/\/www.visit-ulcinj.com\/blog\/wp-content\/uploads\/2008\/04\/atedheu-na-bashkon1.thumbnail.jpg"},{"@type":"WebPage","@id":"https:\/\/www.visit-ulcinj.com\/blog\/2008\/04\/28\/te-shtunen-ne-ulqin-u-mbajt-kuvendi-i-elektoreve-per-zgjedhjen-e-anetareve-te-keshillit-nacional-te-shqiptareve\/#webpage","url":"https:\/\/www.visit-ulcinj.com\/blog\/2008\/04\/28\/te-shtunen-ne-ulqin-u-mbajt-kuvendi-i-elektoreve-per-zgjedhjen-e-anetareve-te-keshillit-nacional-te-shqiptareve\/","name":"T\u00eb shtun\u00ebn n\u00eb Ulqin u mbajt kuvendi i elektor\u00ebve p\u00ebr zgjedhjen e an\u00ebtar\u00ebve t\u00eb k\u00ebshillit nacional t\u00eb shqiptar\u00ebve - Lajme nga Ulqini","isPartOf":{"@id":"https:\/\/www.visit-ulcinj.com\/blog\/#website"},"primaryImageOfPage":{"@id":"https:\/\/www.visit-ulcinj.com\/blog\/2008\/04\/28\/te-shtunen-ne-ulqin-u-mbajt-kuvendi-i-elektoreve-per-zgjedhjen-e-anetareve-te-keshillit-nacional-te-shqiptareve\/#primaryimage"},"datePublished":"2008-04-28T19:15:20+00:00","dateModified":"2008-04-28T19:17:28+00:00","author":{"@id":"https:\/\/www.visit-ulcinj.com\/blog\/#\/schema\/person\/dcab619c614d3038751c63bc2aadc06d"},"breadcrumb":{"@id":"https:\/\/www.visit-ulcinj.com\/blog\/2008\/04\/28\/te-shtunen-ne-ulqin-u-mbajt-kuvendi-i-elektoreve-per-zgjedhjen-e-anetareve-te-keshillit-nacional-te-shqiptareve\/#breadcrumb"},"inLanguage":"en-US","potentialAction":[{"@type":"ReadAction","target":["https:\/\/www.visit-ulcinj.com\/blog\/2008\/04\/28\/te-shtunen-ne-ulqin-u-mbajt-kuvendi-i-elektoreve-per-zgjedhjen-e-anetareve-te-keshillit-nacional-te-shqiptareve\/"]}]},{"@type":"BreadcrumbList","@id":"https:\/\/www.visit-ulcinj.com\/blog\/2008\/04\/28\/te-shtunen-ne-ulqin-u-mbajt-kuvendi-i-elektoreve-per-zgjedhjen-e-anetareve-te-keshillit-nacional-te-shqiptareve\/#breadcrumb","itemListElement":[{"@type":"ListItem","position":1,"name":"T\u00eb shtun\u00ebn n\u00eb Ulqin u mbajt kuvendi i elektor\u00ebve p\u00ebr zgjedhjen e an\u00ebtar\u00ebve t\u00eb k\u00ebshillit nacional t\u00eb shqiptar\u00ebve"}]},{"@type":"Person","@id":"https:\/\/www.visit-ulcinj.com\/blog\/#\/schema\/person\/dcab619c614d3038751c63bc2aadc06d","name":"ulqini","sameAs":["http:\/\/www.visit-ulcinj.com"],"url":"https:\/\/www.visit-ulcinj.com\/blog\/author\/admin\/"}]}},"jetpack_featured_media_url":"","jetpack_sharing_enabled":true,"jetpack_shortlink":"https:\/\/wp.me\/pe6lTn-nf","_links":{"self":[{"href":"https:\/\/www.visit-ulcinj.com\/blog\/wp-json\/wp\/v2\/posts\/1441"}],"collection":[{"href":"https:\/\/www.visit-ulcinj.com\/blog\/wp-json\/wp\/v2\/posts"}],"about":[{"href":"https:\/\/www.visit-ulcinj.com\/blog\/wp-json\/wp\/v2\/types\/post"}],"author":[{"embeddable":true,"href":"https:\/\/www.visit-ulcinj.com\/blog\/wp-json\/wp\/v2\/users\/1"}],"replies":[{"embeddable":true,"href":"https:\/\/www.visit-ulcinj.com\/blog\/wp-json\/wp\/v2\/comments?post=1441"}],"version-history":[{"count":0,"href":"https:\/\/www.visit-ulcinj.com\/blog\/wp-json\/wp\/v2\/posts\/1441\/revisions"}],"wp:attachment":[{"href":"https:\/\/www.visit-ulcinj.com\/blog\/wp-json\/wp\/v2\/media?parent=1441"}],"wp:term":[{"taxonomy":"category","embeddable":true,"href":"https:\/\/www.visit-ulcinj.com\/blog\/wp-json\/wp\/v2\/categories?post=1441"},{"taxonomy":"post_tag","embeddable":true,"href":"https:\/\/www.visit-ulcinj.com\/blog\/wp-json\/wp\/v2\/tags?post=1441"}],"curies":[{"name":"wp","href":"https:\/\/api.w.org\/{rel}","templated":true}]}}