{"id":14415,"date":"2009-03-17T11:43:40","date_gmt":"2009-03-17T10:43:40","guid":{"rendered":"http:\/\/www.visit-ulcinj.com\/blog\/?p=14415"},"modified":"2009-03-17T11:43:40","modified_gmt":"2009-03-17T10:43:40","slug":"s%e2%80%99duhej-ta-nominoje-aiden","status":"publish","type":"post","link":"https:\/\/www.visit-ulcinj.com\/blog\/2009\/03\/17\/s%e2%80%99duhej-ta-nominoje-aiden\/","title":{"rendered":"S\u2019duhej ta nominoje Aid\u00ebn"},"content":{"rendered":"<p><em><span class=\"newsdate\"><a href=\"http:\/\/www.visit-ulcinj.com\/blog\/wp-content\/uploads\/2009\/03\/mozabjordiadela-copy.jpg\"><img loading=\"lazy\" class=\"alignleft size-full wp-image-14416\" title=\"mozabjordiadela-big-brother-albania-2\" src=\"http:\/\/www.visit-ulcinj.com\/blog\/wp-content\/uploads\/2009\/03\/mozabjordiadela-copy.jpg\" alt=\"mozabjordiadela-big-brother-albania-2\" width=\"300\" height=\"205\" \/><\/a>15\/03\/09 02:15<\/span><\/em><\/p>\n<p>Sipas Mimoz\u00ebs, Adelajda kishte b\u00ebr\u00eb shum\u00eb gabim q\u00eb e kishte nominuar Aid\u00ebn. Ajo ia ka th\u00ebn\u00eb edhe Adelajdes k\u00ebt\u00eb. Sipas saj, dit\u00ebt e fundit, ato ishin afruar shum\u00eb. Bjordi e ka mb\u00ebshtetur Adel\u00ebn duke i th\u00ebn\u00eb se, p\u00ebrkundrazi, ajo kishte b\u00ebr\u00eb shum\u00eb mir\u00eb. Kaq ka mjaftuar q\u00eb ato q\u00eb t\u00eb dyja, si Mimoza, si Adelajda, t\u2019i hidhen e t\u2019i thon\u00eb se ishte v\u00ebrtet gabim. \u201cFemrat jan\u00eb debile!\u201d \u2013 ka th\u00ebn\u00eb Bjordi dhe ka dal\u00eb nga dhoma. M\u00eb pas, Mimoza e ka vazhduar bised\u00ebn me Adel\u00ebn, duke i th\u00ebn\u00eb k\u00ebsaj t\u00eb fundit se Aida kishte ngelur shum\u00eb e zhg\u00ebnjyer prej saj (Adelajdes) dhe se ajo ishte p\u00ebrpjekur t\u2019ia shpjegonte asaj arsyet q\u00eb mund t\u00eb kishte patur Adela q\u00eb kishte vepruar k\u00ebshtu, p\u00ebr ta justifikuar at\u00eb. M\u00eb pas, aty ka ardhur edhe Lirita q\u00eb i ka th\u00ebn\u00eb t\u00eb nj\u00ebjt\u00ebn gj\u00eb. Adelajda \u00ebsht\u00eb mbrojtur me faktin se nuk ka pasur k\u00eb t\u00eb nominonte, sepse me t\u00eb gjith\u00eb shkonte mir\u00eb. Ajo tha se e kishte nominuar Aid\u00ebn, pasi kjo kishte qen\u00eb e vetmja me t\u00eb cil\u00ebn kishte patur mosmarr\u00ebveshje, nd\u00ebrsa me t\u00eb gjith\u00eb t\u00eb tjer\u00ebt, nuk ishte z\u00ebn\u00eb asnj\u00ebher\u00eb.<\/p>\n","protected":false},"excerpt":{"rendered":"<p>15\/03\/09 02:15 Sipas Mimoz\u00ebs, Adelajda kishte b\u00ebr\u00eb shum\u00eb gabim q\u00eb e kishte nominuar Aid\u00ebn. Ajo ia ka th\u00ebn\u00eb edhe Adelajdes k\u00ebt\u00eb. Sipas saj, dit\u00ebt e fundit, ato ishin afruar shum\u00eb. Bjordi e ka mb\u00ebshtetur Adel\u00ebn duke i th\u00ebn\u00eb se, p\u00ebrkundrazi, ajo kishte b\u00ebr\u00eb shum\u00eb mir\u00eb. Kaq ka mjaftuar q\u00eb ato q\u00eb t\u00eb dyja, si Mimoza, [&hellip;]<\/p>\n","protected":false},"author":1,"featured_media":0,"comment_status":"open","ping_status":"closed","sticky":false,"template":"","format":"standard","meta":{"spay_email":"","jetpack_publicize_message":"","jetpack_is_tweetstorm":false,"jetpack_publicize_feature_enabled":true},"categories":[6502],"tags":[6529,6537,6883,6516,6712,6522,6544,6757,6891],"jetpack_publicize_connections":[],"yoast_head":"<!-- This site is optimized with the Yoast SEO plugin v19.1 - https:\/\/yoast.com\/wordpress\/plugins\/seo\/ -->\n<title>S\u00e2\u20ac\u2122duhej ta nominoje Aid\u00c3\u00abn | Big Brother Albania 2<\/title>\n<meta name=\"description\" content=\"Big Brother Albania 2 - Sipas Mimoz\u00c3\u00abs, Adelajda kishte b\u00c3\u00abr\u00c3\u00ab shum\u00c3\u00ab gabim q\u00c3\u00ab e kishte nominuar Aid\u00c3\u00abn\" \/>\n<meta name=\"robots\" content=\"index, follow, max-snippet:-1, max-image-preview:large, max-video-preview:-1\" \/>\n<link rel=\"canonical\" href=\"https:\/\/www.visit-ulcinj.com\/blog\/2009\/03\/17\/s\u2019duhej-ta-nominoje-aiden\/\" \/>\n<meta property=\"og:locale\" content=\"en_US\" \/>\n<meta property=\"og:type\" content=\"article\" \/>\n<meta property=\"og:title\" content=\"S\u00e2\u20ac\u2122duhej ta nominoje Aid\u00c3\u00abn | Big Brother Albania 2\" \/>\n<meta property=\"og:description\" content=\"Big Brother Albania 2 - Sipas Mimoz\u00c3\u00abs, Adelajda kishte b\u00c3\u00abr\u00c3\u00ab shum\u00c3\u00ab gabim q\u00c3\u00ab e kishte nominuar Aid\u00c3\u00abn\" \/>\n<meta property=\"og:url\" content=\"https:\/\/www.visit-ulcinj.com\/blog\/2009\/03\/17\/s\u2019duhej-ta-nominoje-aiden\/\" \/>\n<meta property=\"og:site_name\" content=\"Lajme nga Ulqini\" \/>\n<meta property=\"article:published_time\" content=\"2009-03-17T10:43:40+00:00\" \/>\n<meta property=\"og:image\" content=\"http:\/\/www.visit-ulcinj.com\/blog\/wp-content\/uploads\/2009\/03\/mozabjordiadela-copy.jpg\" \/>\n<meta name=\"twitter:label1\" content=\"Written by\" \/>\n\t<meta name=\"twitter:data1\" content=\"ulqini\" \/>\n\t<meta name=\"twitter:label2\" content=\"Est. reading time\" \/>\n\t<meta name=\"twitter:data2\" content=\"1 minute\" \/>\n<script type=\"application\/ld+json\" class=\"yoast-schema-graph\">{\"@context\":\"https:\/\/schema.org\",\"@graph\":[{\"@type\":\"WebSite\",\"@id\":\"https:\/\/www.visit-ulcinj.com\/blog\/#website\",\"url\":\"https:\/\/www.visit-ulcinj.com\/blog\/\",\"name\":\"Lajme nga Ulqini\",\"description\":\"Lajme,Vijesti,Ulqini,Ulqin,Crna Gora,Mali i Zi\",\"potentialAction\":[{\"@type\":\"SearchAction\",\"target\":{\"@type\":\"EntryPoint\",\"urlTemplate\":\"https:\/\/www.visit-ulcinj.com\/blog\/?s={search_term_string}\"},\"query-input\":\"required name=search_term_string\"}],\"inLanguage\":\"en-US\"},{\"@type\":\"ImageObject\",\"inLanguage\":\"en-US\",\"@id\":\"https:\/\/www.visit-ulcinj.com\/blog\/2009\/03\/17\/s%e2%80%99duhej-ta-nominoje-aiden\/#primaryimage\",\"url\":\"http:\/\/www.visit-ulcinj.com\/blog\/wp-content\/uploads\/2009\/03\/mozabjordiadela-copy.jpg\",\"contentUrl\":\"http:\/\/www.visit-ulcinj.com\/blog\/wp-content\/uploads\/2009\/03\/mozabjordiadela-copy.jpg\"},{\"@type\":\"WebPage\",\"@id\":\"https:\/\/www.visit-ulcinj.com\/blog\/2009\/03\/17\/s%e2%80%99duhej-ta-nominoje-aiden\/#webpage\",\"url\":\"https:\/\/www.visit-ulcinj.com\/blog\/2009\/03\/17\/s%e2%80%99duhej-ta-nominoje-aiden\/\",\"name\":\"S\u00e2\u20ac\u2122duhej ta nominoje Aid\u00c3\u00abn | Big Brother Albania 2\",\"isPartOf\":{\"@id\":\"https:\/\/www.visit-ulcinj.com\/blog\/#website\"},\"primaryImageOfPage\":{\"@id\":\"https:\/\/www.visit-ulcinj.com\/blog\/2009\/03\/17\/s%e2%80%99duhej-ta-nominoje-aiden\/#primaryimage\"},\"datePublished\":\"2009-03-17T10:43:40+00:00\",\"dateModified\":\"2009-03-17T10:43:40+00:00\",\"author\":{\"@id\":\"https:\/\/www.visit-ulcinj.com\/blog\/#\/schema\/person\/dcab619c614d3038751c63bc2aadc06d\"},\"description\":\"Big Brother Albania 2 - Sipas Mimoz\u00c3\u00abs, Adelajda kishte b\u00c3\u00abr\u00c3\u00ab shum\u00c3\u00ab gabim q\u00c3\u00ab e kishte nominuar Aid\u00c3\u00abn\",\"breadcrumb\":{\"@id\":\"https:\/\/www.visit-ulcinj.com\/blog\/2009\/03\/17\/s%e2%80%99duhej-ta-nominoje-aiden\/#breadcrumb\"},\"inLanguage\":\"en-US\",\"potentialAction\":[{\"@type\":\"ReadAction\",\"target\":[\"https:\/\/www.visit-ulcinj.com\/blog\/2009\/03\/17\/s%e2%80%99duhej-ta-nominoje-aiden\/\"]}]},{\"@type\":\"BreadcrumbList\",\"@id\":\"https:\/\/www.visit-ulcinj.com\/blog\/2009\/03\/17\/s%e2%80%99duhej-ta-nominoje-aiden\/#breadcrumb\",\"itemListElement\":[{\"@type\":\"ListItem\",\"position\":1,\"name\":\"S\u2019duhej ta nominoje Aid\u00ebn\"}]},{\"@type\":\"Person\",\"@id\":\"https:\/\/www.visit-ulcinj.com\/blog\/#\/schema\/person\/dcab619c614d3038751c63bc2aadc06d\",\"name\":\"ulqini\",\"sameAs\":[\"http:\/\/www.visit-ulcinj.com\"],\"url\":\"https:\/\/www.visit-ulcinj.com\/blog\/author\/admin\/\"}]}<\/script>\n<!-- \/ Yoast SEO plugin. -->","yoast_head_json":{"title":"S\u00e2\u20ac\u2122duhej ta nominoje Aid\u00c3\u00abn | Big Brother Albania 2","description":"Big Brother Albania 2 - Sipas Mimoz\u00c3\u00abs, Adelajda kishte b\u00c3\u00abr\u00c3\u00ab shum\u00c3\u00ab gabim q\u00c3\u00ab e kishte nominuar Aid\u00c3\u00abn","robots":{"index":"index","follow":"follow","max-snippet":"max-snippet:-1","max-image-preview":"max-image-preview:large","max-video-preview":"max-video-preview:-1"},"canonical":"https:\/\/www.visit-ulcinj.com\/blog\/2009\/03\/17\/s\u2019duhej-ta-nominoje-aiden\/","og_locale":"en_US","og_type":"article","og_title":"S\u00e2\u20ac\u2122duhej ta nominoje Aid\u00c3\u00abn | Big Brother Albania 2","og_description":"Big Brother Albania 2 - Sipas Mimoz\u00c3\u00abs, Adelajda kishte b\u00c3\u00abr\u00c3\u00ab shum\u00c3\u00ab gabim q\u00c3\u00ab e kishte nominuar Aid\u00c3\u00abn","og_url":"https:\/\/www.visit-ulcinj.com\/blog\/2009\/03\/17\/s\u2019duhej-ta-nominoje-aiden\/","og_site_name":"Lajme nga Ulqini","article_published_time":"2009-03-17T10:43:40+00:00","og_image":[{"url":"http:\/\/www.visit-ulcinj.com\/blog\/wp-content\/uploads\/2009\/03\/mozabjordiadela-copy.jpg"}],"twitter_misc":{"Written by":"ulqini","Est. reading time":"1 minute"},"schema":{"@context":"https:\/\/schema.org","@graph":[{"@type":"WebSite","@id":"https:\/\/www.visit-ulcinj.com\/blog\/#website","url":"https:\/\/www.visit-ulcinj.com\/blog\/","name":"Lajme nga Ulqini","description":"Lajme,Vijesti,Ulqini,Ulqin,Crna Gora,Mali i Zi","potentialAction":[{"@type":"SearchAction","target":{"@type":"EntryPoint","urlTemplate":"https:\/\/www.visit-ulcinj.com\/blog\/?s={search_term_string}"},"query-input":"required name=search_term_string"}],"inLanguage":"en-US"},{"@type":"ImageObject","inLanguage":"en-US","@id":"https:\/\/www.visit-ulcinj.com\/blog\/2009\/03\/17\/s%e2%80%99duhej-ta-nominoje-aiden\/#primaryimage","url":"http:\/\/www.visit-ulcinj.com\/blog\/wp-content\/uploads\/2009\/03\/mozabjordiadela-copy.jpg","contentUrl":"http:\/\/www.visit-ulcinj.com\/blog\/wp-content\/uploads\/2009\/03\/mozabjordiadela-copy.jpg"},{"@type":"WebPage","@id":"https:\/\/www.visit-ulcinj.com\/blog\/2009\/03\/17\/s%e2%80%99duhej-ta-nominoje-aiden\/#webpage","url":"https:\/\/www.visit-ulcinj.com\/blog\/2009\/03\/17\/s%e2%80%99duhej-ta-nominoje-aiden\/","name":"S\u00e2\u20ac\u2122duhej ta nominoje Aid\u00c3\u00abn | Big Brother Albania 2","isPartOf":{"@id":"https:\/\/www.visit-ulcinj.com\/blog\/#website"},"primaryImageOfPage":{"@id":"https:\/\/www.visit-ulcinj.com\/blog\/2009\/03\/17\/s%e2%80%99duhej-ta-nominoje-aiden\/#primaryimage"},"datePublished":"2009-03-17T10:43:40+00:00","dateModified":"2009-03-17T10:43:40+00:00","author":{"@id":"https:\/\/www.visit-ulcinj.com\/blog\/#\/schema\/person\/dcab619c614d3038751c63bc2aadc06d"},"description":"Big Brother Albania 2 - Sipas Mimoz\u00c3\u00abs, Adelajda kishte b\u00c3\u00abr\u00c3\u00ab shum\u00c3\u00ab gabim q\u00c3\u00ab e kishte nominuar Aid\u00c3\u00abn","breadcrumb":{"@id":"https:\/\/www.visit-ulcinj.com\/blog\/2009\/03\/17\/s%e2%80%99duhej-ta-nominoje-aiden\/#breadcrumb"},"inLanguage":"en-US","potentialAction":[{"@type":"ReadAction","target":["https:\/\/www.visit-ulcinj.com\/blog\/2009\/03\/17\/s%e2%80%99duhej-ta-nominoje-aiden\/"]}]},{"@type":"BreadcrumbList","@id":"https:\/\/www.visit-ulcinj.com\/blog\/2009\/03\/17\/s%e2%80%99duhej-ta-nominoje-aiden\/#breadcrumb","itemListElement":[{"@type":"ListItem","position":1,"name":"S\u2019duhej ta nominoje Aid\u00ebn"}]},{"@type":"Person","@id":"https:\/\/www.visit-ulcinj.com\/blog\/#\/schema\/person\/dcab619c614d3038751c63bc2aadc06d","name":"ulqini","sameAs":["http:\/\/www.visit-ulcinj.com"],"url":"https:\/\/www.visit-ulcinj.com\/blog\/author\/admin\/"}]}},"jetpack_featured_media_url":"","jetpack_sharing_enabled":true,"jetpack_shortlink":"https:\/\/wp.me\/pe6lTn-3Kv","_links":{"self":[{"href":"https:\/\/www.visit-ulcinj.com\/blog\/wp-json\/wp\/v2\/posts\/14415"}],"collection":[{"href":"https:\/\/www.visit-ulcinj.com\/blog\/wp-json\/wp\/v2\/posts"}],"about":[{"href":"https:\/\/www.visit-ulcinj.com\/blog\/wp-json\/wp\/v2\/types\/post"}],"author":[{"embeddable":true,"href":"https:\/\/www.visit-ulcinj.com\/blog\/wp-json\/wp\/v2\/users\/1"}],"replies":[{"embeddable":true,"href":"https:\/\/www.visit-ulcinj.com\/blog\/wp-json\/wp\/v2\/comments?post=14415"}],"version-history":[{"count":0,"href":"https:\/\/www.visit-ulcinj.com\/blog\/wp-json\/wp\/v2\/posts\/14415\/revisions"}],"wp:attachment":[{"href":"https:\/\/www.visit-ulcinj.com\/blog\/wp-json\/wp\/v2\/media?parent=14415"}],"wp:term":[{"taxonomy":"category","embeddable":true,"href":"https:\/\/www.visit-ulcinj.com\/blog\/wp-json\/wp\/v2\/categories?post=14415"},{"taxonomy":"post_tag","embeddable":true,"href":"https:\/\/www.visit-ulcinj.com\/blog\/wp-json\/wp\/v2\/tags?post=14415"}],"curies":[{"name":"wp","href":"https:\/\/api.w.org\/{rel}","templated":true}]}}